{"id":21964,"date":"2025-09-14T12:26:04","date_gmt":"2025-09-14T12:26:04","guid":{"rendered":"https:\/\/www.press7.tv\/?p=21964"},"modified":"2025-09-14T12:26:04","modified_gmt":"2025-09-14T12:26:04","slug":"nis-protesta-ne-hage","status":"publish","type":"post","link":"https:\/\/www.press7.tv\/?p=21964","title":{"rendered":"Nis protesta n\u00eb Hag\u00eb"},"content":{"rendered":"\n    <div class=\"xs_social_share_widget xs_share_url before_content \t\tmain_content  wslu-style-2 wslu-share-box-shaped wslu-fill-colored wslu-share-m-5 wslu-none wslu-share-vertical wslu-theme-font-no wslu-main_content\">\n\n\t\t\n        <ul>\n\t\t\t        <\/ul>\n    <\/div> \n<p>E p\u00ebrdit\u00ebsuar 14:03) &#8211; Nj\u00eb num\u00ebr i madh i qytetar\u00ebve jan\u00eb mbledhur n\u00eb Hag\u00eb p\u00ebr t\u00eb kund\u00ebrshtuar gjykimin ndaj ish-krer\u00ebve t\u00eb Ushtris\u00eb \u00c7lirimtare t\u00eb Kosov\u00ebs.<\/p>\n<p>Fol\u00ebs t\u00eb k\u00ebsaj proteste pritet t\u00eb jen\u00eb udh\u00ebheq\u00ebs t\u00eb OVL-U\u00c7K-s\u00eb e edhe pjes\u00ebmarr\u00ebs t\u00eb tjer\u00eb.<\/p>\n<p>Nisin t\u00eb mblidhen protestuesit n\u00eb Hag\u00eb, k\u00ebrkojn\u00eb drejt\u00ebsi p\u00ebr ish-krer\u00ebt e U\u00c7K-s\u00eb<\/p>\n<p>Qindra protestues tanim\u00eb jan\u00eb mbledhur n\u00eb vendin e caktuar ku do t\u00eb zhvillohet protesta n\u00eb Hag\u00eb n\u00eb mb\u00ebshtetje t\u00eb ish-krer\u00ebve t\u00eb U\u00c7K-s\u00eb t\u00eb cil\u00ebt po gjykohen n\u00eb Dhomat e Specializuara.<\/p>\n<p>Nga videot t\u00eb cilat po qarkullojn\u00eb n\u00eb media socoale, shihen nj\u00eb num\u00ebr i madh i protestuesve, t\u00eb cil\u00ebt jan\u00eb mbledhur p\u00ebr m\u00eb shum\u00eb se dy or\u00eb para nisjes s\u00eb protest\u00ebs.<\/p>\n<p>Ish-veteran\u00eb dhe qytetar\u00eb nga shum\u00eb vende t\u00eb bot\u00ebs kan\u00eb nis t\u00eb mblidhen n\u00eb Hag\u00eb, n\u00eb protest\u00ebn e thirrur n\u00eb mb\u00ebshtetje t\u00eb ish-krer\u00ebve t\u00eb U\u00c7K-s\u00eb t\u00eb cil\u00ebt po gjykohen n\u00eb Dhomat e Specializuara.<\/p>\n<p>Protesta pritet t\u00eb nis n\u00eb or\u00ebn 14:00 dhe nuk do t\u00eb mbahet para nd\u00ebrtes\u00ebs s\u00eb Gjykat\u00ebs Speciale, sepse kjo nuk \u00ebsht\u00eb lejuar p\u00ebr shkaqe t\u00eb siguris\u00eb, por vet\u00ebm n\u00eb af\u00ebrsi t\u00eb saj. Protesta \u00ebsht\u00eb paralajm\u00ebruar t\u00eb jet\u00eb masive p\u00ebr shkak t\u00eb interesimit t\u00eb madh t\u00eb shqiptar\u00ebve nga vende t\u00eb ndryshme t\u00eb bot\u00ebs.\/KSP<\/p>\n","protected":false},"excerpt":{"rendered":"<p>E p\u00ebrdit\u00ebsuar 14:03) &#8211; Nj\u00eb num\u00ebr i madh i qytetar\u00ebve jan\u00eb mbledhur n\u00eb Hag\u00eb p\u00ebr t\u00eb kund\u00ebrshtuar gjykimin ndaj ish-krer\u00ebve t\u00eb Ushtris\u00eb \u00c7lirimtare t\u00eb Kosov\u00ebs. Fol\u00ebs t\u00eb k\u00ebsaj proteste pritet t\u00eb jen\u00eb udh\u00ebheq\u00ebs t\u00eb OVL-U\u00c7K-s\u00eb e edhe pjes\u00ebmarr\u00ebs t\u00eb tjer\u00eb. Nisin t\u00eb mblidhen protestuesit n\u00eb Hag\u00eb, k\u00ebrkojn\u00eb drejt\u00ebsi p\u00ebr ish-krer\u00ebt e U\u00c7K-s\u00eb Qindra protestues tanim\u00eb [&hellip;]<\/p>\n","protected":false},"author":8,"featured_media":21965,"comment_status":"closed","ping_status":"closed","sticky":false,"template":"","format":"standard","meta":{"footnotes":""},"categories":[217,213],"tags":[],"class_list":["post-21964","post","type-post","status-publish","format-standard","has-post-thumbnail","hentry","category-bote","category-lajme"],"yoast_head":"<!-- This site is optimized with the Yoast SEO plugin v25.1 - https:\/\/yoast.com\/wordpress\/plugins\/seo\/ -->\n<title>Nis protesta n\u00eb Hag\u00eb - press7.tv<\/title>\n<meta name=\"robots\" content=\"index, follow, max-snippet:-1, max-image-preview:large, max-video-preview:-1\" \/>\n<link rel=\"canonical\" href=\"https:\/\/www.press7.tv\/?p=21964\" \/>\n<meta property=\"og:locale\" content=\"en_US\" \/>\n<meta property=\"og:type\" content=\"article\" \/>\n<meta property=\"og:title\" content=\"Nis protesta n\u00eb Hag\u00eb - press7.tv\" \/>\n<meta property=\"og:description\" content=\"E p\u00ebrdit\u00ebsuar 14:03) &#8211; Nj\u00eb num\u00ebr i madh i qytetar\u00ebve jan\u00eb mbledhur n\u00eb Hag\u00eb p\u00ebr t\u00eb kund\u00ebrshtuar gjykimin ndaj ish-krer\u00ebve t\u00eb Ushtris\u00eb \u00c7lirimtare t\u00eb Kosov\u00ebs. Fol\u00ebs t\u00eb k\u00ebsaj proteste pritet t\u00eb jen\u00eb udh\u00ebheq\u00ebs t\u00eb OVL-U\u00c7K-s\u00eb e edhe pjes\u00ebmarr\u00ebs t\u00eb tjer\u00eb. Nisin t\u00eb mblidhen protestuesit n\u00eb Hag\u00eb, k\u00ebrkojn\u00eb drejt\u00ebsi p\u00ebr ish-krer\u00ebt e U\u00c7K-s\u00eb Qindra protestues tanim\u00eb [&hellip;]\" \/>\n<meta property=\"og:url\" content=\"https:\/\/www.press7.tv\/?p=21964\" \/>\n<meta property=\"og:site_name\" content=\"press7.tv\" \/>\n<meta property=\"article:publisher\" content=\"https:\/\/www.facebook.com\/press7.tv\" \/>\n<meta property=\"article:published_time\" content=\"2025-09-14T12:26:04+00:00\" \/>\n<meta property=\"og:image\" content=\"https:\/\/www.press7.tv\/wp-content\/uploads\/2025\/09\/IMG_8769.avif\" \/>\n\t<meta property=\"og:image:width\" content=\"1360\" \/>\n\t<meta property=\"og:image:height\" content=\"870\" \/>\n\t<meta property=\"og:image:type\" content=\"image\/webp\" \/>\n<meta name=\"author\" content=\"gazetar2\" \/>\n<meta name=\"twitter:card\" content=\"summary_large_image\" \/>\n<meta name=\"twitter:label1\" content=\"Written by\" \/>\n\t<meta name=\"twitter:data1\" content=\"gazetar2\" \/>\n\t<meta name=\"twitter:label2\" content=\"Est. reading time\" \/>\n\t<meta name=\"twitter:data2\" content=\"1 minute\" \/>\n<script type=\"application\/ld+json\" class=\"yoast-schema-graph\">{\"@context\":\"https:\/\/schema.org\",\"@graph\":[{\"@type\":\"Article\",\"@id\":\"https:\/\/www.press7.tv\/?p=21964#article\",\"isPartOf\":{\"@id\":\"https:\/\/www.press7.tv\/?p=21964\"},\"author\":{\"name\":\"gazetar2\",\"@id\":\"https:\/\/www.news33.tv\/#\/schema\/person\/5a04a38a23ccdba82f9bd665cd8f9efa\"},\"headline\":\"Nis protesta n\u00eb Hag\u00eb\",\"datePublished\":\"2025-09-14T12:26:04+00:00\",\"mainEntityOfPage\":{\"@id\":\"https:\/\/www.press7.tv\/?p=21964\"},\"wordCount\":244,\"publisher\":{\"@id\":\"https:\/\/www.news33.tv\/#organization\"},\"image\":{\"@id\":\"https:\/\/www.press7.tv\/?p=21964#primaryimage\"},\"thumbnailUrl\":\"https:\/\/www.press7.tv\/wp-content\/uploads\/2025\/09\/IMG_8769.avif\",\"articleSection\":[\"Bot\u00eb\",\"Lajme\"],\"inLanguage\":\"en-US\"},{\"@type\":\"WebPage\",\"@id\":\"https:\/\/www.press7.tv\/?p=21964\",\"url\":\"https:\/\/www.press7.tv\/?p=21964\",\"name\":\"Nis protesta n\u00eb Hag\u00eb - press7.tv\",\"isPartOf\":{\"@id\":\"https:\/\/www.news33.tv\/#website\"},\"primaryImageOfPage\":{\"@id\":\"https:\/\/www.press7.tv\/?p=21964#primaryimage\"},\"image\":{\"@id\":\"https:\/\/www.press7.tv\/?p=21964#primaryimage\"},\"thumbnailUrl\":\"https:\/\/www.press7.tv\/wp-content\/uploads\/2025\/09\/IMG_8769.avif\",\"datePublished\":\"2025-09-14T12:26:04+00:00\",\"breadcrumb\":{\"@id\":\"https:\/\/www.press7.tv\/?p=21964#breadcrumb\"},\"inLanguage\":\"en-US\",\"potentialAction\":[{\"@type\":\"ReadAction\",\"target\":[\"https:\/\/www.press7.tv\/?p=21964\"]}]},{\"@type\":\"ImageObject\",\"inLanguage\":\"en-US\",\"@id\":\"https:\/\/www.press7.tv\/?p=21964#primaryimage\",\"url\":\"https:\/\/www.press7.tv\/wp-content\/uploads\/2025\/09\/IMG_8769.avif\",\"contentUrl\":\"https:\/\/www.press7.tv\/wp-content\/uploads\/2025\/09\/IMG_8769.avif\",\"width\":1360,\"height\":870},{\"@type\":\"BreadcrumbList\",\"@id\":\"https:\/\/www.press7.tv\/?p=21964#breadcrumb\",\"itemListElement\":[{\"@type\":\"ListItem\",\"position\":1,\"name\":\"Home\",\"item\":\"https:\/\/www.press7.tv\/\"},{\"@type\":\"ListItem\",\"position\":2,\"name\":\"Nis protesta n\u00eb Hag\u00eb\"}]},{\"@type\":\"WebSite\",\"@id\":\"https:\/\/www.news33.tv\/#website\",\"url\":\"https:\/\/www.news33.tv\/\",\"name\":\"News33.tv Media\",\"description\":\"Media\",\"publisher\":{\"@id\":\"https:\/\/www.news33.tv\/#organization\"},\"potentialAction\":[{\"@type\":\"SearchAction\",\"target\":{\"@type\":\"EntryPoint\",\"urlTemplate\":\"https:\/\/www.news33.tv\/?s={search_term_string}\"},\"query-input\":{\"@type\":\"PropertyValueSpecification\",\"valueRequired\":true,\"valueName\":\"search_term_string\"}}],\"inLanguage\":\"en-US\"},{\"@type\":\"Organization\",\"@id\":\"https:\/\/www.news33.tv\/#organization\",\"name\":\"News33.tv Media\",\"url\":\"https:\/\/www.news33.tv\/\",\"logo\":{\"@type\":\"ImageObject\",\"inLanguage\":\"en-US\",\"@id\":\"https:\/\/www.news33.tv\/#\/schema\/logo\/image\/\",\"url\":\"https:\/\/www.press7.tv\/wp-content\/uploads\/2024\/02\/logo-news33-black.png\",\"contentUrl\":\"https:\/\/www.press7.tv\/wp-content\/uploads\/2024\/02\/logo-news33-black.png\",\"width\":180,\"height\":37,\"caption\":\"News33.tv Media\"},\"image\":{\"@id\":\"https:\/\/www.news33.tv\/#\/schema\/logo\/image\/\"},\"sameAs\":[\"https:\/\/www.facebook.com\/press7.tv\"]},{\"@type\":\"Person\",\"@id\":\"https:\/\/www.news33.tv\/#\/schema\/person\/5a04a38a23ccdba82f9bd665cd8f9efa\",\"name\":\"gazetar2\",\"image\":{\"@type\":\"ImageObject\",\"inLanguage\":\"en-US\",\"@id\":\"https:\/\/www.news33.tv\/#\/schema\/person\/image\/\",\"url\":\"https:\/\/www.press7.tv\/wp-content\/litespeed\/avatar\/41975e402c3049d9ddb03adca8f7a883.jpg?ver=1777169572\",\"contentUrl\":\"https:\/\/www.press7.tv\/wp-content\/litespeed\/avatar\/41975e402c3049d9ddb03adca8f7a883.jpg?ver=1777169572\",\"caption\":\"gazetar2\"},\"url\":\"https:\/\/www.press7.tv\/?author=8\"}]}<\/script>\n<!-- \/ Yoast SEO plugin. -->","yoast_head_json":{"title":"Nis protesta n\u00eb Hag\u00eb - press7.tv","robots":{"index":"index","follow":"follow","max-snippet":"max-snippet:-1","max-image-preview":"max-image-preview:large","max-video-preview":"max-video-preview:-1"},"canonical":"https:\/\/www.press7.tv\/?p=21964","og_locale":"en_US","og_type":"article","og_title":"Nis protesta n\u00eb Hag\u00eb - press7.tv","og_description":"E p\u00ebrdit\u00ebsuar 14:03) &#8211; Nj\u00eb num\u00ebr i madh i qytetar\u00ebve jan\u00eb mbledhur n\u00eb Hag\u00eb p\u00ebr t\u00eb kund\u00ebrshtuar gjykimin ndaj ish-krer\u00ebve t\u00eb Ushtris\u00eb \u00c7lirimtare t\u00eb Kosov\u00ebs. Fol\u00ebs t\u00eb k\u00ebsaj proteste pritet t\u00eb jen\u00eb udh\u00ebheq\u00ebs t\u00eb OVL-U\u00c7K-s\u00eb e edhe pjes\u00ebmarr\u00ebs t\u00eb tjer\u00eb. Nisin t\u00eb mblidhen protestuesit n\u00eb Hag\u00eb, k\u00ebrkojn\u00eb drejt\u00ebsi p\u00ebr ish-krer\u00ebt e U\u00c7K-s\u00eb Qindra protestues tanim\u00eb [&hellip;]","og_url":"https:\/\/www.press7.tv\/?p=21964","og_site_name":"press7.tv","article_publisher":"https:\/\/www.facebook.com\/press7.tv","article_published_time":"2025-09-14T12:26:04+00:00","og_image":[{"width":1360,"height":870,"url":"https:\/\/www.press7.tv\/wp-content\/uploads\/2025\/09\/IMG_8769.avif","type":"image\/webp"}],"author":"gazetar2","twitter_card":"summary_large_image","twitter_misc":{"Written by":"gazetar2","Est. reading time":"1 minute"},"schema":{"@context":"https:\/\/schema.org","@graph":[{"@type":"Article","@id":"https:\/\/www.press7.tv\/?p=21964#article","isPartOf":{"@id":"https:\/\/www.press7.tv\/?p=21964"},"author":{"name":"gazetar2","@id":"https:\/\/www.news33.tv\/#\/schema\/person\/5a04a38a23ccdba82f9bd665cd8f9efa"},"headline":"Nis protesta n\u00eb Hag\u00eb","datePublished":"2025-09-14T12:26:04+00:00","mainEntityOfPage":{"@id":"https:\/\/www.press7.tv\/?p=21964"},"wordCount":244,"publisher":{"@id":"https:\/\/www.news33.tv\/#organization"},"image":{"@id":"https:\/\/www.press7.tv\/?p=21964#primaryimage"},"thumbnailUrl":"https:\/\/www.press7.tv\/wp-content\/uploads\/2025\/09\/IMG_8769.avif","articleSection":["Bot\u00eb","Lajme"],"inLanguage":"en-US"},{"@type":"WebPage","@id":"https:\/\/www.press7.tv\/?p=21964","url":"https:\/\/www.press7.tv\/?p=21964","name":"Nis protesta n\u00eb Hag\u00eb - press7.tv","isPartOf":{"@id":"https:\/\/www.news33.tv\/#website"},"primaryImageOfPage":{"@id":"https:\/\/www.press7.tv\/?p=21964#primaryimage"},"image":{"@id":"https:\/\/www.press7.tv\/?p=21964#primaryimage"},"thumbnailUrl":"https:\/\/www.press7.tv\/wp-content\/uploads\/2025\/09\/IMG_8769.avif","datePublished":"2025-09-14T12:26:04+00:00","breadcrumb":{"@id":"https:\/\/www.press7.tv\/?p=21964#breadcrumb"},"inLanguage":"en-US","potentialAction":[{"@type":"ReadAction","target":["https:\/\/www.press7.tv\/?p=21964"]}]},{"@type":"ImageObject","inLanguage":"en-US","@id":"https:\/\/www.press7.tv\/?p=21964#primaryimage","url":"https:\/\/www.press7.tv\/wp-content\/uploads\/2025\/09\/IMG_8769.avif","contentUrl":"https:\/\/www.press7.tv\/wp-content\/uploads\/2025\/09\/IMG_8769.avif","width":1360,"height":870},{"@type":"BreadcrumbList","@id":"https:\/\/www.press7.tv\/?p=21964#breadcrumb","itemListElement":[{"@type":"ListItem","position":1,"name":"Home","item":"https:\/\/www.press7.tv\/"},{"@type":"ListItem","position":2,"name":"Nis protesta n\u00eb Hag\u00eb"}]},{"@type":"WebSite","@id":"https:\/\/www.news33.tv\/#website","url":"https:\/\/www.news33.tv\/","name":"News33.tv Media","description":"Media","publisher":{"@id":"https:\/\/www.news33.tv\/#organization"},"potentialAction":[{"@type":"SearchAction","target":{"@type":"EntryPoint","urlTemplate":"https:\/\/www.news33.tv\/?s={search_term_string}"},"query-input":{"@type":"PropertyValueSpecification","valueRequired":true,"valueName":"search_term_string"}}],"inLanguage":"en-US"},{"@type":"Organization","@id":"https:\/\/www.news33.tv\/#organization","name":"News33.tv Media","url":"https:\/\/www.news33.tv\/","logo":{"@type":"ImageObject","inLanguage":"en-US","@id":"https:\/\/www.news33.tv\/#\/schema\/logo\/image\/","url":"https:\/\/www.press7.tv\/wp-content\/uploads\/2024\/02\/logo-news33-black.png","contentUrl":"https:\/\/www.press7.tv\/wp-content\/uploads\/2024\/02\/logo-news33-black.png","width":180,"height":37,"caption":"News33.tv Media"},"image":{"@id":"https:\/\/www.news33.tv\/#\/schema\/logo\/image\/"},"sameAs":["https:\/\/www.facebook.com\/press7.tv"]},{"@type":"Person","@id":"https:\/\/www.news33.tv\/#\/schema\/person\/5a04a38a23ccdba82f9bd665cd8f9efa","name":"gazetar2","image":{"@type":"ImageObject","inLanguage":"en-US","@id":"https:\/\/www.news33.tv\/#\/schema\/person\/image\/","url":"https:\/\/www.press7.tv\/wp-content\/litespeed\/avatar\/41975e402c3049d9ddb03adca8f7a883.jpg?ver=1777169572","contentUrl":"https:\/\/www.press7.tv\/wp-content\/litespeed\/avatar\/41975e402c3049d9ddb03adca8f7a883.jpg?ver=1777169572","caption":"gazetar2"},"url":"https:\/\/www.press7.tv\/?author=8"}]}},"amp_enabled":true,"_links":{"self":[{"href":"https:\/\/www.press7.tv\/index.php?rest_route=\/wp\/v2\/posts\/21964","targetHints":{"allow":["GET"]}}],"collection":[{"href":"https:\/\/www.press7.tv\/index.php?rest_route=\/wp\/v2\/posts"}],"about":[{"href":"https:\/\/www.press7.tv\/index.php?rest_route=\/wp\/v2\/types\/post"}],"author":[{"embeddable":true,"href":"https:\/\/www.press7.tv\/index.php?rest_route=\/wp\/v2\/users\/8"}],"replies":[{"embeddable":true,"href":"https:\/\/www.press7.tv\/index.php?rest_route=%2Fwp%2Fv2%2Fcomments&post=21964"}],"version-history":[{"count":1,"href":"https:\/\/www.press7.tv\/index.php?rest_route=\/wp\/v2\/posts\/21964\/revisions"}],"predecessor-version":[{"id":21966,"href":"https:\/\/www.press7.tv\/index.php?rest_route=\/wp\/v2\/posts\/21964\/revisions\/21966"}],"wp:featuredmedia":[{"embeddable":true,"href":"https:\/\/www.press7.tv\/index.php?rest_route=\/wp\/v2\/media\/21965"}],"wp:attachment":[{"href":"https:\/\/www.press7.tv\/index.php?rest_route=%2Fwp%2Fv2%2Fmedia&parent=21964"}],"wp:term":[{"taxonomy":"category","embeddable":true,"href":"https:\/\/www.press7.tv\/index.php?rest_route=%2Fwp%2Fv2%2Fcategories&post=21964"},{"taxonomy":"post_tag","embeddable":true,"href":"https:\/\/www.press7.tv\/index.php?rest_route=%2Fwp%2Fv2%2Ftags&post=21964"}],"curies":[{"name":"wp","href":"https:\/\/api.w.org\/{rel}","templated":true}]}}