{"id":21961,"date":"2025-09-14T10:40:15","date_gmt":"2025-09-14T10:40:15","guid":{"rendered":"https:\/\/www.press7.tv\/?p=21961"},"modified":"2025-09-14T10:40:15","modified_gmt":"2025-09-14T10:40:15","slug":"mexhiti-situata-ne-trubareve-eshte-nen-kontroll-inspektoret-e-mjedisit-jetesor-jane-ne-terren","status":"publish","type":"post","link":"https:\/\/www.press7.tv\/?p=21961","title":{"rendered":"Mexhiti: Situata n\u00eb Trubarev\u00eb \u00ebsht\u00eb n\u00ebn kontroll, inspektor\u00ebt e mjedisit jet\u00ebsor jan\u00eb n\u00eb terren"},"content":{"rendered":"\n    <div class=\"xs_social_share_widget xs_share_url before_content \t\tmain_content  wslu-style-2 wslu-share-box-shaped wslu-fill-colored wslu-share-m-5 wslu-none wslu-share-vertical wslu-theme-font-no wslu-main_content\">\n\n\t\t\n        <ul>\n\t\t\t        <\/ul>\n    <\/div> \n<p>Z\u00ebvend\u00ebskryeministri i par\u00eb dhe minist\u00ebr i Mjedisit Jet\u00ebsor, Izet Mexhiti mbr\u00ebm\u00eb e ka vizituar vendin e zjarrit n\u00eb Trubarev\u00eb, n\u00eb objektin p\u00ebr riciklimin e baterive dhe mbeturinave elektronike.<\/p>\n<p><a href=\"https:\/\/www.facebook.com\/izetmexhiti?ref=embed_video\">https:\/\/www.facebook.com\/izetmexhiti?ref=embed_video<\/a><\/p>\n<p>\u201cMe t\u00eb drejt\u00eb ka shkaktuar shqet\u00ebsim te t\u00eb gjith\u00eb qytetar\u00ebt. Erdha n\u00eb Trubarev\u00eb dhe pash\u00eb me syt\u00eb e mi tmerrin q\u00eb shkaktoi ky incident i r\u00ebnd\u00eb. Menj\u00ebher\u00eb pas marrjes s\u00eb informacionit p\u00ebr zjarrin, t\u00eb gjitha sh\u00ebrbimet kompetente \u2013 Ministria e Mjedisit Jet\u00ebsor, ekipet e zjarrfik\u00ebsve dhe institucionet e tjera \u2013 nd\u00ebrhyn\u00eb n\u00eb koh\u00ebn e duhur dhe situata aktualisht \u00ebsht\u00eb n\u00ebn kontroll. Q\u00eb nga ora 14:00, inspektor\u00ebt kan\u00eb qen\u00eb n\u00eb terren dhe po matin cil\u00ebsin\u00eb e ajrit. Rezultatet e para nga Inspektorati Shtet\u00ebror dhe laborator\u00ebt e specializuar priten shum\u00eb shpejt. Ato do t\u00eb jen\u00eb t\u00eb disponueshme publikisht menj\u00ebher\u00eb pas p\u00ebrpunimit t\u00eb tyre. Deri at\u00ebher\u00eb, ju b\u00ebj thirrje t\u00eb gjith\u00ebve t\u00eb ndiqni rekomandimet e Ministris\u00eb p\u00ebr mbrojtjen e sh\u00ebndetit dhe siguris\u00eb suaj\u201d, tha Mexhiti.<\/p>\n<p>N\u00eb kumtes\u00ebn e kabineitt t\u00eb tij, ministri i Mjedisit Jet\u00ebsor thekson se kompania n\u00eb objektin e t\u00eb cilit dje pasdite n\u00eb Trubarev\u00eb shp\u00ebrthue zjarr posedon leje dhjet\u00ebvje\u00e7are, t\u00eb l\u00ebshuar n\u00eb vitin 2021.<\/p>\n<p>\u201cJemi n\u00eb bashk\u00ebpunim t\u00eb ngusht\u00eb me t\u00eb gjitha institucionet p\u00ebr tejkalimin m\u00eb t\u00eb shpejt\u00eb dhe m\u00eb efikas t\u00eb k\u00ebsaj fatkeq\u00ebsie\u201d, shton Mexhiti. <\/p>\n","protected":false},"excerpt":{"rendered":"<p>Z\u00ebvend\u00ebskryeministri i par\u00eb dhe minist\u00ebr i Mjedisit Jet\u00ebsor, Izet Mexhiti mbr\u00ebm\u00eb e ka vizituar vendin e zjarrit n\u00eb Trubarev\u00eb, n\u00eb objektin p\u00ebr riciklimin e baterive dhe mbeturinave elektronike. https:\/\/www.facebook.com\/izetmexhiti?ref=embed_video \u201cMe t\u00eb drejt\u00eb ka shkaktuar shqet\u00ebsim te t\u00eb gjith\u00eb qytetar\u00ebt. Erdha n\u00eb Trubarev\u00eb dhe pash\u00eb me syt\u00eb e mi tmerrin q\u00eb shkaktoi ky incident i r\u00ebnd\u00eb. [&hellip;]<\/p>\n","protected":false},"author":8,"featured_media":21962,"comment_status":"closed","ping_status":"closed","sticky":false,"template":"","format":"standard","meta":{"footnotes":""},"categories":[213,214],"tags":[],"class_list":["post-21961","post","type-post","status-publish","format-standard","has-post-thumbnail","hentry","category-lajme","category-maqedoni"],"yoast_head":"<!-- This site is optimized with the Yoast SEO plugin v25.1 - https:\/\/yoast.com\/wordpress\/plugins\/seo\/ -->\n<title>Mexhiti: Situata n\u00eb Trubarev\u00eb \u00ebsht\u00eb n\u00ebn kontroll, inspektor\u00ebt e mjedisit jet\u00ebsor jan\u00eb n\u00eb terren - press7.tv<\/title>\n<meta name=\"robots\" content=\"index, follow, max-snippet:-1, max-image-preview:large, max-video-preview:-1\" \/>\n<link rel=\"canonical\" href=\"https:\/\/www.press7.tv\/?p=21961\" \/>\n<meta property=\"og:locale\" content=\"en_US\" \/>\n<meta property=\"og:type\" content=\"article\" \/>\n<meta property=\"og:title\" content=\"Mexhiti: Situata n\u00eb Trubarev\u00eb \u00ebsht\u00eb n\u00ebn kontroll, inspektor\u00ebt e mjedisit jet\u00ebsor jan\u00eb n\u00eb terren - press7.tv\" \/>\n<meta property=\"og:description\" content=\"Z\u00ebvend\u00ebskryeministri i par\u00eb dhe minist\u00ebr i Mjedisit Jet\u00ebsor, Izet Mexhiti mbr\u00ebm\u00eb e ka vizituar vendin e zjarrit n\u00eb Trubarev\u00eb, n\u00eb objektin p\u00ebr riciklimin e baterive dhe mbeturinave elektronike. https:\/\/www.facebook.com\/izetmexhiti?ref=embed_video \u201cMe t\u00eb drejt\u00eb ka shkaktuar shqet\u00ebsim te t\u00eb gjith\u00eb qytetar\u00ebt. Erdha n\u00eb Trubarev\u00eb dhe pash\u00eb me syt\u00eb e mi tmerrin q\u00eb shkaktoi ky incident i r\u00ebnd\u00eb. [&hellip;]\" \/>\n<meta property=\"og:url\" content=\"https:\/\/www.press7.tv\/?p=21961\" \/>\n<meta property=\"og:site_name\" content=\"press7.tv\" \/>\n<meta property=\"article:publisher\" content=\"https:\/\/www.facebook.com\/press7.tv\" \/>\n<meta property=\"article:published_time\" content=\"2025-09-14T10:40:15+00:00\" \/>\n<meta property=\"og:image\" content=\"https:\/\/www.press7.tv\/wp-content\/uploads\/2025\/09\/IMG_8767.avif\" \/>\n\t<meta property=\"og:image:width\" content=\"1242\" \/>\n\t<meta property=\"og:image:height\" content=\"733\" \/>\n\t<meta property=\"og:image:type\" content=\"image\/jpeg\" \/>\n<meta name=\"author\" content=\"gazetar2\" \/>\n<meta name=\"twitter:card\" content=\"summary_large_image\" \/>\n<meta name=\"twitter:label1\" content=\"Written by\" \/>\n\t<meta name=\"twitter:data1\" content=\"gazetar2\" \/>\n\t<meta name=\"twitter:label2\" content=\"Est. reading time\" \/>\n\t<meta name=\"twitter:data2\" content=\"1 minute\" \/>\n<script type=\"application\/ld+json\" class=\"yoast-schema-graph\">{\"@context\":\"https:\/\/schema.org\",\"@graph\":[{\"@type\":\"Article\",\"@id\":\"https:\/\/www.press7.tv\/?p=21961#article\",\"isPartOf\":{\"@id\":\"https:\/\/www.press7.tv\/?p=21961\"},\"author\":{\"name\":\"gazetar2\",\"@id\":\"https:\/\/www.news33.tv\/#\/schema\/person\/5a04a38a23ccdba82f9bd665cd8f9efa\"},\"headline\":\"Mexhiti: Situata n\u00eb Trubarev\u00eb \u00ebsht\u00eb n\u00ebn kontroll, inspektor\u00ebt e mjedisit jet\u00ebsor jan\u00eb n\u00eb terren\",\"datePublished\":\"2025-09-14T10:40:15+00:00\",\"mainEntityOfPage\":{\"@id\":\"https:\/\/www.press7.tv\/?p=21961\"},\"wordCount\":263,\"publisher\":{\"@id\":\"https:\/\/www.news33.tv\/#organization\"},\"image\":{\"@id\":\"https:\/\/www.press7.tv\/?p=21961#primaryimage\"},\"thumbnailUrl\":\"https:\/\/www.press7.tv\/wp-content\/uploads\/2025\/09\/IMG_8767.avif\",\"articleSection\":[\"Lajme\",\"Maqedoni\"],\"inLanguage\":\"en-US\"},{\"@type\":\"WebPage\",\"@id\":\"https:\/\/www.press7.tv\/?p=21961\",\"url\":\"https:\/\/www.press7.tv\/?p=21961\",\"name\":\"Mexhiti: Situata n\u00eb Trubarev\u00eb \u00ebsht\u00eb n\u00ebn kontroll, inspektor\u00ebt e mjedisit jet\u00ebsor jan\u00eb n\u00eb terren - press7.tv\",\"isPartOf\":{\"@id\":\"https:\/\/www.news33.tv\/#website\"},\"primaryImageOfPage\":{\"@id\":\"https:\/\/www.press7.tv\/?p=21961#primaryimage\"},\"image\":{\"@id\":\"https:\/\/www.press7.tv\/?p=21961#primaryimage\"},\"thumbnailUrl\":\"https:\/\/www.press7.tv\/wp-content\/uploads\/2025\/09\/IMG_8767.avif\",\"datePublished\":\"2025-09-14T10:40:15+00:00\",\"breadcrumb\":{\"@id\":\"https:\/\/www.press7.tv\/?p=21961#breadcrumb\"},\"inLanguage\":\"en-US\",\"potentialAction\":[{\"@type\":\"ReadAction\",\"target\":[\"https:\/\/www.press7.tv\/?p=21961\"]}]},{\"@type\":\"ImageObject\",\"inLanguage\":\"en-US\",\"@id\":\"https:\/\/www.press7.tv\/?p=21961#primaryimage\",\"url\":\"https:\/\/www.press7.tv\/wp-content\/uploads\/2025\/09\/IMG_8767.avif\",\"contentUrl\":\"https:\/\/www.press7.tv\/wp-content\/uploads\/2025\/09\/IMG_8767.avif\",\"width\":1242,\"height\":733,\"caption\":\"Screenshot\"},{\"@type\":\"BreadcrumbList\",\"@id\":\"https:\/\/www.press7.tv\/?p=21961#breadcrumb\",\"itemListElement\":[{\"@type\":\"ListItem\",\"position\":1,\"name\":\"Home\",\"item\":\"https:\/\/www.press7.tv\/\"},{\"@type\":\"ListItem\",\"position\":2,\"name\":\"Mexhiti: Situata n\u00eb Trubarev\u00eb \u00ebsht\u00eb n\u00ebn kontroll, inspektor\u00ebt e mjedisit jet\u00ebsor jan\u00eb n\u00eb terren\"}]},{\"@type\":\"WebSite\",\"@id\":\"https:\/\/www.news33.tv\/#website\",\"url\":\"https:\/\/www.news33.tv\/\",\"name\":\"News33.tv Media\",\"description\":\"Media\",\"publisher\":{\"@id\":\"https:\/\/www.news33.tv\/#organization\"},\"potentialAction\":[{\"@type\":\"SearchAction\",\"target\":{\"@type\":\"EntryPoint\",\"urlTemplate\":\"https:\/\/www.news33.tv\/?s={search_term_string}\"},\"query-input\":{\"@type\":\"PropertyValueSpecification\",\"valueRequired\":true,\"valueName\":\"search_term_string\"}}],\"inLanguage\":\"en-US\"},{\"@type\":\"Organization\",\"@id\":\"https:\/\/www.news33.tv\/#organization\",\"name\":\"News33.tv Media\",\"url\":\"https:\/\/www.news33.tv\/\",\"logo\":{\"@type\":\"ImageObject\",\"inLanguage\":\"en-US\",\"@id\":\"https:\/\/www.news33.tv\/#\/schema\/logo\/image\/\",\"url\":\"https:\/\/www.press7.tv\/wp-content\/uploads\/2024\/02\/logo-news33-black.png\",\"contentUrl\":\"https:\/\/www.press7.tv\/wp-content\/uploads\/2024\/02\/logo-news33-black.png\",\"width\":180,\"height\":37,\"caption\":\"News33.tv Media\"},\"image\":{\"@id\":\"https:\/\/www.news33.tv\/#\/schema\/logo\/image\/\"},\"sameAs\":[\"https:\/\/www.facebook.com\/press7.tv\"]},{\"@type\":\"Person\",\"@id\":\"https:\/\/www.news33.tv\/#\/schema\/person\/5a04a38a23ccdba82f9bd665cd8f9efa\",\"name\":\"gazetar2\",\"image\":{\"@type\":\"ImageObject\",\"inLanguage\":\"en-US\",\"@id\":\"https:\/\/www.news33.tv\/#\/schema\/person\/image\/\",\"url\":\"https:\/\/www.press7.tv\/wp-content\/litespeed\/avatar\/41975e402c3049d9ddb03adca8f7a883.jpg?ver=1777169572\",\"contentUrl\":\"https:\/\/www.press7.tv\/wp-content\/litespeed\/avatar\/41975e402c3049d9ddb03adca8f7a883.jpg?ver=1777169572\",\"caption\":\"gazetar2\"},\"url\":\"https:\/\/www.press7.tv\/?author=8\"}]}<\/script>\n<!-- \/ Yoast SEO plugin. -->","yoast_head_json":{"title":"Mexhiti: Situata n\u00eb Trubarev\u00eb \u00ebsht\u00eb n\u00ebn kontroll, inspektor\u00ebt e mjedisit jet\u00ebsor jan\u00eb n\u00eb terren - press7.tv","robots":{"index":"index","follow":"follow","max-snippet":"max-snippet:-1","max-image-preview":"max-image-preview:large","max-video-preview":"max-video-preview:-1"},"canonical":"https:\/\/www.press7.tv\/?p=21961","og_locale":"en_US","og_type":"article","og_title":"Mexhiti: Situata n\u00eb Trubarev\u00eb \u00ebsht\u00eb n\u00ebn kontroll, inspektor\u00ebt e mjedisit jet\u00ebsor jan\u00eb n\u00eb terren - press7.tv","og_description":"Z\u00ebvend\u00ebskryeministri i par\u00eb dhe minist\u00ebr i Mjedisit Jet\u00ebsor, Izet Mexhiti mbr\u00ebm\u00eb e ka vizituar vendin e zjarrit n\u00eb Trubarev\u00eb, n\u00eb objektin p\u00ebr riciklimin e baterive dhe mbeturinave elektronike. https:\/\/www.facebook.com\/izetmexhiti?ref=embed_video \u201cMe t\u00eb drejt\u00eb ka shkaktuar shqet\u00ebsim te t\u00eb gjith\u00eb qytetar\u00ebt. Erdha n\u00eb Trubarev\u00eb dhe pash\u00eb me syt\u00eb e mi tmerrin q\u00eb shkaktoi ky incident i r\u00ebnd\u00eb. [&hellip;]","og_url":"https:\/\/www.press7.tv\/?p=21961","og_site_name":"press7.tv","article_publisher":"https:\/\/www.facebook.com\/press7.tv","article_published_time":"2025-09-14T10:40:15+00:00","og_image":[{"width":1242,"height":733,"url":"https:\/\/www.press7.tv\/wp-content\/uploads\/2025\/09\/IMG_8767.avif","type":"image\/jpeg"}],"author":"gazetar2","twitter_card":"summary_large_image","twitter_misc":{"Written by":"gazetar2","Est. reading time":"1 minute"},"schema":{"@context":"https:\/\/schema.org","@graph":[{"@type":"Article","@id":"https:\/\/www.press7.tv\/?p=21961#article","isPartOf":{"@id":"https:\/\/www.press7.tv\/?p=21961"},"author":{"name":"gazetar2","@id":"https:\/\/www.news33.tv\/#\/schema\/person\/5a04a38a23ccdba82f9bd665cd8f9efa"},"headline":"Mexhiti: Situata n\u00eb Trubarev\u00eb \u00ebsht\u00eb n\u00ebn kontroll, inspektor\u00ebt e mjedisit jet\u00ebsor jan\u00eb n\u00eb terren","datePublished":"2025-09-14T10:40:15+00:00","mainEntityOfPage":{"@id":"https:\/\/www.press7.tv\/?p=21961"},"wordCount":263,"publisher":{"@id":"https:\/\/www.news33.tv\/#organization"},"image":{"@id":"https:\/\/www.press7.tv\/?p=21961#primaryimage"},"thumbnailUrl":"https:\/\/www.press7.tv\/wp-content\/uploads\/2025\/09\/IMG_8767.avif","articleSection":["Lajme","Maqedoni"],"inLanguage":"en-US"},{"@type":"WebPage","@id":"https:\/\/www.press7.tv\/?p=21961","url":"https:\/\/www.press7.tv\/?p=21961","name":"Mexhiti: Situata n\u00eb Trubarev\u00eb \u00ebsht\u00eb n\u00ebn kontroll, inspektor\u00ebt e mjedisit jet\u00ebsor jan\u00eb n\u00eb terren - press7.tv","isPartOf":{"@id":"https:\/\/www.news33.tv\/#website"},"primaryImageOfPage":{"@id":"https:\/\/www.press7.tv\/?p=21961#primaryimage"},"image":{"@id":"https:\/\/www.press7.tv\/?p=21961#primaryimage"},"thumbnailUrl":"https:\/\/www.press7.tv\/wp-content\/uploads\/2025\/09\/IMG_8767.avif","datePublished":"2025-09-14T10:40:15+00:00","breadcrumb":{"@id":"https:\/\/www.press7.tv\/?p=21961#breadcrumb"},"inLanguage":"en-US","potentialAction":[{"@type":"ReadAction","target":["https:\/\/www.press7.tv\/?p=21961"]}]},{"@type":"ImageObject","inLanguage":"en-US","@id":"https:\/\/www.press7.tv\/?p=21961#primaryimage","url":"https:\/\/www.press7.tv\/wp-content\/uploads\/2025\/09\/IMG_8767.avif","contentUrl":"https:\/\/www.press7.tv\/wp-content\/uploads\/2025\/09\/IMG_8767.avif","width":1242,"height":733,"caption":"Screenshot"},{"@type":"BreadcrumbList","@id":"https:\/\/www.press7.tv\/?p=21961#breadcrumb","itemListElement":[{"@type":"ListItem","position":1,"name":"Home","item":"https:\/\/www.press7.tv\/"},{"@type":"ListItem","position":2,"name":"Mexhiti: Situata n\u00eb Trubarev\u00eb \u00ebsht\u00eb n\u00ebn kontroll, inspektor\u00ebt e mjedisit jet\u00ebsor jan\u00eb n\u00eb terren"}]},{"@type":"WebSite","@id":"https:\/\/www.news33.tv\/#website","url":"https:\/\/www.news33.tv\/","name":"News33.tv Media","description":"Media","publisher":{"@id":"https:\/\/www.news33.tv\/#organization"},"potentialAction":[{"@type":"SearchAction","target":{"@type":"EntryPoint","urlTemplate":"https:\/\/www.news33.tv\/?s={search_term_string}"},"query-input":{"@type":"PropertyValueSpecification","valueRequired":true,"valueName":"search_term_string"}}],"inLanguage":"en-US"},{"@type":"Organization","@id":"https:\/\/www.news33.tv\/#organization","name":"News33.tv Media","url":"https:\/\/www.news33.tv\/","logo":{"@type":"ImageObject","inLanguage":"en-US","@id":"https:\/\/www.news33.tv\/#\/schema\/logo\/image\/","url":"https:\/\/www.press7.tv\/wp-content\/uploads\/2024\/02\/logo-news33-black.png","contentUrl":"https:\/\/www.press7.tv\/wp-content\/uploads\/2024\/02\/logo-news33-black.png","width":180,"height":37,"caption":"News33.tv Media"},"image":{"@id":"https:\/\/www.news33.tv\/#\/schema\/logo\/image\/"},"sameAs":["https:\/\/www.facebook.com\/press7.tv"]},{"@type":"Person","@id":"https:\/\/www.news33.tv\/#\/schema\/person\/5a04a38a23ccdba82f9bd665cd8f9efa","name":"gazetar2","image":{"@type":"ImageObject","inLanguage":"en-US","@id":"https:\/\/www.news33.tv\/#\/schema\/person\/image\/","url":"https:\/\/www.press7.tv\/wp-content\/litespeed\/avatar\/41975e402c3049d9ddb03adca8f7a883.jpg?ver=1777169572","contentUrl":"https:\/\/www.press7.tv\/wp-content\/litespeed\/avatar\/41975e402c3049d9ddb03adca8f7a883.jpg?ver=1777169572","caption":"gazetar2"},"url":"https:\/\/www.press7.tv\/?author=8"}]}},"amp_enabled":true,"_links":{"self":[{"href":"https:\/\/www.press7.tv\/index.php?rest_route=\/wp\/v2\/posts\/21961","targetHints":{"allow":["GET"]}}],"collection":[{"href":"https:\/\/www.press7.tv\/index.php?rest_route=\/wp\/v2\/posts"}],"about":[{"href":"https:\/\/www.press7.tv\/index.php?rest_route=\/wp\/v2\/types\/post"}],"author":[{"embeddable":true,"href":"https:\/\/www.press7.tv\/index.php?rest_route=\/wp\/v2\/users\/8"}],"replies":[{"embeddable":true,"href":"https:\/\/www.press7.tv\/index.php?rest_route=%2Fwp%2Fv2%2Fcomments&post=21961"}],"version-history":[{"count":1,"href":"https:\/\/www.press7.tv\/index.php?rest_route=\/wp\/v2\/posts\/21961\/revisions"}],"predecessor-version":[{"id":21963,"href":"https:\/\/www.press7.tv\/index.php?rest_route=\/wp\/v2\/posts\/21961\/revisions\/21963"}],"wp:featuredmedia":[{"embeddable":true,"href":"https:\/\/www.press7.tv\/index.php?rest_route=\/wp\/v2\/media\/21962"}],"wp:attachment":[{"href":"https:\/\/www.press7.tv\/index.php?rest_route=%2Fwp%2Fv2%2Fmedia&parent=21961"}],"wp:term":[{"taxonomy":"category","embeddable":true,"href":"https:\/\/www.press7.tv\/index.php?rest_route=%2Fwp%2Fv2%2Fcategories&post=21961"},{"taxonomy":"post_tag","embeddable":true,"href":"https:\/\/www.press7.tv\/index.php?rest_route=%2Fwp%2Fv2%2Ftags&post=21961"}],"curies":[{"name":"wp","href":"https:\/\/api.w.org\/{rel}","templated":true}]}}