{"id":21958,"date":"2025-09-13T17:51:22","date_gmt":"2025-09-13T17:51:22","guid":{"rendered":"https:\/\/www.press7.tv\/?p=21958"},"modified":"2025-09-13T17:51:22","modified_gmt":"2025-09-13T17:51:22","slug":"lideret-opozitare-moren-obligim-te-mos-flasin-per-diskutimet-ne-ambasaden-e-shba-se","status":"publish","type":"post","link":"https:\/\/www.press7.tv\/?p=21958","title":{"rendered":"Lider\u00ebt opozitar\u00eb mor\u00ebn obligim t\u00eb mos flasin p\u00ebr diskutimet n\u00eb Ambasad\u00ebn e SHBA-s\u00eb"},"content":{"rendered":"\n    <div class=\"xs_social_share_widget xs_share_url before_content \t\tmain_content  wslu-style-2 wslu-share-box-shaped wslu-fill-colored wslu-share-m-5 wslu-none wslu-share-vertical wslu-theme-font-no wslu-main_content\">\n\n\t\t\n        <ul>\n\t\t\t        <\/ul>\n    <\/div> \n<p>Pak or\u00eb nga njoftimi i Ambasad\u00ebs s\u00eb SHBA-s\u00eb p\u00ebr nd\u00ebrprerjen e dialogut strategjik me Kosov\u00ebn, udh\u00ebheq\u00ebsit e tri partive deri tash n\u00eb opozit\u00eb kan\u00eb takuar t\u00eb ngarkuar\u00ebn me pun\u00eb, Anu Prattipati. Ndon\u00ebse jan\u00eb shprehur t\u00eb shqet\u00ebsuar me situat\u00ebn e krijuar pas veprimit t\u00eb SHBA-s\u00eb, nga takimi nuk \u00ebsht\u00eb ndar\u00eb holl\u00ebsi nga asnj\u00ebra pal\u00eb<\/p>\n<p>Kryetari i Aleanc\u00ebs p\u00ebr Ardhm\u00ebrin\u00eb e Kosov\u00ebs, Ramush Haradinaj, ka th\u00ebn\u00eb t\u00eb shtun\u00ebn se jan\u00eb t\u00eb obliguar t\u00eb mos flasin p\u00ebr takimin q\u00eb nj\u00eb dit\u00eb m\u00eb par\u00eb kan\u00eb zhvilluar ai dhe lider\u00eb t\u00eb tjer\u00eb partiak\u00eb me t\u00eb ngarkuar\u00ebn me pun\u00eb n\u00eb Ambasad\u00ebn e SHBA-s\u00eb, Anu Prattipati.<\/p>\n<p>P\u00ebrve\u00e7 Haradinajt, n\u00eb takim me Prattipatin ishin edhe kryetari i PDK-s\u00eb, Memli Krasniqi, e ai i LDK-s\u00eb, Lumir Abdixhiku, pak or\u00eb pasi Ambasada amerikane njoftoi p\u00ebr pezullim t\u00eb dialogut strategjik me Kosov\u00ebn.<\/p>\n<p>\u201cJu k\u00ebrkoj mir\u00ebkuptim, por s\u2019mundem me fol p\u00ebr k\u00ebt\u00eb takim. Ashtu \u00ebsht\u00eb situata. Ju k\u00ebrkoj mir\u00ebkuptim. Me duhet me k\u00ebrku mir\u00ebkuptimin, nuk mundem me u deklaru, me u prononcu prej k\u00ebtij takimi. Ashtu e kemi obligim. Kemi marr\u00eb obligim mos me u prononcu\u201d, ka deklaruar Haradinaj p\u00ebr KOH\u00cb-n, pas tubimit hap\u00ebs t\u00eb fushat\u00ebs zgjedhore n\u00eb Prishtin\u00eb.<\/p>\n<p>N\u00eb lidhje me takimin q\u00eb zhvilluan e obligimin q\u00eb Haradinaj tha se kan\u00eb marr\u00eb, KOHA ka pyetur edhe Krasniqin e Abdixhikun. Por t\u00eb shtun\u00ebn, as ata e as zyrtar\u00eb t\u00eb partive q\u00eb udh\u00ebheqin nuk jan\u00eb p\u00ebrgjigjur. P\u00ebrgjigje t\u00eb shtun\u00ebn nuk kan\u00eb dh\u00ebn\u00eb as nga Ambasada e SHBA-s\u00eb n\u00eb Kosov\u00eb.<\/p>\n<p>T\u00eb premten, me vendimin e SHBA-s\u00eb p\u00ebr pezullim t\u00eb dialogut strategjik me Kosov\u00ebn u shpreh\u00ebn t\u00eb shqet\u00ebsuar krer\u00ebt e t\u00eb tri partive deri tash n\u00eb opozit\u00eb.  N\u00ebp\u00ebrmjet nj\u00eb deklarate, Partia Demokratike e Kosov\u00ebs tha se t\u00eb gjitha forcat politike proper\u00ebndimore duhet t\u00eb bashkohen dhe \u201ct\u2019i japin Kosov\u00ebs nj\u00eb qeveri t\u00eb p\u00ebrgjegjshme\u201d.<\/p>\n<p>Ftes\u00eb p\u00ebr t\u2019u bashkuar b\u00ebri edhe kryetari i LDK-s\u00eb, Lumir Abdixhiku, e ai i AAK-s\u00eb, Ramush Haradinaj, k\u00ebrkoi reflektim.<\/p>\n<p>N\u00eb intervist\u00eb p\u00ebr Radion Evropa e Lir\u00eb, Kupchan e ka kualifikuar si \u00e7\u00ebshtje serioze pezullimin e dialogut, pasi ka vler\u00ebsuar se rajoni ka nevoj\u00eb p\u00ebr m\u00eb shum\u00eb e jo m\u00eb pak angazhim t\u00eb SHBA-s\u00eb.<\/p>\n<p>\u201cN\u00eb shum\u00eb aspekte, kjo \u00ebsht\u00eb nj\u00eb shenj\u00eb pak\u00ebnaq\u00ebsie ndaj Qeveris\u00eb n\u00eb Kosov\u00eb, e cila praktikisht ka qen\u00eb n\u00eb detyr\u00eb q\u00eb nga zgjedhjet n\u00eb fillim t\u00eb k\u00ebtij viti. Por, po ashtu, \u00ebsht\u00eb rezultat i nj\u00eb frustrimi t\u00eb grumbulluar: jan\u00eb dashur disa muaj p\u00ebr t\u00eb zgjedhur kryetarin e Kuvendit t\u00eb Kosov\u00ebs, tani Kurti fyen Gjykat\u00ebn Kushtetuese. Para zgjedhjeve, Kurti ka marr\u00eb vendime p\u00ebr nj\u00eb gam\u00eb t\u00eb gjer\u00eb \u00e7\u00ebshtjesh &#8211; nisur nga ndalimi i dinarit serb deri tek instalimi i kryetar\u00ebve shqiptar\u00eb n\u00eb veri apo mos\u00e7uarja p\u00ebrpara e Asociacionit t\u00eb komunave me shumic\u00eb serbe. Ka nj\u00eb perceptim t\u00eb gjer\u00eb k\u00ebtu n\u00eb Washington dhe n\u00eb Evrop\u00eb, se Qeveria n\u00eb Kosov\u00eb nuk po ndihmon n\u00eb p\u00ebrmir\u00ebsimin e situat\u00ebs\u201d, ka deklaruar ai p\u00ebr REL.<\/p>\n<p>E njoh\u00ebsi i marr\u00ebdh\u00ebnieve nd\u00ebrkomb\u00ebtare, Akri \u00c7ipa, thot\u00eb se vendimi i SHBA-s\u00eb p\u00ebrb\u00ebn paralajm\u00ebrim serioz p\u00ebr Kosov\u00ebn dhe sinjalizon p\u00ebr humbjen e besimit nga aleati m\u00eb i r\u00ebnd\u00ebsish\u00ebm nd\u00ebrkomb\u00ebtar i saj.<\/p>\n<p>Pavar\u00ebsisht se mund t\u00eb debatojm\u00eb mbi meritat ose jo t\u00eb vendimit t\u00eb Shteteve t\u00eb Bashkuara p\u00ebr pezullimin e dialogut strategjik me Kosov\u00ebn, nj\u00eb gj\u00eb \u00ebsht\u00eb e qart\u00eb: ky vendim p\u00ebrb\u00ebn nj\u00eb paralajm\u00ebrim serioz p\u00ebr Kosov\u00ebn dhe sinjalizon humbje besimi nga aleati m\u00eb i r\u00ebnd\u00ebsish\u00ebm nd\u00ebrkomb\u00ebtar. Edhe n\u00ebse argumentohet se ky ka qen\u00eb nj\u00eb veprim i gabuar nga ana e Washingtonit, pasojat i vuan Kosova, si dob\u00ebsimin e kredibilitetit n\u00eb aren\u00ebn nd\u00ebrkomb\u00ebtare dhe ngadal\u00ebsimin e proceseve t\u00eb integrimit euroatlantik. Megjithat\u00eb, ka ende hap\u00ebsir\u00eb p\u00ebr reflektim\u201d, ka th\u00ebn\u00eb ai.<\/p>\n<p>N\u00eb lidhje me takimin q\u00eb krer\u00ebt opozitar\u00eb zhvilluan n\u00eb Ambasad\u00ebn e SHBA-s\u00eb n\u00eb Prishtin\u00eb, \u00c7ipa konsideron se ai ka qen\u00eb njoftues p\u00ebr vendimin q\u00eb \u00ebsht\u00eb marr\u00eb.<\/p>\n<p>\u201cVet\u00eb deklarata fillestare e Ambasad\u00ebs e b\u00ebn t\u00eb qart\u00eb se vendimi \u00ebsht\u00eb i nd\u00ebrlidhur me kontekstin aktual qeveritar dhe dialogu politik vazhdon me aktor\u00eb dhe faktor\u00eb t\u00eb tjer\u00eb. N\u00eb vetvete, ky dialog mbetet i r\u00ebnd\u00ebsish\u00ebm, por n\u00eb nj\u00eb situat\u00eb t\u00eb till\u00eb thelb\u00ebsore \u00ebsht\u00eb q\u00eb t\u00eb gjith\u00eb aktor\u00ebt politik\u00eb ta shohin k\u00ebt\u00eb moment si nj\u00eb sfid\u00eb delikate p\u00ebr proceset nd\u00ebrkomb\u00ebtare t\u00eb Kosov\u00ebs, dhe jo thjesht si nj\u00eb mund\u00ebsi p\u00ebr p\u00ebrfitime t\u00eb shpejta politike ose p\u00ebr shfryt\u00ebzim n\u00eb funksion t\u00eb agjendave ditore\u201d, ka deklaruar \u00c7ipa.<\/p>\n","protected":false},"excerpt":{"rendered":"<p>Pak or\u00eb nga njoftimi i Ambasad\u00ebs s\u00eb SHBA-s\u00eb p\u00ebr nd\u00ebrprerjen e dialogut strategjik me Kosov\u00ebn, udh\u00ebheq\u00ebsit e tri partive deri tash n\u00eb opozit\u00eb kan\u00eb takuar t\u00eb ngarkuar\u00ebn me pun\u00eb, Anu Prattipati. Ndon\u00ebse jan\u00eb shprehur t\u00eb shqet\u00ebsuar me situat\u00ebn e krijuar pas veprimit t\u00eb SHBA-s\u00eb, nga takimi nuk \u00ebsht\u00eb ndar\u00eb holl\u00ebsi nga asnj\u00ebra pal\u00eb Kryetari i [&hellip;]<\/p>\n","protected":false},"author":8,"featured_media":21959,"comment_status":"closed","ping_status":"closed","sticky":false,"template":"","format":"standard","meta":{"footnotes":""},"categories":[215,213],"tags":[],"class_list":["post-21958","post","type-post","status-publish","format-standard","has-post-thumbnail","hentry","category-kosove","category-lajme"],"yoast_head":"<!-- This site is optimized with the Yoast SEO plugin v25.1 - https:\/\/yoast.com\/wordpress\/plugins\/seo\/ -->\n<title>Lider\u00ebt opozitar\u00eb mor\u00ebn obligim t\u00eb mos flasin p\u00ebr diskutimet n\u00eb Ambasad\u00ebn e SHBA-s\u00eb - press7.tv<\/title>\n<meta name=\"robots\" content=\"index, follow, max-snippet:-1, max-image-preview:large, max-video-preview:-1\" \/>\n<link rel=\"canonical\" href=\"https:\/\/www.press7.tv\/?p=21958\" \/>\n<meta property=\"og:locale\" content=\"en_US\" \/>\n<meta property=\"og:type\" content=\"article\" \/>\n<meta property=\"og:title\" content=\"Lider\u00ebt opozitar\u00eb mor\u00ebn obligim t\u00eb mos flasin p\u00ebr diskutimet n\u00eb Ambasad\u00ebn e SHBA-s\u00eb - press7.tv\" \/>\n<meta property=\"og:description\" content=\"Pak or\u00eb nga njoftimi i Ambasad\u00ebs s\u00eb SHBA-s\u00eb p\u00ebr nd\u00ebrprerjen e dialogut strategjik me Kosov\u00ebn, udh\u00ebheq\u00ebsit e tri partive deri tash n\u00eb opozit\u00eb kan\u00eb takuar t\u00eb ngarkuar\u00ebn me pun\u00eb, Anu Prattipati. Ndon\u00ebse jan\u00eb shprehur t\u00eb shqet\u00ebsuar me situat\u00ebn e krijuar pas veprimit t\u00eb SHBA-s\u00eb, nga takimi nuk \u00ebsht\u00eb ndar\u00eb holl\u00ebsi nga asnj\u00ebra pal\u00eb Kryetari i [&hellip;]\" \/>\n<meta property=\"og:url\" content=\"https:\/\/www.press7.tv\/?p=21958\" \/>\n<meta property=\"og:site_name\" content=\"press7.tv\" \/>\n<meta property=\"article:publisher\" content=\"https:\/\/www.facebook.com\/press7.tv\" \/>\n<meta property=\"article:published_time\" content=\"2025-09-13T17:51:22+00:00\" \/>\n<meta property=\"og:image\" content=\"https:\/\/www.press7.tv\/wp-content\/uploads\/2025\/09\/IMG_8762.avif\" \/>\n\t<meta property=\"og:image:width\" content=\"1280\" \/>\n\t<meta property=\"og:image:height\" content=\"720\" \/>\n\t<meta property=\"og:image:type\" content=\"image\/webp\" \/>\n<meta name=\"author\" content=\"gazetar2\" \/>\n<meta name=\"twitter:card\" content=\"summary_large_image\" \/>\n<meta name=\"twitter:label1\" content=\"Written by\" \/>\n\t<meta name=\"twitter:data1\" content=\"gazetar2\" \/>\n\t<meta name=\"twitter:label2\" content=\"Est. reading time\" \/>\n\t<meta name=\"twitter:data2\" content=\"1 minute\" \/>\n<script type=\"application\/ld+json\" class=\"yoast-schema-graph\">{\"@context\":\"https:\/\/schema.org\",\"@graph\":[{\"@type\":\"Article\",\"@id\":\"https:\/\/www.press7.tv\/?p=21958#article\",\"isPartOf\":{\"@id\":\"https:\/\/www.press7.tv\/?p=21958\"},\"author\":{\"name\":\"gazetar2\",\"@id\":\"https:\/\/www.news33.tv\/#\/schema\/person\/5a04a38a23ccdba82f9bd665cd8f9efa\"},\"headline\":\"Lider\u00ebt opozitar\u00eb mor\u00ebn obligim t\u00eb mos flasin p\u00ebr diskutimet n\u00eb Ambasad\u00ebn e SHBA-s\u00eb\",\"datePublished\":\"2025-09-13T17:51:22+00:00\",\"mainEntityOfPage\":{\"@id\":\"https:\/\/www.press7.tv\/?p=21958\"},\"wordCount\":839,\"publisher\":{\"@id\":\"https:\/\/www.news33.tv\/#organization\"},\"image\":{\"@id\":\"https:\/\/www.press7.tv\/?p=21958#primaryimage\"},\"thumbnailUrl\":\"https:\/\/www.press7.tv\/wp-content\/uploads\/2025\/09\/IMG_8762.avif\",\"articleSection\":[\"Kosov\u00eb\",\"Lajme\"],\"inLanguage\":\"en-US\"},{\"@type\":\"WebPage\",\"@id\":\"https:\/\/www.press7.tv\/?p=21958\",\"url\":\"https:\/\/www.press7.tv\/?p=21958\",\"name\":\"Lider\u00ebt opozitar\u00eb mor\u00ebn obligim t\u00eb mos flasin p\u00ebr diskutimet n\u00eb Ambasad\u00ebn e SHBA-s\u00eb - press7.tv\",\"isPartOf\":{\"@id\":\"https:\/\/www.news33.tv\/#website\"},\"primaryImageOfPage\":{\"@id\":\"https:\/\/www.press7.tv\/?p=21958#primaryimage\"},\"image\":{\"@id\":\"https:\/\/www.press7.tv\/?p=21958#primaryimage\"},\"thumbnailUrl\":\"https:\/\/www.press7.tv\/wp-content\/uploads\/2025\/09\/IMG_8762.avif\",\"datePublished\":\"2025-09-13T17:51:22+00:00\",\"breadcrumb\":{\"@id\":\"https:\/\/www.press7.tv\/?p=21958#breadcrumb\"},\"inLanguage\":\"en-US\",\"potentialAction\":[{\"@type\":\"ReadAction\",\"target\":[\"https:\/\/www.press7.tv\/?p=21958\"]}]},{\"@type\":\"ImageObject\",\"inLanguage\":\"en-US\",\"@id\":\"https:\/\/www.press7.tv\/?p=21958#primaryimage\",\"url\":\"https:\/\/www.press7.tv\/wp-content\/uploads\/2025\/09\/IMG_8762.avif\",\"contentUrl\":\"https:\/\/www.press7.tv\/wp-content\/uploads\/2025\/09\/IMG_8762.avif\",\"width\":1280,\"height\":720},{\"@type\":\"BreadcrumbList\",\"@id\":\"https:\/\/www.press7.tv\/?p=21958#breadcrumb\",\"itemListElement\":[{\"@type\":\"ListItem\",\"position\":1,\"name\":\"Home\",\"item\":\"https:\/\/www.press7.tv\/\"},{\"@type\":\"ListItem\",\"position\":2,\"name\":\"Lider\u00ebt opozitar\u00eb mor\u00ebn obligim t\u00eb mos flasin p\u00ebr diskutimet n\u00eb Ambasad\u00ebn e SHBA-s\u00eb\"}]},{\"@type\":\"WebSite\",\"@id\":\"https:\/\/www.news33.tv\/#website\",\"url\":\"https:\/\/www.news33.tv\/\",\"name\":\"News33.tv Media\",\"description\":\"Media\",\"publisher\":{\"@id\":\"https:\/\/www.news33.tv\/#organization\"},\"potentialAction\":[{\"@type\":\"SearchAction\",\"target\":{\"@type\":\"EntryPoint\",\"urlTemplate\":\"https:\/\/www.news33.tv\/?s={search_term_string}\"},\"query-input\":{\"@type\":\"PropertyValueSpecification\",\"valueRequired\":true,\"valueName\":\"search_term_string\"}}],\"inLanguage\":\"en-US\"},{\"@type\":\"Organization\",\"@id\":\"https:\/\/www.news33.tv\/#organization\",\"name\":\"News33.tv Media\",\"url\":\"https:\/\/www.news33.tv\/\",\"logo\":{\"@type\":\"ImageObject\",\"inLanguage\":\"en-US\",\"@id\":\"https:\/\/www.news33.tv\/#\/schema\/logo\/image\/\",\"url\":\"https:\/\/www.press7.tv\/wp-content\/uploads\/2024\/02\/logo-news33-black.png\",\"contentUrl\":\"https:\/\/www.press7.tv\/wp-content\/uploads\/2024\/02\/logo-news33-black.png\",\"width\":180,\"height\":37,\"caption\":\"News33.tv Media\"},\"image\":{\"@id\":\"https:\/\/www.news33.tv\/#\/schema\/logo\/image\/\"},\"sameAs\":[\"https:\/\/www.facebook.com\/press7.tv\"]},{\"@type\":\"Person\",\"@id\":\"https:\/\/www.news33.tv\/#\/schema\/person\/5a04a38a23ccdba82f9bd665cd8f9efa\",\"name\":\"gazetar2\",\"image\":{\"@type\":\"ImageObject\",\"inLanguage\":\"en-US\",\"@id\":\"https:\/\/www.news33.tv\/#\/schema\/person\/image\/\",\"url\":\"https:\/\/www.press7.tv\/wp-content\/litespeed\/avatar\/41975e402c3049d9ddb03adca8f7a883.jpg?ver=1777169572\",\"contentUrl\":\"https:\/\/www.press7.tv\/wp-content\/litespeed\/avatar\/41975e402c3049d9ddb03adca8f7a883.jpg?ver=1777169572\",\"caption\":\"gazetar2\"},\"url\":\"https:\/\/www.press7.tv\/?author=8\"}]}<\/script>\n<!-- \/ Yoast SEO plugin. -->","yoast_head_json":{"title":"Lider\u00ebt opozitar\u00eb mor\u00ebn obligim t\u00eb mos flasin p\u00ebr diskutimet n\u00eb Ambasad\u00ebn e SHBA-s\u00eb - press7.tv","robots":{"index":"index","follow":"follow","max-snippet":"max-snippet:-1","max-image-preview":"max-image-preview:large","max-video-preview":"max-video-preview:-1"},"canonical":"https:\/\/www.press7.tv\/?p=21958","og_locale":"en_US","og_type":"article","og_title":"Lider\u00ebt opozitar\u00eb mor\u00ebn obligim t\u00eb mos flasin p\u00ebr diskutimet n\u00eb Ambasad\u00ebn e SHBA-s\u00eb - press7.tv","og_description":"Pak or\u00eb nga njoftimi i Ambasad\u00ebs s\u00eb SHBA-s\u00eb p\u00ebr nd\u00ebrprerjen e dialogut strategjik me Kosov\u00ebn, udh\u00ebheq\u00ebsit e tri partive deri tash n\u00eb opozit\u00eb kan\u00eb takuar t\u00eb ngarkuar\u00ebn me pun\u00eb, Anu Prattipati. Ndon\u00ebse jan\u00eb shprehur t\u00eb shqet\u00ebsuar me situat\u00ebn e krijuar pas veprimit t\u00eb SHBA-s\u00eb, nga takimi nuk \u00ebsht\u00eb ndar\u00eb holl\u00ebsi nga asnj\u00ebra pal\u00eb Kryetari i [&hellip;]","og_url":"https:\/\/www.press7.tv\/?p=21958","og_site_name":"press7.tv","article_publisher":"https:\/\/www.facebook.com\/press7.tv","article_published_time":"2025-09-13T17:51:22+00:00","og_image":[{"width":1280,"height":720,"url":"https:\/\/www.press7.tv\/wp-content\/uploads\/2025\/09\/IMG_8762.avif","type":"image\/webp"}],"author":"gazetar2","twitter_card":"summary_large_image","twitter_misc":{"Written by":"gazetar2","Est. reading time":"1 minute"},"schema":{"@context":"https:\/\/schema.org","@graph":[{"@type":"Article","@id":"https:\/\/www.press7.tv\/?p=21958#article","isPartOf":{"@id":"https:\/\/www.press7.tv\/?p=21958"},"author":{"name":"gazetar2","@id":"https:\/\/www.news33.tv\/#\/schema\/person\/5a04a38a23ccdba82f9bd665cd8f9efa"},"headline":"Lider\u00ebt opozitar\u00eb mor\u00ebn obligim t\u00eb mos flasin p\u00ebr diskutimet n\u00eb Ambasad\u00ebn e SHBA-s\u00eb","datePublished":"2025-09-13T17:51:22+00:00","mainEntityOfPage":{"@id":"https:\/\/www.press7.tv\/?p=21958"},"wordCount":839,"publisher":{"@id":"https:\/\/www.news33.tv\/#organization"},"image":{"@id":"https:\/\/www.press7.tv\/?p=21958#primaryimage"},"thumbnailUrl":"https:\/\/www.press7.tv\/wp-content\/uploads\/2025\/09\/IMG_8762.avif","articleSection":["Kosov\u00eb","Lajme"],"inLanguage":"en-US"},{"@type":"WebPage","@id":"https:\/\/www.press7.tv\/?p=21958","url":"https:\/\/www.press7.tv\/?p=21958","name":"Lider\u00ebt opozitar\u00eb mor\u00ebn obligim t\u00eb mos flasin p\u00ebr diskutimet n\u00eb Ambasad\u00ebn e SHBA-s\u00eb - press7.tv","isPartOf":{"@id":"https:\/\/www.news33.tv\/#website"},"primaryImageOfPage":{"@id":"https:\/\/www.press7.tv\/?p=21958#primaryimage"},"image":{"@id":"https:\/\/www.press7.tv\/?p=21958#primaryimage"},"thumbnailUrl":"https:\/\/www.press7.tv\/wp-content\/uploads\/2025\/09\/IMG_8762.avif","datePublished":"2025-09-13T17:51:22+00:00","breadcrumb":{"@id":"https:\/\/www.press7.tv\/?p=21958#breadcrumb"},"inLanguage":"en-US","potentialAction":[{"@type":"ReadAction","target":["https:\/\/www.press7.tv\/?p=21958"]}]},{"@type":"ImageObject","inLanguage":"en-US","@id":"https:\/\/www.press7.tv\/?p=21958#primaryimage","url":"https:\/\/www.press7.tv\/wp-content\/uploads\/2025\/09\/IMG_8762.avif","contentUrl":"https:\/\/www.press7.tv\/wp-content\/uploads\/2025\/09\/IMG_8762.avif","width":1280,"height":720},{"@type":"BreadcrumbList","@id":"https:\/\/www.press7.tv\/?p=21958#breadcrumb","itemListElement":[{"@type":"ListItem","position":1,"name":"Home","item":"https:\/\/www.press7.tv\/"},{"@type":"ListItem","position":2,"name":"Lider\u00ebt opozitar\u00eb mor\u00ebn obligim t\u00eb mos flasin p\u00ebr diskutimet n\u00eb Ambasad\u00ebn e SHBA-s\u00eb"}]},{"@type":"WebSite","@id":"https:\/\/www.news33.tv\/#website","url":"https:\/\/www.news33.tv\/","name":"News33.tv Media","description":"Media","publisher":{"@id":"https:\/\/www.news33.tv\/#organization"},"potentialAction":[{"@type":"SearchAction","target":{"@type":"EntryPoint","urlTemplate":"https:\/\/www.news33.tv\/?s={search_term_string}"},"query-input":{"@type":"PropertyValueSpecification","valueRequired":true,"valueName":"search_term_string"}}],"inLanguage":"en-US"},{"@type":"Organization","@id":"https:\/\/www.news33.tv\/#organization","name":"News33.tv Media","url":"https:\/\/www.news33.tv\/","logo":{"@type":"ImageObject","inLanguage":"en-US","@id":"https:\/\/www.news33.tv\/#\/schema\/logo\/image\/","url":"https:\/\/www.press7.tv\/wp-content\/uploads\/2024\/02\/logo-news33-black.png","contentUrl":"https:\/\/www.press7.tv\/wp-content\/uploads\/2024\/02\/logo-news33-black.png","width":180,"height":37,"caption":"News33.tv Media"},"image":{"@id":"https:\/\/www.news33.tv\/#\/schema\/logo\/image\/"},"sameAs":["https:\/\/www.facebook.com\/press7.tv"]},{"@type":"Person","@id":"https:\/\/www.news33.tv\/#\/schema\/person\/5a04a38a23ccdba82f9bd665cd8f9efa","name":"gazetar2","image":{"@type":"ImageObject","inLanguage":"en-US","@id":"https:\/\/www.news33.tv\/#\/schema\/person\/image\/","url":"https:\/\/www.press7.tv\/wp-content\/litespeed\/avatar\/41975e402c3049d9ddb03adca8f7a883.jpg?ver=1777169572","contentUrl":"https:\/\/www.press7.tv\/wp-content\/litespeed\/avatar\/41975e402c3049d9ddb03adca8f7a883.jpg?ver=1777169572","caption":"gazetar2"},"url":"https:\/\/www.press7.tv\/?author=8"}]}},"amp_enabled":true,"_links":{"self":[{"href":"https:\/\/www.press7.tv\/index.php?rest_route=\/wp\/v2\/posts\/21958","targetHints":{"allow":["GET"]}}],"collection":[{"href":"https:\/\/www.press7.tv\/index.php?rest_route=\/wp\/v2\/posts"}],"about":[{"href":"https:\/\/www.press7.tv\/index.php?rest_route=\/wp\/v2\/types\/post"}],"author":[{"embeddable":true,"href":"https:\/\/www.press7.tv\/index.php?rest_route=\/wp\/v2\/users\/8"}],"replies":[{"embeddable":true,"href":"https:\/\/www.press7.tv\/index.php?rest_route=%2Fwp%2Fv2%2Fcomments&post=21958"}],"version-history":[{"count":1,"href":"https:\/\/www.press7.tv\/index.php?rest_route=\/wp\/v2\/posts\/21958\/revisions"}],"predecessor-version":[{"id":21960,"href":"https:\/\/www.press7.tv\/index.php?rest_route=\/wp\/v2\/posts\/21958\/revisions\/21960"}],"wp:featuredmedia":[{"embeddable":true,"href":"https:\/\/www.press7.tv\/index.php?rest_route=\/wp\/v2\/media\/21959"}],"wp:attachment":[{"href":"https:\/\/www.press7.tv\/index.php?rest_route=%2Fwp%2Fv2%2Fmedia&parent=21958"}],"wp:term":[{"taxonomy":"category","embeddable":true,"href":"https:\/\/www.press7.tv\/index.php?rest_route=%2Fwp%2Fv2%2Fcategories&post=21958"},{"taxonomy":"post_tag","embeddable":true,"href":"https:\/\/www.press7.tv\/index.php?rest_route=%2Fwp%2Fv2%2Ftags&post=21958"}],"curies":[{"name":"wp","href":"https:\/\/api.w.org\/{rel}","templated":true}]}}