{"id":21955,"date":"2025-09-13T16:20:38","date_gmt":"2025-09-13T16:20:38","guid":{"rendered":"https:\/\/www.press7.tv\/?p=21955"},"modified":"2025-09-13T16:20:38","modified_gmt":"2025-09-13T16:20:38","slug":"kosoven-nuk-e-rrezikon-antiamerikanizmi-i-kurtit-por-proamerikanizmi-i-hajduteve-te-saj","status":"publish","type":"post","link":"https:\/\/www.press7.tv\/?p=21955","title":{"rendered":"Kosov\u00ebn nuk e rrezikon \u2018antiamerikanizmi\u2019 i Kurtit, por proamerikanizmi i hajdut\u00ebve t\u00eb saj!"},"content":{"rendered":"\n    <div class=\"xs_social_share_widget xs_share_url before_content \t\tmain_content  wslu-style-2 wslu-share-box-shaped wslu-fill-colored wslu-share-m-5 wslu-none wslu-share-vertical wslu-theme-font-no wslu-main_content\">\n\n\t\t\n        <ul>\n\t\t\t        <\/ul>\n    <\/div> \n<p>Nga Kim Mehmeti<\/p>\n<p>\u00cbsht\u00eb e dukshme se kund\u00ebrshtar\u00ebt e Albiniit i ka g\u00ebzuar lajmi se Amerika e ka pezulluar p\u00ebrkoh\u00ebsisht dailogun strategjik me Kosov\u00ebn, e \u00e7ka tregon se urrejtja e tyre ndaj Kryeministrit n\u00eb detyr\u00eb \u00ebsht\u00eb m\u00eb e madhe se dashuria ndaj vendit ku veprojn\u00eb.<\/p>\n<p>N\u00eb t\u00eb v\u00ebrtet drejtuesit partiak q\u00eb iu g\u00ebzuan k\u00ebtij lajmi as q\u00eb e kuptojn\u00eb se problemi i Kosov\u00ebs nuk \u00ebsht\u00eb si ajo do bisedoj\u00eb me t\u00eb tjer\u00ebt, por pse ajo e nd\u00ebrpreu dialogun me vetveten dhe p\u00ebr t\u00eb mir\u00ebn e vetvetes.<\/p>\n<p>Sa i p\u00ebrket dialogut me Amerik\u00ebn mbase edhe Trampit do i shkaktonte t\u00eb vjella e v\u00ebrteta se proamerikan\u00eb m\u00eb t\u00eb devotsh\u00ebm t\u00eb Kosov\u00ebs jan\u00eb disa politikan\u00eb q\u00eb grumbulluan pasuri thuajse poaq sa\u00e7 ka Presidenti amerikan edhe at\u00eb duke pasur vet\u00ebm nj\u00eb vler\u00eb \u2013 proamerikanizmin me t\u00eb cilin e mbulonin hajdut\u00ebrin\u00eb dhe zhvatjen e popullit t\u00eb vet.<\/p>\n<p>Po pra, shum\u00eb kund\u00ebrshtar\u00eb t\u00eb Kryeministrit n\u00eb detyr\u00eb t\u00eb Kosov\u00ebs i g\u00ebzoi lajmi se Amerika nuk don m\u00eb t\u00eb bisedoj\u00eb me Kurtin. T\u00eb till\u00ebt besojn\u00eb se vet\u00ebm k\u00ebshtu dob\u00ebsohet L\u00ebvizja Vet\u00ebvendosje dhe se vet\u00ebm me ndihm\u00ebn e t\u00eb huajve ata do mund t\u00eb b\u00ebhen t\u00eb pranuesh\u00ebm p\u00ebr popullin e vet?!<\/p>\n<p>Por nd\u00ebrkoh\u00eb duke harruar se n\u00ebse proamerikanizmin e Kosov\u00ebs do e mbrojn\u00eb ish burr\u00ebshtetasit e saj q\u00eb nd\u00ebrtuan me dhjet\u00ebra sht\u00ebpi dhe \u2018blen\u00eb\u2019 pa para me qindra hektar\u00eb tok\u00eb, pra ata q\u00eb dinin t\u00eb nd\u00ebrtojn\u00eb vila milion\u00ebshe p\u00ebr vetveten, por jo edhe institucione shtet\u00ebrore q\u00eb do e konsolidojn\u00eb shtetin, at\u00ebher\u00eb Kosova do vazhdoj\u00eb t\u00eb mos e kuptoj\u00eb se at\u00eb nuk e rrezikon \u2018antiamerikanizmi\u2019 i Kryeministrit n\u00eb detyr\u00eb, por proamerikanizmi i hajdut\u00ebve t\u00eb saj, e t\u00eb cil\u00ebt i rrezikon Kurti. (Kim Mehmeti)<\/p>\n","protected":false},"excerpt":{"rendered":"<p>Nga Kim Mehmeti \u00cbsht\u00eb e dukshme se kund\u00ebrshtar\u00ebt e Albiniit i ka g\u00ebzuar lajmi se Amerika e ka pezulluar p\u00ebrkoh\u00ebsisht dailogun strategjik me Kosov\u00ebn, e \u00e7ka tregon se urrejtja e tyre ndaj Kryeministrit n\u00eb detyr\u00eb \u00ebsht\u00eb m\u00eb e madhe se dashuria ndaj vendit ku veprojn\u00eb. N\u00eb t\u00eb v\u00ebrtet drejtuesit partiak q\u00eb iu g\u00ebzuan k\u00ebtij lajmi [&hellip;]<\/p>\n","protected":false},"author":8,"featured_media":21956,"comment_status":"closed","ping_status":"closed","sticky":false,"template":"","format":"standard","meta":{"footnotes":""},"categories":[215,213],"tags":[],"class_list":["post-21955","post","type-post","status-publish","format-standard","has-post-thumbnail","hentry","category-kosove","category-lajme"],"yoast_head":"<!-- This site is optimized with the Yoast SEO plugin v25.1 - https:\/\/yoast.com\/wordpress\/plugins\/seo\/ -->\n<title>Kosov\u00ebn nuk e rrezikon \u2018antiamerikanizmi\u2019 i Kurtit, por proamerikanizmi i hajdut\u00ebve t\u00eb saj! - press7.tv<\/title>\n<meta name=\"robots\" content=\"index, follow, max-snippet:-1, max-image-preview:large, max-video-preview:-1\" \/>\n<link rel=\"canonical\" href=\"https:\/\/www.press7.tv\/?p=21955\" \/>\n<meta property=\"og:locale\" content=\"en_US\" \/>\n<meta property=\"og:type\" content=\"article\" \/>\n<meta property=\"og:title\" content=\"Kosov\u00ebn nuk e rrezikon \u2018antiamerikanizmi\u2019 i Kurtit, por proamerikanizmi i hajdut\u00ebve t\u00eb saj! - press7.tv\" \/>\n<meta property=\"og:description\" content=\"Nga Kim Mehmeti \u00cbsht\u00eb e dukshme se kund\u00ebrshtar\u00ebt e Albiniit i ka g\u00ebzuar lajmi se Amerika e ka pezulluar p\u00ebrkoh\u00ebsisht dailogun strategjik me Kosov\u00ebn, e \u00e7ka tregon se urrejtja e tyre ndaj Kryeministrit n\u00eb detyr\u00eb \u00ebsht\u00eb m\u00eb e madhe se dashuria ndaj vendit ku veprojn\u00eb. N\u00eb t\u00eb v\u00ebrtet drejtuesit partiak q\u00eb iu g\u00ebzuan k\u00ebtij lajmi [&hellip;]\" \/>\n<meta property=\"og:url\" content=\"https:\/\/www.press7.tv\/?p=21955\" \/>\n<meta property=\"og:site_name\" content=\"press7.tv\" \/>\n<meta property=\"article:publisher\" content=\"https:\/\/www.facebook.com\/press7.tv\" \/>\n<meta property=\"article:published_time\" content=\"2025-09-13T16:20:38+00:00\" \/>\n<meta property=\"og:image\" content=\"https:\/\/www.press7.tv\/wp-content\/uploads\/2025\/09\/IMG_8756.avif\" \/>\n\t<meta property=\"og:image:width\" content=\"696\" \/>\n\t<meta property=\"og:image:height\" content=\"522\" \/>\n\t<meta property=\"og:image:type\" content=\"image\/jpeg\" \/>\n<meta name=\"author\" content=\"gazetar2\" \/>\n<meta name=\"twitter:card\" content=\"summary_large_image\" \/>\n<meta name=\"twitter:label1\" content=\"Written by\" \/>\n\t<meta name=\"twitter:data1\" content=\"gazetar2\" \/>\n\t<meta name=\"twitter:label2\" content=\"Est. reading time\" \/>\n\t<meta name=\"twitter:data2\" content=\"1 minute\" \/>\n<script type=\"application\/ld+json\" class=\"yoast-schema-graph\">{\"@context\":\"https:\/\/schema.org\",\"@graph\":[{\"@type\":\"Article\",\"@id\":\"https:\/\/www.press7.tv\/?p=21955#article\",\"isPartOf\":{\"@id\":\"https:\/\/www.press7.tv\/?p=21955\"},\"author\":{\"name\":\"gazetar2\",\"@id\":\"https:\/\/www.news33.tv\/#\/schema\/person\/5a04a38a23ccdba82f9bd665cd8f9efa\"},\"headline\":\"Kosov\u00ebn nuk e rrezikon \u2018antiamerikanizmi\u2019 i Kurtit, por proamerikanizmi i hajdut\u00ebve t\u00eb saj!\",\"datePublished\":\"2025-09-13T16:20:38+00:00\",\"mainEntityOfPage\":{\"@id\":\"https:\/\/www.press7.tv\/?p=21955\"},\"wordCount\":336,\"publisher\":{\"@id\":\"https:\/\/www.news33.tv\/#organization\"},\"image\":{\"@id\":\"https:\/\/www.press7.tv\/?p=21955#primaryimage\"},\"thumbnailUrl\":\"https:\/\/www.press7.tv\/wp-content\/uploads\/2025\/09\/IMG_8756.avif\",\"articleSection\":[\"Kosov\u00eb\",\"Lajme\"],\"inLanguage\":\"en-US\"},{\"@type\":\"WebPage\",\"@id\":\"https:\/\/www.press7.tv\/?p=21955\",\"url\":\"https:\/\/www.press7.tv\/?p=21955\",\"name\":\"Kosov\u00ebn nuk e rrezikon \u2018antiamerikanizmi\u2019 i Kurtit, por proamerikanizmi i hajdut\u00ebve t\u00eb saj! - press7.tv\",\"isPartOf\":{\"@id\":\"https:\/\/www.news33.tv\/#website\"},\"primaryImageOfPage\":{\"@id\":\"https:\/\/www.press7.tv\/?p=21955#primaryimage\"},\"image\":{\"@id\":\"https:\/\/www.press7.tv\/?p=21955#primaryimage\"},\"thumbnailUrl\":\"https:\/\/www.press7.tv\/wp-content\/uploads\/2025\/09\/IMG_8756.avif\",\"datePublished\":\"2025-09-13T16:20:38+00:00\",\"breadcrumb\":{\"@id\":\"https:\/\/www.press7.tv\/?p=21955#breadcrumb\"},\"inLanguage\":\"en-US\",\"potentialAction\":[{\"@type\":\"ReadAction\",\"target\":[\"https:\/\/www.press7.tv\/?p=21955\"]}]},{\"@type\":\"ImageObject\",\"inLanguage\":\"en-US\",\"@id\":\"https:\/\/www.press7.tv\/?p=21955#primaryimage\",\"url\":\"https:\/\/www.press7.tv\/wp-content\/uploads\/2025\/09\/IMG_8756.avif\",\"contentUrl\":\"https:\/\/www.press7.tv\/wp-content\/uploads\/2025\/09\/IMG_8756.avif\",\"width\":696,\"height\":522},{\"@type\":\"BreadcrumbList\",\"@id\":\"https:\/\/www.press7.tv\/?p=21955#breadcrumb\",\"itemListElement\":[{\"@type\":\"ListItem\",\"position\":1,\"name\":\"Home\",\"item\":\"https:\/\/www.press7.tv\/\"},{\"@type\":\"ListItem\",\"position\":2,\"name\":\"Kosov\u00ebn nuk e rrezikon \u2018antiamerikanizmi\u2019 i Kurtit, por proamerikanizmi i hajdut\u00ebve t\u00eb saj!\"}]},{\"@type\":\"WebSite\",\"@id\":\"https:\/\/www.news33.tv\/#website\",\"url\":\"https:\/\/www.news33.tv\/\",\"name\":\"News33.tv Media\",\"description\":\"Media\",\"publisher\":{\"@id\":\"https:\/\/www.news33.tv\/#organization\"},\"potentialAction\":[{\"@type\":\"SearchAction\",\"target\":{\"@type\":\"EntryPoint\",\"urlTemplate\":\"https:\/\/www.news33.tv\/?s={search_term_string}\"},\"query-input\":{\"@type\":\"PropertyValueSpecification\",\"valueRequired\":true,\"valueName\":\"search_term_string\"}}],\"inLanguage\":\"en-US\"},{\"@type\":\"Organization\",\"@id\":\"https:\/\/www.news33.tv\/#organization\",\"name\":\"News33.tv Media\",\"url\":\"https:\/\/www.news33.tv\/\",\"logo\":{\"@type\":\"ImageObject\",\"inLanguage\":\"en-US\",\"@id\":\"https:\/\/www.news33.tv\/#\/schema\/logo\/image\/\",\"url\":\"https:\/\/www.press7.tv\/wp-content\/uploads\/2024\/02\/logo-news33-black.png\",\"contentUrl\":\"https:\/\/www.press7.tv\/wp-content\/uploads\/2024\/02\/logo-news33-black.png\",\"width\":180,\"height\":37,\"caption\":\"News33.tv Media\"},\"image\":{\"@id\":\"https:\/\/www.news33.tv\/#\/schema\/logo\/image\/\"},\"sameAs\":[\"https:\/\/www.facebook.com\/press7.tv\"]},{\"@type\":\"Person\",\"@id\":\"https:\/\/www.news33.tv\/#\/schema\/person\/5a04a38a23ccdba82f9bd665cd8f9efa\",\"name\":\"gazetar2\",\"image\":{\"@type\":\"ImageObject\",\"inLanguage\":\"en-US\",\"@id\":\"https:\/\/www.news33.tv\/#\/schema\/person\/image\/\",\"url\":\"https:\/\/www.press7.tv\/wp-content\/litespeed\/avatar\/41975e402c3049d9ddb03adca8f7a883.jpg?ver=1777169572\",\"contentUrl\":\"https:\/\/www.press7.tv\/wp-content\/litespeed\/avatar\/41975e402c3049d9ddb03adca8f7a883.jpg?ver=1777169572\",\"caption\":\"gazetar2\"},\"url\":\"https:\/\/www.press7.tv\/?author=8\"}]}<\/script>\n<!-- \/ Yoast SEO plugin. -->","yoast_head_json":{"title":"Kosov\u00ebn nuk e rrezikon \u2018antiamerikanizmi\u2019 i Kurtit, por proamerikanizmi i hajdut\u00ebve t\u00eb saj! - press7.tv","robots":{"index":"index","follow":"follow","max-snippet":"max-snippet:-1","max-image-preview":"max-image-preview:large","max-video-preview":"max-video-preview:-1"},"canonical":"https:\/\/www.press7.tv\/?p=21955","og_locale":"en_US","og_type":"article","og_title":"Kosov\u00ebn nuk e rrezikon \u2018antiamerikanizmi\u2019 i Kurtit, por proamerikanizmi i hajdut\u00ebve t\u00eb saj! - press7.tv","og_description":"Nga Kim Mehmeti \u00cbsht\u00eb e dukshme se kund\u00ebrshtar\u00ebt e Albiniit i ka g\u00ebzuar lajmi se Amerika e ka pezulluar p\u00ebrkoh\u00ebsisht dailogun strategjik me Kosov\u00ebn, e \u00e7ka tregon se urrejtja e tyre ndaj Kryeministrit n\u00eb detyr\u00eb \u00ebsht\u00eb m\u00eb e madhe se dashuria ndaj vendit ku veprojn\u00eb. N\u00eb t\u00eb v\u00ebrtet drejtuesit partiak q\u00eb iu g\u00ebzuan k\u00ebtij lajmi [&hellip;]","og_url":"https:\/\/www.press7.tv\/?p=21955","og_site_name":"press7.tv","article_publisher":"https:\/\/www.facebook.com\/press7.tv","article_published_time":"2025-09-13T16:20:38+00:00","og_image":[{"width":696,"height":522,"url":"https:\/\/www.press7.tv\/wp-content\/uploads\/2025\/09\/IMG_8756.avif","type":"image\/jpeg"}],"author":"gazetar2","twitter_card":"summary_large_image","twitter_misc":{"Written by":"gazetar2","Est. reading time":"1 minute"},"schema":{"@context":"https:\/\/schema.org","@graph":[{"@type":"Article","@id":"https:\/\/www.press7.tv\/?p=21955#article","isPartOf":{"@id":"https:\/\/www.press7.tv\/?p=21955"},"author":{"name":"gazetar2","@id":"https:\/\/www.news33.tv\/#\/schema\/person\/5a04a38a23ccdba82f9bd665cd8f9efa"},"headline":"Kosov\u00ebn nuk e rrezikon \u2018antiamerikanizmi\u2019 i Kurtit, por proamerikanizmi i hajdut\u00ebve t\u00eb saj!","datePublished":"2025-09-13T16:20:38+00:00","mainEntityOfPage":{"@id":"https:\/\/www.press7.tv\/?p=21955"},"wordCount":336,"publisher":{"@id":"https:\/\/www.news33.tv\/#organization"},"image":{"@id":"https:\/\/www.press7.tv\/?p=21955#primaryimage"},"thumbnailUrl":"https:\/\/www.press7.tv\/wp-content\/uploads\/2025\/09\/IMG_8756.avif","articleSection":["Kosov\u00eb","Lajme"],"inLanguage":"en-US"},{"@type":"WebPage","@id":"https:\/\/www.press7.tv\/?p=21955","url":"https:\/\/www.press7.tv\/?p=21955","name":"Kosov\u00ebn nuk e rrezikon \u2018antiamerikanizmi\u2019 i Kurtit, por proamerikanizmi i hajdut\u00ebve t\u00eb saj! - press7.tv","isPartOf":{"@id":"https:\/\/www.news33.tv\/#website"},"primaryImageOfPage":{"@id":"https:\/\/www.press7.tv\/?p=21955#primaryimage"},"image":{"@id":"https:\/\/www.press7.tv\/?p=21955#primaryimage"},"thumbnailUrl":"https:\/\/www.press7.tv\/wp-content\/uploads\/2025\/09\/IMG_8756.avif","datePublished":"2025-09-13T16:20:38+00:00","breadcrumb":{"@id":"https:\/\/www.press7.tv\/?p=21955#breadcrumb"},"inLanguage":"en-US","potentialAction":[{"@type":"ReadAction","target":["https:\/\/www.press7.tv\/?p=21955"]}]},{"@type":"ImageObject","inLanguage":"en-US","@id":"https:\/\/www.press7.tv\/?p=21955#primaryimage","url":"https:\/\/www.press7.tv\/wp-content\/uploads\/2025\/09\/IMG_8756.avif","contentUrl":"https:\/\/www.press7.tv\/wp-content\/uploads\/2025\/09\/IMG_8756.avif","width":696,"height":522},{"@type":"BreadcrumbList","@id":"https:\/\/www.press7.tv\/?p=21955#breadcrumb","itemListElement":[{"@type":"ListItem","position":1,"name":"Home","item":"https:\/\/www.press7.tv\/"},{"@type":"ListItem","position":2,"name":"Kosov\u00ebn nuk e rrezikon \u2018antiamerikanizmi\u2019 i Kurtit, por proamerikanizmi i hajdut\u00ebve t\u00eb saj!"}]},{"@type":"WebSite","@id":"https:\/\/www.news33.tv\/#website","url":"https:\/\/www.news33.tv\/","name":"News33.tv Media","description":"Media","publisher":{"@id":"https:\/\/www.news33.tv\/#organization"},"potentialAction":[{"@type":"SearchAction","target":{"@type":"EntryPoint","urlTemplate":"https:\/\/www.news33.tv\/?s={search_term_string}"},"query-input":{"@type":"PropertyValueSpecification","valueRequired":true,"valueName":"search_term_string"}}],"inLanguage":"en-US"},{"@type":"Organization","@id":"https:\/\/www.news33.tv\/#organization","name":"News33.tv Media","url":"https:\/\/www.news33.tv\/","logo":{"@type":"ImageObject","inLanguage":"en-US","@id":"https:\/\/www.news33.tv\/#\/schema\/logo\/image\/","url":"https:\/\/www.press7.tv\/wp-content\/uploads\/2024\/02\/logo-news33-black.png","contentUrl":"https:\/\/www.press7.tv\/wp-content\/uploads\/2024\/02\/logo-news33-black.png","width":180,"height":37,"caption":"News33.tv Media"},"image":{"@id":"https:\/\/www.news33.tv\/#\/schema\/logo\/image\/"},"sameAs":["https:\/\/www.facebook.com\/press7.tv"]},{"@type":"Person","@id":"https:\/\/www.news33.tv\/#\/schema\/person\/5a04a38a23ccdba82f9bd665cd8f9efa","name":"gazetar2","image":{"@type":"ImageObject","inLanguage":"en-US","@id":"https:\/\/www.news33.tv\/#\/schema\/person\/image\/","url":"https:\/\/www.press7.tv\/wp-content\/litespeed\/avatar\/41975e402c3049d9ddb03adca8f7a883.jpg?ver=1777169572","contentUrl":"https:\/\/www.press7.tv\/wp-content\/litespeed\/avatar\/41975e402c3049d9ddb03adca8f7a883.jpg?ver=1777169572","caption":"gazetar2"},"url":"https:\/\/www.press7.tv\/?author=8"}]}},"amp_enabled":true,"_links":{"self":[{"href":"https:\/\/www.press7.tv\/index.php?rest_route=\/wp\/v2\/posts\/21955","targetHints":{"allow":["GET"]}}],"collection":[{"href":"https:\/\/www.press7.tv\/index.php?rest_route=\/wp\/v2\/posts"}],"about":[{"href":"https:\/\/www.press7.tv\/index.php?rest_route=\/wp\/v2\/types\/post"}],"author":[{"embeddable":true,"href":"https:\/\/www.press7.tv\/index.php?rest_route=\/wp\/v2\/users\/8"}],"replies":[{"embeddable":true,"href":"https:\/\/www.press7.tv\/index.php?rest_route=%2Fwp%2Fv2%2Fcomments&post=21955"}],"version-history":[{"count":1,"href":"https:\/\/www.press7.tv\/index.php?rest_route=\/wp\/v2\/posts\/21955\/revisions"}],"predecessor-version":[{"id":21957,"href":"https:\/\/www.press7.tv\/index.php?rest_route=\/wp\/v2\/posts\/21955\/revisions\/21957"}],"wp:featuredmedia":[{"embeddable":true,"href":"https:\/\/www.press7.tv\/index.php?rest_route=\/wp\/v2\/media\/21956"}],"wp:attachment":[{"href":"https:\/\/www.press7.tv\/index.php?rest_route=%2Fwp%2Fv2%2Fmedia&parent=21955"}],"wp:term":[{"taxonomy":"category","embeddable":true,"href":"https:\/\/www.press7.tv\/index.php?rest_route=%2Fwp%2Fv2%2Fcategories&post=21955"},{"taxonomy":"post_tag","embeddable":true,"href":"https:\/\/www.press7.tv\/index.php?rest_route=%2Fwp%2Fv2%2Ftags&post=21955"}],"curies":[{"name":"wp","href":"https:\/\/api.w.org\/{rel}","templated":true}]}}