{"id":21907,"date":"2025-09-11T13:51:24","date_gmt":"2025-09-11T13:51:24","guid":{"rendered":"https:\/\/www.press7.tv\/?p=21907"},"modified":"2025-09-11T13:51:24","modified_gmt":"2025-09-11T13:51:24","slug":"mexhiti-takoi-ambasadoren-amerikane-ageler-bashkepunim-per-mbrojtjen-dhe-zhvillimin-e-qendrueshem-te-liqenit-te-ohrit","status":"publish","type":"post","link":"https:\/\/www.press7.tv\/?p=21907","title":{"rendered":"Mexhiti takoi ambasadoren amerikane Ageler: Bashk\u00ebpunim p\u00ebr mbrojtjen dhe zhvillimin e q\u00ebndruesh\u00ebm t\u00eb Liqenit t\u00eb Ohrit"},"content":{"rendered":"\n    <div class=\"xs_social_share_widget xs_share_url before_content \t\tmain_content  wslu-style-2 wslu-share-box-shaped wslu-fill-colored wslu-share-m-5 wslu-none wslu-share-vertical wslu-theme-font-no wslu-main_content\">\n\n\t\t\n        <ul>\n\t\t\t        <\/ul>\n    <\/div> \n<p>Z\u00ebvend\u00ebskryeministri i Par\u00eb dhe Minist\u00ebr i Mjedisit Jet\u00ebsor dhe Planifikimit Hap\u00ebsinor, Izet Mexhiti, sot u takua me ambasadoren e SHBA-ve n\u00eb Maqedonin\u00eb e Veriut, znj. Angela Ageler, p\u00ebrcjell TV21. Nga Kabineti i zv\/kryeministrit njoftojn\u00eb se gjat\u00eb takimit u diskutua mbi bashk\u00ebpunimin teknik dhe shkencor p\u00ebr ruajtjen e Liqenit t\u00eb Ohrit, nj\u00eb pasuri natyrore dhe kulturore nd\u00ebrkufitare mes Maqedonis\u00eb s\u00eb Veriut dhe Shqip\u00ebris\u00eb.<\/p>\n<p>\u201cQ\u00ebllimi i bashk\u00ebpunimit \u00ebsht\u00eb p\u00ebrmir\u00ebsimi i cil\u00ebsis\u00eb s\u00eb ujit, menaxhimi i peshkimit dhe zhvillimi i turizmit t\u00eb q\u00ebndruesh\u00ebm liqenor. Gjat\u00eb vitit 2024, dy ekspert\u00eb amerikan\u00eb zhvilluan vizita n\u00eb terren dhe takime dyjavore n\u00eb rajonin e Ohrit, p\u00ebr t\u00eb vler\u00ebsuar gjendjen aktuale. Raporti p\u00ebr vizit\u00ebn p\u00ebrmban disa rekomandime konkrete, nd\u00ebr t\u00eb cilat: forcimi i kapaciteteve t\u00eb Institutit Hidrobiologjik p\u00ebrmes modernizimit dhe mb\u00ebshtetjes p\u00ebr stafin shkencor, krijimin e nj\u00eb programi komb\u00ebtar afatgjat\u00eb p\u00ebr monitorimin limnologjik dhe fondin peshkor, zhvillimin e nj\u00eb plani t\u00eb p\u00ebrbashk\u00ebt nd\u00ebrkufitar p\u00ebr menaxhimin e inkubator\u00ebve dhe mbrojtjen e troft\u00ebs s\u00eb Ohrit, krijimin e mekanizmave p\u00ebr zbulimin e hersh\u00ebm t\u00eb specieve invazive; si dhe zhvillimin e nj\u00eb programi k\u00ebrkimor p\u00ebr turizmin e q\u00ebndruesh\u00ebm dhe p\u00ebrforcimi i rolit t\u00eb organizatave joqeveritare. N\u00eb k\u00ebt\u00eb kuad\u00ebr, sot n\u00eb takim mori pjes\u00eb edhe Prof. Jason Stockwell, drejtor i Laboratorit Shkencor p\u00ebr Mjedisin dhe Burimet Natyrore nga Univerziteti i Vermontit, SHBA, i cili n\u00eb dit\u00ebt n\u00eb vijim do t\u00eb q\u00ebndroj\u00eb n\u00eb Oh\u00ebr e m\u00eb pas do t\u00eb prezatoj\u00eb idet\u00eb e tij p\u00ebr vazhdim t\u00eb bashk\u00ebpunimit me Institutin Hidrobiologjik \u2013 Oh\u00ebr dhe institucionet tjera relevante n\u00eb vend. Mexhiti dhe Ageler u dakorduan se ruajtja e Liqenit t\u00eb Ohrit \u00ebsht\u00eb nj\u00eb prioritet komb\u00ebtar dhe nd\u00ebrkufitar, nd\u00ebrsa bashk\u00ebpunimi me SHBA-t\u00eb dhe partner\u00ebt nd\u00ebrkomb\u00ebtar\u00eb do t\u00eb sjell\u00eb ekspertiz\u00ebn e nevojshme p\u00ebr ta mbrojtur k\u00ebt\u00eb trash\u00ebgimi unike natyrore dhe kulturore\u201d, thuhet n\u00eb njoftim.<\/p>\n","protected":false},"excerpt":{"rendered":"<p>Z\u00ebvend\u00ebskryeministri i Par\u00eb dhe Minist\u00ebr i Mjedisit Jet\u00ebsor dhe Planifikimit Hap\u00ebsinor, Izet Mexhiti, sot u takua me ambasadoren e SHBA-ve n\u00eb Maqedonin\u00eb e Veriut, znj. Angela Ageler, p\u00ebrcjell TV21. Nga Kabineti i zv\/kryeministrit njoftojn\u00eb se gjat\u00eb takimit u diskutua mbi bashk\u00ebpunimin teknik dhe shkencor p\u00ebr ruajtjen e Liqenit t\u00eb Ohrit, nj\u00eb pasuri natyrore dhe kulturore [&hellip;]<\/p>\n","protected":false},"author":8,"featured_media":21908,"comment_status":"closed","ping_status":"closed","sticky":false,"template":"","format":"standard","meta":{"footnotes":""},"categories":[213,214],"tags":[],"class_list":["post-21907","post","type-post","status-publish","format-standard","has-post-thumbnail","hentry","category-lajme","category-maqedoni"],"yoast_head":"<!-- This site is optimized with the Yoast SEO plugin v25.1 - https:\/\/yoast.com\/wordpress\/plugins\/seo\/ -->\n<title>Mexhiti takoi ambasadoren amerikane Ageler: Bashk\u00ebpunim p\u00ebr mbrojtjen dhe zhvillimin e q\u00ebndruesh\u00ebm t\u00eb Liqenit t\u00eb Ohrit - press7.tv<\/title>\n<meta name=\"robots\" content=\"index, follow, max-snippet:-1, max-image-preview:large, max-video-preview:-1\" \/>\n<link rel=\"canonical\" href=\"https:\/\/www.press7.tv\/?p=21907\" \/>\n<meta property=\"og:locale\" content=\"en_US\" \/>\n<meta property=\"og:type\" content=\"article\" \/>\n<meta property=\"og:title\" content=\"Mexhiti takoi ambasadoren amerikane Ageler: Bashk\u00ebpunim p\u00ebr mbrojtjen dhe zhvillimin e q\u00ebndruesh\u00ebm t\u00eb Liqenit t\u00eb Ohrit - press7.tv\" \/>\n<meta property=\"og:description\" content=\"Z\u00ebvend\u00ebskryeministri i Par\u00eb dhe Minist\u00ebr i Mjedisit Jet\u00ebsor dhe Planifikimit Hap\u00ebsinor, Izet Mexhiti, sot u takua me ambasadoren e SHBA-ve n\u00eb Maqedonin\u00eb e Veriut, znj. Angela Ageler, p\u00ebrcjell TV21. Nga Kabineti i zv\/kryeministrit njoftojn\u00eb se gjat\u00eb takimit u diskutua mbi bashk\u00ebpunimin teknik dhe shkencor p\u00ebr ruajtjen e Liqenit t\u00eb Ohrit, nj\u00eb pasuri natyrore dhe kulturore [&hellip;]\" \/>\n<meta property=\"og:url\" content=\"https:\/\/www.press7.tv\/?p=21907\" \/>\n<meta property=\"og:site_name\" content=\"press7.tv\" \/>\n<meta property=\"article:publisher\" content=\"https:\/\/www.facebook.com\/press7.tv\" \/>\n<meta property=\"article:published_time\" content=\"2025-09-11T13:51:24+00:00\" \/>\n<meta property=\"og:image\" content=\"https:\/\/www.press7.tv\/wp-content\/uploads\/2025\/09\/IMG_8664.avif\" \/>\n\t<meta property=\"og:image:width\" content=\"1392\" \/>\n\t<meta property=\"og:image:height\" content=\"903\" \/>\n\t<meta property=\"og:image:type\" content=\"image\/jpeg\" \/>\n<meta name=\"author\" content=\"gazetar2\" \/>\n<meta name=\"twitter:card\" content=\"summary_large_image\" \/>\n<meta name=\"twitter:label1\" content=\"Written by\" \/>\n\t<meta name=\"twitter:data1\" content=\"gazetar2\" \/>\n\t<meta name=\"twitter:label2\" content=\"Est. reading time\" \/>\n\t<meta name=\"twitter:data2\" content=\"1 minute\" \/>\n<script type=\"application\/ld+json\" class=\"yoast-schema-graph\">{\"@context\":\"https:\/\/schema.org\",\"@graph\":[{\"@type\":\"Article\",\"@id\":\"https:\/\/www.press7.tv\/?p=21907#article\",\"isPartOf\":{\"@id\":\"https:\/\/www.press7.tv\/?p=21907\"},\"author\":{\"name\":\"gazetar2\",\"@id\":\"https:\/\/www.news33.tv\/#\/schema\/person\/5a04a38a23ccdba82f9bd665cd8f9efa\"},\"headline\":\"Mexhiti takoi ambasadoren amerikane Ageler: Bashk\u00ebpunim p\u00ebr mbrojtjen dhe zhvillimin e q\u00ebndruesh\u00ebm t\u00eb Liqenit t\u00eb Ohrit\",\"datePublished\":\"2025-09-11T13:51:24+00:00\",\"mainEntityOfPage\":{\"@id\":\"https:\/\/www.press7.tv\/?p=21907\"},\"wordCount\":366,\"publisher\":{\"@id\":\"https:\/\/www.news33.tv\/#organization\"},\"image\":{\"@id\":\"https:\/\/www.press7.tv\/?p=21907#primaryimage\"},\"thumbnailUrl\":\"https:\/\/www.press7.tv\/wp-content\/uploads\/2025\/09\/IMG_8664.avif\",\"articleSection\":[\"Lajme\",\"Maqedoni\"],\"inLanguage\":\"en-US\"},{\"@type\":\"WebPage\",\"@id\":\"https:\/\/www.press7.tv\/?p=21907\",\"url\":\"https:\/\/www.press7.tv\/?p=21907\",\"name\":\"Mexhiti takoi ambasadoren amerikane Ageler: Bashk\u00ebpunim p\u00ebr mbrojtjen dhe zhvillimin e q\u00ebndruesh\u00ebm t\u00eb Liqenit t\u00eb Ohrit - press7.tv\",\"isPartOf\":{\"@id\":\"https:\/\/www.news33.tv\/#website\"},\"primaryImageOfPage\":{\"@id\":\"https:\/\/www.press7.tv\/?p=21907#primaryimage\"},\"image\":{\"@id\":\"https:\/\/www.press7.tv\/?p=21907#primaryimage\"},\"thumbnailUrl\":\"https:\/\/www.press7.tv\/wp-content\/uploads\/2025\/09\/IMG_8664.avif\",\"datePublished\":\"2025-09-11T13:51:24+00:00\",\"breadcrumb\":{\"@id\":\"https:\/\/www.press7.tv\/?p=21907#breadcrumb\"},\"inLanguage\":\"en-US\",\"potentialAction\":[{\"@type\":\"ReadAction\",\"target\":[\"https:\/\/www.press7.tv\/?p=21907\"]}]},{\"@type\":\"ImageObject\",\"inLanguage\":\"en-US\",\"@id\":\"https:\/\/www.press7.tv\/?p=21907#primaryimage\",\"url\":\"https:\/\/www.press7.tv\/wp-content\/uploads\/2025\/09\/IMG_8664.avif\",\"contentUrl\":\"https:\/\/www.press7.tv\/wp-content\/uploads\/2025\/09\/IMG_8664.avif\",\"width\":1392,\"height\":903},{\"@type\":\"BreadcrumbList\",\"@id\":\"https:\/\/www.press7.tv\/?p=21907#breadcrumb\",\"itemListElement\":[{\"@type\":\"ListItem\",\"position\":1,\"name\":\"Home\",\"item\":\"https:\/\/www.press7.tv\/\"},{\"@type\":\"ListItem\",\"position\":2,\"name\":\"Mexhiti takoi ambasadoren amerikane Ageler: Bashk\u00ebpunim p\u00ebr mbrojtjen dhe zhvillimin e q\u00ebndruesh\u00ebm t\u00eb Liqenit t\u00eb Ohrit\"}]},{\"@type\":\"WebSite\",\"@id\":\"https:\/\/www.news33.tv\/#website\",\"url\":\"https:\/\/www.news33.tv\/\",\"name\":\"News33.tv Media\",\"description\":\"Media\",\"publisher\":{\"@id\":\"https:\/\/www.news33.tv\/#organization\"},\"potentialAction\":[{\"@type\":\"SearchAction\",\"target\":{\"@type\":\"EntryPoint\",\"urlTemplate\":\"https:\/\/www.news33.tv\/?s={search_term_string}\"},\"query-input\":{\"@type\":\"PropertyValueSpecification\",\"valueRequired\":true,\"valueName\":\"search_term_string\"}}],\"inLanguage\":\"en-US\"},{\"@type\":\"Organization\",\"@id\":\"https:\/\/www.news33.tv\/#organization\",\"name\":\"News33.tv Media\",\"url\":\"https:\/\/www.news33.tv\/\",\"logo\":{\"@type\":\"ImageObject\",\"inLanguage\":\"en-US\",\"@id\":\"https:\/\/www.news33.tv\/#\/schema\/logo\/image\/\",\"url\":\"https:\/\/www.press7.tv\/wp-content\/uploads\/2024\/02\/logo-news33-black.png\",\"contentUrl\":\"https:\/\/www.press7.tv\/wp-content\/uploads\/2024\/02\/logo-news33-black.png\",\"width\":180,\"height\":37,\"caption\":\"News33.tv Media\"},\"image\":{\"@id\":\"https:\/\/www.news33.tv\/#\/schema\/logo\/image\/\"},\"sameAs\":[\"https:\/\/www.facebook.com\/press7.tv\"]},{\"@type\":\"Person\",\"@id\":\"https:\/\/www.news33.tv\/#\/schema\/person\/5a04a38a23ccdba82f9bd665cd8f9efa\",\"name\":\"gazetar2\",\"image\":{\"@type\":\"ImageObject\",\"inLanguage\":\"en-US\",\"@id\":\"https:\/\/www.news33.tv\/#\/schema\/person\/image\/\",\"url\":\"https:\/\/www.press7.tv\/wp-content\/litespeed\/avatar\/41975e402c3049d9ddb03adca8f7a883.jpg?ver=1777169572\",\"contentUrl\":\"https:\/\/www.press7.tv\/wp-content\/litespeed\/avatar\/41975e402c3049d9ddb03adca8f7a883.jpg?ver=1777169572\",\"caption\":\"gazetar2\"},\"url\":\"https:\/\/www.press7.tv\/?author=8\"}]}<\/script>\n<!-- \/ Yoast SEO plugin. -->","yoast_head_json":{"title":"Mexhiti takoi ambasadoren amerikane Ageler: Bashk\u00ebpunim p\u00ebr mbrojtjen dhe zhvillimin e q\u00ebndruesh\u00ebm t\u00eb Liqenit t\u00eb Ohrit - press7.tv","robots":{"index":"index","follow":"follow","max-snippet":"max-snippet:-1","max-image-preview":"max-image-preview:large","max-video-preview":"max-video-preview:-1"},"canonical":"https:\/\/www.press7.tv\/?p=21907","og_locale":"en_US","og_type":"article","og_title":"Mexhiti takoi ambasadoren amerikane Ageler: Bashk\u00ebpunim p\u00ebr mbrojtjen dhe zhvillimin e q\u00ebndruesh\u00ebm t\u00eb Liqenit t\u00eb Ohrit - press7.tv","og_description":"Z\u00ebvend\u00ebskryeministri i Par\u00eb dhe Minist\u00ebr i Mjedisit Jet\u00ebsor dhe Planifikimit Hap\u00ebsinor, Izet Mexhiti, sot u takua me ambasadoren e SHBA-ve n\u00eb Maqedonin\u00eb e Veriut, znj. Angela Ageler, p\u00ebrcjell TV21. Nga Kabineti i zv\/kryeministrit njoftojn\u00eb se gjat\u00eb takimit u diskutua mbi bashk\u00ebpunimin teknik dhe shkencor p\u00ebr ruajtjen e Liqenit t\u00eb Ohrit, nj\u00eb pasuri natyrore dhe kulturore [&hellip;]","og_url":"https:\/\/www.press7.tv\/?p=21907","og_site_name":"press7.tv","article_publisher":"https:\/\/www.facebook.com\/press7.tv","article_published_time":"2025-09-11T13:51:24+00:00","og_image":[{"width":1392,"height":903,"url":"https:\/\/www.press7.tv\/wp-content\/uploads\/2025\/09\/IMG_8664.avif","type":"image\/jpeg"}],"author":"gazetar2","twitter_card":"summary_large_image","twitter_misc":{"Written by":"gazetar2","Est. reading time":"1 minute"},"schema":{"@context":"https:\/\/schema.org","@graph":[{"@type":"Article","@id":"https:\/\/www.press7.tv\/?p=21907#article","isPartOf":{"@id":"https:\/\/www.press7.tv\/?p=21907"},"author":{"name":"gazetar2","@id":"https:\/\/www.news33.tv\/#\/schema\/person\/5a04a38a23ccdba82f9bd665cd8f9efa"},"headline":"Mexhiti takoi ambasadoren amerikane Ageler: Bashk\u00ebpunim p\u00ebr mbrojtjen dhe zhvillimin e q\u00ebndruesh\u00ebm t\u00eb Liqenit t\u00eb Ohrit","datePublished":"2025-09-11T13:51:24+00:00","mainEntityOfPage":{"@id":"https:\/\/www.press7.tv\/?p=21907"},"wordCount":366,"publisher":{"@id":"https:\/\/www.news33.tv\/#organization"},"image":{"@id":"https:\/\/www.press7.tv\/?p=21907#primaryimage"},"thumbnailUrl":"https:\/\/www.press7.tv\/wp-content\/uploads\/2025\/09\/IMG_8664.avif","articleSection":["Lajme","Maqedoni"],"inLanguage":"en-US"},{"@type":"WebPage","@id":"https:\/\/www.press7.tv\/?p=21907","url":"https:\/\/www.press7.tv\/?p=21907","name":"Mexhiti takoi ambasadoren amerikane Ageler: Bashk\u00ebpunim p\u00ebr mbrojtjen dhe zhvillimin e q\u00ebndruesh\u00ebm t\u00eb Liqenit t\u00eb Ohrit - press7.tv","isPartOf":{"@id":"https:\/\/www.news33.tv\/#website"},"primaryImageOfPage":{"@id":"https:\/\/www.press7.tv\/?p=21907#primaryimage"},"image":{"@id":"https:\/\/www.press7.tv\/?p=21907#primaryimage"},"thumbnailUrl":"https:\/\/www.press7.tv\/wp-content\/uploads\/2025\/09\/IMG_8664.avif","datePublished":"2025-09-11T13:51:24+00:00","breadcrumb":{"@id":"https:\/\/www.press7.tv\/?p=21907#breadcrumb"},"inLanguage":"en-US","potentialAction":[{"@type":"ReadAction","target":["https:\/\/www.press7.tv\/?p=21907"]}]},{"@type":"ImageObject","inLanguage":"en-US","@id":"https:\/\/www.press7.tv\/?p=21907#primaryimage","url":"https:\/\/www.press7.tv\/wp-content\/uploads\/2025\/09\/IMG_8664.avif","contentUrl":"https:\/\/www.press7.tv\/wp-content\/uploads\/2025\/09\/IMG_8664.avif","width":1392,"height":903},{"@type":"BreadcrumbList","@id":"https:\/\/www.press7.tv\/?p=21907#breadcrumb","itemListElement":[{"@type":"ListItem","position":1,"name":"Home","item":"https:\/\/www.press7.tv\/"},{"@type":"ListItem","position":2,"name":"Mexhiti takoi ambasadoren amerikane Ageler: Bashk\u00ebpunim p\u00ebr mbrojtjen dhe zhvillimin e q\u00ebndruesh\u00ebm t\u00eb Liqenit t\u00eb Ohrit"}]},{"@type":"WebSite","@id":"https:\/\/www.news33.tv\/#website","url":"https:\/\/www.news33.tv\/","name":"News33.tv Media","description":"Media","publisher":{"@id":"https:\/\/www.news33.tv\/#organization"},"potentialAction":[{"@type":"SearchAction","target":{"@type":"EntryPoint","urlTemplate":"https:\/\/www.news33.tv\/?s={search_term_string}"},"query-input":{"@type":"PropertyValueSpecification","valueRequired":true,"valueName":"search_term_string"}}],"inLanguage":"en-US"},{"@type":"Organization","@id":"https:\/\/www.news33.tv\/#organization","name":"News33.tv Media","url":"https:\/\/www.news33.tv\/","logo":{"@type":"ImageObject","inLanguage":"en-US","@id":"https:\/\/www.news33.tv\/#\/schema\/logo\/image\/","url":"https:\/\/www.press7.tv\/wp-content\/uploads\/2024\/02\/logo-news33-black.png","contentUrl":"https:\/\/www.press7.tv\/wp-content\/uploads\/2024\/02\/logo-news33-black.png","width":180,"height":37,"caption":"News33.tv Media"},"image":{"@id":"https:\/\/www.news33.tv\/#\/schema\/logo\/image\/"},"sameAs":["https:\/\/www.facebook.com\/press7.tv"]},{"@type":"Person","@id":"https:\/\/www.news33.tv\/#\/schema\/person\/5a04a38a23ccdba82f9bd665cd8f9efa","name":"gazetar2","image":{"@type":"ImageObject","inLanguage":"en-US","@id":"https:\/\/www.news33.tv\/#\/schema\/person\/image\/","url":"https:\/\/www.press7.tv\/wp-content\/litespeed\/avatar\/41975e402c3049d9ddb03adca8f7a883.jpg?ver=1777169572","contentUrl":"https:\/\/www.press7.tv\/wp-content\/litespeed\/avatar\/41975e402c3049d9ddb03adca8f7a883.jpg?ver=1777169572","caption":"gazetar2"},"url":"https:\/\/www.press7.tv\/?author=8"}]}},"amp_enabled":true,"_links":{"self":[{"href":"https:\/\/www.press7.tv\/index.php?rest_route=\/wp\/v2\/posts\/21907","targetHints":{"allow":["GET"]}}],"collection":[{"href":"https:\/\/www.press7.tv\/index.php?rest_route=\/wp\/v2\/posts"}],"about":[{"href":"https:\/\/www.press7.tv\/index.php?rest_route=\/wp\/v2\/types\/post"}],"author":[{"embeddable":true,"href":"https:\/\/www.press7.tv\/index.php?rest_route=\/wp\/v2\/users\/8"}],"replies":[{"embeddable":true,"href":"https:\/\/www.press7.tv\/index.php?rest_route=%2Fwp%2Fv2%2Fcomments&post=21907"}],"version-history":[{"count":1,"href":"https:\/\/www.press7.tv\/index.php?rest_route=\/wp\/v2\/posts\/21907\/revisions"}],"predecessor-version":[{"id":21909,"href":"https:\/\/www.press7.tv\/index.php?rest_route=\/wp\/v2\/posts\/21907\/revisions\/21909"}],"wp:featuredmedia":[{"embeddable":true,"href":"https:\/\/www.press7.tv\/index.php?rest_route=\/wp\/v2\/media\/21908"}],"wp:attachment":[{"href":"https:\/\/www.press7.tv\/index.php?rest_route=%2Fwp%2Fv2%2Fmedia&parent=21907"}],"wp:term":[{"taxonomy":"category","embeddable":true,"href":"https:\/\/www.press7.tv\/index.php?rest_route=%2Fwp%2Fv2%2Fcategories&post=21907"},{"taxonomy":"post_tag","embeddable":true,"href":"https:\/\/www.press7.tv\/index.php?rest_route=%2Fwp%2Fv2%2Ftags&post=21907"}],"curies":[{"name":"wp","href":"https:\/\/api.w.org\/{rel}","templated":true}]}}