{"id":21900,"date":"2025-09-11T10:52:17","date_gmt":"2025-09-11T10:52:17","guid":{"rendered":"https:\/\/www.press7.tv\/?p=21900"},"modified":"2025-09-11T10:52:17","modified_gmt":"2025-09-11T10:52:17","slug":"osmani-largova-vajzat-nga-shkolla-publike-shkaku-i-sigurise","status":"publish","type":"post","link":"https:\/\/www.press7.tv\/?p=21900","title":{"rendered":"Osmani: Largova vajzat nga shkolla publike shkaku i siguris\u00eb"},"content":{"rendered":"\n    <div class=\"xs_social_share_widget xs_share_url before_content \t\tmain_content  wslu-style-2 wslu-share-box-shaped wslu-fill-colored wslu-share-m-5 wslu-none wslu-share-vertical wslu-theme-font-no wslu-main_content\">\n\n\t\t\n        <ul>\n\t\t\t        <\/ul>\n    <\/div> \n<p>Presidentja e Kosov\u00ebs, Vjosa Osmani, ka b\u00ebr\u00eb thirrje q\u00eb ajo t\u00eb sulmohet dit\u00eb e nat\u00eb, por ka k\u00ebrkuar q\u00eb t\u00eb mos p\u00ebrdoren vajzat e saj p\u00ebr luft\u00eb politik\u00eb. Ajo u shpreh se ka d\u00ebrguar vajzat n\u00eb shkoll\u00eb private p\u00ebr shkak se ajo publike, \u201cIsmail Qemali\u201d, ku deri tash ndiqnin m\u00ebsimet nuk plot\u00ebsonte kushtet e siguris\u00eb, q\u00eb sipas Osmanit, jan\u00eb k\u00ebrkuar nga organet kompetente.<\/p>\n<p>\u201c\u00cbsht\u00eb ndryshe kur nj\u00eb shkoll\u00eb ka vet\u00ebm nj\u00eb hyrje, ndryshe kur jan\u00eb shum\u00eb hyrje. Madje ju vet\u00eb keni raportuar p\u00ebr rreziqet e ndryshme n\u00eb shkolla, p\u00ebr arm\u00ebt, thikat, drog\u00ebn&#8230;&#8221;, u shpreh ajo.<\/p>\n<p>N\u00eb nj\u00eb deklarat\u00eb t\u00eb enjten n\u00eb Presidenc\u00eb, Osmani ka th\u00ebn\u00eb se ndaj saj ka pasur dhjet\u00ebra k\u00ebrc\u00ebnime me jet\u00eb, nd\u00ebrsa Prokuroria ende nuk ka nd\u00ebrmarr\u00eb veprime. Ajo theksoi se masat e siguris\u00eb p\u00ebr familjen e saj jan\u00eb vendosur nga institucionet p\u00ebrkat\u00ebse, bazuar n\u00eb vler\u00ebsime t\u00eb rrezikshm\u00ebris\u00eb s\u00eb lart\u00eb.<\/p>\n<p>\u201cVajzat e mia shkollohen n\u00eb Kosov\u00eb. Sa ishin n\u00eb shkoll\u00ebn \u201cIsmail Qemali\u201d u jan\u00eb publikuar madje edhe klasat ku kan\u00eb q\u00ebndruar, duke i ekspozuar ndaj rreziqeve, p\u00ebrfshir\u00eb edhe nga Serbia, q\u00eb ka tendenca kriminale. M\u00eb sulmoni mua dit\u00eb e nat\u00eb, kurr\u00eb mos u ndalni por mos bini n\u00eb at\u00eb pik\u00eb ku f\u00ebmij\u00ebt e vegj\u00ebl q\u00eb nuk kan\u00eb asnj\u00eb faj t\u00eb rrezikohen\u201d, ka th\u00ebn\u00eb Osmani.<\/p>\n<p>Presidentja kujtoi se n\u00eb raste t\u00eb tjera ka d\u00ebnuar sulmet ndaj familjar\u00ebve t\u00eb kund\u00ebrshtar\u00ebve politik\u00eb dhe se asnj\u00ebher\u00eb nuk \u00ebsht\u00eb marr\u00eb me jet\u00ebn private t\u00eb tyre. Ajo theksoi se \u00e7do familje presidenti n\u00eb bot\u00eb g\u00ebzon mbrojtje t\u00eb af\u00ebrt dhe kjo nuk p\u00ebrb\u00ebn keqp\u00ebrdorim.<\/p>\n<p>Osmani gjithashtu potencoi se dit\u00ebn e djeshme nuk k\u00ebrkoi arrestimin e kameramanit q\u00eb po xhironte jasht\u00eb shkoll\u00ebs private, ku presidentja ka d\u00ebrguar dy vajzat p\u00ebr shkollim.<\/p>\n<p>\u201cNuk k\u00ebrkova q\u00eb t\u00eb arrestohet kameramani, as nuk e ka b\u00ebr\u00eb mbrojtja e af\u00ebrt. Gjithmon\u00eb kam b\u00ebr\u00eb thirrje q\u00eb gazetar\u00ebt duhet t\u00eb respektohen, jeni d\u00ebshmitar\u00eb\u201d, shtoi Osmani.<\/p>\n<p>Presidentja foli edhe p\u00ebr disa gazetar\u00eb, duke i quajtur \u201cRadoi\u00e7iqa\u201d. Ajo shtoi se nuk p\u00ebrmend emra, por se dihet kush jan\u00eb pasi \u201ce kan\u00eb miz\u00ebn pas veshit\u201d.<\/p>\n<p>\u201cNuk jan\u00eb hetuar gazetar\u00ebt, jan\u00eb hetuar Radoi\u00e7iqat. Jan\u00eb hetuar planet p\u00ebr grushtshtet. Nuk mund t\u2019i themi emrat p\u00ebr shkak t\u00eb pengimit t\u00eb hetimeve. P\u00ebrgjat\u00eb rrug\u00ebs s\u00eb hetimeve, ka gjith\u00e7ka aty q\u00eb kan\u00eb bashk\u00ebpunuar me ta. \u00cbsht\u00eb vler\u00ebsim i institucioneve q\u00eb t\u00eb mos i tregojn\u00eb emrat p\u00ebr shkak t\u00eb mos pengohen hetimet\u201d, ka th\u00ebn\u00eb Osmani.<\/p>\n<p>Osmani ka th\u00ebn\u00eb se me kryeministrin n\u00eb detyr\u00eb, Albin Kurti, nuk ka pasur asnj\u00ebher\u00eb dallim n\u00eb q\u00ebndrimet se Kosova duhet t\u00eb mbrohet nga Serbia.<\/p>\n<p>\u201cNuk e kemi pasur kurr\u00eb as dallimin m\u00eb t\u00eb vog\u00ebl se Kosova duhet t\u00eb mbrohet nga Vu\u00e7iqi dhe Serbia  nga sh\u00ebrb\u00ebtor\u00ebt e saj n\u00eb Kosov\u00eb. Un\u00eb jam bashk\u00ebpunuese me t\u00eb gjith\u00eb q\u00eb e duan Kosov\u00ebn\u201d, ka th\u00ebn\u00eb ajo duke iu p\u00ebrgjigjur edhe pyetjes se a do rikandidoj\u00eb p\u00ebr pozit\u00ebn e presidenc\u00ebs.<\/p>\n<p>\u201cA do t\u00eb kandidoj s\u00ebrish p\u00ebr presidente, do t\u00eb vendosim. Sa po vendosi q\u00eb t\u00eb pushoj, po \u00e7ohen disa gazetar\u00eb po me sulmojn\u00eb e po m\u00eb shtyjn\u00eb t\u00eb punoj m\u00eb fuqish\u00ebm\u201d.<\/p>\n","protected":false},"excerpt":{"rendered":"<p>Presidentja e Kosov\u00ebs, Vjosa Osmani, ka b\u00ebr\u00eb thirrje q\u00eb ajo t\u00eb sulmohet dit\u00eb e nat\u00eb, por ka k\u00ebrkuar q\u00eb t\u00eb mos p\u00ebrdoren vajzat e saj p\u00ebr luft\u00eb politik\u00eb. Ajo u shpreh se ka d\u00ebrguar vajzat n\u00eb shkoll\u00eb private p\u00ebr shkak se ajo publike, \u201cIsmail Qemali\u201d, ku deri tash ndiqnin m\u00ebsimet nuk plot\u00ebsonte kushtet e siguris\u00eb, [&hellip;]<\/p>\n","protected":false},"author":8,"featured_media":21901,"comment_status":"closed","ping_status":"closed","sticky":false,"template":"","format":"standard","meta":{"footnotes":""},"categories":[215,213],"tags":[],"class_list":["post-21900","post","type-post","status-publish","format-standard","has-post-thumbnail","hentry","category-kosove","category-lajme"],"yoast_head":"<!-- This site is optimized with the Yoast SEO plugin v25.1 - https:\/\/yoast.com\/wordpress\/plugins\/seo\/ -->\n<title>Osmani: Largova vajzat nga shkolla publike shkaku i siguris\u00eb - press7.tv<\/title>\n<meta name=\"robots\" content=\"index, follow, max-snippet:-1, max-image-preview:large, max-video-preview:-1\" \/>\n<link rel=\"canonical\" href=\"https:\/\/www.press7.tv\/?p=21900\" \/>\n<meta property=\"og:locale\" content=\"en_US\" \/>\n<meta property=\"og:type\" content=\"article\" \/>\n<meta property=\"og:title\" content=\"Osmani: Largova vajzat nga shkolla publike shkaku i siguris\u00eb - press7.tv\" \/>\n<meta property=\"og:description\" content=\"Presidentja e Kosov\u00ebs, Vjosa Osmani, ka b\u00ebr\u00eb thirrje q\u00eb ajo t\u00eb sulmohet dit\u00eb e nat\u00eb, por ka k\u00ebrkuar q\u00eb t\u00eb mos p\u00ebrdoren vajzat e saj p\u00ebr luft\u00eb politik\u00eb. Ajo u shpreh se ka d\u00ebrguar vajzat n\u00eb shkoll\u00eb private p\u00ebr shkak se ajo publike, \u201cIsmail Qemali\u201d, ku deri tash ndiqnin m\u00ebsimet nuk plot\u00ebsonte kushtet e siguris\u00eb, [&hellip;]\" \/>\n<meta property=\"og:url\" content=\"https:\/\/www.press7.tv\/?p=21900\" \/>\n<meta property=\"og:site_name\" content=\"press7.tv\" \/>\n<meta property=\"article:publisher\" content=\"https:\/\/www.facebook.com\/press7.tv\" \/>\n<meta property=\"article:published_time\" content=\"2025-09-11T10:52:17+00:00\" \/>\n<meta property=\"og:image\" content=\"https:\/\/www.press7.tv\/wp-content\/uploads\/2025\/09\/IMG_8657.avif\" \/>\n\t<meta property=\"og:image:width\" content=\"1360\" \/>\n\t<meta property=\"og:image:height\" content=\"870\" \/>\n\t<meta property=\"og:image:type\" content=\"image\/webp\" \/>\n<meta name=\"author\" content=\"gazetar2\" \/>\n<meta name=\"twitter:card\" content=\"summary_large_image\" \/>\n<meta name=\"twitter:label1\" content=\"Written by\" \/>\n\t<meta name=\"twitter:data1\" content=\"gazetar2\" \/>\n\t<meta name=\"twitter:label2\" content=\"Est. reading time\" \/>\n\t<meta name=\"twitter:data2\" content=\"1 minute\" \/>\n<script type=\"application\/ld+json\" class=\"yoast-schema-graph\">{\"@context\":\"https:\/\/schema.org\",\"@graph\":[{\"@type\":\"Article\",\"@id\":\"https:\/\/www.press7.tv\/?p=21900#article\",\"isPartOf\":{\"@id\":\"https:\/\/www.press7.tv\/?p=21900\"},\"author\":{\"name\":\"gazetar2\",\"@id\":\"https:\/\/www.news33.tv\/#\/schema\/person\/5a04a38a23ccdba82f9bd665cd8f9efa\"},\"headline\":\"Osmani: Largova vajzat nga shkolla publike shkaku i siguris\u00eb\",\"datePublished\":\"2025-09-11T10:52:17+00:00\",\"mainEntityOfPage\":{\"@id\":\"https:\/\/www.press7.tv\/?p=21900\"},\"wordCount\":588,\"publisher\":{\"@id\":\"https:\/\/www.news33.tv\/#organization\"},\"image\":{\"@id\":\"https:\/\/www.press7.tv\/?p=21900#primaryimage\"},\"thumbnailUrl\":\"https:\/\/www.press7.tv\/wp-content\/uploads\/2025\/09\/IMG_8657.avif\",\"articleSection\":[\"Kosov\u00eb\",\"Lajme\"],\"inLanguage\":\"en-US\"},{\"@type\":\"WebPage\",\"@id\":\"https:\/\/www.press7.tv\/?p=21900\",\"url\":\"https:\/\/www.press7.tv\/?p=21900\",\"name\":\"Osmani: Largova vajzat nga shkolla publike shkaku i siguris\u00eb - press7.tv\",\"isPartOf\":{\"@id\":\"https:\/\/www.news33.tv\/#website\"},\"primaryImageOfPage\":{\"@id\":\"https:\/\/www.press7.tv\/?p=21900#primaryimage\"},\"image\":{\"@id\":\"https:\/\/www.press7.tv\/?p=21900#primaryimage\"},\"thumbnailUrl\":\"https:\/\/www.press7.tv\/wp-content\/uploads\/2025\/09\/IMG_8657.avif\",\"datePublished\":\"2025-09-11T10:52:17+00:00\",\"breadcrumb\":{\"@id\":\"https:\/\/www.press7.tv\/?p=21900#breadcrumb\"},\"inLanguage\":\"en-US\",\"potentialAction\":[{\"@type\":\"ReadAction\",\"target\":[\"https:\/\/www.press7.tv\/?p=21900\"]}]},{\"@type\":\"ImageObject\",\"inLanguage\":\"en-US\",\"@id\":\"https:\/\/www.press7.tv\/?p=21900#primaryimage\",\"url\":\"https:\/\/www.press7.tv\/wp-content\/uploads\/2025\/09\/IMG_8657.avif\",\"contentUrl\":\"https:\/\/www.press7.tv\/wp-content\/uploads\/2025\/09\/IMG_8657.avif\",\"width\":1360,\"height\":870},{\"@type\":\"BreadcrumbList\",\"@id\":\"https:\/\/www.press7.tv\/?p=21900#breadcrumb\",\"itemListElement\":[{\"@type\":\"ListItem\",\"position\":1,\"name\":\"Home\",\"item\":\"https:\/\/www.press7.tv\/\"},{\"@type\":\"ListItem\",\"position\":2,\"name\":\"Osmani: Largova vajzat nga shkolla publike shkaku i siguris\u00eb\"}]},{\"@type\":\"WebSite\",\"@id\":\"https:\/\/www.news33.tv\/#website\",\"url\":\"https:\/\/www.news33.tv\/\",\"name\":\"News33.tv Media\",\"description\":\"Media\",\"publisher\":{\"@id\":\"https:\/\/www.news33.tv\/#organization\"},\"potentialAction\":[{\"@type\":\"SearchAction\",\"target\":{\"@type\":\"EntryPoint\",\"urlTemplate\":\"https:\/\/www.news33.tv\/?s={search_term_string}\"},\"query-input\":{\"@type\":\"PropertyValueSpecification\",\"valueRequired\":true,\"valueName\":\"search_term_string\"}}],\"inLanguage\":\"en-US\"},{\"@type\":\"Organization\",\"@id\":\"https:\/\/www.news33.tv\/#organization\",\"name\":\"News33.tv Media\",\"url\":\"https:\/\/www.news33.tv\/\",\"logo\":{\"@type\":\"ImageObject\",\"inLanguage\":\"en-US\",\"@id\":\"https:\/\/www.news33.tv\/#\/schema\/logo\/image\/\",\"url\":\"https:\/\/www.press7.tv\/wp-content\/uploads\/2024\/02\/logo-news33-black.png\",\"contentUrl\":\"https:\/\/www.press7.tv\/wp-content\/uploads\/2024\/02\/logo-news33-black.png\",\"width\":180,\"height\":37,\"caption\":\"News33.tv Media\"},\"image\":{\"@id\":\"https:\/\/www.news33.tv\/#\/schema\/logo\/image\/\"},\"sameAs\":[\"https:\/\/www.facebook.com\/press7.tv\"]},{\"@type\":\"Person\",\"@id\":\"https:\/\/www.news33.tv\/#\/schema\/person\/5a04a38a23ccdba82f9bd665cd8f9efa\",\"name\":\"gazetar2\",\"image\":{\"@type\":\"ImageObject\",\"inLanguage\":\"en-US\",\"@id\":\"https:\/\/www.news33.tv\/#\/schema\/person\/image\/\",\"url\":\"https:\/\/www.press7.tv\/wp-content\/litespeed\/avatar\/41975e402c3049d9ddb03adca8f7a883.jpg?ver=1777169572\",\"contentUrl\":\"https:\/\/www.press7.tv\/wp-content\/litespeed\/avatar\/41975e402c3049d9ddb03adca8f7a883.jpg?ver=1777169572\",\"caption\":\"gazetar2\"},\"url\":\"https:\/\/www.press7.tv\/?author=8\"}]}<\/script>\n<!-- \/ Yoast SEO plugin. -->","yoast_head_json":{"title":"Osmani: Largova vajzat nga shkolla publike shkaku i siguris\u00eb - press7.tv","robots":{"index":"index","follow":"follow","max-snippet":"max-snippet:-1","max-image-preview":"max-image-preview:large","max-video-preview":"max-video-preview:-1"},"canonical":"https:\/\/www.press7.tv\/?p=21900","og_locale":"en_US","og_type":"article","og_title":"Osmani: Largova vajzat nga shkolla publike shkaku i siguris\u00eb - press7.tv","og_description":"Presidentja e Kosov\u00ebs, Vjosa Osmani, ka b\u00ebr\u00eb thirrje q\u00eb ajo t\u00eb sulmohet dit\u00eb e nat\u00eb, por ka k\u00ebrkuar q\u00eb t\u00eb mos p\u00ebrdoren vajzat e saj p\u00ebr luft\u00eb politik\u00eb. Ajo u shpreh se ka d\u00ebrguar vajzat n\u00eb shkoll\u00eb private p\u00ebr shkak se ajo publike, \u201cIsmail Qemali\u201d, ku deri tash ndiqnin m\u00ebsimet nuk plot\u00ebsonte kushtet e siguris\u00eb, [&hellip;]","og_url":"https:\/\/www.press7.tv\/?p=21900","og_site_name":"press7.tv","article_publisher":"https:\/\/www.facebook.com\/press7.tv","article_published_time":"2025-09-11T10:52:17+00:00","og_image":[{"width":1360,"height":870,"url":"https:\/\/www.press7.tv\/wp-content\/uploads\/2025\/09\/IMG_8657.avif","type":"image\/webp"}],"author":"gazetar2","twitter_card":"summary_large_image","twitter_misc":{"Written by":"gazetar2","Est. reading time":"1 minute"},"schema":{"@context":"https:\/\/schema.org","@graph":[{"@type":"Article","@id":"https:\/\/www.press7.tv\/?p=21900#article","isPartOf":{"@id":"https:\/\/www.press7.tv\/?p=21900"},"author":{"name":"gazetar2","@id":"https:\/\/www.news33.tv\/#\/schema\/person\/5a04a38a23ccdba82f9bd665cd8f9efa"},"headline":"Osmani: Largova vajzat nga shkolla publike shkaku i siguris\u00eb","datePublished":"2025-09-11T10:52:17+00:00","mainEntityOfPage":{"@id":"https:\/\/www.press7.tv\/?p=21900"},"wordCount":588,"publisher":{"@id":"https:\/\/www.news33.tv\/#organization"},"image":{"@id":"https:\/\/www.press7.tv\/?p=21900#primaryimage"},"thumbnailUrl":"https:\/\/www.press7.tv\/wp-content\/uploads\/2025\/09\/IMG_8657.avif","articleSection":["Kosov\u00eb","Lajme"],"inLanguage":"en-US"},{"@type":"WebPage","@id":"https:\/\/www.press7.tv\/?p=21900","url":"https:\/\/www.press7.tv\/?p=21900","name":"Osmani: Largova vajzat nga shkolla publike shkaku i siguris\u00eb - press7.tv","isPartOf":{"@id":"https:\/\/www.news33.tv\/#website"},"primaryImageOfPage":{"@id":"https:\/\/www.press7.tv\/?p=21900#primaryimage"},"image":{"@id":"https:\/\/www.press7.tv\/?p=21900#primaryimage"},"thumbnailUrl":"https:\/\/www.press7.tv\/wp-content\/uploads\/2025\/09\/IMG_8657.avif","datePublished":"2025-09-11T10:52:17+00:00","breadcrumb":{"@id":"https:\/\/www.press7.tv\/?p=21900#breadcrumb"},"inLanguage":"en-US","potentialAction":[{"@type":"ReadAction","target":["https:\/\/www.press7.tv\/?p=21900"]}]},{"@type":"ImageObject","inLanguage":"en-US","@id":"https:\/\/www.press7.tv\/?p=21900#primaryimage","url":"https:\/\/www.press7.tv\/wp-content\/uploads\/2025\/09\/IMG_8657.avif","contentUrl":"https:\/\/www.press7.tv\/wp-content\/uploads\/2025\/09\/IMG_8657.avif","width":1360,"height":870},{"@type":"BreadcrumbList","@id":"https:\/\/www.press7.tv\/?p=21900#breadcrumb","itemListElement":[{"@type":"ListItem","position":1,"name":"Home","item":"https:\/\/www.press7.tv\/"},{"@type":"ListItem","position":2,"name":"Osmani: Largova vajzat nga shkolla publike shkaku i siguris\u00eb"}]},{"@type":"WebSite","@id":"https:\/\/www.news33.tv\/#website","url":"https:\/\/www.news33.tv\/","name":"News33.tv Media","description":"Media","publisher":{"@id":"https:\/\/www.news33.tv\/#organization"},"potentialAction":[{"@type":"SearchAction","target":{"@type":"EntryPoint","urlTemplate":"https:\/\/www.news33.tv\/?s={search_term_string}"},"query-input":{"@type":"PropertyValueSpecification","valueRequired":true,"valueName":"search_term_string"}}],"inLanguage":"en-US"},{"@type":"Organization","@id":"https:\/\/www.news33.tv\/#organization","name":"News33.tv Media","url":"https:\/\/www.news33.tv\/","logo":{"@type":"ImageObject","inLanguage":"en-US","@id":"https:\/\/www.news33.tv\/#\/schema\/logo\/image\/","url":"https:\/\/www.press7.tv\/wp-content\/uploads\/2024\/02\/logo-news33-black.png","contentUrl":"https:\/\/www.press7.tv\/wp-content\/uploads\/2024\/02\/logo-news33-black.png","width":180,"height":37,"caption":"News33.tv Media"},"image":{"@id":"https:\/\/www.news33.tv\/#\/schema\/logo\/image\/"},"sameAs":["https:\/\/www.facebook.com\/press7.tv"]},{"@type":"Person","@id":"https:\/\/www.news33.tv\/#\/schema\/person\/5a04a38a23ccdba82f9bd665cd8f9efa","name":"gazetar2","image":{"@type":"ImageObject","inLanguage":"en-US","@id":"https:\/\/www.news33.tv\/#\/schema\/person\/image\/","url":"https:\/\/www.press7.tv\/wp-content\/litespeed\/avatar\/41975e402c3049d9ddb03adca8f7a883.jpg?ver=1777169572","contentUrl":"https:\/\/www.press7.tv\/wp-content\/litespeed\/avatar\/41975e402c3049d9ddb03adca8f7a883.jpg?ver=1777169572","caption":"gazetar2"},"url":"https:\/\/www.press7.tv\/?author=8"}]}},"amp_enabled":true,"_links":{"self":[{"href":"https:\/\/www.press7.tv\/index.php?rest_route=\/wp\/v2\/posts\/21900","targetHints":{"allow":["GET"]}}],"collection":[{"href":"https:\/\/www.press7.tv\/index.php?rest_route=\/wp\/v2\/posts"}],"about":[{"href":"https:\/\/www.press7.tv\/index.php?rest_route=\/wp\/v2\/types\/post"}],"author":[{"embeddable":true,"href":"https:\/\/www.press7.tv\/index.php?rest_route=\/wp\/v2\/users\/8"}],"replies":[{"embeddable":true,"href":"https:\/\/www.press7.tv\/index.php?rest_route=%2Fwp%2Fv2%2Fcomments&post=21900"}],"version-history":[{"count":1,"href":"https:\/\/www.press7.tv\/index.php?rest_route=\/wp\/v2\/posts\/21900\/revisions"}],"predecessor-version":[{"id":21902,"href":"https:\/\/www.press7.tv\/index.php?rest_route=\/wp\/v2\/posts\/21900\/revisions\/21902"}],"wp:featuredmedia":[{"embeddable":true,"href":"https:\/\/www.press7.tv\/index.php?rest_route=\/wp\/v2\/media\/21901"}],"wp:attachment":[{"href":"https:\/\/www.press7.tv\/index.php?rest_route=%2Fwp%2Fv2%2Fmedia&parent=21900"}],"wp:term":[{"taxonomy":"category","embeddable":true,"href":"https:\/\/www.press7.tv\/index.php?rest_route=%2Fwp%2Fv2%2Fcategories&post=21900"},{"taxonomy":"post_tag","embeddable":true,"href":"https:\/\/www.press7.tv\/index.php?rest_route=%2Fwp%2Fv2%2Ftags&post=21900"}],"curies":[{"name":"wp","href":"https:\/\/api.w.org\/{rel}","templated":true}]}}