{"id":21893,"date":"2025-09-10T19:36:41","date_gmt":"2025-09-10T19:36:41","guid":{"rendered":"https:\/\/www.press7.tv\/?p=21893"},"modified":"2025-09-10T19:36:41","modified_gmt":"2025-09-10T19:36:41","slug":"dua-lipa-fytyra-e-re-e-apple","status":"publish","type":"post","link":"https:\/\/www.press7.tv\/?p=21893","title":{"rendered":"Dua Lipa fytyra e re e Apple"},"content":{"rendered":"\n    <div class=\"xs_social_share_widget xs_share_url before_content \t\tmain_content  wslu-style-2 wslu-share-box-shaped wslu-fill-colored wslu-share-m-5 wslu-none wslu-share-vertical wslu-theme-font-no wslu-main_content\">\n\n\t\t\n        <ul>\n\t\t\t        <\/ul>\n    <\/div> \n<p>Shqiptarja me fam\u00eb bot\u00ebrore, Dua Lipa, ka marr\u00eb pjes\u00eb n\u00eb prezantimin e reklam\u00ebs p\u00ebr telefonin e ri t\u00eb mark\u00ebs Apple, iPhone-17<\/p>\n<p>Lipa ka b\u00ebr\u00eb disa fotografi me telefonin e ri me ngjyr\u00eb t\u00eb portokallt\u00eb dhe ka incizuar disa video.<\/p>\n<p><a href=\"https:\/\/www.instagram.com\/reel\/DOZFDFwEuFL\/?igsh=MWcyb3JscmhtaHBoZQ==\">https:\/\/www.instagram.com\/reel\/DOZFDFwEuFL\/?igsh=MWcyb3JscmhtaHBoZQ==<\/a><\/p>\n<p>Seria e re e iPhoneve del n\u00eb treg m\u00eb 19 shtator. \u00c7mimet nisin prej 800 dollar\u00eb p\u00ebr versionin m\u00eb t\u00eb lir\u00eb e deri n\u00eb 2000 dollar\u00eb p\u00ebr versionin me dy terrabajt.<\/p>\n<p>Specifikat e tij mund t\u2019i gjeni k\u00ebtu<\/p>\n","protected":false},"excerpt":{"rendered":"<p>Shqiptarja me fam\u00eb bot\u00ebrore, Dua Lipa, ka marr\u00eb pjes\u00eb n\u00eb prezantimin e reklam\u00ebs p\u00ebr telefonin e ri t\u00eb mark\u00ebs Apple, iPhone-17 Lipa ka b\u00ebr\u00eb disa fotografi me telefonin e ri me ngjyr\u00eb t\u00eb portokallt\u00eb dhe ka incizuar disa video. https:\/\/www.instagram.com\/reel\/DOZFDFwEuFL\/?igsh=MWcyb3JscmhtaHBoZQ== Seria e re e iPhoneve del n\u00eb treg m\u00eb 19 shtator. \u00c7mimet nisin prej 800 [&hellip;]<\/p>\n","protected":false},"author":8,"featured_media":21894,"comment_status":"closed","ping_status":"closed","sticky":false,"template":"","format":"standard","meta":{"footnotes":""},"categories":[238],"tags":[],"class_list":["post-21893","post","type-post","status-publish","format-standard","has-post-thumbnail","hentry","category-showbiz"],"yoast_head":"<!-- This site is optimized with the Yoast SEO plugin v25.1 - https:\/\/yoast.com\/wordpress\/plugins\/seo\/ -->\n<title>Dua Lipa fytyra e re e Apple - press7.tv<\/title>\n<meta name=\"robots\" content=\"index, follow, max-snippet:-1, max-image-preview:large, max-video-preview:-1\" \/>\n<link rel=\"canonical\" href=\"https:\/\/www.press7.tv\/?p=21893\" \/>\n<meta property=\"og:locale\" content=\"en_US\" \/>\n<meta property=\"og:type\" content=\"article\" \/>\n<meta property=\"og:title\" content=\"Dua Lipa fytyra e re e Apple - press7.tv\" \/>\n<meta property=\"og:description\" content=\"Shqiptarja me fam\u00eb bot\u00ebrore, Dua Lipa, ka marr\u00eb pjes\u00eb n\u00eb prezantimin e reklam\u00ebs p\u00ebr telefonin e ri t\u00eb mark\u00ebs Apple, iPhone-17 Lipa ka b\u00ebr\u00eb disa fotografi me telefonin e ri me ngjyr\u00eb t\u00eb portokallt\u00eb dhe ka incizuar disa video. https:\/\/www.instagram.com\/reel\/DOZFDFwEuFL\/?igsh=MWcyb3JscmhtaHBoZQ== Seria e re e iPhoneve del n\u00eb treg m\u00eb 19 shtator. \u00c7mimet nisin prej 800 [&hellip;]\" \/>\n<meta property=\"og:url\" content=\"https:\/\/www.press7.tv\/?p=21893\" \/>\n<meta property=\"og:site_name\" content=\"press7.tv\" \/>\n<meta property=\"article:publisher\" content=\"https:\/\/www.facebook.com\/press7.tv\" \/>\n<meta property=\"article:published_time\" content=\"2025-09-10T19:36:41+00:00\" \/>\n<meta property=\"og:image\" content=\"https:\/\/www.press7.tv\/wp-content\/uploads\/2025\/09\/IMG_8651.avif\" \/>\n\t<meta property=\"og:image:width\" content=\"912\" \/>\n\t<meta property=\"og:image:height\" content=\"706\" \/>\n\t<meta property=\"og:image:type\" content=\"image\/webp\" \/>\n<meta name=\"author\" content=\"gazetar2\" \/>\n<meta name=\"twitter:card\" content=\"summary_large_image\" \/>\n<meta name=\"twitter:label1\" content=\"Written by\" \/>\n\t<meta name=\"twitter:data1\" content=\"gazetar2\" \/>\n\t<meta name=\"twitter:label2\" content=\"Est. reading time\" \/>\n\t<meta name=\"twitter:data2\" content=\"1 minute\" \/>\n<script type=\"application\/ld+json\" class=\"yoast-schema-graph\">{\"@context\":\"https:\/\/schema.org\",\"@graph\":[{\"@type\":\"Article\",\"@id\":\"https:\/\/www.press7.tv\/?p=21893#article\",\"isPartOf\":{\"@id\":\"https:\/\/www.press7.tv\/?p=21893\"},\"author\":{\"name\":\"gazetar2\",\"@id\":\"https:\/\/www.news33.tv\/#\/schema\/person\/5a04a38a23ccdba82f9bd665cd8f9efa\"},\"headline\":\"Dua Lipa fytyra e re e Apple\",\"datePublished\":\"2025-09-10T19:36:41+00:00\",\"mainEntityOfPage\":{\"@id\":\"https:\/\/www.press7.tv\/?p=21893\"},\"wordCount\":99,\"publisher\":{\"@id\":\"https:\/\/www.news33.tv\/#organization\"},\"image\":{\"@id\":\"https:\/\/www.press7.tv\/?p=21893#primaryimage\"},\"thumbnailUrl\":\"https:\/\/www.press7.tv\/wp-content\/uploads\/2025\/09\/IMG_8651.avif\",\"articleSection\":[\"ShowBiz\"],\"inLanguage\":\"en-US\"},{\"@type\":\"WebPage\",\"@id\":\"https:\/\/www.press7.tv\/?p=21893\",\"url\":\"https:\/\/www.press7.tv\/?p=21893\",\"name\":\"Dua Lipa fytyra e re e Apple - press7.tv\",\"isPartOf\":{\"@id\":\"https:\/\/www.news33.tv\/#website\"},\"primaryImageOfPage\":{\"@id\":\"https:\/\/www.press7.tv\/?p=21893#primaryimage\"},\"image\":{\"@id\":\"https:\/\/www.press7.tv\/?p=21893#primaryimage\"},\"thumbnailUrl\":\"https:\/\/www.press7.tv\/wp-content\/uploads\/2025\/09\/IMG_8651.avif\",\"datePublished\":\"2025-09-10T19:36:41+00:00\",\"breadcrumb\":{\"@id\":\"https:\/\/www.press7.tv\/?p=21893#breadcrumb\"},\"inLanguage\":\"en-US\",\"potentialAction\":[{\"@type\":\"ReadAction\",\"target\":[\"https:\/\/www.press7.tv\/?p=21893\"]}]},{\"@type\":\"ImageObject\",\"inLanguage\":\"en-US\",\"@id\":\"https:\/\/www.press7.tv\/?p=21893#primaryimage\",\"url\":\"https:\/\/www.press7.tv\/wp-content\/uploads\/2025\/09\/IMG_8651.avif\",\"contentUrl\":\"https:\/\/www.press7.tv\/wp-content\/uploads\/2025\/09\/IMG_8651.avif\",\"width\":912,\"height\":706},{\"@type\":\"BreadcrumbList\",\"@id\":\"https:\/\/www.press7.tv\/?p=21893#breadcrumb\",\"itemListElement\":[{\"@type\":\"ListItem\",\"position\":1,\"name\":\"Home\",\"item\":\"https:\/\/www.press7.tv\/\"},{\"@type\":\"ListItem\",\"position\":2,\"name\":\"Dua Lipa fytyra e re e Apple\"}]},{\"@type\":\"WebSite\",\"@id\":\"https:\/\/www.news33.tv\/#website\",\"url\":\"https:\/\/www.news33.tv\/\",\"name\":\"News33.tv Media\",\"description\":\"Media\",\"publisher\":{\"@id\":\"https:\/\/www.news33.tv\/#organization\"},\"potentialAction\":[{\"@type\":\"SearchAction\",\"target\":{\"@type\":\"EntryPoint\",\"urlTemplate\":\"https:\/\/www.news33.tv\/?s={search_term_string}\"},\"query-input\":{\"@type\":\"PropertyValueSpecification\",\"valueRequired\":true,\"valueName\":\"search_term_string\"}}],\"inLanguage\":\"en-US\"},{\"@type\":\"Organization\",\"@id\":\"https:\/\/www.news33.tv\/#organization\",\"name\":\"News33.tv Media\",\"url\":\"https:\/\/www.news33.tv\/\",\"logo\":{\"@type\":\"ImageObject\",\"inLanguage\":\"en-US\",\"@id\":\"https:\/\/www.news33.tv\/#\/schema\/logo\/image\/\",\"url\":\"https:\/\/www.press7.tv\/wp-content\/uploads\/2024\/02\/logo-news33-black.png\",\"contentUrl\":\"https:\/\/www.press7.tv\/wp-content\/uploads\/2024\/02\/logo-news33-black.png\",\"width\":180,\"height\":37,\"caption\":\"News33.tv Media\"},\"image\":{\"@id\":\"https:\/\/www.news33.tv\/#\/schema\/logo\/image\/\"},\"sameAs\":[\"https:\/\/www.facebook.com\/press7.tv\"]},{\"@type\":\"Person\",\"@id\":\"https:\/\/www.news33.tv\/#\/schema\/person\/5a04a38a23ccdba82f9bd665cd8f9efa\",\"name\":\"gazetar2\",\"image\":{\"@type\":\"ImageObject\",\"inLanguage\":\"en-US\",\"@id\":\"https:\/\/www.news33.tv\/#\/schema\/person\/image\/\",\"url\":\"https:\/\/www.press7.tv\/wp-content\/litespeed\/avatar\/41975e402c3049d9ddb03adca8f7a883.jpg?ver=1777169572\",\"contentUrl\":\"https:\/\/www.press7.tv\/wp-content\/litespeed\/avatar\/41975e402c3049d9ddb03adca8f7a883.jpg?ver=1777169572\",\"caption\":\"gazetar2\"},\"url\":\"https:\/\/www.press7.tv\/?author=8\"}]}<\/script>\n<!-- \/ Yoast SEO plugin. -->","yoast_head_json":{"title":"Dua Lipa fytyra e re e Apple - press7.tv","robots":{"index":"index","follow":"follow","max-snippet":"max-snippet:-1","max-image-preview":"max-image-preview:large","max-video-preview":"max-video-preview:-1"},"canonical":"https:\/\/www.press7.tv\/?p=21893","og_locale":"en_US","og_type":"article","og_title":"Dua Lipa fytyra e re e Apple - press7.tv","og_description":"Shqiptarja me fam\u00eb bot\u00ebrore, Dua Lipa, ka marr\u00eb pjes\u00eb n\u00eb prezantimin e reklam\u00ebs p\u00ebr telefonin e ri t\u00eb mark\u00ebs Apple, iPhone-17 Lipa ka b\u00ebr\u00eb disa fotografi me telefonin e ri me ngjyr\u00eb t\u00eb portokallt\u00eb dhe ka incizuar disa video. https:\/\/www.instagram.com\/reel\/DOZFDFwEuFL\/?igsh=MWcyb3JscmhtaHBoZQ== Seria e re e iPhoneve del n\u00eb treg m\u00eb 19 shtator. \u00c7mimet nisin prej 800 [&hellip;]","og_url":"https:\/\/www.press7.tv\/?p=21893","og_site_name":"press7.tv","article_publisher":"https:\/\/www.facebook.com\/press7.tv","article_published_time":"2025-09-10T19:36:41+00:00","og_image":[{"width":912,"height":706,"url":"https:\/\/www.press7.tv\/wp-content\/uploads\/2025\/09\/IMG_8651.avif","type":"image\/webp"}],"author":"gazetar2","twitter_card":"summary_large_image","twitter_misc":{"Written by":"gazetar2","Est. reading time":"1 minute"},"schema":{"@context":"https:\/\/schema.org","@graph":[{"@type":"Article","@id":"https:\/\/www.press7.tv\/?p=21893#article","isPartOf":{"@id":"https:\/\/www.press7.tv\/?p=21893"},"author":{"name":"gazetar2","@id":"https:\/\/www.news33.tv\/#\/schema\/person\/5a04a38a23ccdba82f9bd665cd8f9efa"},"headline":"Dua Lipa fytyra e re e Apple","datePublished":"2025-09-10T19:36:41+00:00","mainEntityOfPage":{"@id":"https:\/\/www.press7.tv\/?p=21893"},"wordCount":99,"publisher":{"@id":"https:\/\/www.news33.tv\/#organization"},"image":{"@id":"https:\/\/www.press7.tv\/?p=21893#primaryimage"},"thumbnailUrl":"https:\/\/www.press7.tv\/wp-content\/uploads\/2025\/09\/IMG_8651.avif","articleSection":["ShowBiz"],"inLanguage":"en-US"},{"@type":"WebPage","@id":"https:\/\/www.press7.tv\/?p=21893","url":"https:\/\/www.press7.tv\/?p=21893","name":"Dua Lipa fytyra e re e Apple - press7.tv","isPartOf":{"@id":"https:\/\/www.news33.tv\/#website"},"primaryImageOfPage":{"@id":"https:\/\/www.press7.tv\/?p=21893#primaryimage"},"image":{"@id":"https:\/\/www.press7.tv\/?p=21893#primaryimage"},"thumbnailUrl":"https:\/\/www.press7.tv\/wp-content\/uploads\/2025\/09\/IMG_8651.avif","datePublished":"2025-09-10T19:36:41+00:00","breadcrumb":{"@id":"https:\/\/www.press7.tv\/?p=21893#breadcrumb"},"inLanguage":"en-US","potentialAction":[{"@type":"ReadAction","target":["https:\/\/www.press7.tv\/?p=21893"]}]},{"@type":"ImageObject","inLanguage":"en-US","@id":"https:\/\/www.press7.tv\/?p=21893#primaryimage","url":"https:\/\/www.press7.tv\/wp-content\/uploads\/2025\/09\/IMG_8651.avif","contentUrl":"https:\/\/www.press7.tv\/wp-content\/uploads\/2025\/09\/IMG_8651.avif","width":912,"height":706},{"@type":"BreadcrumbList","@id":"https:\/\/www.press7.tv\/?p=21893#breadcrumb","itemListElement":[{"@type":"ListItem","position":1,"name":"Home","item":"https:\/\/www.press7.tv\/"},{"@type":"ListItem","position":2,"name":"Dua Lipa fytyra e re e Apple"}]},{"@type":"WebSite","@id":"https:\/\/www.news33.tv\/#website","url":"https:\/\/www.news33.tv\/","name":"News33.tv Media","description":"Media","publisher":{"@id":"https:\/\/www.news33.tv\/#organization"},"potentialAction":[{"@type":"SearchAction","target":{"@type":"EntryPoint","urlTemplate":"https:\/\/www.news33.tv\/?s={search_term_string}"},"query-input":{"@type":"PropertyValueSpecification","valueRequired":true,"valueName":"search_term_string"}}],"inLanguage":"en-US"},{"@type":"Organization","@id":"https:\/\/www.news33.tv\/#organization","name":"News33.tv Media","url":"https:\/\/www.news33.tv\/","logo":{"@type":"ImageObject","inLanguage":"en-US","@id":"https:\/\/www.news33.tv\/#\/schema\/logo\/image\/","url":"https:\/\/www.press7.tv\/wp-content\/uploads\/2024\/02\/logo-news33-black.png","contentUrl":"https:\/\/www.press7.tv\/wp-content\/uploads\/2024\/02\/logo-news33-black.png","width":180,"height":37,"caption":"News33.tv Media"},"image":{"@id":"https:\/\/www.news33.tv\/#\/schema\/logo\/image\/"},"sameAs":["https:\/\/www.facebook.com\/press7.tv"]},{"@type":"Person","@id":"https:\/\/www.news33.tv\/#\/schema\/person\/5a04a38a23ccdba82f9bd665cd8f9efa","name":"gazetar2","image":{"@type":"ImageObject","inLanguage":"en-US","@id":"https:\/\/www.news33.tv\/#\/schema\/person\/image\/","url":"https:\/\/www.press7.tv\/wp-content\/litespeed\/avatar\/41975e402c3049d9ddb03adca8f7a883.jpg?ver=1777169572","contentUrl":"https:\/\/www.press7.tv\/wp-content\/litespeed\/avatar\/41975e402c3049d9ddb03adca8f7a883.jpg?ver=1777169572","caption":"gazetar2"},"url":"https:\/\/www.press7.tv\/?author=8"}]}},"amp_enabled":true,"_links":{"self":[{"href":"https:\/\/www.press7.tv\/index.php?rest_route=\/wp\/v2\/posts\/21893","targetHints":{"allow":["GET"]}}],"collection":[{"href":"https:\/\/www.press7.tv\/index.php?rest_route=\/wp\/v2\/posts"}],"about":[{"href":"https:\/\/www.press7.tv\/index.php?rest_route=\/wp\/v2\/types\/post"}],"author":[{"embeddable":true,"href":"https:\/\/www.press7.tv\/index.php?rest_route=\/wp\/v2\/users\/8"}],"replies":[{"embeddable":true,"href":"https:\/\/www.press7.tv\/index.php?rest_route=%2Fwp%2Fv2%2Fcomments&post=21893"}],"version-history":[{"count":1,"href":"https:\/\/www.press7.tv\/index.php?rest_route=\/wp\/v2\/posts\/21893\/revisions"}],"predecessor-version":[{"id":21895,"href":"https:\/\/www.press7.tv\/index.php?rest_route=\/wp\/v2\/posts\/21893\/revisions\/21895"}],"wp:featuredmedia":[{"embeddable":true,"href":"https:\/\/www.press7.tv\/index.php?rest_route=\/wp\/v2\/media\/21894"}],"wp:attachment":[{"href":"https:\/\/www.press7.tv\/index.php?rest_route=%2Fwp%2Fv2%2Fmedia&parent=21893"}],"wp:term":[{"taxonomy":"category","embeddable":true,"href":"https:\/\/www.press7.tv\/index.php?rest_route=%2Fwp%2Fv2%2Fcategories&post=21893"},{"taxonomy":"post_tag","embeddable":true,"href":"https:\/\/www.press7.tv\/index.php?rest_route=%2Fwp%2Fv2%2Ftags&post=21893"}],"curies":[{"name":"wp","href":"https:\/\/api.w.org\/{rel}","templated":true}]}}