{"id":21890,"date":"2025-09-10T15:47:57","date_gmt":"2025-09-10T15:47:57","guid":{"rendered":"https:\/\/www.press7.tv\/?p=21890"},"modified":"2025-09-10T15:47:57","modified_gmt":"2025-09-10T15:47:57","slug":"arben-fetai-kurre-me-bdi-shqiptaret-jane-te-gerditur-nga-mashtrimet-e-tyre","status":"publish","type":"post","link":"https:\/\/www.press7.tv\/?p=21890","title":{"rendered":"Arben Fetai: \u201cKurr\u00eb m\u00eb BDI! Shqiptar\u00ebt jan\u00eb t\u00eb g\u00ebrditur nga mashtrimet e tyre\u201d"},"content":{"rendered":"\n    <div class=\"xs_social_share_widget xs_share_url before_content \t\tmain_content  wslu-style-2 wslu-share-box-shaped wslu-fill-colored wslu-share-m-5 wslu-none wslu-share-vertical wslu-theme-font-no wslu-main_content\">\n\n\t\t\n        <ul>\n\t\t\t        <\/ul>\n    <\/div> \n<p>Z\u00ebvend\u00ebskryeministri i Maqedonis\u00eb s\u00eb Veriut, Arben Fetai, ka shp\u00ebrthyer me akuza t\u00eb forta ndaj BDI-s\u00eb dhe p\u00ebrpjekjes s\u00eb saj p\u00ebr t\u2019u ribrenduar n\u00eb \u201cAKI\u201d.<\/p>\n<p>N\u00eb nj\u00eb reagim publik, Fetai theksoi se shqiptar\u00ebt kudo n\u00eb vend jan\u00eb t\u00eb zhg\u00ebnjyer dhe t\u00eb irrituar nga ky subjekt politik, duke n\u00ebnvizuar se p\u00ebr 22 vite pushtet BDI-ja ka nd\u00ebrtuar vet\u00ebm \u201cmashtrim, korrupsion dhe posht\u00ebrim ndaj shqiptar\u00ebve\u201d.<\/p>\n<p>\u201cKurr\u00eb m\u00eb BDI! \u00cbsht\u00eb e paimagjinueshme sa thell\u00eb i g\u00ebrditur \u00ebsht\u00eb populli yn\u00eb nga ky subjekt. P\u00ebrpjekja e tyre qesharake p\u00ebr t\u2019u ribrenduar si \u2018AKI\u2019 ka rritur edhe m\u00eb tej irritimin e shqiptar\u00ebve\u201d, tha Fetai.<\/p>\n<p>Ai akuzoi drejtuesit e BDI-s\u00eb se kan\u00eb tradhtuar besimin e shqiptar\u00ebve p\u00ebr pushtet dhe sot, t\u00eb kapluar nga paniku, tentojn\u00eb t\u00eb krijojn\u00eb kaos politik.<\/p>\n<p>\u201cP\u00ebr 22 vjet, qeverisja e tyre ka qen\u00eb nj\u00eb shfaqje e neveritshme mashtrimi: g\u00ebnje k\u00ebtu, vidh atje, k\u00ebrc\u00ebno me vende pune, burgos nj\u00eb, posht\u00ebro tjetrin. Ky \u00ebsht\u00eb modeli i tyre i qeverisjes\u201d, u shpreh zv\/kryeministri.<\/p>\n<p>Fetai p\u00ebrmendi edhe fjal\u00ebt e Arb\u00ebn Xhaferit se \u201canarkia \u00ebsht\u00eb pasoja m\u00eb e hidhur e demokracis\u00eb s\u00eb keqp\u00ebrdorur\u201d, duke shtuar se pik\u00ebrisht k\u00ebt\u00eb po b\u00ebn sot opozita shqiptare n\u00eb vend.<\/p>\n<p>Sipas tij, kjo opozit\u00eb \u00ebsht\u00eb e \u201crraskapitur, e diskredituar dhe pa ide\u201d, nd\u00ebrsa e vetmja shpres\u00eb p\u00ebr shqiptar\u00ebt \u00ebsht\u00eb q\u00eb ajo t\u00eb kaloj\u00eb nj\u00eb \u201ckura t\u00eb gjat\u00eb opozitare\u201d p\u00ebr t\u2019u reformuar.\/press7.tv<\/p>\n","protected":false},"excerpt":{"rendered":"<p>Z\u00ebvend\u00ebskryeministri i Maqedonis\u00eb s\u00eb Veriut, Arben Fetai, ka shp\u00ebrthyer me akuza t\u00eb forta ndaj BDI-s\u00eb dhe p\u00ebrpjekjes s\u00eb saj p\u00ebr t\u2019u ribrenduar n\u00eb \u201cAKI\u201d. N\u00eb nj\u00eb reagim publik, Fetai theksoi se shqiptar\u00ebt kudo n\u00eb vend jan\u00eb t\u00eb zhg\u00ebnjyer dhe t\u00eb irrituar nga ky subjekt politik, duke n\u00ebnvizuar se p\u00ebr 22 vite pushtet BDI-ja ka nd\u00ebrtuar [&hellip;]<\/p>\n","protected":false},"author":8,"featured_media":21891,"comment_status":"closed","ping_status":"closed","sticky":false,"template":"","format":"standard","meta":{"footnotes":""},"categories":[213,214],"tags":[],"class_list":["post-21890","post","type-post","status-publish","format-standard","has-post-thumbnail","hentry","category-lajme","category-maqedoni"],"yoast_head":"<!-- This site is optimized with the Yoast SEO plugin v25.1 - https:\/\/yoast.com\/wordpress\/plugins\/seo\/ -->\n<title>Arben Fetai: \u201cKurr\u00eb m\u00eb BDI! Shqiptar\u00ebt jan\u00eb t\u00eb g\u00ebrditur nga mashtrimet e tyre\u201d - press7.tv<\/title>\n<meta name=\"robots\" content=\"index, follow, max-snippet:-1, max-image-preview:large, max-video-preview:-1\" \/>\n<link rel=\"canonical\" href=\"https:\/\/www.press7.tv\/?p=21890\" \/>\n<meta property=\"og:locale\" content=\"en_US\" \/>\n<meta property=\"og:type\" content=\"article\" \/>\n<meta property=\"og:title\" content=\"Arben Fetai: \u201cKurr\u00eb m\u00eb BDI! Shqiptar\u00ebt jan\u00eb t\u00eb g\u00ebrditur nga mashtrimet e tyre\u201d - press7.tv\" \/>\n<meta property=\"og:description\" content=\"Z\u00ebvend\u00ebskryeministri i Maqedonis\u00eb s\u00eb Veriut, Arben Fetai, ka shp\u00ebrthyer me akuza t\u00eb forta ndaj BDI-s\u00eb dhe p\u00ebrpjekjes s\u00eb saj p\u00ebr t\u2019u ribrenduar n\u00eb \u201cAKI\u201d. N\u00eb nj\u00eb reagim publik, Fetai theksoi se shqiptar\u00ebt kudo n\u00eb vend jan\u00eb t\u00eb zhg\u00ebnjyer dhe t\u00eb irrituar nga ky subjekt politik, duke n\u00ebnvizuar se p\u00ebr 22 vite pushtet BDI-ja ka nd\u00ebrtuar [&hellip;]\" \/>\n<meta property=\"og:url\" content=\"https:\/\/www.press7.tv\/?p=21890\" \/>\n<meta property=\"og:site_name\" content=\"press7.tv\" \/>\n<meta property=\"article:publisher\" content=\"https:\/\/www.facebook.com\/press7.tv\" \/>\n<meta property=\"article:published_time\" content=\"2025-09-10T15:47:57+00:00\" \/>\n<meta property=\"og:image\" content=\"https:\/\/www.press7.tv\/wp-content\/uploads\/2025\/09\/IMG_8648.avif\" \/>\n\t<meta property=\"og:image:width\" content=\"2048\" \/>\n\t<meta property=\"og:image:height\" content=\"1366\" \/>\n\t<meta property=\"og:image:type\" content=\"image\/jpeg\" \/>\n<meta name=\"author\" content=\"gazetar2\" \/>\n<meta name=\"twitter:card\" content=\"summary_large_image\" \/>\n<meta name=\"twitter:label1\" content=\"Written by\" \/>\n\t<meta name=\"twitter:data1\" content=\"gazetar2\" \/>\n\t<meta name=\"twitter:label2\" content=\"Est. reading time\" \/>\n\t<meta name=\"twitter:data2\" content=\"1 minute\" \/>\n<script type=\"application\/ld+json\" class=\"yoast-schema-graph\">{\"@context\":\"https:\/\/schema.org\",\"@graph\":[{\"@type\":\"Article\",\"@id\":\"https:\/\/www.press7.tv\/?p=21890#article\",\"isPartOf\":{\"@id\":\"https:\/\/www.press7.tv\/?p=21890\"},\"author\":{\"name\":\"gazetar2\",\"@id\":\"https:\/\/www.news33.tv\/#\/schema\/person\/5a04a38a23ccdba82f9bd665cd8f9efa\"},\"headline\":\"Arben Fetai: \u201cKurr\u00eb m\u00eb BDI! Shqiptar\u00ebt jan\u00eb t\u00eb g\u00ebrditur nga mashtrimet e tyre\u201d\",\"datePublished\":\"2025-09-10T15:47:57+00:00\",\"mainEntityOfPage\":{\"@id\":\"https:\/\/www.press7.tv\/?p=21890\"},\"wordCount\":272,\"publisher\":{\"@id\":\"https:\/\/www.news33.tv\/#organization\"},\"image\":{\"@id\":\"https:\/\/www.press7.tv\/?p=21890#primaryimage\"},\"thumbnailUrl\":\"https:\/\/www.press7.tv\/wp-content\/uploads\/2025\/09\/IMG_8648.avif\",\"articleSection\":[\"Lajme\",\"Maqedoni\"],\"inLanguage\":\"en-US\"},{\"@type\":\"WebPage\",\"@id\":\"https:\/\/www.press7.tv\/?p=21890\",\"url\":\"https:\/\/www.press7.tv\/?p=21890\",\"name\":\"Arben Fetai: \u201cKurr\u00eb m\u00eb BDI! Shqiptar\u00ebt jan\u00eb t\u00eb g\u00ebrditur nga mashtrimet e tyre\u201d - press7.tv\",\"isPartOf\":{\"@id\":\"https:\/\/www.news33.tv\/#website\"},\"primaryImageOfPage\":{\"@id\":\"https:\/\/www.press7.tv\/?p=21890#primaryimage\"},\"image\":{\"@id\":\"https:\/\/www.press7.tv\/?p=21890#primaryimage\"},\"thumbnailUrl\":\"https:\/\/www.press7.tv\/wp-content\/uploads\/2025\/09\/IMG_8648.avif\",\"datePublished\":\"2025-09-10T15:47:57+00:00\",\"breadcrumb\":{\"@id\":\"https:\/\/www.press7.tv\/?p=21890#breadcrumb\"},\"inLanguage\":\"en-US\",\"potentialAction\":[{\"@type\":\"ReadAction\",\"target\":[\"https:\/\/www.press7.tv\/?p=21890\"]}]},{\"@type\":\"ImageObject\",\"inLanguage\":\"en-US\",\"@id\":\"https:\/\/www.press7.tv\/?p=21890#primaryimage\",\"url\":\"https:\/\/www.press7.tv\/wp-content\/uploads\/2025\/09\/IMG_8648.avif\",\"contentUrl\":\"https:\/\/www.press7.tv\/wp-content\/uploads\/2025\/09\/IMG_8648.avif\",\"width\":2048,\"height\":1366},{\"@type\":\"BreadcrumbList\",\"@id\":\"https:\/\/www.press7.tv\/?p=21890#breadcrumb\",\"itemListElement\":[{\"@type\":\"ListItem\",\"position\":1,\"name\":\"Home\",\"item\":\"https:\/\/www.press7.tv\/\"},{\"@type\":\"ListItem\",\"position\":2,\"name\":\"Arben Fetai: \u201cKurr\u00eb m\u00eb BDI! Shqiptar\u00ebt jan\u00eb t\u00eb g\u00ebrditur nga mashtrimet e tyre\u201d\"}]},{\"@type\":\"WebSite\",\"@id\":\"https:\/\/www.news33.tv\/#website\",\"url\":\"https:\/\/www.news33.tv\/\",\"name\":\"News33.tv Media\",\"description\":\"Media\",\"publisher\":{\"@id\":\"https:\/\/www.news33.tv\/#organization\"},\"potentialAction\":[{\"@type\":\"SearchAction\",\"target\":{\"@type\":\"EntryPoint\",\"urlTemplate\":\"https:\/\/www.news33.tv\/?s={search_term_string}\"},\"query-input\":{\"@type\":\"PropertyValueSpecification\",\"valueRequired\":true,\"valueName\":\"search_term_string\"}}],\"inLanguage\":\"en-US\"},{\"@type\":\"Organization\",\"@id\":\"https:\/\/www.news33.tv\/#organization\",\"name\":\"News33.tv Media\",\"url\":\"https:\/\/www.news33.tv\/\",\"logo\":{\"@type\":\"ImageObject\",\"inLanguage\":\"en-US\",\"@id\":\"https:\/\/www.news33.tv\/#\/schema\/logo\/image\/\",\"url\":\"https:\/\/www.press7.tv\/wp-content\/uploads\/2024\/02\/logo-news33-black.png\",\"contentUrl\":\"https:\/\/www.press7.tv\/wp-content\/uploads\/2024\/02\/logo-news33-black.png\",\"width\":180,\"height\":37,\"caption\":\"News33.tv Media\"},\"image\":{\"@id\":\"https:\/\/www.news33.tv\/#\/schema\/logo\/image\/\"},\"sameAs\":[\"https:\/\/www.facebook.com\/press7.tv\"]},{\"@type\":\"Person\",\"@id\":\"https:\/\/www.news33.tv\/#\/schema\/person\/5a04a38a23ccdba82f9bd665cd8f9efa\",\"name\":\"gazetar2\",\"image\":{\"@type\":\"ImageObject\",\"inLanguage\":\"en-US\",\"@id\":\"https:\/\/www.news33.tv\/#\/schema\/person\/image\/\",\"url\":\"https:\/\/www.press7.tv\/wp-content\/litespeed\/avatar\/41975e402c3049d9ddb03adca8f7a883.jpg?ver=1777169572\",\"contentUrl\":\"https:\/\/www.press7.tv\/wp-content\/litespeed\/avatar\/41975e402c3049d9ddb03adca8f7a883.jpg?ver=1777169572\",\"caption\":\"gazetar2\"},\"url\":\"https:\/\/www.press7.tv\/?author=8\"}]}<\/script>\n<!-- \/ Yoast SEO plugin. -->","yoast_head_json":{"title":"Arben Fetai: \u201cKurr\u00eb m\u00eb BDI! Shqiptar\u00ebt jan\u00eb t\u00eb g\u00ebrditur nga mashtrimet e tyre\u201d - press7.tv","robots":{"index":"index","follow":"follow","max-snippet":"max-snippet:-1","max-image-preview":"max-image-preview:large","max-video-preview":"max-video-preview:-1"},"canonical":"https:\/\/www.press7.tv\/?p=21890","og_locale":"en_US","og_type":"article","og_title":"Arben Fetai: \u201cKurr\u00eb m\u00eb BDI! Shqiptar\u00ebt jan\u00eb t\u00eb g\u00ebrditur nga mashtrimet e tyre\u201d - press7.tv","og_description":"Z\u00ebvend\u00ebskryeministri i Maqedonis\u00eb s\u00eb Veriut, Arben Fetai, ka shp\u00ebrthyer me akuza t\u00eb forta ndaj BDI-s\u00eb dhe p\u00ebrpjekjes s\u00eb saj p\u00ebr t\u2019u ribrenduar n\u00eb \u201cAKI\u201d. N\u00eb nj\u00eb reagim publik, Fetai theksoi se shqiptar\u00ebt kudo n\u00eb vend jan\u00eb t\u00eb zhg\u00ebnjyer dhe t\u00eb irrituar nga ky subjekt politik, duke n\u00ebnvizuar se p\u00ebr 22 vite pushtet BDI-ja ka nd\u00ebrtuar [&hellip;]","og_url":"https:\/\/www.press7.tv\/?p=21890","og_site_name":"press7.tv","article_publisher":"https:\/\/www.facebook.com\/press7.tv","article_published_time":"2025-09-10T15:47:57+00:00","og_image":[{"width":2048,"height":1366,"url":"https:\/\/www.press7.tv\/wp-content\/uploads\/2025\/09\/IMG_8648.avif","type":"image\/jpeg"}],"author":"gazetar2","twitter_card":"summary_large_image","twitter_misc":{"Written by":"gazetar2","Est. reading time":"1 minute"},"schema":{"@context":"https:\/\/schema.org","@graph":[{"@type":"Article","@id":"https:\/\/www.press7.tv\/?p=21890#article","isPartOf":{"@id":"https:\/\/www.press7.tv\/?p=21890"},"author":{"name":"gazetar2","@id":"https:\/\/www.news33.tv\/#\/schema\/person\/5a04a38a23ccdba82f9bd665cd8f9efa"},"headline":"Arben Fetai: \u201cKurr\u00eb m\u00eb BDI! Shqiptar\u00ebt jan\u00eb t\u00eb g\u00ebrditur nga mashtrimet e tyre\u201d","datePublished":"2025-09-10T15:47:57+00:00","mainEntityOfPage":{"@id":"https:\/\/www.press7.tv\/?p=21890"},"wordCount":272,"publisher":{"@id":"https:\/\/www.news33.tv\/#organization"},"image":{"@id":"https:\/\/www.press7.tv\/?p=21890#primaryimage"},"thumbnailUrl":"https:\/\/www.press7.tv\/wp-content\/uploads\/2025\/09\/IMG_8648.avif","articleSection":["Lajme","Maqedoni"],"inLanguage":"en-US"},{"@type":"WebPage","@id":"https:\/\/www.press7.tv\/?p=21890","url":"https:\/\/www.press7.tv\/?p=21890","name":"Arben Fetai: \u201cKurr\u00eb m\u00eb BDI! Shqiptar\u00ebt jan\u00eb t\u00eb g\u00ebrditur nga mashtrimet e tyre\u201d - press7.tv","isPartOf":{"@id":"https:\/\/www.news33.tv\/#website"},"primaryImageOfPage":{"@id":"https:\/\/www.press7.tv\/?p=21890#primaryimage"},"image":{"@id":"https:\/\/www.press7.tv\/?p=21890#primaryimage"},"thumbnailUrl":"https:\/\/www.press7.tv\/wp-content\/uploads\/2025\/09\/IMG_8648.avif","datePublished":"2025-09-10T15:47:57+00:00","breadcrumb":{"@id":"https:\/\/www.press7.tv\/?p=21890#breadcrumb"},"inLanguage":"en-US","potentialAction":[{"@type":"ReadAction","target":["https:\/\/www.press7.tv\/?p=21890"]}]},{"@type":"ImageObject","inLanguage":"en-US","@id":"https:\/\/www.press7.tv\/?p=21890#primaryimage","url":"https:\/\/www.press7.tv\/wp-content\/uploads\/2025\/09\/IMG_8648.avif","contentUrl":"https:\/\/www.press7.tv\/wp-content\/uploads\/2025\/09\/IMG_8648.avif","width":2048,"height":1366},{"@type":"BreadcrumbList","@id":"https:\/\/www.press7.tv\/?p=21890#breadcrumb","itemListElement":[{"@type":"ListItem","position":1,"name":"Home","item":"https:\/\/www.press7.tv\/"},{"@type":"ListItem","position":2,"name":"Arben Fetai: \u201cKurr\u00eb m\u00eb BDI! Shqiptar\u00ebt jan\u00eb t\u00eb g\u00ebrditur nga mashtrimet e tyre\u201d"}]},{"@type":"WebSite","@id":"https:\/\/www.news33.tv\/#website","url":"https:\/\/www.news33.tv\/","name":"News33.tv Media","description":"Media","publisher":{"@id":"https:\/\/www.news33.tv\/#organization"},"potentialAction":[{"@type":"SearchAction","target":{"@type":"EntryPoint","urlTemplate":"https:\/\/www.news33.tv\/?s={search_term_string}"},"query-input":{"@type":"PropertyValueSpecification","valueRequired":true,"valueName":"search_term_string"}}],"inLanguage":"en-US"},{"@type":"Organization","@id":"https:\/\/www.news33.tv\/#organization","name":"News33.tv Media","url":"https:\/\/www.news33.tv\/","logo":{"@type":"ImageObject","inLanguage":"en-US","@id":"https:\/\/www.news33.tv\/#\/schema\/logo\/image\/","url":"https:\/\/www.press7.tv\/wp-content\/uploads\/2024\/02\/logo-news33-black.png","contentUrl":"https:\/\/www.press7.tv\/wp-content\/uploads\/2024\/02\/logo-news33-black.png","width":180,"height":37,"caption":"News33.tv Media"},"image":{"@id":"https:\/\/www.news33.tv\/#\/schema\/logo\/image\/"},"sameAs":["https:\/\/www.facebook.com\/press7.tv"]},{"@type":"Person","@id":"https:\/\/www.news33.tv\/#\/schema\/person\/5a04a38a23ccdba82f9bd665cd8f9efa","name":"gazetar2","image":{"@type":"ImageObject","inLanguage":"en-US","@id":"https:\/\/www.news33.tv\/#\/schema\/person\/image\/","url":"https:\/\/www.press7.tv\/wp-content\/litespeed\/avatar\/41975e402c3049d9ddb03adca8f7a883.jpg?ver=1777169572","contentUrl":"https:\/\/www.press7.tv\/wp-content\/litespeed\/avatar\/41975e402c3049d9ddb03adca8f7a883.jpg?ver=1777169572","caption":"gazetar2"},"url":"https:\/\/www.press7.tv\/?author=8"}]}},"amp_enabled":true,"_links":{"self":[{"href":"https:\/\/www.press7.tv\/index.php?rest_route=\/wp\/v2\/posts\/21890","targetHints":{"allow":["GET"]}}],"collection":[{"href":"https:\/\/www.press7.tv\/index.php?rest_route=\/wp\/v2\/posts"}],"about":[{"href":"https:\/\/www.press7.tv\/index.php?rest_route=\/wp\/v2\/types\/post"}],"author":[{"embeddable":true,"href":"https:\/\/www.press7.tv\/index.php?rest_route=\/wp\/v2\/users\/8"}],"replies":[{"embeddable":true,"href":"https:\/\/www.press7.tv\/index.php?rest_route=%2Fwp%2Fv2%2Fcomments&post=21890"}],"version-history":[{"count":1,"href":"https:\/\/www.press7.tv\/index.php?rest_route=\/wp\/v2\/posts\/21890\/revisions"}],"predecessor-version":[{"id":21892,"href":"https:\/\/www.press7.tv\/index.php?rest_route=\/wp\/v2\/posts\/21890\/revisions\/21892"}],"wp:featuredmedia":[{"embeddable":true,"href":"https:\/\/www.press7.tv\/index.php?rest_route=\/wp\/v2\/media\/21891"}],"wp:attachment":[{"href":"https:\/\/www.press7.tv\/index.php?rest_route=%2Fwp%2Fv2%2Fmedia&parent=21890"}],"wp:term":[{"taxonomy":"category","embeddable":true,"href":"https:\/\/www.press7.tv\/index.php?rest_route=%2Fwp%2Fv2%2Fcategories&post=21890"},{"taxonomy":"post_tag","embeddable":true,"href":"https:\/\/www.press7.tv\/index.php?rest_route=%2Fwp%2Fv2%2Ftags&post=21890"}],"curies":[{"name":"wp","href":"https:\/\/api.w.org\/{rel}","templated":true}]}}