{"id":21886,"date":"2025-09-10T12:42:11","date_gmt":"2025-09-10T12:42:11","guid":{"rendered":"https:\/\/www.press7.tv\/?p=21886"},"modified":"2025-09-10T12:42:11","modified_gmt":"2025-09-10T12:42:11","slug":"artistet-bojkotojne-institucionet-filmike-izraelite","status":"publish","type":"post","link":"https:\/\/www.press7.tv\/?p=21886","title":{"rendered":"Artist\u00ebt bojkotojn\u00eb institucionet filmike izraelite"},"content":{"rendered":"\n    <div class=\"xs_social_share_widget xs_share_url before_content \t\tmain_content  wslu-style-2 wslu-share-box-shaped wslu-fill-colored wslu-share-m-5 wslu-none wslu-share-vertical wslu-theme-font-no wslu-main_content\">\n\n\t\t\n        <ul>\n\t\t\t        <\/ul>\n    <\/div> \n<p>Mbi 1,800 aktor\u00eb, producent\u00eb dhe artist\u00eb, p\u00ebrfshir\u00eb disa prej yjeve t\u00eb Hollywoodit, kan\u00eb n\u00ebnshkruar nj\u00eb zotim q\u00eb nuk do t\u00eb bashk\u00ebpunojn\u00eb me institucionet filmike izraelite, t\u00eb cilat i shohin si t\u00eb p\u00ebrfshira n\u00eb abuzimet ndaj palestinez\u00ebve.<\/p>\n<p>Sipas Reuters, kjo nism\u00eb u publikua t\u00eb h\u00ebn\u00ebn dhe vjen n\u00eb koh\u00ebn kur sulmet ushtarake t\u00eb Izraelit n\u00eb Gaza kan\u00eb shkaktuar kriz\u00eb t\u00eb r\u00ebnd\u00eb humanitare, me imazhe t\u00eb f\u00ebmij\u00ebve palestinez\u00eb t\u00eb uritur q\u00eb kan\u00eb nxitur zem\u00ebrim global.<\/p>\n<p>\u201cFrym\u00ebzuar nga \u2018Filmmakers United Against Apartheid\u2019, t\u00eb cil\u00ebt refuzuan t\u2019i shfaqnin filmat e tyre n\u00eb Afrik\u00ebn e Jugut gjat\u00eb aparteidit, ne zotohemi t\u00eb mos shfaqim filma, t\u00eb mos marrim pjes\u00eb ose t\u00eb mos bashk\u00ebpunojm\u00eb me institucionet filmike izraelite, p\u00ebrfshir\u00eb festivalet, kinemat\u00eb, transmetuesit dhe kompanit\u00eb e prodhimit, q\u00eb jan\u00eb t\u00eb p\u00ebrfshira n\u00eb gjenocidin dhe aparteidin ndaj popullit palestinez\u201d, thuhet n\u00eb tekstin e zotimit.<\/p>\n<p>Deklarata sqaron se kjo nism\u00eb nuk synon individ\u00ebt izraelit\u00eb, por vet\u00ebm institucionet q\u00eb, sipas n\u00ebnshkruesve, jan\u00eb t\u00eb p\u00ebrfshira n\u00eb shkelje t\u00eb t\u00eb drejtave t\u00eb njeriut.<\/p>\n<p>N\u00eb zotim theksohet gjithashtu se institucionet filmike izraelite jan\u00eb angazhuar n\u00eb zbardhjen ose justifikimin e abuzimeve ndaj palestinez\u00ebve.<\/p>\n<p><img data-dominant-color=\"8e7770\" data-has-transparency=\"false\" style=\"--dominant-color: #8e7770;\" fetchpriority=\"high\" decoding=\"async\" src=\"https:\/\/www.press7.tv\/wp-content\/uploads\/2025\/09\/IMG_8646-300x169.avif\" alt=\"\" width=\"300\" height=\"169\" class=\"alignnone size-medium wp-image-21888 not-transparent\" srcset=\"https:\/\/www.press7.tv\/wp-content\/uploads\/2025\/09\/IMG_8646-300x169.avif 300w, https:\/\/www.press7.tv\/wp-content\/uploads\/2025\/09\/IMG_8646-768x433.avif 768w, https:\/\/www.press7.tv\/wp-content\/uploads\/2025\/09\/IMG_8646.avif 980w\" sizes=\"(max-width: 300px) 100vw, 300px\" \/><\/p>\n<p>Si argument shtes\u00eb, artist\u00ebt i referohen edhe mendimit t\u00eb vitit t\u00eb kaluar t\u00eb Gjykat\u00ebs Nd\u00ebrkomb\u00ebtare t\u00eb Drejt\u00ebsis\u00eb, q\u00eb e cil\u00ebsoi t\u00eb paligjshme okupimin izraelit t\u00eb territoreve palestineze, si dhe vler\u00ebsimeve t\u00eb ekspert\u00ebve e akademik\u00ebve q\u00eb sulmet n\u00eb Gaza p\u00ebrb\u00ebjn\u00eb gjenocid.<\/p>\n<p>Mes n\u00ebnshkruesve jan\u00eb aktor\u00eb t\u00eb njohur si Olivia Colman, Emma Stone, Mark Ruffalo, Tilda Swinton, Riz Ahmed, Javier Bardem dhe Cynthia Nixon.<\/p>\n<p>Nga ana e saj, qeveria izraelite i ka cil\u00ebsuar k\u00ebto thirrje p\u00ebr bojkot si diskriminuese.<\/p>\n<p>Izraeli thot\u00eb se veprimet n\u00eb Gaza jan\u00eb \u201cvet\u00ebmbrojtje\u201d pas sulmit t\u00eb 7 tetorit 2023 nga militant\u00ebt e Hamasit, ku u vran\u00eb 1,200 persona dhe mbi 250 u mor\u00ebn peng, sipas shifrave izraelite.<\/p>\n<p>Sulmet e m\u00ebvonshme t\u00eb Izraelit kan\u00eb vrar\u00eb dhjet\u00ebra-mij\u00ebra njer\u00ebz, kan\u00eb zhvendosur t\u00eb gjith\u00eb popullsin\u00eb e Gaz\u00ebs dhe kan\u00eb shkaktuar kriz\u00eb urie masive.<\/p>\n<p>Nd\u00ebrkoh\u00eb, jav\u00ebn e kaluar n\u00eb Festivalin e Filmit n\u00eb Venecia, filmi \u201cThe Voice of Hind Rajab\u201d, q\u00eb tregon historin\u00eb e nj\u00eb vajze palestineze 5-vje\u00e7are t\u00eb vrar\u00eb nga forcat izraelite vitin e kaluar, u prit me duartrokitje te shumta. Prodhues ekzekutiv\u00eb t\u00eb filmit jan\u00eb edhe yjet Brad Pitt dhe Joaquin Phoenix.<\/p>\n","protected":false},"excerpt":{"rendered":"<p>Mbi 1,800 aktor\u00eb, producent\u00eb dhe artist\u00eb, p\u00ebrfshir\u00eb disa prej yjeve t\u00eb Hollywoodit, kan\u00eb n\u00ebnshkruar nj\u00eb zotim q\u00eb nuk do t\u00eb bashk\u00ebpunojn\u00eb me institucionet filmike izraelite, t\u00eb cilat i shohin si t\u00eb p\u00ebrfshira n\u00eb abuzimet ndaj palestinez\u00ebve. Sipas Reuters, kjo nism\u00eb u publikua t\u00eb h\u00ebn\u00ebn dhe vjen n\u00eb koh\u00ebn kur sulmet ushtarake t\u00eb Izraelit n\u00eb Gaza [&hellip;]<\/p>\n","protected":false},"author":8,"featured_media":21887,"comment_status":"closed","ping_status":"closed","sticky":false,"template":"","format":"standard","meta":{"footnotes":""},"categories":[238],"tags":[],"class_list":["post-21886","post","type-post","status-publish","format-standard","has-post-thumbnail","hentry","category-showbiz"],"yoast_head":"<!-- This site is optimized with the Yoast SEO plugin v25.1 - https:\/\/yoast.com\/wordpress\/plugins\/seo\/ -->\n<title>Artist\u00ebt bojkotojn\u00eb institucionet filmike izraelite - press7.tv<\/title>\n<meta name=\"robots\" content=\"index, follow, max-snippet:-1, max-image-preview:large, max-video-preview:-1\" \/>\n<link rel=\"canonical\" href=\"https:\/\/www.press7.tv\/?p=21886\" \/>\n<meta property=\"og:locale\" content=\"en_US\" \/>\n<meta property=\"og:type\" content=\"article\" \/>\n<meta property=\"og:title\" content=\"Artist\u00ebt bojkotojn\u00eb institucionet filmike izraelite - press7.tv\" \/>\n<meta property=\"og:description\" content=\"Mbi 1,800 aktor\u00eb, producent\u00eb dhe artist\u00eb, p\u00ebrfshir\u00eb disa prej yjeve t\u00eb Hollywoodit, kan\u00eb n\u00ebnshkruar nj\u00eb zotim q\u00eb nuk do t\u00eb bashk\u00ebpunojn\u00eb me institucionet filmike izraelite, t\u00eb cilat i shohin si t\u00eb p\u00ebrfshira n\u00eb abuzimet ndaj palestinez\u00ebve. Sipas Reuters, kjo nism\u00eb u publikua t\u00eb h\u00ebn\u00ebn dhe vjen n\u00eb koh\u00ebn kur sulmet ushtarake t\u00eb Izraelit n\u00eb Gaza [&hellip;]\" \/>\n<meta property=\"og:url\" content=\"https:\/\/www.press7.tv\/?p=21886\" \/>\n<meta property=\"og:site_name\" content=\"press7.tv\" \/>\n<meta property=\"article:publisher\" content=\"https:\/\/www.facebook.com\/press7.tv\" \/>\n<meta property=\"article:published_time\" content=\"2025-09-10T12:42:11+00:00\" \/>\n<meta property=\"og:image\" content=\"https:\/\/www.press7.tv\/wp-content\/uploads\/2025\/09\/IMG_8644.avif\" \/>\n\t<meta property=\"og:image:width\" content=\"860\" \/>\n\t<meta property=\"og:image:height\" content=\"550\" \/>\n\t<meta property=\"og:image:type\" content=\"image\/webp\" \/>\n<meta name=\"author\" content=\"gazetar2\" \/>\n<meta name=\"twitter:card\" content=\"summary_large_image\" \/>\n<meta name=\"twitter:label1\" content=\"Written by\" \/>\n\t<meta name=\"twitter:data1\" content=\"gazetar2\" \/>\n\t<meta name=\"twitter:label2\" content=\"Est. reading time\" \/>\n\t<meta name=\"twitter:data2\" content=\"1 minute\" \/>\n<script type=\"application\/ld+json\" class=\"yoast-schema-graph\">{\"@context\":\"https:\/\/schema.org\",\"@graph\":[{\"@type\":\"Article\",\"@id\":\"https:\/\/www.press7.tv\/?p=21886#article\",\"isPartOf\":{\"@id\":\"https:\/\/www.press7.tv\/?p=21886\"},\"author\":{\"name\":\"gazetar2\",\"@id\":\"https:\/\/www.news33.tv\/#\/schema\/person\/5a04a38a23ccdba82f9bd665cd8f9efa\"},\"headline\":\"Artist\u00ebt bojkotojn\u00eb institucionet filmike izraelite\",\"datePublished\":\"2025-09-10T12:42:11+00:00\",\"mainEntityOfPage\":{\"@id\":\"https:\/\/www.press7.tv\/?p=21886\"},\"wordCount\":410,\"publisher\":{\"@id\":\"https:\/\/www.news33.tv\/#organization\"},\"image\":{\"@id\":\"https:\/\/www.press7.tv\/?p=21886#primaryimage\"},\"thumbnailUrl\":\"https:\/\/www.press7.tv\/wp-content\/uploads\/2025\/09\/IMG_8644.avif\",\"articleSection\":[\"ShowBiz\"],\"inLanguage\":\"en-US\"},{\"@type\":\"WebPage\",\"@id\":\"https:\/\/www.press7.tv\/?p=21886\",\"url\":\"https:\/\/www.press7.tv\/?p=21886\",\"name\":\"Artist\u00ebt bojkotojn\u00eb institucionet filmike izraelite - press7.tv\",\"isPartOf\":{\"@id\":\"https:\/\/www.news33.tv\/#website\"},\"primaryImageOfPage\":{\"@id\":\"https:\/\/www.press7.tv\/?p=21886#primaryimage\"},\"image\":{\"@id\":\"https:\/\/www.press7.tv\/?p=21886#primaryimage\"},\"thumbnailUrl\":\"https:\/\/www.press7.tv\/wp-content\/uploads\/2025\/09\/IMG_8644.avif\",\"datePublished\":\"2025-09-10T12:42:11+00:00\",\"breadcrumb\":{\"@id\":\"https:\/\/www.press7.tv\/?p=21886#breadcrumb\"},\"inLanguage\":\"en-US\",\"potentialAction\":[{\"@type\":\"ReadAction\",\"target\":[\"https:\/\/www.press7.tv\/?p=21886\"]}]},{\"@type\":\"ImageObject\",\"inLanguage\":\"en-US\",\"@id\":\"https:\/\/www.press7.tv\/?p=21886#primaryimage\",\"url\":\"https:\/\/www.press7.tv\/wp-content\/uploads\/2025\/09\/IMG_8644.avif\",\"contentUrl\":\"https:\/\/www.press7.tv\/wp-content\/uploads\/2025\/09\/IMG_8644.avif\",\"width\":860,\"height\":550},{\"@type\":\"BreadcrumbList\",\"@id\":\"https:\/\/www.press7.tv\/?p=21886#breadcrumb\",\"itemListElement\":[{\"@type\":\"ListItem\",\"position\":1,\"name\":\"Home\",\"item\":\"https:\/\/www.press7.tv\/\"},{\"@type\":\"ListItem\",\"position\":2,\"name\":\"Artist\u00ebt bojkotojn\u00eb institucionet filmike izraelite\"}]},{\"@type\":\"WebSite\",\"@id\":\"https:\/\/www.news33.tv\/#website\",\"url\":\"https:\/\/www.news33.tv\/\",\"name\":\"News33.tv Media\",\"description\":\"Media\",\"publisher\":{\"@id\":\"https:\/\/www.news33.tv\/#organization\"},\"potentialAction\":[{\"@type\":\"SearchAction\",\"target\":{\"@type\":\"EntryPoint\",\"urlTemplate\":\"https:\/\/www.news33.tv\/?s={search_term_string}\"},\"query-input\":{\"@type\":\"PropertyValueSpecification\",\"valueRequired\":true,\"valueName\":\"search_term_string\"}}],\"inLanguage\":\"en-US\"},{\"@type\":\"Organization\",\"@id\":\"https:\/\/www.news33.tv\/#organization\",\"name\":\"News33.tv Media\",\"url\":\"https:\/\/www.news33.tv\/\",\"logo\":{\"@type\":\"ImageObject\",\"inLanguage\":\"en-US\",\"@id\":\"https:\/\/www.news33.tv\/#\/schema\/logo\/image\/\",\"url\":\"https:\/\/www.press7.tv\/wp-content\/uploads\/2024\/02\/logo-news33-black.png\",\"contentUrl\":\"https:\/\/www.press7.tv\/wp-content\/uploads\/2024\/02\/logo-news33-black.png\",\"width\":180,\"height\":37,\"caption\":\"News33.tv Media\"},\"image\":{\"@id\":\"https:\/\/www.news33.tv\/#\/schema\/logo\/image\/\"},\"sameAs\":[\"https:\/\/www.facebook.com\/press7.tv\"]},{\"@type\":\"Person\",\"@id\":\"https:\/\/www.news33.tv\/#\/schema\/person\/5a04a38a23ccdba82f9bd665cd8f9efa\",\"name\":\"gazetar2\",\"image\":{\"@type\":\"ImageObject\",\"inLanguage\":\"en-US\",\"@id\":\"https:\/\/www.news33.tv\/#\/schema\/person\/image\/\",\"url\":\"https:\/\/www.press7.tv\/wp-content\/litespeed\/avatar\/41975e402c3049d9ddb03adca8f7a883.jpg?ver=1777169572\",\"contentUrl\":\"https:\/\/www.press7.tv\/wp-content\/litespeed\/avatar\/41975e402c3049d9ddb03adca8f7a883.jpg?ver=1777169572\",\"caption\":\"gazetar2\"},\"url\":\"https:\/\/www.press7.tv\/?author=8\"}]}<\/script>\n<!-- \/ Yoast SEO plugin. -->","yoast_head_json":{"title":"Artist\u00ebt bojkotojn\u00eb institucionet filmike izraelite - press7.tv","robots":{"index":"index","follow":"follow","max-snippet":"max-snippet:-1","max-image-preview":"max-image-preview:large","max-video-preview":"max-video-preview:-1"},"canonical":"https:\/\/www.press7.tv\/?p=21886","og_locale":"en_US","og_type":"article","og_title":"Artist\u00ebt bojkotojn\u00eb institucionet filmike izraelite - press7.tv","og_description":"Mbi 1,800 aktor\u00eb, producent\u00eb dhe artist\u00eb, p\u00ebrfshir\u00eb disa prej yjeve t\u00eb Hollywoodit, kan\u00eb n\u00ebnshkruar nj\u00eb zotim q\u00eb nuk do t\u00eb bashk\u00ebpunojn\u00eb me institucionet filmike izraelite, t\u00eb cilat i shohin si t\u00eb p\u00ebrfshira n\u00eb abuzimet ndaj palestinez\u00ebve. Sipas Reuters, kjo nism\u00eb u publikua t\u00eb h\u00ebn\u00ebn dhe vjen n\u00eb koh\u00ebn kur sulmet ushtarake t\u00eb Izraelit n\u00eb Gaza [&hellip;]","og_url":"https:\/\/www.press7.tv\/?p=21886","og_site_name":"press7.tv","article_publisher":"https:\/\/www.facebook.com\/press7.tv","article_published_time":"2025-09-10T12:42:11+00:00","og_image":[{"width":860,"height":550,"url":"https:\/\/www.press7.tv\/wp-content\/uploads\/2025\/09\/IMG_8644.avif","type":"image\/webp"}],"author":"gazetar2","twitter_card":"summary_large_image","twitter_misc":{"Written by":"gazetar2","Est. reading time":"1 minute"},"schema":{"@context":"https:\/\/schema.org","@graph":[{"@type":"Article","@id":"https:\/\/www.press7.tv\/?p=21886#article","isPartOf":{"@id":"https:\/\/www.press7.tv\/?p=21886"},"author":{"name":"gazetar2","@id":"https:\/\/www.news33.tv\/#\/schema\/person\/5a04a38a23ccdba82f9bd665cd8f9efa"},"headline":"Artist\u00ebt bojkotojn\u00eb institucionet filmike izraelite","datePublished":"2025-09-10T12:42:11+00:00","mainEntityOfPage":{"@id":"https:\/\/www.press7.tv\/?p=21886"},"wordCount":410,"publisher":{"@id":"https:\/\/www.news33.tv\/#organization"},"image":{"@id":"https:\/\/www.press7.tv\/?p=21886#primaryimage"},"thumbnailUrl":"https:\/\/www.press7.tv\/wp-content\/uploads\/2025\/09\/IMG_8644.avif","articleSection":["ShowBiz"],"inLanguage":"en-US"},{"@type":"WebPage","@id":"https:\/\/www.press7.tv\/?p=21886","url":"https:\/\/www.press7.tv\/?p=21886","name":"Artist\u00ebt bojkotojn\u00eb institucionet filmike izraelite - press7.tv","isPartOf":{"@id":"https:\/\/www.news33.tv\/#website"},"primaryImageOfPage":{"@id":"https:\/\/www.press7.tv\/?p=21886#primaryimage"},"image":{"@id":"https:\/\/www.press7.tv\/?p=21886#primaryimage"},"thumbnailUrl":"https:\/\/www.press7.tv\/wp-content\/uploads\/2025\/09\/IMG_8644.avif","datePublished":"2025-09-10T12:42:11+00:00","breadcrumb":{"@id":"https:\/\/www.press7.tv\/?p=21886#breadcrumb"},"inLanguage":"en-US","potentialAction":[{"@type":"ReadAction","target":["https:\/\/www.press7.tv\/?p=21886"]}]},{"@type":"ImageObject","inLanguage":"en-US","@id":"https:\/\/www.press7.tv\/?p=21886#primaryimage","url":"https:\/\/www.press7.tv\/wp-content\/uploads\/2025\/09\/IMG_8644.avif","contentUrl":"https:\/\/www.press7.tv\/wp-content\/uploads\/2025\/09\/IMG_8644.avif","width":860,"height":550},{"@type":"BreadcrumbList","@id":"https:\/\/www.press7.tv\/?p=21886#breadcrumb","itemListElement":[{"@type":"ListItem","position":1,"name":"Home","item":"https:\/\/www.press7.tv\/"},{"@type":"ListItem","position":2,"name":"Artist\u00ebt bojkotojn\u00eb institucionet filmike izraelite"}]},{"@type":"WebSite","@id":"https:\/\/www.news33.tv\/#website","url":"https:\/\/www.news33.tv\/","name":"News33.tv Media","description":"Media","publisher":{"@id":"https:\/\/www.news33.tv\/#organization"},"potentialAction":[{"@type":"SearchAction","target":{"@type":"EntryPoint","urlTemplate":"https:\/\/www.news33.tv\/?s={search_term_string}"},"query-input":{"@type":"PropertyValueSpecification","valueRequired":true,"valueName":"search_term_string"}}],"inLanguage":"en-US"},{"@type":"Organization","@id":"https:\/\/www.news33.tv\/#organization","name":"News33.tv Media","url":"https:\/\/www.news33.tv\/","logo":{"@type":"ImageObject","inLanguage":"en-US","@id":"https:\/\/www.news33.tv\/#\/schema\/logo\/image\/","url":"https:\/\/www.press7.tv\/wp-content\/uploads\/2024\/02\/logo-news33-black.png","contentUrl":"https:\/\/www.press7.tv\/wp-content\/uploads\/2024\/02\/logo-news33-black.png","width":180,"height":37,"caption":"News33.tv Media"},"image":{"@id":"https:\/\/www.news33.tv\/#\/schema\/logo\/image\/"},"sameAs":["https:\/\/www.facebook.com\/press7.tv"]},{"@type":"Person","@id":"https:\/\/www.news33.tv\/#\/schema\/person\/5a04a38a23ccdba82f9bd665cd8f9efa","name":"gazetar2","image":{"@type":"ImageObject","inLanguage":"en-US","@id":"https:\/\/www.news33.tv\/#\/schema\/person\/image\/","url":"https:\/\/www.press7.tv\/wp-content\/litespeed\/avatar\/41975e402c3049d9ddb03adca8f7a883.jpg?ver=1777169572","contentUrl":"https:\/\/www.press7.tv\/wp-content\/litespeed\/avatar\/41975e402c3049d9ddb03adca8f7a883.jpg?ver=1777169572","caption":"gazetar2"},"url":"https:\/\/www.press7.tv\/?author=8"}]}},"amp_enabled":true,"_links":{"self":[{"href":"https:\/\/www.press7.tv\/index.php?rest_route=\/wp\/v2\/posts\/21886","targetHints":{"allow":["GET"]}}],"collection":[{"href":"https:\/\/www.press7.tv\/index.php?rest_route=\/wp\/v2\/posts"}],"about":[{"href":"https:\/\/www.press7.tv\/index.php?rest_route=\/wp\/v2\/types\/post"}],"author":[{"embeddable":true,"href":"https:\/\/www.press7.tv\/index.php?rest_route=\/wp\/v2\/users\/8"}],"replies":[{"embeddable":true,"href":"https:\/\/www.press7.tv\/index.php?rest_route=%2Fwp%2Fv2%2Fcomments&post=21886"}],"version-history":[{"count":1,"href":"https:\/\/www.press7.tv\/index.php?rest_route=\/wp\/v2\/posts\/21886\/revisions"}],"predecessor-version":[{"id":21889,"href":"https:\/\/www.press7.tv\/index.php?rest_route=\/wp\/v2\/posts\/21886\/revisions\/21889"}],"wp:featuredmedia":[{"embeddable":true,"href":"https:\/\/www.press7.tv\/index.php?rest_route=\/wp\/v2\/media\/21887"}],"wp:attachment":[{"href":"https:\/\/www.press7.tv\/index.php?rest_route=%2Fwp%2Fv2%2Fmedia&parent=21886"}],"wp:term":[{"taxonomy":"category","embeddable":true,"href":"https:\/\/www.press7.tv\/index.php?rest_route=%2Fwp%2Fv2%2Fcategories&post=21886"},{"taxonomy":"post_tag","embeddable":true,"href":"https:\/\/www.press7.tv\/index.php?rest_route=%2Fwp%2Fv2%2Ftags&post=21886"}],"curies":[{"name":"wp","href":"https:\/\/api.w.org\/{rel}","templated":true}]}}