{"id":21883,"date":"2025-09-10T11:00:31","date_gmt":"2025-09-10T11:00:31","guid":{"rendered":"https:\/\/www.press7.tv\/?p=21883"},"modified":"2025-09-10T11:00:31","modified_gmt":"2025-09-10T11:00:31","slug":"vlen-hapi-shtabin-zgjedhor-ne-cair-lideret-me-porosi","status":"publish","type":"post","link":"https:\/\/www.press7.tv\/?p=21883","title":{"rendered":"VLEN hapi shtabin zgjedhor n\u00eb \u00c7air, lider\u00ebt me porosi"},"content":{"rendered":"\n    <div class=\"xs_social_share_widget xs_share_url before_content \t\tmain_content  wslu-style-2 wslu-share-box-shaped wslu-fill-colored wslu-share-m-5 wslu-none wslu-share-vertical wslu-theme-font-no wslu-main_content\">\n\n\t\t\n        <ul>\n\t\t\t        <\/ul>\n    <\/div> \n<p>\u00c7air \u2013 Koalicioni VLEN ka hapur zyrtarisht shtabin zgjedhor n\u00eb Komun\u00ebn e \u00c7airit, n\u00eb nj\u00eb tubim q\u00eb mblodhi mij\u00ebra qytetar\u00eb. N\u00eb k\u00ebt\u00eb ngjarje, kandidati i VLEN-it p\u00ebr kryetar t\u00eb komun\u00ebs, Izet Mexhiti, deklaroi se p\u00ebrkrahja e qytetar\u00ebve \u00ebsht\u00eb tregues i qart\u00eb se m\u00eb 19 tetor do t\u00eb vuloset fitorja.<\/p>\n<p>Udh\u00ebheqja e shtabit i \u00ebsht\u00eb besuar Besim Kok\u00ebs, i cili pritet t\u00eb koordinoj\u00eb fushat\u00ebn dhe aktivitetet n\u00eb terren. Sipas Mexhitit, shtabi do t\u00eb jet\u00eb qendra e komunikimit me banor\u00ebt e \u00c7airit dhe vendi ku do t\u00eb prezantohen projektet p\u00ebr investime, p\u00ebrmir\u00ebsimin e sh\u00ebrbimeve publike dhe zhvillimin e komun\u00ebs.<\/p>\n<p>Kandidati p\u00ebr Komun\u00ebn e \u00c7airit nga koalicioni VLEN, Izet Mexhiti, mbajti nj\u00eb fjalim optimist n\u00eb hapjen e shtabit t\u00eb tyre zgjedhor. Ai theksoi se \u00c7airi ka shp\u00ebrthyer me energji dhe \u00ebsht\u00eb gati t\u00eb shkoj\u00eb drejt fitores m\u00eb t\u00eb madhe, raporton SHENJA.<\/p>\n<p>Mexhiti fal\u00ebnderoi ekipin e pun\u00ebs dhe uroi q\u00eb kjo atmosfer\u00eb pozitive t\u00eb vazhdoj\u00eb duke elaboruar programin dhe vizionin e tyre bashk\u00eb me bart\u00ebsin e list\u00ebs, Muamed Murtezin.<\/p>\n<p>Ai theksoi gjithashtu se VLEN po hapet dhe po sjell vlera t\u00eb reja, duke p\u00ebrmendur emra t\u00eb r\u00ebnd\u00ebsish\u00ebm si Muamed Murtezi, kandidati p\u00ebr kryetar t\u00eb Hara\u00e7in\u00ebs, Daut Beqiri, dhe kandidatin n\u00eb Strug\u00eb q\u00eb bashk\u00ebpunon me L\u00ebvizjen Arb\u00ebria. Sipas Mexhitit, VLEN \u00ebsht\u00eb nj\u00eb l\u00ebvizje q\u00eb p\u00ebrfaq\u00ebson shqiptar\u00ebt dhe do t\u00eb vazhdoj\u00eb t\u00eb zgjerohet edhe m\u00eb tej.<\/p>\n","protected":false},"excerpt":{"rendered":"<p>\u00c7air \u2013 Koalicioni VLEN ka hapur zyrtarisht shtabin zgjedhor n\u00eb Komun\u00ebn e \u00c7airit, n\u00eb nj\u00eb tubim q\u00eb mblodhi mij\u00ebra qytetar\u00eb. N\u00eb k\u00ebt\u00eb ngjarje, kandidati i VLEN-it p\u00ebr kryetar t\u00eb komun\u00ebs, Izet Mexhiti, deklaroi se p\u00ebrkrahja e qytetar\u00ebve \u00ebsht\u00eb tregues i qart\u00eb se m\u00eb 19 tetor do t\u00eb vuloset fitorja. Udh\u00ebheqja e shtabit i \u00ebsht\u00eb besuar [&hellip;]<\/p>\n","protected":false},"author":8,"featured_media":21884,"comment_status":"closed","ping_status":"closed","sticky":false,"template":"","format":"standard","meta":{"footnotes":""},"categories":[213,214],"tags":[],"class_list":["post-21883","post","type-post","status-publish","format-standard","has-post-thumbnail","hentry","category-lajme","category-maqedoni"],"yoast_head":"<!-- This site is optimized with the Yoast SEO plugin v25.1 - https:\/\/yoast.com\/wordpress\/plugins\/seo\/ -->\n<title>VLEN hapi shtabin zgjedhor n\u00eb \u00c7air, lider\u00ebt me porosi - press7.tv<\/title>\n<meta name=\"robots\" content=\"index, follow, max-snippet:-1, max-image-preview:large, max-video-preview:-1\" \/>\n<link rel=\"canonical\" href=\"https:\/\/www.press7.tv\/?p=21883\" \/>\n<meta property=\"og:locale\" content=\"en_US\" \/>\n<meta property=\"og:type\" content=\"article\" \/>\n<meta property=\"og:title\" content=\"VLEN hapi shtabin zgjedhor n\u00eb \u00c7air, lider\u00ebt me porosi - press7.tv\" \/>\n<meta property=\"og:description\" content=\"\u00c7air \u2013 Koalicioni VLEN ka hapur zyrtarisht shtabin zgjedhor n\u00eb Komun\u00ebn e \u00c7airit, n\u00eb nj\u00eb tubim q\u00eb mblodhi mij\u00ebra qytetar\u00eb. N\u00eb k\u00ebt\u00eb ngjarje, kandidati i VLEN-it p\u00ebr kryetar t\u00eb komun\u00ebs, Izet Mexhiti, deklaroi se p\u00ebrkrahja e qytetar\u00ebve \u00ebsht\u00eb tregues i qart\u00eb se m\u00eb 19 tetor do t\u00eb vuloset fitorja. Udh\u00ebheqja e shtabit i \u00ebsht\u00eb besuar [&hellip;]\" \/>\n<meta property=\"og:url\" content=\"https:\/\/www.press7.tv\/?p=21883\" \/>\n<meta property=\"og:site_name\" content=\"press7.tv\" \/>\n<meta property=\"article:publisher\" content=\"https:\/\/www.facebook.com\/press7.tv\" \/>\n<meta property=\"article:published_time\" content=\"2025-09-10T11:00:31+00:00\" \/>\n<meta property=\"og:image\" content=\"https:\/\/www.press7.tv\/wp-content\/uploads\/2025\/09\/IMG_8641.avif\" \/>\n\t<meta property=\"og:image:width\" content=\"1536\" \/>\n\t<meta property=\"og:image:height\" content=\"1024\" \/>\n\t<meta property=\"og:image:type\" content=\"image\/jpeg\" \/>\n<meta name=\"author\" content=\"gazetar2\" \/>\n<meta name=\"twitter:card\" content=\"summary_large_image\" \/>\n<meta name=\"twitter:label1\" content=\"Written by\" \/>\n\t<meta name=\"twitter:data1\" content=\"gazetar2\" \/>\n\t<meta name=\"twitter:label2\" content=\"Est. reading time\" \/>\n\t<meta name=\"twitter:data2\" content=\"1 minute\" \/>\n<script type=\"application\/ld+json\" class=\"yoast-schema-graph\">{\"@context\":\"https:\/\/schema.org\",\"@graph\":[{\"@type\":\"Article\",\"@id\":\"https:\/\/www.press7.tv\/?p=21883#article\",\"isPartOf\":{\"@id\":\"https:\/\/www.press7.tv\/?p=21883\"},\"author\":{\"name\":\"gazetar2\",\"@id\":\"https:\/\/www.news33.tv\/#\/schema\/person\/5a04a38a23ccdba82f9bd665cd8f9efa\"},\"headline\":\"VLEN hapi shtabin zgjedhor n\u00eb \u00c7air, lider\u00ebt me porosi\",\"datePublished\":\"2025-09-10T11:00:31+00:00\",\"mainEntityOfPage\":{\"@id\":\"https:\/\/www.press7.tv\/?p=21883\"},\"wordCount\":265,\"publisher\":{\"@id\":\"https:\/\/www.news33.tv\/#organization\"},\"image\":{\"@id\":\"https:\/\/www.press7.tv\/?p=21883#primaryimage\"},\"thumbnailUrl\":\"https:\/\/www.press7.tv\/wp-content\/uploads\/2025\/09\/IMG_8641.avif\",\"articleSection\":[\"Lajme\",\"Maqedoni\"],\"inLanguage\":\"en-US\"},{\"@type\":\"WebPage\",\"@id\":\"https:\/\/www.press7.tv\/?p=21883\",\"url\":\"https:\/\/www.press7.tv\/?p=21883\",\"name\":\"VLEN hapi shtabin zgjedhor n\u00eb \u00c7air, lider\u00ebt me porosi - press7.tv\",\"isPartOf\":{\"@id\":\"https:\/\/www.news33.tv\/#website\"},\"primaryImageOfPage\":{\"@id\":\"https:\/\/www.press7.tv\/?p=21883#primaryimage\"},\"image\":{\"@id\":\"https:\/\/www.press7.tv\/?p=21883#primaryimage\"},\"thumbnailUrl\":\"https:\/\/www.press7.tv\/wp-content\/uploads\/2025\/09\/IMG_8641.avif\",\"datePublished\":\"2025-09-10T11:00:31+00:00\",\"breadcrumb\":{\"@id\":\"https:\/\/www.press7.tv\/?p=21883#breadcrumb\"},\"inLanguage\":\"en-US\",\"potentialAction\":[{\"@type\":\"ReadAction\",\"target\":[\"https:\/\/www.press7.tv\/?p=21883\"]}]},{\"@type\":\"ImageObject\",\"inLanguage\":\"en-US\",\"@id\":\"https:\/\/www.press7.tv\/?p=21883#primaryimage\",\"url\":\"https:\/\/www.press7.tv\/wp-content\/uploads\/2025\/09\/IMG_8641.avif\",\"contentUrl\":\"https:\/\/www.press7.tv\/wp-content\/uploads\/2025\/09\/IMG_8641.avif\",\"width\":1536,\"height\":1024},{\"@type\":\"BreadcrumbList\",\"@id\":\"https:\/\/www.press7.tv\/?p=21883#breadcrumb\",\"itemListElement\":[{\"@type\":\"ListItem\",\"position\":1,\"name\":\"Home\",\"item\":\"https:\/\/www.press7.tv\/\"},{\"@type\":\"ListItem\",\"position\":2,\"name\":\"VLEN hapi shtabin zgjedhor n\u00eb \u00c7air, lider\u00ebt me porosi\"}]},{\"@type\":\"WebSite\",\"@id\":\"https:\/\/www.news33.tv\/#website\",\"url\":\"https:\/\/www.news33.tv\/\",\"name\":\"News33.tv Media\",\"description\":\"Media\",\"publisher\":{\"@id\":\"https:\/\/www.news33.tv\/#organization\"},\"potentialAction\":[{\"@type\":\"SearchAction\",\"target\":{\"@type\":\"EntryPoint\",\"urlTemplate\":\"https:\/\/www.news33.tv\/?s={search_term_string}\"},\"query-input\":{\"@type\":\"PropertyValueSpecification\",\"valueRequired\":true,\"valueName\":\"search_term_string\"}}],\"inLanguage\":\"en-US\"},{\"@type\":\"Organization\",\"@id\":\"https:\/\/www.news33.tv\/#organization\",\"name\":\"News33.tv Media\",\"url\":\"https:\/\/www.news33.tv\/\",\"logo\":{\"@type\":\"ImageObject\",\"inLanguage\":\"en-US\",\"@id\":\"https:\/\/www.news33.tv\/#\/schema\/logo\/image\/\",\"url\":\"https:\/\/www.press7.tv\/wp-content\/uploads\/2024\/02\/logo-news33-black.png\",\"contentUrl\":\"https:\/\/www.press7.tv\/wp-content\/uploads\/2024\/02\/logo-news33-black.png\",\"width\":180,\"height\":37,\"caption\":\"News33.tv Media\"},\"image\":{\"@id\":\"https:\/\/www.news33.tv\/#\/schema\/logo\/image\/\"},\"sameAs\":[\"https:\/\/www.facebook.com\/press7.tv\"]},{\"@type\":\"Person\",\"@id\":\"https:\/\/www.news33.tv\/#\/schema\/person\/5a04a38a23ccdba82f9bd665cd8f9efa\",\"name\":\"gazetar2\",\"image\":{\"@type\":\"ImageObject\",\"inLanguage\":\"en-US\",\"@id\":\"https:\/\/www.news33.tv\/#\/schema\/person\/image\/\",\"url\":\"https:\/\/www.press7.tv\/wp-content\/litespeed\/avatar\/41975e402c3049d9ddb03adca8f7a883.jpg?ver=1777169572\",\"contentUrl\":\"https:\/\/www.press7.tv\/wp-content\/litespeed\/avatar\/41975e402c3049d9ddb03adca8f7a883.jpg?ver=1777169572\",\"caption\":\"gazetar2\"},\"url\":\"https:\/\/www.press7.tv\/?author=8\"}]}<\/script>\n<!-- \/ Yoast SEO plugin. -->","yoast_head_json":{"title":"VLEN hapi shtabin zgjedhor n\u00eb \u00c7air, lider\u00ebt me porosi - press7.tv","robots":{"index":"index","follow":"follow","max-snippet":"max-snippet:-1","max-image-preview":"max-image-preview:large","max-video-preview":"max-video-preview:-1"},"canonical":"https:\/\/www.press7.tv\/?p=21883","og_locale":"en_US","og_type":"article","og_title":"VLEN hapi shtabin zgjedhor n\u00eb \u00c7air, lider\u00ebt me porosi - press7.tv","og_description":"\u00c7air \u2013 Koalicioni VLEN ka hapur zyrtarisht shtabin zgjedhor n\u00eb Komun\u00ebn e \u00c7airit, n\u00eb nj\u00eb tubim q\u00eb mblodhi mij\u00ebra qytetar\u00eb. N\u00eb k\u00ebt\u00eb ngjarje, kandidati i VLEN-it p\u00ebr kryetar t\u00eb komun\u00ebs, Izet Mexhiti, deklaroi se p\u00ebrkrahja e qytetar\u00ebve \u00ebsht\u00eb tregues i qart\u00eb se m\u00eb 19 tetor do t\u00eb vuloset fitorja. Udh\u00ebheqja e shtabit i \u00ebsht\u00eb besuar [&hellip;]","og_url":"https:\/\/www.press7.tv\/?p=21883","og_site_name":"press7.tv","article_publisher":"https:\/\/www.facebook.com\/press7.tv","article_published_time":"2025-09-10T11:00:31+00:00","og_image":[{"width":1536,"height":1024,"url":"https:\/\/www.press7.tv\/wp-content\/uploads\/2025\/09\/IMG_8641.avif","type":"image\/jpeg"}],"author":"gazetar2","twitter_card":"summary_large_image","twitter_misc":{"Written by":"gazetar2","Est. reading time":"1 minute"},"schema":{"@context":"https:\/\/schema.org","@graph":[{"@type":"Article","@id":"https:\/\/www.press7.tv\/?p=21883#article","isPartOf":{"@id":"https:\/\/www.press7.tv\/?p=21883"},"author":{"name":"gazetar2","@id":"https:\/\/www.news33.tv\/#\/schema\/person\/5a04a38a23ccdba82f9bd665cd8f9efa"},"headline":"VLEN hapi shtabin zgjedhor n\u00eb \u00c7air, lider\u00ebt me porosi","datePublished":"2025-09-10T11:00:31+00:00","mainEntityOfPage":{"@id":"https:\/\/www.press7.tv\/?p=21883"},"wordCount":265,"publisher":{"@id":"https:\/\/www.news33.tv\/#organization"},"image":{"@id":"https:\/\/www.press7.tv\/?p=21883#primaryimage"},"thumbnailUrl":"https:\/\/www.press7.tv\/wp-content\/uploads\/2025\/09\/IMG_8641.avif","articleSection":["Lajme","Maqedoni"],"inLanguage":"en-US"},{"@type":"WebPage","@id":"https:\/\/www.press7.tv\/?p=21883","url":"https:\/\/www.press7.tv\/?p=21883","name":"VLEN hapi shtabin zgjedhor n\u00eb \u00c7air, lider\u00ebt me porosi - press7.tv","isPartOf":{"@id":"https:\/\/www.news33.tv\/#website"},"primaryImageOfPage":{"@id":"https:\/\/www.press7.tv\/?p=21883#primaryimage"},"image":{"@id":"https:\/\/www.press7.tv\/?p=21883#primaryimage"},"thumbnailUrl":"https:\/\/www.press7.tv\/wp-content\/uploads\/2025\/09\/IMG_8641.avif","datePublished":"2025-09-10T11:00:31+00:00","breadcrumb":{"@id":"https:\/\/www.press7.tv\/?p=21883#breadcrumb"},"inLanguage":"en-US","potentialAction":[{"@type":"ReadAction","target":["https:\/\/www.press7.tv\/?p=21883"]}]},{"@type":"ImageObject","inLanguage":"en-US","@id":"https:\/\/www.press7.tv\/?p=21883#primaryimage","url":"https:\/\/www.press7.tv\/wp-content\/uploads\/2025\/09\/IMG_8641.avif","contentUrl":"https:\/\/www.press7.tv\/wp-content\/uploads\/2025\/09\/IMG_8641.avif","width":1536,"height":1024},{"@type":"BreadcrumbList","@id":"https:\/\/www.press7.tv\/?p=21883#breadcrumb","itemListElement":[{"@type":"ListItem","position":1,"name":"Home","item":"https:\/\/www.press7.tv\/"},{"@type":"ListItem","position":2,"name":"VLEN hapi shtabin zgjedhor n\u00eb \u00c7air, lider\u00ebt me porosi"}]},{"@type":"WebSite","@id":"https:\/\/www.news33.tv\/#website","url":"https:\/\/www.news33.tv\/","name":"News33.tv Media","description":"Media","publisher":{"@id":"https:\/\/www.news33.tv\/#organization"},"potentialAction":[{"@type":"SearchAction","target":{"@type":"EntryPoint","urlTemplate":"https:\/\/www.news33.tv\/?s={search_term_string}"},"query-input":{"@type":"PropertyValueSpecification","valueRequired":true,"valueName":"search_term_string"}}],"inLanguage":"en-US"},{"@type":"Organization","@id":"https:\/\/www.news33.tv\/#organization","name":"News33.tv Media","url":"https:\/\/www.news33.tv\/","logo":{"@type":"ImageObject","inLanguage":"en-US","@id":"https:\/\/www.news33.tv\/#\/schema\/logo\/image\/","url":"https:\/\/www.press7.tv\/wp-content\/uploads\/2024\/02\/logo-news33-black.png","contentUrl":"https:\/\/www.press7.tv\/wp-content\/uploads\/2024\/02\/logo-news33-black.png","width":180,"height":37,"caption":"News33.tv Media"},"image":{"@id":"https:\/\/www.news33.tv\/#\/schema\/logo\/image\/"},"sameAs":["https:\/\/www.facebook.com\/press7.tv"]},{"@type":"Person","@id":"https:\/\/www.news33.tv\/#\/schema\/person\/5a04a38a23ccdba82f9bd665cd8f9efa","name":"gazetar2","image":{"@type":"ImageObject","inLanguage":"en-US","@id":"https:\/\/www.news33.tv\/#\/schema\/person\/image\/","url":"https:\/\/www.press7.tv\/wp-content\/litespeed\/avatar\/41975e402c3049d9ddb03adca8f7a883.jpg?ver=1777169572","contentUrl":"https:\/\/www.press7.tv\/wp-content\/litespeed\/avatar\/41975e402c3049d9ddb03adca8f7a883.jpg?ver=1777169572","caption":"gazetar2"},"url":"https:\/\/www.press7.tv\/?author=8"}]}},"amp_enabled":true,"_links":{"self":[{"href":"https:\/\/www.press7.tv\/index.php?rest_route=\/wp\/v2\/posts\/21883","targetHints":{"allow":["GET"]}}],"collection":[{"href":"https:\/\/www.press7.tv\/index.php?rest_route=\/wp\/v2\/posts"}],"about":[{"href":"https:\/\/www.press7.tv\/index.php?rest_route=\/wp\/v2\/types\/post"}],"author":[{"embeddable":true,"href":"https:\/\/www.press7.tv\/index.php?rest_route=\/wp\/v2\/users\/8"}],"replies":[{"embeddable":true,"href":"https:\/\/www.press7.tv\/index.php?rest_route=%2Fwp%2Fv2%2Fcomments&post=21883"}],"version-history":[{"count":1,"href":"https:\/\/www.press7.tv\/index.php?rest_route=\/wp\/v2\/posts\/21883\/revisions"}],"predecessor-version":[{"id":21885,"href":"https:\/\/www.press7.tv\/index.php?rest_route=\/wp\/v2\/posts\/21883\/revisions\/21885"}],"wp:featuredmedia":[{"embeddable":true,"href":"https:\/\/www.press7.tv\/index.php?rest_route=\/wp\/v2\/media\/21884"}],"wp:attachment":[{"href":"https:\/\/www.press7.tv\/index.php?rest_route=%2Fwp%2Fv2%2Fmedia&parent=21883"}],"wp:term":[{"taxonomy":"category","embeddable":true,"href":"https:\/\/www.press7.tv\/index.php?rest_route=%2Fwp%2Fv2%2Fcategories&post=21883"},{"taxonomy":"post_tag","embeddable":true,"href":"https:\/\/www.press7.tv\/index.php?rest_route=%2Fwp%2Fv2%2Ftags&post=21883"}],"curies":[{"name":"wp","href":"https:\/\/api.w.org\/{rel}","templated":true}]}}