{"id":21873,"date":"2025-09-09T14:33:10","date_gmt":"2025-09-09T14:33:10","guid":{"rendered":"https:\/\/www.press7.tv\/?p=21873"},"modified":"2025-09-09T14:33:10","modified_gmt":"2025-09-09T14:33:10","slug":"levizja-arberia-i-bashkohet-vlen-it-mexhiti-do-te-dalim-bashke-ne-zgjedhje-kjo-eshte-fitore-per-te-gjithe-shqiptaret","status":"publish","type":"post","link":"https:\/\/www.press7.tv\/?p=21873","title":{"rendered":"L\u00ebvizja Arb\u00ebria i bashkohet VLEN-it, Mexhiti: Do t\u00eb dalim bashk\u00eb n\u00eb zgjedhje, kjo \u00ebsht\u00eb fitore p\u00ebr t\u00eb gjith\u00eb shqiptar\u00ebt"},"content":{"rendered":"\n    <div class=\"xs_social_share_widget xs_share_url before_content \t\tmain_content  wslu-style-2 wslu-share-box-shaped wslu-fill-colored wslu-share-m-5 wslu-none wslu-share-vertical wslu-theme-font-no wslu-main_content\">\n\n\t\t\n        <ul>\n\t\t\t        <\/ul>\n    <\/div> \n<p>Koalicioni VLEN dhe L\u00ebvizja Arb\u00ebria n\u00ebnshkruan marr\u00ebveshje t\u00eb bashk\u00ebpunimit p\u00ebr zgjedhjet lokale, p\u00ebrcjell TV21. Kreu i LD-s\u00eb, Izet Mexhiti tha se koalicioni VLEN vazhdimisht po zgjerohet, nd\u00ebrsa theksoi se personalitetet n\u00eb L\u00ebvizjen Arb\u00ebria kan\u00eb hise edhe n\u00eb rezultatin e VLEN n\u00eb zgjedhjet parlamentare, pasi kan\u00eb mb\u00ebshtetur VLEN-in n\u00eb vazhdim\u00ebsi. Bekim Faziliu nga L\u00ebvizja Arb\u00ebria tha se ka pasur proces t\u00eb gjat\u00eb bisedimesh e konsultimesh me qytetar\u00ebt n\u00eb terren p\u00ebr k\u00ebt\u00eb hap.<\/p>\n<p>Prej sot e tutje jemi koalicion i p\u00ebrbashk\u00ebt si VLEN dhe do t\u00eb jemi bashk\u00eb n\u00eb t\u00eb gjitha komunat duke filluar nga Likova deri n\u00eb komun\u00ebn e Strug\u00ebs, pra ju urojm\u00eb mir\u00ebseardhje, ju urojm\u00eb bashk\u00ebpunim t\u00eb sinqert\u00eb, bashk\u00ebpunim v\u00ebllaz\u00ebror edhe pse kjo nuk ka ardhur brenda nat\u00ebs, kemi qen\u00eb n\u00eb komunikim t\u00eb vazhduesh\u00ebm, p\u00ebr hir t\u00eb s\u00eb v\u00ebrtet\u00ebs pra L\u00ebvizja Arb\u00ebria si individ dhe si personalitete na kan\u00eb mb\u00ebshtetur n\u00eb vazhdim\u00ebsi\u201d, tha mes tjerash Mexhiti.<\/p>\n<p>\u201cNuk \u00ebsht\u00eb nj\u00eb hap i thjesht formal, \u00ebsht\u00eb fryt i nj\u00eb procesi t\u00eb gjat\u00eb bisedimesh edhe konsultimesh edhe me strukturat tona dhe me qytetar\u00ebt n\u00eb terren\u201d, shtoi Fazliu.<\/p>\n","protected":false},"excerpt":{"rendered":"<p>Koalicioni VLEN dhe L\u00ebvizja Arb\u00ebria n\u00ebnshkruan marr\u00ebveshje t\u00eb bashk\u00ebpunimit p\u00ebr zgjedhjet lokale, p\u00ebrcjell TV21. Kreu i LD-s\u00eb, Izet Mexhiti tha se koalicioni VLEN vazhdimisht po zgjerohet, nd\u00ebrsa theksoi se personalitetet n\u00eb L\u00ebvizjen Arb\u00ebria kan\u00eb hise edhe n\u00eb rezultatin e VLEN n\u00eb zgjedhjet parlamentare, pasi kan\u00eb mb\u00ebshtetur VLEN-in n\u00eb vazhdim\u00ebsi. Bekim Faziliu nga L\u00ebvizja Arb\u00ebria tha [&hellip;]<\/p>\n","protected":false},"author":8,"featured_media":21874,"comment_status":"closed","ping_status":"closed","sticky":false,"template":"","format":"standard","meta":{"footnotes":""},"categories":[213,214],"tags":[],"class_list":["post-21873","post","type-post","status-publish","format-standard","has-post-thumbnail","hentry","category-lajme","category-maqedoni"],"yoast_head":"<!-- This site is optimized with the Yoast SEO plugin v25.1 - https:\/\/yoast.com\/wordpress\/plugins\/seo\/ -->\n<title>L\u00ebvizja Arb\u00ebria i bashkohet VLEN-it, Mexhiti: Do t\u00eb dalim bashk\u00eb n\u00eb zgjedhje, kjo \u00ebsht\u00eb fitore p\u00ebr t\u00eb gjith\u00eb shqiptar\u00ebt - press7.tv<\/title>\n<meta name=\"robots\" content=\"index, follow, max-snippet:-1, max-image-preview:large, max-video-preview:-1\" \/>\n<link rel=\"canonical\" href=\"https:\/\/www.press7.tv\/?p=21873\" \/>\n<meta property=\"og:locale\" content=\"en_US\" \/>\n<meta property=\"og:type\" content=\"article\" \/>\n<meta property=\"og:title\" content=\"L\u00ebvizja Arb\u00ebria i bashkohet VLEN-it, Mexhiti: Do t\u00eb dalim bashk\u00eb n\u00eb zgjedhje, kjo \u00ebsht\u00eb fitore p\u00ebr t\u00eb gjith\u00eb shqiptar\u00ebt - press7.tv\" \/>\n<meta property=\"og:description\" content=\"Koalicioni VLEN dhe L\u00ebvizja Arb\u00ebria n\u00ebnshkruan marr\u00ebveshje t\u00eb bashk\u00ebpunimit p\u00ebr zgjedhjet lokale, p\u00ebrcjell TV21. Kreu i LD-s\u00eb, Izet Mexhiti tha se koalicioni VLEN vazhdimisht po zgjerohet, nd\u00ebrsa theksoi se personalitetet n\u00eb L\u00ebvizjen Arb\u00ebria kan\u00eb hise edhe n\u00eb rezultatin e VLEN n\u00eb zgjedhjet parlamentare, pasi kan\u00eb mb\u00ebshtetur VLEN-in n\u00eb vazhdim\u00ebsi. Bekim Faziliu nga L\u00ebvizja Arb\u00ebria tha [&hellip;]\" \/>\n<meta property=\"og:url\" content=\"https:\/\/www.press7.tv\/?p=21873\" \/>\n<meta property=\"og:site_name\" content=\"press7.tv\" \/>\n<meta property=\"article:publisher\" content=\"https:\/\/www.facebook.com\/press7.tv\" \/>\n<meta property=\"article:published_time\" content=\"2025-09-09T14:33:10+00:00\" \/>\n<meta property=\"og:image\" content=\"https:\/\/www.press7.tv\/wp-content\/uploads\/2025\/09\/IMG_8627.avif\" \/>\n\t<meta property=\"og:image:width\" content=\"850\" \/>\n\t<meta property=\"og:image:height\" content=\"560\" \/>\n\t<meta property=\"og:image:type\" content=\"image\/webp\" \/>\n<meta name=\"author\" content=\"gazetar2\" \/>\n<meta name=\"twitter:card\" content=\"summary_large_image\" \/>\n<meta name=\"twitter:label1\" content=\"Written by\" \/>\n\t<meta name=\"twitter:data1\" content=\"gazetar2\" \/>\n\t<meta name=\"twitter:label2\" content=\"Est. reading time\" \/>\n\t<meta name=\"twitter:data2\" content=\"1 minute\" \/>\n<script type=\"application\/ld+json\" class=\"yoast-schema-graph\">{\"@context\":\"https:\/\/schema.org\",\"@graph\":[{\"@type\":\"Article\",\"@id\":\"https:\/\/www.press7.tv\/?p=21873#article\",\"isPartOf\":{\"@id\":\"https:\/\/www.press7.tv\/?p=21873\"},\"author\":{\"name\":\"gazetar2\",\"@id\":\"https:\/\/www.news33.tv\/#\/schema\/person\/5a04a38a23ccdba82f9bd665cd8f9efa\"},\"headline\":\"L\u00ebvizja Arb\u00ebria i bashkohet VLEN-it, Mexhiti: Do t\u00eb dalim bashk\u00eb n\u00eb zgjedhje, kjo \u00ebsht\u00eb fitore p\u00ebr t\u00eb gjith\u00eb shqiptar\u00ebt\",\"datePublished\":\"2025-09-09T14:33:10+00:00\",\"mainEntityOfPage\":{\"@id\":\"https:\/\/www.press7.tv\/?p=21873\"},\"wordCount\":233,\"publisher\":{\"@id\":\"https:\/\/www.news33.tv\/#organization\"},\"image\":{\"@id\":\"https:\/\/www.press7.tv\/?p=21873#primaryimage\"},\"thumbnailUrl\":\"https:\/\/www.press7.tv\/wp-content\/uploads\/2025\/09\/IMG_8627.avif\",\"articleSection\":[\"Lajme\",\"Maqedoni\"],\"inLanguage\":\"en-US\"},{\"@type\":\"WebPage\",\"@id\":\"https:\/\/www.press7.tv\/?p=21873\",\"url\":\"https:\/\/www.press7.tv\/?p=21873\",\"name\":\"L\u00ebvizja Arb\u00ebria i bashkohet VLEN-it, Mexhiti: Do t\u00eb dalim bashk\u00eb n\u00eb zgjedhje, kjo \u00ebsht\u00eb fitore p\u00ebr t\u00eb gjith\u00eb shqiptar\u00ebt - press7.tv\",\"isPartOf\":{\"@id\":\"https:\/\/www.news33.tv\/#website\"},\"primaryImageOfPage\":{\"@id\":\"https:\/\/www.press7.tv\/?p=21873#primaryimage\"},\"image\":{\"@id\":\"https:\/\/www.press7.tv\/?p=21873#primaryimage\"},\"thumbnailUrl\":\"https:\/\/www.press7.tv\/wp-content\/uploads\/2025\/09\/IMG_8627.avif\",\"datePublished\":\"2025-09-09T14:33:10+00:00\",\"breadcrumb\":{\"@id\":\"https:\/\/www.press7.tv\/?p=21873#breadcrumb\"},\"inLanguage\":\"en-US\",\"potentialAction\":[{\"@type\":\"ReadAction\",\"target\":[\"https:\/\/www.press7.tv\/?p=21873\"]}]},{\"@type\":\"ImageObject\",\"inLanguage\":\"en-US\",\"@id\":\"https:\/\/www.press7.tv\/?p=21873#primaryimage\",\"url\":\"https:\/\/www.press7.tv\/wp-content\/uploads\/2025\/09\/IMG_8627.avif\",\"contentUrl\":\"https:\/\/www.press7.tv\/wp-content\/uploads\/2025\/09\/IMG_8627.avif\",\"width\":850,\"height\":560},{\"@type\":\"BreadcrumbList\",\"@id\":\"https:\/\/www.press7.tv\/?p=21873#breadcrumb\",\"itemListElement\":[{\"@type\":\"ListItem\",\"position\":1,\"name\":\"Home\",\"item\":\"https:\/\/www.press7.tv\/\"},{\"@type\":\"ListItem\",\"position\":2,\"name\":\"L\u00ebvizja Arb\u00ebria i bashkohet VLEN-it, Mexhiti: Do t\u00eb dalim bashk\u00eb n\u00eb zgjedhje, kjo \u00ebsht\u00eb fitore p\u00ebr t\u00eb gjith\u00eb shqiptar\u00ebt\"}]},{\"@type\":\"WebSite\",\"@id\":\"https:\/\/www.news33.tv\/#website\",\"url\":\"https:\/\/www.news33.tv\/\",\"name\":\"News33.tv Media\",\"description\":\"Media\",\"publisher\":{\"@id\":\"https:\/\/www.news33.tv\/#organization\"},\"potentialAction\":[{\"@type\":\"SearchAction\",\"target\":{\"@type\":\"EntryPoint\",\"urlTemplate\":\"https:\/\/www.news33.tv\/?s={search_term_string}\"},\"query-input\":{\"@type\":\"PropertyValueSpecification\",\"valueRequired\":true,\"valueName\":\"search_term_string\"}}],\"inLanguage\":\"en-US\"},{\"@type\":\"Organization\",\"@id\":\"https:\/\/www.news33.tv\/#organization\",\"name\":\"News33.tv Media\",\"url\":\"https:\/\/www.news33.tv\/\",\"logo\":{\"@type\":\"ImageObject\",\"inLanguage\":\"en-US\",\"@id\":\"https:\/\/www.news33.tv\/#\/schema\/logo\/image\/\",\"url\":\"https:\/\/www.press7.tv\/wp-content\/uploads\/2024\/02\/logo-news33-black.png\",\"contentUrl\":\"https:\/\/www.press7.tv\/wp-content\/uploads\/2024\/02\/logo-news33-black.png\",\"width\":180,\"height\":37,\"caption\":\"News33.tv Media\"},\"image\":{\"@id\":\"https:\/\/www.news33.tv\/#\/schema\/logo\/image\/\"},\"sameAs\":[\"https:\/\/www.facebook.com\/press7.tv\"]},{\"@type\":\"Person\",\"@id\":\"https:\/\/www.news33.tv\/#\/schema\/person\/5a04a38a23ccdba82f9bd665cd8f9efa\",\"name\":\"gazetar2\",\"image\":{\"@type\":\"ImageObject\",\"inLanguage\":\"en-US\",\"@id\":\"https:\/\/www.news33.tv\/#\/schema\/person\/image\/\",\"url\":\"https:\/\/www.press7.tv\/wp-content\/litespeed\/avatar\/41975e402c3049d9ddb03adca8f7a883.jpg?ver=1777169572\",\"contentUrl\":\"https:\/\/www.press7.tv\/wp-content\/litespeed\/avatar\/41975e402c3049d9ddb03adca8f7a883.jpg?ver=1777169572\",\"caption\":\"gazetar2\"},\"url\":\"https:\/\/www.press7.tv\/?author=8\"}]}<\/script>\n<!-- \/ Yoast SEO plugin. -->","yoast_head_json":{"title":"L\u00ebvizja Arb\u00ebria i bashkohet VLEN-it, Mexhiti: Do t\u00eb dalim bashk\u00eb n\u00eb zgjedhje, kjo \u00ebsht\u00eb fitore p\u00ebr t\u00eb gjith\u00eb shqiptar\u00ebt - press7.tv","robots":{"index":"index","follow":"follow","max-snippet":"max-snippet:-1","max-image-preview":"max-image-preview:large","max-video-preview":"max-video-preview:-1"},"canonical":"https:\/\/www.press7.tv\/?p=21873","og_locale":"en_US","og_type":"article","og_title":"L\u00ebvizja Arb\u00ebria i bashkohet VLEN-it, Mexhiti: Do t\u00eb dalim bashk\u00eb n\u00eb zgjedhje, kjo \u00ebsht\u00eb fitore p\u00ebr t\u00eb gjith\u00eb shqiptar\u00ebt - press7.tv","og_description":"Koalicioni VLEN dhe L\u00ebvizja Arb\u00ebria n\u00ebnshkruan marr\u00ebveshje t\u00eb bashk\u00ebpunimit p\u00ebr zgjedhjet lokale, p\u00ebrcjell TV21. Kreu i LD-s\u00eb, Izet Mexhiti tha se koalicioni VLEN vazhdimisht po zgjerohet, nd\u00ebrsa theksoi se personalitetet n\u00eb L\u00ebvizjen Arb\u00ebria kan\u00eb hise edhe n\u00eb rezultatin e VLEN n\u00eb zgjedhjet parlamentare, pasi kan\u00eb mb\u00ebshtetur VLEN-in n\u00eb vazhdim\u00ebsi. Bekim Faziliu nga L\u00ebvizja Arb\u00ebria tha [&hellip;]","og_url":"https:\/\/www.press7.tv\/?p=21873","og_site_name":"press7.tv","article_publisher":"https:\/\/www.facebook.com\/press7.tv","article_published_time":"2025-09-09T14:33:10+00:00","og_image":[{"width":850,"height":560,"url":"https:\/\/www.press7.tv\/wp-content\/uploads\/2025\/09\/IMG_8627.avif","type":"image\/webp"}],"author":"gazetar2","twitter_card":"summary_large_image","twitter_misc":{"Written by":"gazetar2","Est. reading time":"1 minute"},"schema":{"@context":"https:\/\/schema.org","@graph":[{"@type":"Article","@id":"https:\/\/www.press7.tv\/?p=21873#article","isPartOf":{"@id":"https:\/\/www.press7.tv\/?p=21873"},"author":{"name":"gazetar2","@id":"https:\/\/www.news33.tv\/#\/schema\/person\/5a04a38a23ccdba82f9bd665cd8f9efa"},"headline":"L\u00ebvizja Arb\u00ebria i bashkohet VLEN-it, Mexhiti: Do t\u00eb dalim bashk\u00eb n\u00eb zgjedhje, kjo \u00ebsht\u00eb fitore p\u00ebr t\u00eb gjith\u00eb shqiptar\u00ebt","datePublished":"2025-09-09T14:33:10+00:00","mainEntityOfPage":{"@id":"https:\/\/www.press7.tv\/?p=21873"},"wordCount":233,"publisher":{"@id":"https:\/\/www.news33.tv\/#organization"},"image":{"@id":"https:\/\/www.press7.tv\/?p=21873#primaryimage"},"thumbnailUrl":"https:\/\/www.press7.tv\/wp-content\/uploads\/2025\/09\/IMG_8627.avif","articleSection":["Lajme","Maqedoni"],"inLanguage":"en-US"},{"@type":"WebPage","@id":"https:\/\/www.press7.tv\/?p=21873","url":"https:\/\/www.press7.tv\/?p=21873","name":"L\u00ebvizja Arb\u00ebria i bashkohet VLEN-it, Mexhiti: Do t\u00eb dalim bashk\u00eb n\u00eb zgjedhje, kjo \u00ebsht\u00eb fitore p\u00ebr t\u00eb gjith\u00eb shqiptar\u00ebt - press7.tv","isPartOf":{"@id":"https:\/\/www.news33.tv\/#website"},"primaryImageOfPage":{"@id":"https:\/\/www.press7.tv\/?p=21873#primaryimage"},"image":{"@id":"https:\/\/www.press7.tv\/?p=21873#primaryimage"},"thumbnailUrl":"https:\/\/www.press7.tv\/wp-content\/uploads\/2025\/09\/IMG_8627.avif","datePublished":"2025-09-09T14:33:10+00:00","breadcrumb":{"@id":"https:\/\/www.press7.tv\/?p=21873#breadcrumb"},"inLanguage":"en-US","potentialAction":[{"@type":"ReadAction","target":["https:\/\/www.press7.tv\/?p=21873"]}]},{"@type":"ImageObject","inLanguage":"en-US","@id":"https:\/\/www.press7.tv\/?p=21873#primaryimage","url":"https:\/\/www.press7.tv\/wp-content\/uploads\/2025\/09\/IMG_8627.avif","contentUrl":"https:\/\/www.press7.tv\/wp-content\/uploads\/2025\/09\/IMG_8627.avif","width":850,"height":560},{"@type":"BreadcrumbList","@id":"https:\/\/www.press7.tv\/?p=21873#breadcrumb","itemListElement":[{"@type":"ListItem","position":1,"name":"Home","item":"https:\/\/www.press7.tv\/"},{"@type":"ListItem","position":2,"name":"L\u00ebvizja Arb\u00ebria i bashkohet VLEN-it, Mexhiti: Do t\u00eb dalim bashk\u00eb n\u00eb zgjedhje, kjo \u00ebsht\u00eb fitore p\u00ebr t\u00eb gjith\u00eb shqiptar\u00ebt"}]},{"@type":"WebSite","@id":"https:\/\/www.news33.tv\/#website","url":"https:\/\/www.news33.tv\/","name":"News33.tv Media","description":"Media","publisher":{"@id":"https:\/\/www.news33.tv\/#organization"},"potentialAction":[{"@type":"SearchAction","target":{"@type":"EntryPoint","urlTemplate":"https:\/\/www.news33.tv\/?s={search_term_string}"},"query-input":{"@type":"PropertyValueSpecification","valueRequired":true,"valueName":"search_term_string"}}],"inLanguage":"en-US"},{"@type":"Organization","@id":"https:\/\/www.news33.tv\/#organization","name":"News33.tv Media","url":"https:\/\/www.news33.tv\/","logo":{"@type":"ImageObject","inLanguage":"en-US","@id":"https:\/\/www.news33.tv\/#\/schema\/logo\/image\/","url":"https:\/\/www.press7.tv\/wp-content\/uploads\/2024\/02\/logo-news33-black.png","contentUrl":"https:\/\/www.press7.tv\/wp-content\/uploads\/2024\/02\/logo-news33-black.png","width":180,"height":37,"caption":"News33.tv Media"},"image":{"@id":"https:\/\/www.news33.tv\/#\/schema\/logo\/image\/"},"sameAs":["https:\/\/www.facebook.com\/press7.tv"]},{"@type":"Person","@id":"https:\/\/www.news33.tv\/#\/schema\/person\/5a04a38a23ccdba82f9bd665cd8f9efa","name":"gazetar2","image":{"@type":"ImageObject","inLanguage":"en-US","@id":"https:\/\/www.news33.tv\/#\/schema\/person\/image\/","url":"https:\/\/www.press7.tv\/wp-content\/litespeed\/avatar\/41975e402c3049d9ddb03adca8f7a883.jpg?ver=1777169572","contentUrl":"https:\/\/www.press7.tv\/wp-content\/litespeed\/avatar\/41975e402c3049d9ddb03adca8f7a883.jpg?ver=1777169572","caption":"gazetar2"},"url":"https:\/\/www.press7.tv\/?author=8"}]}},"amp_enabled":true,"_links":{"self":[{"href":"https:\/\/www.press7.tv\/index.php?rest_route=\/wp\/v2\/posts\/21873","targetHints":{"allow":["GET"]}}],"collection":[{"href":"https:\/\/www.press7.tv\/index.php?rest_route=\/wp\/v2\/posts"}],"about":[{"href":"https:\/\/www.press7.tv\/index.php?rest_route=\/wp\/v2\/types\/post"}],"author":[{"embeddable":true,"href":"https:\/\/www.press7.tv\/index.php?rest_route=\/wp\/v2\/users\/8"}],"replies":[{"embeddable":true,"href":"https:\/\/www.press7.tv\/index.php?rest_route=%2Fwp%2Fv2%2Fcomments&post=21873"}],"version-history":[{"count":1,"href":"https:\/\/www.press7.tv\/index.php?rest_route=\/wp\/v2\/posts\/21873\/revisions"}],"predecessor-version":[{"id":21875,"href":"https:\/\/www.press7.tv\/index.php?rest_route=\/wp\/v2\/posts\/21873\/revisions\/21875"}],"wp:featuredmedia":[{"embeddable":true,"href":"https:\/\/www.press7.tv\/index.php?rest_route=\/wp\/v2\/media\/21874"}],"wp:attachment":[{"href":"https:\/\/www.press7.tv\/index.php?rest_route=%2Fwp%2Fv2%2Fmedia&parent=21873"}],"wp:term":[{"taxonomy":"category","embeddable":true,"href":"https:\/\/www.press7.tv\/index.php?rest_route=%2Fwp%2Fv2%2Fcategories&post=21873"},{"taxonomy":"post_tag","embeddable":true,"href":"https:\/\/www.press7.tv\/index.php?rest_route=%2Fwp%2Fv2%2Ftags&post=21873"}],"curies":[{"name":"wp","href":"https:\/\/api.w.org\/{rel}","templated":true}]}}