{"id":21867,"date":"2025-09-09T10:44:10","date_gmt":"2025-09-09T10:44:10","guid":{"rendered":"https:\/\/www.press7.tv\/?p=21867"},"modified":"2025-09-09T10:44:10","modified_gmt":"2025-09-09T10:44:10","slug":"vlen-dhe-levizja-arberia-nenshkruajne-marreveshje-bashkepunimi-per-zgjedhjet-lokale","status":"publish","type":"post","link":"https:\/\/www.press7.tv\/?p=21867","title":{"rendered":"VLEN dhe L\u00ebvizja Arb\u00ebria n\u00ebnshkruajn\u00eb marr\u00ebveshje bashk\u00ebpunimi p\u00ebr zgjedhjet lokale"},"content":{"rendered":"\n    <div class=\"xs_social_share_widget xs_share_url before_content \t\tmain_content  wslu-style-2 wslu-share-box-shaped wslu-fill-colored wslu-share-m-5 wslu-none wslu-share-vertical wslu-theme-font-no wslu-main_content\">\n\n\t\t\n        <ul>\n\t\t\t        <\/ul>\n    <\/div> \n<p>Sot, VLEN njofton se \u00ebsht\u00eb n\u00ebnshkruar nj\u00eb marr\u00ebveshje bashk\u00ebpunimi me L\u00ebvizjen Arb\u00ebria, t\u00eb udh\u00ebhequr nga ish-deputet\u00ebt Bekim Fazliu, Merale Ferati, Gazmend Aliji dhe Orhan Ibrahimi, si dhe personalitete t\u00eb tjera me ndikim n\u00eb sken\u00ebn politike.<\/p>\n<p>Sipas VLEN-it, ky akt \u00ebsht\u00eb nj\u00eb d\u00ebshmi e qart\u00eb se jehona e fitores s\u00eb madhe t\u00eb 19 tetorit po rritet \u00e7do dit\u00eb dhe po dominon n\u00eb \u00e7do cep t\u00eb vendit. Marr\u00ebveshja, theksojn\u00eb ata, \u00ebsht\u00eb vulosja e sigurt e ndryshimit, fitorja e qytetar\u00ebve mbi padrejt\u00ebsit\u00eb dhe garancia se krimi dhe korrupsioni do t\u00eb shkat\u00ebrrohen nj\u00ebher\u00eb e p\u00ebrgjithmon\u00eb.<\/p>\n<p>VLEN shton se komunat nuk do t\u00eb jen\u00eb m\u00eb pron\u00eb e BDI-s\u00eb s\u00eb kapur nga korrupsioni dhe \u201cnon gratat\u201d. Nga 19 tetori, ato do t\u2019u kthehen qytetar\u00ebve me nj\u00eb pushtet lokal t\u00eb ndersh\u00ebm, transparent dhe t\u00eb p\u00ebrkushtuar p\u00ebr zhvillim.<\/p>\n<p>Sipas VLEN-it, kjo marr\u00ebveshje p\u00ebrfaq\u00ebson nj\u00eb hap t\u00eb madh drejt fitores s\u00eb p\u00ebrbashk\u00ebt dhe nd\u00ebrtimit t\u00eb nj\u00eb t\u00eb ardhmeje evropiane, t\u00eb lir\u00eb nga krimi, korrupsioni dhe padrejt\u00ebsit\u00eb q\u00eb p\u00ebr vite me radh\u00eb i mbajti gjall\u00eb regjimi i BDI-s\u00eb.<\/p>\n<p><a href=\"https:\/\/www.facebook.com\/koalicionivlen\/posts\/122221144706251182?ref=embed_post\">https:\/\/www.facebook.com\/koalicionivlen\/posts\/122221144706251182?ref=embed_post<\/a><\/p>\n","protected":false},"excerpt":{"rendered":"<p>Sot, VLEN njofton se \u00ebsht\u00eb n\u00ebnshkruar nj\u00eb marr\u00ebveshje bashk\u00ebpunimi me L\u00ebvizjen Arb\u00ebria, t\u00eb udh\u00ebhequr nga ish-deputet\u00ebt Bekim Fazliu, Merale Ferati, Gazmend Aliji dhe Orhan Ibrahimi, si dhe personalitete t\u00eb tjera me ndikim n\u00eb sken\u00ebn politike. Sipas VLEN-it, ky akt \u00ebsht\u00eb nj\u00eb d\u00ebshmi e qart\u00eb se jehona e fitores s\u00eb madhe t\u00eb 19 tetorit po rritet [&hellip;]<\/p>\n","protected":false},"author":8,"featured_media":21868,"comment_status":"closed","ping_status":"closed","sticky":false,"template":"","format":"standard","meta":{"footnotes":""},"categories":[213,214],"tags":[],"class_list":["post-21867","post","type-post","status-publish","format-standard","has-post-thumbnail","hentry","category-lajme","category-maqedoni"],"yoast_head":"<!-- This site is optimized with the Yoast SEO plugin v25.1 - https:\/\/yoast.com\/wordpress\/plugins\/seo\/ -->\n<title>VLEN dhe L\u00ebvizja Arb\u00ebria n\u00ebnshkruajn\u00eb marr\u00ebveshje bashk\u00ebpunimi p\u00ebr zgjedhjet lokale - press7.tv<\/title>\n<meta name=\"robots\" content=\"index, follow, max-snippet:-1, max-image-preview:large, max-video-preview:-1\" \/>\n<link rel=\"canonical\" href=\"https:\/\/www.press7.tv\/?p=21867\" \/>\n<meta property=\"og:locale\" content=\"en_US\" \/>\n<meta property=\"og:type\" content=\"article\" \/>\n<meta property=\"og:title\" content=\"VLEN dhe L\u00ebvizja Arb\u00ebria n\u00ebnshkruajn\u00eb marr\u00ebveshje bashk\u00ebpunimi p\u00ebr zgjedhjet lokale - press7.tv\" \/>\n<meta property=\"og:description\" content=\"Sot, VLEN njofton se \u00ebsht\u00eb n\u00ebnshkruar nj\u00eb marr\u00ebveshje bashk\u00ebpunimi me L\u00ebvizjen Arb\u00ebria, t\u00eb udh\u00ebhequr nga ish-deputet\u00ebt Bekim Fazliu, Merale Ferati, Gazmend Aliji dhe Orhan Ibrahimi, si dhe personalitete t\u00eb tjera me ndikim n\u00eb sken\u00ebn politike. Sipas VLEN-it, ky akt \u00ebsht\u00eb nj\u00eb d\u00ebshmi e qart\u00eb se jehona e fitores s\u00eb madhe t\u00eb 19 tetorit po rritet [&hellip;]\" \/>\n<meta property=\"og:url\" content=\"https:\/\/www.press7.tv\/?p=21867\" \/>\n<meta property=\"og:site_name\" content=\"press7.tv\" \/>\n<meta property=\"article:publisher\" content=\"https:\/\/www.facebook.com\/press7.tv\" \/>\n<meta property=\"article:published_time\" content=\"2025-09-09T10:44:10+00:00\" \/>\n<meta property=\"og:image\" content=\"https:\/\/www.press7.tv\/wp-content\/uploads\/2025\/09\/IMG_8618.avif\" \/>\n\t<meta property=\"og:image:width\" content=\"1367\" \/>\n\t<meta property=\"og:image:height\" content=\"859\" \/>\n\t<meta property=\"og:image:type\" content=\"image\/jpeg\" \/>\n<meta name=\"author\" content=\"gazetar2\" \/>\n<meta name=\"twitter:card\" content=\"summary_large_image\" \/>\n<meta name=\"twitter:label1\" content=\"Written by\" \/>\n\t<meta name=\"twitter:data1\" content=\"gazetar2\" \/>\n\t<meta name=\"twitter:label2\" content=\"Est. reading time\" \/>\n\t<meta name=\"twitter:data2\" content=\"1 minute\" \/>\n<script type=\"application\/ld+json\" class=\"yoast-schema-graph\">{\"@context\":\"https:\/\/schema.org\",\"@graph\":[{\"@type\":\"Article\",\"@id\":\"https:\/\/www.press7.tv\/?p=21867#article\",\"isPartOf\":{\"@id\":\"https:\/\/www.press7.tv\/?p=21867\"},\"author\":{\"name\":\"gazetar2\",\"@id\":\"https:\/\/www.news33.tv\/#\/schema\/person\/5a04a38a23ccdba82f9bd665cd8f9efa\"},\"headline\":\"VLEN dhe L\u00ebvizja Arb\u00ebria n\u00ebnshkruajn\u00eb marr\u00ebveshje bashk\u00ebpunimi p\u00ebr zgjedhjet lokale\",\"datePublished\":\"2025-09-09T10:44:10+00:00\",\"mainEntityOfPage\":{\"@id\":\"https:\/\/www.press7.tv\/?p=21867\"},\"wordCount\":219,\"publisher\":{\"@id\":\"https:\/\/www.news33.tv\/#organization\"},\"image\":{\"@id\":\"https:\/\/www.press7.tv\/?p=21867#primaryimage\"},\"thumbnailUrl\":\"https:\/\/www.press7.tv\/wp-content\/uploads\/2025\/09\/IMG_8618.avif\",\"articleSection\":[\"Lajme\",\"Maqedoni\"],\"inLanguage\":\"en-US\"},{\"@type\":\"WebPage\",\"@id\":\"https:\/\/www.press7.tv\/?p=21867\",\"url\":\"https:\/\/www.press7.tv\/?p=21867\",\"name\":\"VLEN dhe L\u00ebvizja Arb\u00ebria n\u00ebnshkruajn\u00eb marr\u00ebveshje bashk\u00ebpunimi p\u00ebr zgjedhjet lokale - press7.tv\",\"isPartOf\":{\"@id\":\"https:\/\/www.news33.tv\/#website\"},\"primaryImageOfPage\":{\"@id\":\"https:\/\/www.press7.tv\/?p=21867#primaryimage\"},\"image\":{\"@id\":\"https:\/\/www.press7.tv\/?p=21867#primaryimage\"},\"thumbnailUrl\":\"https:\/\/www.press7.tv\/wp-content\/uploads\/2025\/09\/IMG_8618.avif\",\"datePublished\":\"2025-09-09T10:44:10+00:00\",\"breadcrumb\":{\"@id\":\"https:\/\/www.press7.tv\/?p=21867#breadcrumb\"},\"inLanguage\":\"en-US\",\"potentialAction\":[{\"@type\":\"ReadAction\",\"target\":[\"https:\/\/www.press7.tv\/?p=21867\"]}]},{\"@type\":\"ImageObject\",\"inLanguage\":\"en-US\",\"@id\":\"https:\/\/www.press7.tv\/?p=21867#primaryimage\",\"url\":\"https:\/\/www.press7.tv\/wp-content\/uploads\/2025\/09\/IMG_8618.avif\",\"contentUrl\":\"https:\/\/www.press7.tv\/wp-content\/uploads\/2025\/09\/IMG_8618.avif\",\"width\":1367,\"height\":859},{\"@type\":\"BreadcrumbList\",\"@id\":\"https:\/\/www.press7.tv\/?p=21867#breadcrumb\",\"itemListElement\":[{\"@type\":\"ListItem\",\"position\":1,\"name\":\"Home\",\"item\":\"https:\/\/www.press7.tv\/\"},{\"@type\":\"ListItem\",\"position\":2,\"name\":\"VLEN dhe L\u00ebvizja Arb\u00ebria n\u00ebnshkruajn\u00eb marr\u00ebveshje bashk\u00ebpunimi p\u00ebr zgjedhjet lokale\"}]},{\"@type\":\"WebSite\",\"@id\":\"https:\/\/www.news33.tv\/#website\",\"url\":\"https:\/\/www.news33.tv\/\",\"name\":\"News33.tv Media\",\"description\":\"Media\",\"publisher\":{\"@id\":\"https:\/\/www.news33.tv\/#organization\"},\"potentialAction\":[{\"@type\":\"SearchAction\",\"target\":{\"@type\":\"EntryPoint\",\"urlTemplate\":\"https:\/\/www.news33.tv\/?s={search_term_string}\"},\"query-input\":{\"@type\":\"PropertyValueSpecification\",\"valueRequired\":true,\"valueName\":\"search_term_string\"}}],\"inLanguage\":\"en-US\"},{\"@type\":\"Organization\",\"@id\":\"https:\/\/www.news33.tv\/#organization\",\"name\":\"News33.tv Media\",\"url\":\"https:\/\/www.news33.tv\/\",\"logo\":{\"@type\":\"ImageObject\",\"inLanguage\":\"en-US\",\"@id\":\"https:\/\/www.news33.tv\/#\/schema\/logo\/image\/\",\"url\":\"https:\/\/www.press7.tv\/wp-content\/uploads\/2024\/02\/logo-news33-black.png\",\"contentUrl\":\"https:\/\/www.press7.tv\/wp-content\/uploads\/2024\/02\/logo-news33-black.png\",\"width\":180,\"height\":37,\"caption\":\"News33.tv Media\"},\"image\":{\"@id\":\"https:\/\/www.news33.tv\/#\/schema\/logo\/image\/\"},\"sameAs\":[\"https:\/\/www.facebook.com\/press7.tv\"]},{\"@type\":\"Person\",\"@id\":\"https:\/\/www.news33.tv\/#\/schema\/person\/5a04a38a23ccdba82f9bd665cd8f9efa\",\"name\":\"gazetar2\",\"image\":{\"@type\":\"ImageObject\",\"inLanguage\":\"en-US\",\"@id\":\"https:\/\/www.news33.tv\/#\/schema\/person\/image\/\",\"url\":\"https:\/\/www.press7.tv\/wp-content\/litespeed\/avatar\/41975e402c3049d9ddb03adca8f7a883.jpg?ver=1777169572\",\"contentUrl\":\"https:\/\/www.press7.tv\/wp-content\/litespeed\/avatar\/41975e402c3049d9ddb03adca8f7a883.jpg?ver=1777169572\",\"caption\":\"gazetar2\"},\"url\":\"https:\/\/www.press7.tv\/?author=8\"}]}<\/script>\n<!-- \/ Yoast SEO plugin. -->","yoast_head_json":{"title":"VLEN dhe L\u00ebvizja Arb\u00ebria n\u00ebnshkruajn\u00eb marr\u00ebveshje bashk\u00ebpunimi p\u00ebr zgjedhjet lokale - press7.tv","robots":{"index":"index","follow":"follow","max-snippet":"max-snippet:-1","max-image-preview":"max-image-preview:large","max-video-preview":"max-video-preview:-1"},"canonical":"https:\/\/www.press7.tv\/?p=21867","og_locale":"en_US","og_type":"article","og_title":"VLEN dhe L\u00ebvizja Arb\u00ebria n\u00ebnshkruajn\u00eb marr\u00ebveshje bashk\u00ebpunimi p\u00ebr zgjedhjet lokale - press7.tv","og_description":"Sot, VLEN njofton se \u00ebsht\u00eb n\u00ebnshkruar nj\u00eb marr\u00ebveshje bashk\u00ebpunimi me L\u00ebvizjen Arb\u00ebria, t\u00eb udh\u00ebhequr nga ish-deputet\u00ebt Bekim Fazliu, Merale Ferati, Gazmend Aliji dhe Orhan Ibrahimi, si dhe personalitete t\u00eb tjera me ndikim n\u00eb sken\u00ebn politike. Sipas VLEN-it, ky akt \u00ebsht\u00eb nj\u00eb d\u00ebshmi e qart\u00eb se jehona e fitores s\u00eb madhe t\u00eb 19 tetorit po rritet [&hellip;]","og_url":"https:\/\/www.press7.tv\/?p=21867","og_site_name":"press7.tv","article_publisher":"https:\/\/www.facebook.com\/press7.tv","article_published_time":"2025-09-09T10:44:10+00:00","og_image":[{"width":1367,"height":859,"url":"https:\/\/www.press7.tv\/wp-content\/uploads\/2025\/09\/IMG_8618.avif","type":"image\/jpeg"}],"author":"gazetar2","twitter_card":"summary_large_image","twitter_misc":{"Written by":"gazetar2","Est. reading time":"1 minute"},"schema":{"@context":"https:\/\/schema.org","@graph":[{"@type":"Article","@id":"https:\/\/www.press7.tv\/?p=21867#article","isPartOf":{"@id":"https:\/\/www.press7.tv\/?p=21867"},"author":{"name":"gazetar2","@id":"https:\/\/www.news33.tv\/#\/schema\/person\/5a04a38a23ccdba82f9bd665cd8f9efa"},"headline":"VLEN dhe L\u00ebvizja Arb\u00ebria n\u00ebnshkruajn\u00eb marr\u00ebveshje bashk\u00ebpunimi p\u00ebr zgjedhjet lokale","datePublished":"2025-09-09T10:44:10+00:00","mainEntityOfPage":{"@id":"https:\/\/www.press7.tv\/?p=21867"},"wordCount":219,"publisher":{"@id":"https:\/\/www.news33.tv\/#organization"},"image":{"@id":"https:\/\/www.press7.tv\/?p=21867#primaryimage"},"thumbnailUrl":"https:\/\/www.press7.tv\/wp-content\/uploads\/2025\/09\/IMG_8618.avif","articleSection":["Lajme","Maqedoni"],"inLanguage":"en-US"},{"@type":"WebPage","@id":"https:\/\/www.press7.tv\/?p=21867","url":"https:\/\/www.press7.tv\/?p=21867","name":"VLEN dhe L\u00ebvizja Arb\u00ebria n\u00ebnshkruajn\u00eb marr\u00ebveshje bashk\u00ebpunimi p\u00ebr zgjedhjet lokale - press7.tv","isPartOf":{"@id":"https:\/\/www.news33.tv\/#website"},"primaryImageOfPage":{"@id":"https:\/\/www.press7.tv\/?p=21867#primaryimage"},"image":{"@id":"https:\/\/www.press7.tv\/?p=21867#primaryimage"},"thumbnailUrl":"https:\/\/www.press7.tv\/wp-content\/uploads\/2025\/09\/IMG_8618.avif","datePublished":"2025-09-09T10:44:10+00:00","breadcrumb":{"@id":"https:\/\/www.press7.tv\/?p=21867#breadcrumb"},"inLanguage":"en-US","potentialAction":[{"@type":"ReadAction","target":["https:\/\/www.press7.tv\/?p=21867"]}]},{"@type":"ImageObject","inLanguage":"en-US","@id":"https:\/\/www.press7.tv\/?p=21867#primaryimage","url":"https:\/\/www.press7.tv\/wp-content\/uploads\/2025\/09\/IMG_8618.avif","contentUrl":"https:\/\/www.press7.tv\/wp-content\/uploads\/2025\/09\/IMG_8618.avif","width":1367,"height":859},{"@type":"BreadcrumbList","@id":"https:\/\/www.press7.tv\/?p=21867#breadcrumb","itemListElement":[{"@type":"ListItem","position":1,"name":"Home","item":"https:\/\/www.press7.tv\/"},{"@type":"ListItem","position":2,"name":"VLEN dhe L\u00ebvizja Arb\u00ebria n\u00ebnshkruajn\u00eb marr\u00ebveshje bashk\u00ebpunimi p\u00ebr zgjedhjet lokale"}]},{"@type":"WebSite","@id":"https:\/\/www.news33.tv\/#website","url":"https:\/\/www.news33.tv\/","name":"News33.tv Media","description":"Media","publisher":{"@id":"https:\/\/www.news33.tv\/#organization"},"potentialAction":[{"@type":"SearchAction","target":{"@type":"EntryPoint","urlTemplate":"https:\/\/www.news33.tv\/?s={search_term_string}"},"query-input":{"@type":"PropertyValueSpecification","valueRequired":true,"valueName":"search_term_string"}}],"inLanguage":"en-US"},{"@type":"Organization","@id":"https:\/\/www.news33.tv\/#organization","name":"News33.tv Media","url":"https:\/\/www.news33.tv\/","logo":{"@type":"ImageObject","inLanguage":"en-US","@id":"https:\/\/www.news33.tv\/#\/schema\/logo\/image\/","url":"https:\/\/www.press7.tv\/wp-content\/uploads\/2024\/02\/logo-news33-black.png","contentUrl":"https:\/\/www.press7.tv\/wp-content\/uploads\/2024\/02\/logo-news33-black.png","width":180,"height":37,"caption":"News33.tv Media"},"image":{"@id":"https:\/\/www.news33.tv\/#\/schema\/logo\/image\/"},"sameAs":["https:\/\/www.facebook.com\/press7.tv"]},{"@type":"Person","@id":"https:\/\/www.news33.tv\/#\/schema\/person\/5a04a38a23ccdba82f9bd665cd8f9efa","name":"gazetar2","image":{"@type":"ImageObject","inLanguage":"en-US","@id":"https:\/\/www.news33.tv\/#\/schema\/person\/image\/","url":"https:\/\/www.press7.tv\/wp-content\/litespeed\/avatar\/41975e402c3049d9ddb03adca8f7a883.jpg?ver=1777169572","contentUrl":"https:\/\/www.press7.tv\/wp-content\/litespeed\/avatar\/41975e402c3049d9ddb03adca8f7a883.jpg?ver=1777169572","caption":"gazetar2"},"url":"https:\/\/www.press7.tv\/?author=8"}]}},"amp_enabled":true,"_links":{"self":[{"href":"https:\/\/www.press7.tv\/index.php?rest_route=\/wp\/v2\/posts\/21867","targetHints":{"allow":["GET"]}}],"collection":[{"href":"https:\/\/www.press7.tv\/index.php?rest_route=\/wp\/v2\/posts"}],"about":[{"href":"https:\/\/www.press7.tv\/index.php?rest_route=\/wp\/v2\/types\/post"}],"author":[{"embeddable":true,"href":"https:\/\/www.press7.tv\/index.php?rest_route=\/wp\/v2\/users\/8"}],"replies":[{"embeddable":true,"href":"https:\/\/www.press7.tv\/index.php?rest_route=%2Fwp%2Fv2%2Fcomments&post=21867"}],"version-history":[{"count":1,"href":"https:\/\/www.press7.tv\/index.php?rest_route=\/wp\/v2\/posts\/21867\/revisions"}],"predecessor-version":[{"id":21869,"href":"https:\/\/www.press7.tv\/index.php?rest_route=\/wp\/v2\/posts\/21867\/revisions\/21869"}],"wp:featuredmedia":[{"embeddable":true,"href":"https:\/\/www.press7.tv\/index.php?rest_route=\/wp\/v2\/media\/21868"}],"wp:attachment":[{"href":"https:\/\/www.press7.tv\/index.php?rest_route=%2Fwp%2Fv2%2Fmedia&parent=21867"}],"wp:term":[{"taxonomy":"category","embeddable":true,"href":"https:\/\/www.press7.tv\/index.php?rest_route=%2Fwp%2Fv2%2Fcategories&post=21867"},{"taxonomy":"post_tag","embeddable":true,"href":"https:\/\/www.press7.tv\/index.php?rest_route=%2Fwp%2Fv2%2Ftags&post=21867"}],"curies":[{"name":"wp","href":"https:\/\/api.w.org\/{rel}","templated":true}]}}