{"id":21864,"date":"2025-09-08T19:49:54","date_gmt":"2025-09-08T19:49:54","guid":{"rendered":"https:\/\/www.press7.tv\/?p=21864"},"modified":"2025-09-08T19:49:54","modified_gmt":"2025-09-08T19:49:54","slug":"rama-me-komandantin-e-marines-amerikane-shqiperia-rilind-industrine-ushtarake","status":"publish","type":"post","link":"https:\/\/www.press7.tv\/?p=21864","title":{"rendered":"Rama me komandantin e marin\u00ebs amerikane: Shqip\u00ebria rilind industrin\u00eb ushtarake"},"content":{"rendered":"\n    <div class=\"xs_social_share_widget xs_share_url before_content \t\tmain_content  wslu-style-2 wslu-share-box-shaped wslu-fill-colored wslu-share-m-5 wslu-none wslu-share-vertical wslu-theme-font-no wslu-main_content\">\n\n\t\t\n        <ul>\n\t\t\t        <\/ul>\n    <\/div> \n<p>Kryeministri Edi Rama \u00ebsht\u00eb takuar me Komandantin e Forcave Detare t\u00eb Shteteve t\u00eb Bashkuara n\u00eb Europ\u00eb dhe Afrik\u00eb, Admiralin Stuart B. Munsch, n\u00eb kuad\u00ebr t\u00eb nismave q\u00eb Shqip\u00ebria po nd\u00ebrmerr p\u00ebr rilindjen e industris\u00eb ushtarake dhe forcimin e bashk\u00ebpunimit strategjik me SHBA.<\/p>\n<p>Rama tha se diskutimi u fokusua edhe tek projektet madhore t\u00eb infrastruktur\u00ebs, si Korridori VIII dhe Porti i Ri i Durr\u00ebsit, t\u00eb cilat do ta shnd\u00ebrrojn\u00eb Shqip\u00ebrin\u00eb n\u00eb nj\u00eb pik\u00eb ky\u00e7e t\u00eb siguris\u00eb dhe ekonomis\u00eb rajonale.<\/p>\n<p>Ky takim shihet si nj\u00eb tjet\u00ebr hap drejt konsolidimit t\u00eb rolit t\u00eb Shqip\u00ebris\u00eb si partner i besuesh\u00ebm i Shteteve t\u00eb Bashkuara dhe NATO-s n\u00eb Mesdheun lindor. (INA)<\/p>\n","protected":false},"excerpt":{"rendered":"<p>Kryeministri Edi Rama \u00ebsht\u00eb takuar me Komandantin e Forcave Detare t\u00eb Shteteve t\u00eb Bashkuara n\u00eb Europ\u00eb dhe Afrik\u00eb, Admiralin Stuart B. Munsch, n\u00eb kuad\u00ebr t\u00eb nismave q\u00eb Shqip\u00ebria po nd\u00ebrmerr p\u00ebr rilindjen e industris\u00eb ushtarake dhe forcimin e bashk\u00ebpunimit strategjik me SHBA. Rama tha se diskutimi u fokusua edhe tek projektet madhore t\u00eb infrastruktur\u00ebs, si [&hellip;]<\/p>\n","protected":false},"author":8,"featured_media":21865,"comment_status":"closed","ping_status":"closed","sticky":false,"template":"","format":"standard","meta":{"footnotes":""},"categories":[213,216],"tags":[],"class_list":["post-21864","post","type-post","status-publish","format-standard","has-post-thumbnail","hentry","category-lajme","category-shqiperi"],"yoast_head":"<!-- This site is optimized with the Yoast SEO plugin v25.1 - https:\/\/yoast.com\/wordpress\/plugins\/seo\/ -->\n<title>Rama me komandantin e marin\u00ebs amerikane: Shqip\u00ebria rilind industrin\u00eb ushtarake - press7.tv<\/title>\n<meta name=\"robots\" content=\"index, follow, max-snippet:-1, max-image-preview:large, max-video-preview:-1\" \/>\n<link rel=\"canonical\" href=\"https:\/\/www.press7.tv\/?p=21864\" \/>\n<meta property=\"og:locale\" content=\"en_US\" \/>\n<meta property=\"og:type\" content=\"article\" \/>\n<meta property=\"og:title\" content=\"Rama me komandantin e marin\u00ebs amerikane: Shqip\u00ebria rilind industrin\u00eb ushtarake - press7.tv\" \/>\n<meta property=\"og:description\" content=\"Kryeministri Edi Rama \u00ebsht\u00eb takuar me Komandantin e Forcave Detare t\u00eb Shteteve t\u00eb Bashkuara n\u00eb Europ\u00eb dhe Afrik\u00eb, Admiralin Stuart B. Munsch, n\u00eb kuad\u00ebr t\u00eb nismave q\u00eb Shqip\u00ebria po nd\u00ebrmerr p\u00ebr rilindjen e industris\u00eb ushtarake dhe forcimin e bashk\u00ebpunimit strategjik me SHBA. Rama tha se diskutimi u fokusua edhe tek projektet madhore t\u00eb infrastruktur\u00ebs, si [&hellip;]\" \/>\n<meta property=\"og:url\" content=\"https:\/\/www.press7.tv\/?p=21864\" \/>\n<meta property=\"og:site_name\" content=\"press7.tv\" \/>\n<meta property=\"article:publisher\" content=\"https:\/\/www.facebook.com\/press7.tv\" \/>\n<meta property=\"article:published_time\" content=\"2025-09-08T19:49:54+00:00\" \/>\n<meta property=\"og:image\" content=\"https:\/\/www.press7.tv\/wp-content\/uploads\/2025\/09\/IMG_8615.avif\" \/>\n\t<meta property=\"og:image:width\" content=\"1170\" \/>\n\t<meta property=\"og:image:height\" content=\"1162\" \/>\n\t<meta property=\"og:image:type\" content=\"image\/jpeg\" \/>\n<meta name=\"author\" content=\"gazetar2\" \/>\n<meta name=\"twitter:card\" content=\"summary_large_image\" \/>\n<meta name=\"twitter:label1\" content=\"Written by\" \/>\n\t<meta name=\"twitter:data1\" content=\"gazetar2\" \/>\n\t<meta name=\"twitter:label2\" content=\"Est. reading time\" \/>\n\t<meta name=\"twitter:data2\" content=\"1 minute\" \/>\n<script type=\"application\/ld+json\" class=\"yoast-schema-graph\">{\"@context\":\"https:\/\/schema.org\",\"@graph\":[{\"@type\":\"Article\",\"@id\":\"https:\/\/www.press7.tv\/?p=21864#article\",\"isPartOf\":{\"@id\":\"https:\/\/www.press7.tv\/?p=21864\"},\"author\":{\"name\":\"gazetar2\",\"@id\":\"https:\/\/www.news33.tv\/#\/schema\/person\/5a04a38a23ccdba82f9bd665cd8f9efa\"},\"headline\":\"Rama me komandantin e marin\u00ebs amerikane: Shqip\u00ebria rilind industrin\u00eb ushtarake\",\"datePublished\":\"2025-09-08T19:49:54+00:00\",\"mainEntityOfPage\":{\"@id\":\"https:\/\/www.press7.tv\/?p=21864\"},\"wordCount\":130,\"publisher\":{\"@id\":\"https:\/\/www.news33.tv\/#organization\"},\"image\":{\"@id\":\"https:\/\/www.press7.tv\/?p=21864#primaryimage\"},\"thumbnailUrl\":\"https:\/\/www.press7.tv\/wp-content\/uploads\/2025\/09\/IMG_8615.avif\",\"articleSection\":[\"Lajme\",\"Shqip\u00ebri\"],\"inLanguage\":\"en-US\"},{\"@type\":\"WebPage\",\"@id\":\"https:\/\/www.press7.tv\/?p=21864\",\"url\":\"https:\/\/www.press7.tv\/?p=21864\",\"name\":\"Rama me komandantin e marin\u00ebs amerikane: Shqip\u00ebria rilind industrin\u00eb ushtarake - press7.tv\",\"isPartOf\":{\"@id\":\"https:\/\/www.news33.tv\/#website\"},\"primaryImageOfPage\":{\"@id\":\"https:\/\/www.press7.tv\/?p=21864#primaryimage\"},\"image\":{\"@id\":\"https:\/\/www.press7.tv\/?p=21864#primaryimage\"},\"thumbnailUrl\":\"https:\/\/www.press7.tv\/wp-content\/uploads\/2025\/09\/IMG_8615.avif\",\"datePublished\":\"2025-09-08T19:49:54+00:00\",\"breadcrumb\":{\"@id\":\"https:\/\/www.press7.tv\/?p=21864#breadcrumb\"},\"inLanguage\":\"en-US\",\"potentialAction\":[{\"@type\":\"ReadAction\",\"target\":[\"https:\/\/www.press7.tv\/?p=21864\"]}]},{\"@type\":\"ImageObject\",\"inLanguage\":\"en-US\",\"@id\":\"https:\/\/www.press7.tv\/?p=21864#primaryimage\",\"url\":\"https:\/\/www.press7.tv\/wp-content\/uploads\/2025\/09\/IMG_8615.avif\",\"contentUrl\":\"https:\/\/www.press7.tv\/wp-content\/uploads\/2025\/09\/IMG_8615.avif\",\"width\":1170,\"height\":1162},{\"@type\":\"BreadcrumbList\",\"@id\":\"https:\/\/www.press7.tv\/?p=21864#breadcrumb\",\"itemListElement\":[{\"@type\":\"ListItem\",\"position\":1,\"name\":\"Home\",\"item\":\"https:\/\/www.press7.tv\/\"},{\"@type\":\"ListItem\",\"position\":2,\"name\":\"Rama me komandantin e marin\u00ebs amerikane: Shqip\u00ebria rilind industrin\u00eb ushtarake\"}]},{\"@type\":\"WebSite\",\"@id\":\"https:\/\/www.news33.tv\/#website\",\"url\":\"https:\/\/www.news33.tv\/\",\"name\":\"News33.tv Media\",\"description\":\"Media\",\"publisher\":{\"@id\":\"https:\/\/www.news33.tv\/#organization\"},\"potentialAction\":[{\"@type\":\"SearchAction\",\"target\":{\"@type\":\"EntryPoint\",\"urlTemplate\":\"https:\/\/www.news33.tv\/?s={search_term_string}\"},\"query-input\":{\"@type\":\"PropertyValueSpecification\",\"valueRequired\":true,\"valueName\":\"search_term_string\"}}],\"inLanguage\":\"en-US\"},{\"@type\":\"Organization\",\"@id\":\"https:\/\/www.news33.tv\/#organization\",\"name\":\"News33.tv Media\",\"url\":\"https:\/\/www.news33.tv\/\",\"logo\":{\"@type\":\"ImageObject\",\"inLanguage\":\"en-US\",\"@id\":\"https:\/\/www.news33.tv\/#\/schema\/logo\/image\/\",\"url\":\"https:\/\/www.press7.tv\/wp-content\/uploads\/2024\/02\/logo-news33-black.png\",\"contentUrl\":\"https:\/\/www.press7.tv\/wp-content\/uploads\/2024\/02\/logo-news33-black.png\",\"width\":180,\"height\":37,\"caption\":\"News33.tv Media\"},\"image\":{\"@id\":\"https:\/\/www.news33.tv\/#\/schema\/logo\/image\/\"},\"sameAs\":[\"https:\/\/www.facebook.com\/press7.tv\"]},{\"@type\":\"Person\",\"@id\":\"https:\/\/www.news33.tv\/#\/schema\/person\/5a04a38a23ccdba82f9bd665cd8f9efa\",\"name\":\"gazetar2\",\"image\":{\"@type\":\"ImageObject\",\"inLanguage\":\"en-US\",\"@id\":\"https:\/\/www.news33.tv\/#\/schema\/person\/image\/\",\"url\":\"https:\/\/www.press7.tv\/wp-content\/litespeed\/avatar\/41975e402c3049d9ddb03adca8f7a883.jpg?ver=1777169572\",\"contentUrl\":\"https:\/\/www.press7.tv\/wp-content\/litespeed\/avatar\/41975e402c3049d9ddb03adca8f7a883.jpg?ver=1777169572\",\"caption\":\"gazetar2\"},\"url\":\"https:\/\/www.press7.tv\/?author=8\"}]}<\/script>\n<!-- \/ Yoast SEO plugin. -->","yoast_head_json":{"title":"Rama me komandantin e marin\u00ebs amerikane: Shqip\u00ebria rilind industrin\u00eb ushtarake - press7.tv","robots":{"index":"index","follow":"follow","max-snippet":"max-snippet:-1","max-image-preview":"max-image-preview:large","max-video-preview":"max-video-preview:-1"},"canonical":"https:\/\/www.press7.tv\/?p=21864","og_locale":"en_US","og_type":"article","og_title":"Rama me komandantin e marin\u00ebs amerikane: Shqip\u00ebria rilind industrin\u00eb ushtarake - press7.tv","og_description":"Kryeministri Edi Rama \u00ebsht\u00eb takuar me Komandantin e Forcave Detare t\u00eb Shteteve t\u00eb Bashkuara n\u00eb Europ\u00eb dhe Afrik\u00eb, Admiralin Stuart B. Munsch, n\u00eb kuad\u00ebr t\u00eb nismave q\u00eb Shqip\u00ebria po nd\u00ebrmerr p\u00ebr rilindjen e industris\u00eb ushtarake dhe forcimin e bashk\u00ebpunimit strategjik me SHBA. Rama tha se diskutimi u fokusua edhe tek projektet madhore t\u00eb infrastruktur\u00ebs, si [&hellip;]","og_url":"https:\/\/www.press7.tv\/?p=21864","og_site_name":"press7.tv","article_publisher":"https:\/\/www.facebook.com\/press7.tv","article_published_time":"2025-09-08T19:49:54+00:00","og_image":[{"width":1170,"height":1162,"url":"https:\/\/www.press7.tv\/wp-content\/uploads\/2025\/09\/IMG_8615.avif","type":"image\/jpeg"}],"author":"gazetar2","twitter_card":"summary_large_image","twitter_misc":{"Written by":"gazetar2","Est. reading time":"1 minute"},"schema":{"@context":"https:\/\/schema.org","@graph":[{"@type":"Article","@id":"https:\/\/www.press7.tv\/?p=21864#article","isPartOf":{"@id":"https:\/\/www.press7.tv\/?p=21864"},"author":{"name":"gazetar2","@id":"https:\/\/www.news33.tv\/#\/schema\/person\/5a04a38a23ccdba82f9bd665cd8f9efa"},"headline":"Rama me komandantin e marin\u00ebs amerikane: Shqip\u00ebria rilind industrin\u00eb ushtarake","datePublished":"2025-09-08T19:49:54+00:00","mainEntityOfPage":{"@id":"https:\/\/www.press7.tv\/?p=21864"},"wordCount":130,"publisher":{"@id":"https:\/\/www.news33.tv\/#organization"},"image":{"@id":"https:\/\/www.press7.tv\/?p=21864#primaryimage"},"thumbnailUrl":"https:\/\/www.press7.tv\/wp-content\/uploads\/2025\/09\/IMG_8615.avif","articleSection":["Lajme","Shqip\u00ebri"],"inLanguage":"en-US"},{"@type":"WebPage","@id":"https:\/\/www.press7.tv\/?p=21864","url":"https:\/\/www.press7.tv\/?p=21864","name":"Rama me komandantin e marin\u00ebs amerikane: Shqip\u00ebria rilind industrin\u00eb ushtarake - press7.tv","isPartOf":{"@id":"https:\/\/www.news33.tv\/#website"},"primaryImageOfPage":{"@id":"https:\/\/www.press7.tv\/?p=21864#primaryimage"},"image":{"@id":"https:\/\/www.press7.tv\/?p=21864#primaryimage"},"thumbnailUrl":"https:\/\/www.press7.tv\/wp-content\/uploads\/2025\/09\/IMG_8615.avif","datePublished":"2025-09-08T19:49:54+00:00","breadcrumb":{"@id":"https:\/\/www.press7.tv\/?p=21864#breadcrumb"},"inLanguage":"en-US","potentialAction":[{"@type":"ReadAction","target":["https:\/\/www.press7.tv\/?p=21864"]}]},{"@type":"ImageObject","inLanguage":"en-US","@id":"https:\/\/www.press7.tv\/?p=21864#primaryimage","url":"https:\/\/www.press7.tv\/wp-content\/uploads\/2025\/09\/IMG_8615.avif","contentUrl":"https:\/\/www.press7.tv\/wp-content\/uploads\/2025\/09\/IMG_8615.avif","width":1170,"height":1162},{"@type":"BreadcrumbList","@id":"https:\/\/www.press7.tv\/?p=21864#breadcrumb","itemListElement":[{"@type":"ListItem","position":1,"name":"Home","item":"https:\/\/www.press7.tv\/"},{"@type":"ListItem","position":2,"name":"Rama me komandantin e marin\u00ebs amerikane: Shqip\u00ebria rilind industrin\u00eb ushtarake"}]},{"@type":"WebSite","@id":"https:\/\/www.news33.tv\/#website","url":"https:\/\/www.news33.tv\/","name":"News33.tv Media","description":"Media","publisher":{"@id":"https:\/\/www.news33.tv\/#organization"},"potentialAction":[{"@type":"SearchAction","target":{"@type":"EntryPoint","urlTemplate":"https:\/\/www.news33.tv\/?s={search_term_string}"},"query-input":{"@type":"PropertyValueSpecification","valueRequired":true,"valueName":"search_term_string"}}],"inLanguage":"en-US"},{"@type":"Organization","@id":"https:\/\/www.news33.tv\/#organization","name":"News33.tv Media","url":"https:\/\/www.news33.tv\/","logo":{"@type":"ImageObject","inLanguage":"en-US","@id":"https:\/\/www.news33.tv\/#\/schema\/logo\/image\/","url":"https:\/\/www.press7.tv\/wp-content\/uploads\/2024\/02\/logo-news33-black.png","contentUrl":"https:\/\/www.press7.tv\/wp-content\/uploads\/2024\/02\/logo-news33-black.png","width":180,"height":37,"caption":"News33.tv Media"},"image":{"@id":"https:\/\/www.news33.tv\/#\/schema\/logo\/image\/"},"sameAs":["https:\/\/www.facebook.com\/press7.tv"]},{"@type":"Person","@id":"https:\/\/www.news33.tv\/#\/schema\/person\/5a04a38a23ccdba82f9bd665cd8f9efa","name":"gazetar2","image":{"@type":"ImageObject","inLanguage":"en-US","@id":"https:\/\/www.news33.tv\/#\/schema\/person\/image\/","url":"https:\/\/www.press7.tv\/wp-content\/litespeed\/avatar\/41975e402c3049d9ddb03adca8f7a883.jpg?ver=1777169572","contentUrl":"https:\/\/www.press7.tv\/wp-content\/litespeed\/avatar\/41975e402c3049d9ddb03adca8f7a883.jpg?ver=1777169572","caption":"gazetar2"},"url":"https:\/\/www.press7.tv\/?author=8"}]}},"amp_enabled":true,"_links":{"self":[{"href":"https:\/\/www.press7.tv\/index.php?rest_route=\/wp\/v2\/posts\/21864","targetHints":{"allow":["GET"]}}],"collection":[{"href":"https:\/\/www.press7.tv\/index.php?rest_route=\/wp\/v2\/posts"}],"about":[{"href":"https:\/\/www.press7.tv\/index.php?rest_route=\/wp\/v2\/types\/post"}],"author":[{"embeddable":true,"href":"https:\/\/www.press7.tv\/index.php?rest_route=\/wp\/v2\/users\/8"}],"replies":[{"embeddable":true,"href":"https:\/\/www.press7.tv\/index.php?rest_route=%2Fwp%2Fv2%2Fcomments&post=21864"}],"version-history":[{"count":1,"href":"https:\/\/www.press7.tv\/index.php?rest_route=\/wp\/v2\/posts\/21864\/revisions"}],"predecessor-version":[{"id":21866,"href":"https:\/\/www.press7.tv\/index.php?rest_route=\/wp\/v2\/posts\/21864\/revisions\/21866"}],"wp:featuredmedia":[{"embeddable":true,"href":"https:\/\/www.press7.tv\/index.php?rest_route=\/wp\/v2\/media\/21865"}],"wp:attachment":[{"href":"https:\/\/www.press7.tv\/index.php?rest_route=%2Fwp%2Fv2%2Fmedia&parent=21864"}],"wp:term":[{"taxonomy":"category","embeddable":true,"href":"https:\/\/www.press7.tv\/index.php?rest_route=%2Fwp%2Fv2%2Fcategories&post=21864"},{"taxonomy":"post_tag","embeddable":true,"href":"https:\/\/www.press7.tv\/index.php?rest_route=%2Fwp%2Fv2%2Ftags&post=21864"}],"curies":[{"name":"wp","href":"https:\/\/api.w.org\/{rel}","templated":true}]}}