{"id":21861,"date":"2025-09-08T19:36:25","date_gmt":"2025-09-08T19:36:25","guid":{"rendered":"https:\/\/www.press7.tv\/?p=21861"},"modified":"2025-09-08T19:36:25","modified_gmt":"2025-09-08T19:36:25","slug":"kurti-premtoi-1-mld-e-per-ushtrine-reagon-vucevic-po-pergatit-shqiperine-e-madhe","status":"publish","type":"post","link":"https:\/\/www.press7.tv\/?p=21861","title":{"rendered":"Kurti premtoi 1 mld \u20ac p\u00ebr ushtrin\u00eb, reagon Vu\u00e7evi\u00e7: Po p\u00ebrgatit Shqip\u00ebrin\u00eb e Madhe"},"content":{"rendered":"\n    <div class=\"xs_social_share_widget xs_share_url before_content \t\tmain_content  wslu-style-2 wslu-share-box-shaped wslu-fill-colored wslu-share-m-5 wslu-none wslu-share-vertical wslu-theme-font-no wslu-main_content\">\n\n\t\t\n        <ul>\n\t\t\t        <\/ul>\n    <\/div> \n<p>Kryetari i Partis\u00eb Progresive Serbe (SNS) dhe k\u00ebshilltari i Aleksand\u00ebr Vu\u00e7i\u00e7 p\u00ebr \u00e7\u00ebshtjet rajonale, Milosh Vu\u00e7evi\u00e7, tha se kryeministri i Kosov\u00ebs, Albin Kurti, po i tund arm\u00ebt p\u00ebrs\u00ebri dhe po p\u00ebrpiqet t\u00eb p\u00ebrshkall\u00ebzoj\u00eb konfliktin dhe t\u2019i v\u00ebr\u00eb flak\u00ebn rajonit t\u00eb Ballkanit Per\u00ebndimor.<\/p>\n<p>Vu\u00e7evi\u00e7, duke reaguar ndaj deklarat\u00ebs s\u00eb Kurtit p\u00ebr bashk\u00ebpunim t\u00eb Forcave t\u00eb Siguris\u00eb s\u00eb Kosov\u00ebs dhe Ushtris\u00eb s\u00eb Shqip\u00ebris\u00eb, theksoi se \u201clidhja e aleancave ushtarake t\u00eb drejtuara kund\u00ebr Serbis\u00eb kujton at\u00eb q\u00eb u b\u00eb n\u00eb vitet n\u00ebnt\u00ebdhjet\u00eb t\u00eb shekullit t\u00eb kaluar\u201d dhe shtoi se, \u201ckur gjith\u00e7ka shikohet nga nj\u00eb perspektiv\u00eb historike, \u00ebsht\u00eb e qart\u00eb se \u00e7far\u00eb po p\u00ebrgatitet dhe se po b\u00ebhet kund\u00ebr popullit serb\u201d.<\/p>\n<p>\u201cDhe Albin Kurti \u00ebsht\u00eb n\u00eb krye t\u00eb nj\u00eb politike t\u00eb till\u00eb gjenocidale kund\u00ebr popullit serb, dhe ai nuk e fsheh k\u00ebt\u00eb, por mburret me t\u00eb. Aleanca ushtarake e Forc\u00ebs s\u00eb Siguris\u00eb s\u00eb Kosov\u00ebs dhe Forcave t\u00eb Armatosura t\u00eb Shqip\u00ebris\u00eb, formimin e s\u00eb cil\u00ebs Kurti po e shpall tani, nuk \u00ebsht\u00eb gj\u00eb tjet\u00ebr ve\u00e7se nj\u00eb k\u00ebrc\u00ebnim i ri i drejtp\u00ebrdrejt\u00eb p\u00ebr Serbin\u00eb dhe popullin serb dhe hapi i ri i Kurtit drejt formimit t\u00eb nj\u00eb \u2018Shqip\u00ebrie t\u00eb Madhe\u2019\u201d, deklaroi Vu\u00e7evi\u00e7 n\u00eb rrjetin X.<\/p>\n<p>Ai shtoi se bashk\u00ebsia nd\u00ebrkomb\u00ebtare hesht p\u00ebrs\u00ebri, nd\u00ebrsa para syve dhe vesh\u00ebve t\u00eb saj Kurti shpall nj\u00eb grup t\u00eb ri lufte, dhe gjat\u00eb k\u00ebsaj kohe \u201cautoritetet e Prishtin\u00ebs po e minojn\u00eb r\u00ebnd\u00eb Rezolut\u00ebn 1244 t\u00eb K\u00ebshillit t\u00eb Sigurimit t\u00eb OKB-s\u00eb, sipas s\u00eb cil\u00ebs KFOR-i \u00ebsht\u00eb i vetmi formacion ushtarak i autorizuar n\u00eb zon\u00ebn e AP t\u00eb Kosov\u00ebs\u201d.<\/p>\n","protected":false},"excerpt":{"rendered":"<p>Kryetari i Partis\u00eb Progresive Serbe (SNS) dhe k\u00ebshilltari i Aleksand\u00ebr Vu\u00e7i\u00e7 p\u00ebr \u00e7\u00ebshtjet rajonale, Milosh Vu\u00e7evi\u00e7, tha se kryeministri i Kosov\u00ebs, Albin Kurti, po i tund arm\u00ebt p\u00ebrs\u00ebri dhe po p\u00ebrpiqet t\u00eb p\u00ebrshkall\u00ebzoj\u00eb konfliktin dhe t\u2019i v\u00ebr\u00eb flak\u00ebn rajonit t\u00eb Ballkanit Per\u00ebndimor. Vu\u00e7evi\u00e7, duke reaguar ndaj deklarat\u00ebs s\u00eb Kurtit p\u00ebr bashk\u00ebpunim t\u00eb Forcave t\u00eb Siguris\u00eb [&hellip;]<\/p>\n","protected":false},"author":8,"featured_media":21862,"comment_status":"closed","ping_status":"closed","sticky":false,"template":"","format":"standard","meta":{"footnotes":""},"categories":[215,213],"tags":[],"class_list":["post-21861","post","type-post","status-publish","format-standard","has-post-thumbnail","hentry","category-kosove","category-lajme"],"yoast_head":"<!-- This site is optimized with the Yoast SEO plugin v25.1 - https:\/\/yoast.com\/wordpress\/plugins\/seo\/ -->\n<title>Kurti premtoi 1 mld \u20ac p\u00ebr ushtrin\u00eb, reagon Vu\u00e7evi\u00e7: Po p\u00ebrgatit Shqip\u00ebrin\u00eb e Madhe - press7.tv<\/title>\n<meta name=\"robots\" content=\"index, follow, max-snippet:-1, max-image-preview:large, max-video-preview:-1\" \/>\n<link rel=\"canonical\" href=\"https:\/\/www.press7.tv\/?p=21861\" \/>\n<meta property=\"og:locale\" content=\"en_US\" \/>\n<meta property=\"og:type\" content=\"article\" \/>\n<meta property=\"og:title\" content=\"Kurti premtoi 1 mld \u20ac p\u00ebr ushtrin\u00eb, reagon Vu\u00e7evi\u00e7: Po p\u00ebrgatit Shqip\u00ebrin\u00eb e Madhe - press7.tv\" \/>\n<meta property=\"og:description\" content=\"Kryetari i Partis\u00eb Progresive Serbe (SNS) dhe k\u00ebshilltari i Aleksand\u00ebr Vu\u00e7i\u00e7 p\u00ebr \u00e7\u00ebshtjet rajonale, Milosh Vu\u00e7evi\u00e7, tha se kryeministri i Kosov\u00ebs, Albin Kurti, po i tund arm\u00ebt p\u00ebrs\u00ebri dhe po p\u00ebrpiqet t\u00eb p\u00ebrshkall\u00ebzoj\u00eb konfliktin dhe t\u2019i v\u00ebr\u00eb flak\u00ebn rajonit t\u00eb Ballkanit Per\u00ebndimor. Vu\u00e7evi\u00e7, duke reaguar ndaj deklarat\u00ebs s\u00eb Kurtit p\u00ebr bashk\u00ebpunim t\u00eb Forcave t\u00eb Siguris\u00eb [&hellip;]\" \/>\n<meta property=\"og:url\" content=\"https:\/\/www.press7.tv\/?p=21861\" \/>\n<meta property=\"og:site_name\" content=\"press7.tv\" \/>\n<meta property=\"article:publisher\" content=\"https:\/\/www.facebook.com\/press7.tv\" \/>\n<meta property=\"article:published_time\" content=\"2025-09-08T19:36:25+00:00\" \/>\n<meta property=\"og:image\" content=\"https:\/\/www.press7.tv\/wp-content\/uploads\/2025\/09\/IMG_8610.avif\" \/>\n\t<meta property=\"og:image:width\" content=\"800\" \/>\n\t<meta property=\"og:image:height\" content=\"496\" \/>\n\t<meta property=\"og:image:type\" content=\"image\/jpeg\" \/>\n<meta name=\"author\" content=\"gazetar2\" \/>\n<meta name=\"twitter:card\" content=\"summary_large_image\" \/>\n<meta name=\"twitter:label1\" content=\"Written by\" \/>\n\t<meta name=\"twitter:data1\" content=\"gazetar2\" \/>\n\t<meta name=\"twitter:label2\" content=\"Est. reading time\" \/>\n\t<meta name=\"twitter:data2\" content=\"1 minute\" \/>\n<script type=\"application\/ld+json\" class=\"yoast-schema-graph\">{\"@context\":\"https:\/\/schema.org\",\"@graph\":[{\"@type\":\"Article\",\"@id\":\"https:\/\/www.press7.tv\/?p=21861#article\",\"isPartOf\":{\"@id\":\"https:\/\/www.press7.tv\/?p=21861\"},\"author\":{\"name\":\"gazetar2\",\"@id\":\"https:\/\/www.news33.tv\/#\/schema\/person\/5a04a38a23ccdba82f9bd665cd8f9efa\"},\"headline\":\"Kurti premtoi 1 mld \u20ac p\u00ebr ushtrin\u00eb, reagon Vu\u00e7evi\u00e7: Po p\u00ebrgatit Shqip\u00ebrin\u00eb e Madhe\",\"datePublished\":\"2025-09-08T19:36:25+00:00\",\"mainEntityOfPage\":{\"@id\":\"https:\/\/www.press7.tv\/?p=21861\"},\"wordCount\":319,\"publisher\":{\"@id\":\"https:\/\/www.news33.tv\/#organization\"},\"image\":{\"@id\":\"https:\/\/www.press7.tv\/?p=21861#primaryimage\"},\"thumbnailUrl\":\"https:\/\/www.press7.tv\/wp-content\/uploads\/2025\/09\/IMG_8610.avif\",\"articleSection\":[\"Kosov\u00eb\",\"Lajme\"],\"inLanguage\":\"en-US\"},{\"@type\":\"WebPage\",\"@id\":\"https:\/\/www.press7.tv\/?p=21861\",\"url\":\"https:\/\/www.press7.tv\/?p=21861\",\"name\":\"Kurti premtoi 1 mld \u20ac p\u00ebr ushtrin\u00eb, reagon Vu\u00e7evi\u00e7: Po p\u00ebrgatit Shqip\u00ebrin\u00eb e Madhe - press7.tv\",\"isPartOf\":{\"@id\":\"https:\/\/www.news33.tv\/#website\"},\"primaryImageOfPage\":{\"@id\":\"https:\/\/www.press7.tv\/?p=21861#primaryimage\"},\"image\":{\"@id\":\"https:\/\/www.press7.tv\/?p=21861#primaryimage\"},\"thumbnailUrl\":\"https:\/\/www.press7.tv\/wp-content\/uploads\/2025\/09\/IMG_8610.avif\",\"datePublished\":\"2025-09-08T19:36:25+00:00\",\"breadcrumb\":{\"@id\":\"https:\/\/www.press7.tv\/?p=21861#breadcrumb\"},\"inLanguage\":\"en-US\",\"potentialAction\":[{\"@type\":\"ReadAction\",\"target\":[\"https:\/\/www.press7.tv\/?p=21861\"]}]},{\"@type\":\"ImageObject\",\"inLanguage\":\"en-US\",\"@id\":\"https:\/\/www.press7.tv\/?p=21861#primaryimage\",\"url\":\"https:\/\/www.press7.tv\/wp-content\/uploads\/2025\/09\/IMG_8610.avif\",\"contentUrl\":\"https:\/\/www.press7.tv\/wp-content\/uploads\/2025\/09\/IMG_8610.avif\",\"width\":800,\"height\":496,\"caption\":\"epa10534672 Serbia's Defense Minister Milos Vucevic attends the first edition of the Shuman Security and Defence Forum organized by the European Union External Action (EEAS) at the European Parliament in Brussels, Belgium, 21 March 2023. EPA-EFE\/STEPHANIE LECOCQ\"},{\"@type\":\"BreadcrumbList\",\"@id\":\"https:\/\/www.press7.tv\/?p=21861#breadcrumb\",\"itemListElement\":[{\"@type\":\"ListItem\",\"position\":1,\"name\":\"Home\",\"item\":\"https:\/\/www.press7.tv\/\"},{\"@type\":\"ListItem\",\"position\":2,\"name\":\"Kurti premtoi 1 mld \u20ac p\u00ebr ushtrin\u00eb, reagon Vu\u00e7evi\u00e7: Po p\u00ebrgatit Shqip\u00ebrin\u00eb e Madhe\"}]},{\"@type\":\"WebSite\",\"@id\":\"https:\/\/www.news33.tv\/#website\",\"url\":\"https:\/\/www.news33.tv\/\",\"name\":\"News33.tv Media\",\"description\":\"Media\",\"publisher\":{\"@id\":\"https:\/\/www.news33.tv\/#organization\"},\"potentialAction\":[{\"@type\":\"SearchAction\",\"target\":{\"@type\":\"EntryPoint\",\"urlTemplate\":\"https:\/\/www.news33.tv\/?s={search_term_string}\"},\"query-input\":{\"@type\":\"PropertyValueSpecification\",\"valueRequired\":true,\"valueName\":\"search_term_string\"}}],\"inLanguage\":\"en-US\"},{\"@type\":\"Organization\",\"@id\":\"https:\/\/www.news33.tv\/#organization\",\"name\":\"News33.tv Media\",\"url\":\"https:\/\/www.news33.tv\/\",\"logo\":{\"@type\":\"ImageObject\",\"inLanguage\":\"en-US\",\"@id\":\"https:\/\/www.news33.tv\/#\/schema\/logo\/image\/\",\"url\":\"https:\/\/www.press7.tv\/wp-content\/uploads\/2024\/02\/logo-news33-black.png\",\"contentUrl\":\"https:\/\/www.press7.tv\/wp-content\/uploads\/2024\/02\/logo-news33-black.png\",\"width\":180,\"height\":37,\"caption\":\"News33.tv Media\"},\"image\":{\"@id\":\"https:\/\/www.news33.tv\/#\/schema\/logo\/image\/\"},\"sameAs\":[\"https:\/\/www.facebook.com\/press7.tv\"]},{\"@type\":\"Person\",\"@id\":\"https:\/\/www.news33.tv\/#\/schema\/person\/5a04a38a23ccdba82f9bd665cd8f9efa\",\"name\":\"gazetar2\",\"image\":{\"@type\":\"ImageObject\",\"inLanguage\":\"en-US\",\"@id\":\"https:\/\/www.news33.tv\/#\/schema\/person\/image\/\",\"url\":\"https:\/\/www.press7.tv\/wp-content\/litespeed\/avatar\/41975e402c3049d9ddb03adca8f7a883.jpg?ver=1777169572\",\"contentUrl\":\"https:\/\/www.press7.tv\/wp-content\/litespeed\/avatar\/41975e402c3049d9ddb03adca8f7a883.jpg?ver=1777169572\",\"caption\":\"gazetar2\"},\"url\":\"https:\/\/www.press7.tv\/?author=8\"}]}<\/script>\n<!-- \/ Yoast SEO plugin. -->","yoast_head_json":{"title":"Kurti premtoi 1 mld \u20ac p\u00ebr ushtrin\u00eb, reagon Vu\u00e7evi\u00e7: Po p\u00ebrgatit Shqip\u00ebrin\u00eb e Madhe - press7.tv","robots":{"index":"index","follow":"follow","max-snippet":"max-snippet:-1","max-image-preview":"max-image-preview:large","max-video-preview":"max-video-preview:-1"},"canonical":"https:\/\/www.press7.tv\/?p=21861","og_locale":"en_US","og_type":"article","og_title":"Kurti premtoi 1 mld \u20ac p\u00ebr ushtrin\u00eb, reagon Vu\u00e7evi\u00e7: Po p\u00ebrgatit Shqip\u00ebrin\u00eb e Madhe - press7.tv","og_description":"Kryetari i Partis\u00eb Progresive Serbe (SNS) dhe k\u00ebshilltari i Aleksand\u00ebr Vu\u00e7i\u00e7 p\u00ebr \u00e7\u00ebshtjet rajonale, Milosh Vu\u00e7evi\u00e7, tha se kryeministri i Kosov\u00ebs, Albin Kurti, po i tund arm\u00ebt p\u00ebrs\u00ebri dhe po p\u00ebrpiqet t\u00eb p\u00ebrshkall\u00ebzoj\u00eb konfliktin dhe t\u2019i v\u00ebr\u00eb flak\u00ebn rajonit t\u00eb Ballkanit Per\u00ebndimor. Vu\u00e7evi\u00e7, duke reaguar ndaj deklarat\u00ebs s\u00eb Kurtit p\u00ebr bashk\u00ebpunim t\u00eb Forcave t\u00eb Siguris\u00eb [&hellip;]","og_url":"https:\/\/www.press7.tv\/?p=21861","og_site_name":"press7.tv","article_publisher":"https:\/\/www.facebook.com\/press7.tv","article_published_time":"2025-09-08T19:36:25+00:00","og_image":[{"width":800,"height":496,"url":"https:\/\/www.press7.tv\/wp-content\/uploads\/2025\/09\/IMG_8610.avif","type":"image\/jpeg"}],"author":"gazetar2","twitter_card":"summary_large_image","twitter_misc":{"Written by":"gazetar2","Est. reading time":"1 minute"},"schema":{"@context":"https:\/\/schema.org","@graph":[{"@type":"Article","@id":"https:\/\/www.press7.tv\/?p=21861#article","isPartOf":{"@id":"https:\/\/www.press7.tv\/?p=21861"},"author":{"name":"gazetar2","@id":"https:\/\/www.news33.tv\/#\/schema\/person\/5a04a38a23ccdba82f9bd665cd8f9efa"},"headline":"Kurti premtoi 1 mld \u20ac p\u00ebr ushtrin\u00eb, reagon Vu\u00e7evi\u00e7: Po p\u00ebrgatit Shqip\u00ebrin\u00eb e Madhe","datePublished":"2025-09-08T19:36:25+00:00","mainEntityOfPage":{"@id":"https:\/\/www.press7.tv\/?p=21861"},"wordCount":319,"publisher":{"@id":"https:\/\/www.news33.tv\/#organization"},"image":{"@id":"https:\/\/www.press7.tv\/?p=21861#primaryimage"},"thumbnailUrl":"https:\/\/www.press7.tv\/wp-content\/uploads\/2025\/09\/IMG_8610.avif","articleSection":["Kosov\u00eb","Lajme"],"inLanguage":"en-US"},{"@type":"WebPage","@id":"https:\/\/www.press7.tv\/?p=21861","url":"https:\/\/www.press7.tv\/?p=21861","name":"Kurti premtoi 1 mld \u20ac p\u00ebr ushtrin\u00eb, reagon Vu\u00e7evi\u00e7: Po p\u00ebrgatit Shqip\u00ebrin\u00eb e Madhe - press7.tv","isPartOf":{"@id":"https:\/\/www.news33.tv\/#website"},"primaryImageOfPage":{"@id":"https:\/\/www.press7.tv\/?p=21861#primaryimage"},"image":{"@id":"https:\/\/www.press7.tv\/?p=21861#primaryimage"},"thumbnailUrl":"https:\/\/www.press7.tv\/wp-content\/uploads\/2025\/09\/IMG_8610.avif","datePublished":"2025-09-08T19:36:25+00:00","breadcrumb":{"@id":"https:\/\/www.press7.tv\/?p=21861#breadcrumb"},"inLanguage":"en-US","potentialAction":[{"@type":"ReadAction","target":["https:\/\/www.press7.tv\/?p=21861"]}]},{"@type":"ImageObject","inLanguage":"en-US","@id":"https:\/\/www.press7.tv\/?p=21861#primaryimage","url":"https:\/\/www.press7.tv\/wp-content\/uploads\/2025\/09\/IMG_8610.avif","contentUrl":"https:\/\/www.press7.tv\/wp-content\/uploads\/2025\/09\/IMG_8610.avif","width":800,"height":496,"caption":"epa10534672 Serbia's Defense Minister Milos Vucevic attends the first edition of the Shuman Security and Defence Forum organized by the European Union External Action (EEAS) at the European Parliament in Brussels, Belgium, 21 March 2023. EPA-EFE\/STEPHANIE LECOCQ"},{"@type":"BreadcrumbList","@id":"https:\/\/www.press7.tv\/?p=21861#breadcrumb","itemListElement":[{"@type":"ListItem","position":1,"name":"Home","item":"https:\/\/www.press7.tv\/"},{"@type":"ListItem","position":2,"name":"Kurti premtoi 1 mld \u20ac p\u00ebr ushtrin\u00eb, reagon Vu\u00e7evi\u00e7: Po p\u00ebrgatit Shqip\u00ebrin\u00eb e Madhe"}]},{"@type":"WebSite","@id":"https:\/\/www.news33.tv\/#website","url":"https:\/\/www.news33.tv\/","name":"News33.tv Media","description":"Media","publisher":{"@id":"https:\/\/www.news33.tv\/#organization"},"potentialAction":[{"@type":"SearchAction","target":{"@type":"EntryPoint","urlTemplate":"https:\/\/www.news33.tv\/?s={search_term_string}"},"query-input":{"@type":"PropertyValueSpecification","valueRequired":true,"valueName":"search_term_string"}}],"inLanguage":"en-US"},{"@type":"Organization","@id":"https:\/\/www.news33.tv\/#organization","name":"News33.tv Media","url":"https:\/\/www.news33.tv\/","logo":{"@type":"ImageObject","inLanguage":"en-US","@id":"https:\/\/www.news33.tv\/#\/schema\/logo\/image\/","url":"https:\/\/www.press7.tv\/wp-content\/uploads\/2024\/02\/logo-news33-black.png","contentUrl":"https:\/\/www.press7.tv\/wp-content\/uploads\/2024\/02\/logo-news33-black.png","width":180,"height":37,"caption":"News33.tv Media"},"image":{"@id":"https:\/\/www.news33.tv\/#\/schema\/logo\/image\/"},"sameAs":["https:\/\/www.facebook.com\/press7.tv"]},{"@type":"Person","@id":"https:\/\/www.news33.tv\/#\/schema\/person\/5a04a38a23ccdba82f9bd665cd8f9efa","name":"gazetar2","image":{"@type":"ImageObject","inLanguage":"en-US","@id":"https:\/\/www.news33.tv\/#\/schema\/person\/image\/","url":"https:\/\/www.press7.tv\/wp-content\/litespeed\/avatar\/41975e402c3049d9ddb03adca8f7a883.jpg?ver=1777169572","contentUrl":"https:\/\/www.press7.tv\/wp-content\/litespeed\/avatar\/41975e402c3049d9ddb03adca8f7a883.jpg?ver=1777169572","caption":"gazetar2"},"url":"https:\/\/www.press7.tv\/?author=8"}]}},"amp_enabled":true,"_links":{"self":[{"href":"https:\/\/www.press7.tv\/index.php?rest_route=\/wp\/v2\/posts\/21861","targetHints":{"allow":["GET"]}}],"collection":[{"href":"https:\/\/www.press7.tv\/index.php?rest_route=\/wp\/v2\/posts"}],"about":[{"href":"https:\/\/www.press7.tv\/index.php?rest_route=\/wp\/v2\/types\/post"}],"author":[{"embeddable":true,"href":"https:\/\/www.press7.tv\/index.php?rest_route=\/wp\/v2\/users\/8"}],"replies":[{"embeddable":true,"href":"https:\/\/www.press7.tv\/index.php?rest_route=%2Fwp%2Fv2%2Fcomments&post=21861"}],"version-history":[{"count":1,"href":"https:\/\/www.press7.tv\/index.php?rest_route=\/wp\/v2\/posts\/21861\/revisions"}],"predecessor-version":[{"id":21863,"href":"https:\/\/www.press7.tv\/index.php?rest_route=\/wp\/v2\/posts\/21861\/revisions\/21863"}],"wp:featuredmedia":[{"embeddable":true,"href":"https:\/\/www.press7.tv\/index.php?rest_route=\/wp\/v2\/media\/21862"}],"wp:attachment":[{"href":"https:\/\/www.press7.tv\/index.php?rest_route=%2Fwp%2Fv2%2Fmedia&parent=21861"}],"wp:term":[{"taxonomy":"category","embeddable":true,"href":"https:\/\/www.press7.tv\/index.php?rest_route=%2Fwp%2Fv2%2Fcategories&post=21861"},{"taxonomy":"post_tag","embeddable":true,"href":"https:\/\/www.press7.tv\/index.php?rest_route=%2Fwp%2Fv2%2Ftags&post=21861"}],"curies":[{"name":"wp","href":"https:\/\/api.w.org\/{rel}","templated":true}]}}