{"id":21858,"date":"2025-09-08T15:10:14","date_gmt":"2025-09-08T15:10:14","guid":{"rendered":"https:\/\/www.press7.tv\/?p=21858"},"modified":"2025-09-08T15:10:14","modified_gmt":"2025-09-08T15:10:14","slug":"kushtetuesja-kerkon-qe-te-ndalen-deklarimet-e-pamatura-te-zyrtareve-te-larte-shteterore","status":"publish","type":"post","link":"https:\/\/www.press7.tv\/?p=21858","title":{"rendered":"Kushtetuesja k\u00ebrkon q\u00eb t\u00eb ndalen \u201cdeklarimet e pamatura t\u00eb zyrtar\u00ebve t\u00eb lart\u00eb shtet\u00ebror\u00eb\u201d"},"content":{"rendered":"\n    <div class=\"xs_social_share_widget xs_share_url before_content \t\tmain_content  wslu-style-2 wslu-share-box-shaped wslu-fill-colored wslu-share-m-5 wslu-none wslu-share-vertical wslu-theme-font-no wslu-main_content\">\n\n\t\t\n        <ul>\n\t\t\t        <\/ul>\n    <\/div> \n<p>Gjykata Kushtetuese p\u00ebrmes nj\u00eb komunikate p\u00ebr media ka shprehur shqet\u00ebsimin e saj p\u00ebr si\u00e7 ka th\u00ebn\u00eb \u201cdeklarimet e pamatura t\u00eb zyrtar\u00ebve t\u00eb lart\u00eb shtet\u00ebror dhe t\u00eb zgjedhurve politik\u00eb\u201d.<\/p>\n<p>Tutje theksohet se pavar\u00ebsia e Gjykat\u00ebs Kushtetuese nuk \u00ebsht\u00eb privilegj i gjyqtar\u00ebve t\u00eb saj, por \u00ebsht\u00eb themel i shtetit t\u00eb s\u00eb drejt\u00ebs.  <\/p>\n<p>\u201cPavar\u00ebsia dhe paanshm\u00ebria e Gjykat\u00ebs Kushtetuese t\u00eb Republik\u00ebs s\u00eb Kosov\u00ebs jan\u00eb t\u00eb mbrojtura me Kushtetut\u00eb, dhe asnj\u00eb institucion, parti politike apo individ nuk mund t\u00eb nd\u00ebrhyj\u00eb n\u00eb pun\u00ebn e saj. \u00c7do p\u00ebrpjekje p\u00ebr t\u00eb ushtruar presion mbi gjyqtar\u00ebt kushtetues p\u00ebrb\u00ebn cenim t\u00eb parimit themelor t\u00eb ndarjes s\u00eb pushteteve dhe minon besimin e qytetar\u00ebve n\u00eb sundimin e ligjit dhe n\u00eb vet\u00eb demokracin\u00eb\u201d, thuhet tutje n\u00eb komunikat\u00eb.<\/p>\n<p>Theksohet e vendimet e Gjykat\u00ebs Kushtetuese bazohen ekskluzivisht n\u00eb Kushtetut\u00ebn e Republik\u00ebs s\u00eb Kosov\u00ebs, n\u00eb praktik\u00ebn e saj gjyq\u00ebsore, si dhe n\u00eb standardet nd\u00ebrkomb\u00ebtare p\u00ebr mbrojtjen e t\u00eb drejtave dhe lirive themelore t\u00eb njeriut.<\/p>\n<p>\u201cRrjedhimisht, \u00e7do deklarat\u00eb q\u00eb tenton t\u00eb relativizoj\u00eb apo paragjykoj\u00eb vendimet e Gjykat\u00ebs Kushtetuese \u00ebsht\u00eb jo vet\u00ebm e pap\u00ebrgjegjshme, por edhe e d\u00ebmshme p\u00ebr zhvillimin demokratik t\u00eb vendit. Gjykata apelon tek t\u00eb gjitha pal\u00ebt q\u00eb t\u00eb respektojn\u00eb pavar\u00ebsin\u00eb e saj, t\u00eb p\u00ebrmbahen nga deklaratat q\u00eb cenojn\u00eb integritetin e gjyqtar\u00ebve dhe vendimmarrjen e tyre t\u00eb pavarur, dhe t\u00eb kontribuojn\u00eb n\u00eb forcimin e rendit kushtetues. Vet\u00ebm p\u00ebrmes respektimit t\u00eb k\u00ebtij parimi themelor mund t\u00eb garantohet nj\u00eb shoq\u00ebri e drejt\u00eb, demokratike dhe funksionale p\u00ebr t\u00eb gjith\u00eb qytetar\u00ebt e Kosov\u00ebs\u201d, thuhet n\u00eb njoftim.<\/p>\n<p>Edhe shefi i Misionit EULEX, Giovanni Pietro Barbano, ka k\u00ebrkuar t\u00eb ndalen sulmet ndaj gjyqtar\u00ebve.<\/p>\n<p>N\u00eb nj\u00eb postim n\u00eb profilin e tij n\u00eb X ka th\u00ebn\u00eb se pavar\u00ebsia gjyq\u00ebsore \u00ebsht\u00eb gurthemel i sundimit t\u00eb ligjit.<\/p>\n<p>Akuza t\u00eb shumta n\u00eb drejtim t\u00eb Gjykat\u00ebs Kushtetuese kan\u00eb b\u00ebr\u00eb t\u00eb diel\u00ebn kryeministri n\u00eb detyr\u00eb, Albin Kurti, e ish-kryeparlamentari Glauk Konjufca.<\/p>\n<p>N\u00eb mbledhjen e 59-t\u00eb t\u00eb K\u00ebshillit t\u00eb P\u00ebrgjithsh\u00ebm t\u00eb Vet\u00ebvendosjes, Kurti ka th\u00ebn\u00eb se \u201cgjykata m\u00eb e lart\u00eb n\u00eb vend po funksionon si hije politike e opozit\u00ebs ndaj Vet\u00ebvendosjes\u201d. <\/p>\n<p>Akuzat jan\u00eb b\u00ebr\u00eb pas vendimit t\u00eb s\u00eb premtes t\u00eb Kushtetueses q\u00eb ka vendosur mas\u00eb t\u00eb p\u00ebrkohshme p\u00ebrmes s\u00eb cil\u00ebs ua ka ndaluar deputet\u00ebve t\u00eb nd\u00ebrmarrin veprime si dhe ka ndaluar zhvillimin e ndonj\u00eb procedure p\u00ebr formimin e Qeveris\u00eb s\u00eb re t\u00eb Kosov\u00ebs. <\/p>\n<p>Kurti ka th\u00ebn\u00eb se me k\u00ebt\u00eb vendim gjykata i ka l\u00ebn\u00eb 120 deputet\u00eb t\u00eb vegjetojn\u00eb p\u00ebr 25 dit\u00eb.<\/p>\n<p>Ka shtuar se faj p\u00ebr vones\u00ebn n\u00eb formimin e institucioneve ka edhe Kushtetuesja, me dinamik\u00ebn e ngadalshme t\u00eb pun\u00ebs, sipas tij.<\/p>\n<p>Me Gjykat\u00ebn Kushtetuese \u00ebsht\u00eb marr\u00eb edhe ish-kryetari i Kuvendit, Glauk Konjufca. <\/p>\n<p>Ai ka folur p\u00ebr nj\u00eb vendim q\u00eb mund ta marr\u00eb gjykata q\u00eb, sipas tij, do t\u00eb ishte tradhti komb\u00ebtare.<\/p>\n","protected":false},"excerpt":{"rendered":"<p>Gjykata Kushtetuese p\u00ebrmes nj\u00eb komunikate p\u00ebr media ka shprehur shqet\u00ebsimin e saj p\u00ebr si\u00e7 ka th\u00ebn\u00eb \u201cdeklarimet e pamatura t\u00eb zyrtar\u00ebve t\u00eb lart\u00eb shtet\u00ebror dhe t\u00eb zgjedhurve politik\u00eb\u201d. Tutje theksohet se pavar\u00ebsia e Gjykat\u00ebs Kushtetuese nuk \u00ebsht\u00eb privilegj i gjyqtar\u00ebve t\u00eb saj, por \u00ebsht\u00eb themel i shtetit t\u00eb s\u00eb drejt\u00ebs. \u201cPavar\u00ebsia dhe paanshm\u00ebria e Gjykat\u00ebs [&hellip;]<\/p>\n","protected":false},"author":8,"featured_media":21859,"comment_status":"closed","ping_status":"closed","sticky":false,"template":"","format":"standard","meta":{"footnotes":""},"categories":[215,213],"tags":[],"class_list":["post-21858","post","type-post","status-publish","format-standard","has-post-thumbnail","hentry","category-kosove","category-lajme"],"yoast_head":"<!-- This site is optimized with the Yoast SEO plugin v25.1 - https:\/\/yoast.com\/wordpress\/plugins\/seo\/ -->\n<title>Kushtetuesja k\u00ebrkon q\u00eb t\u00eb ndalen \u201cdeklarimet e pamatura t\u00eb zyrtar\u00ebve t\u00eb lart\u00eb shtet\u00ebror\u00eb\u201d - press7.tv<\/title>\n<meta name=\"robots\" content=\"index, follow, max-snippet:-1, max-image-preview:large, max-video-preview:-1\" \/>\n<link rel=\"canonical\" href=\"https:\/\/www.press7.tv\/?p=21858\" \/>\n<meta property=\"og:locale\" content=\"en_US\" \/>\n<meta property=\"og:type\" content=\"article\" \/>\n<meta property=\"og:title\" content=\"Kushtetuesja k\u00ebrkon q\u00eb t\u00eb ndalen \u201cdeklarimet e pamatura t\u00eb zyrtar\u00ebve t\u00eb lart\u00eb shtet\u00ebror\u00eb\u201d - press7.tv\" \/>\n<meta property=\"og:description\" content=\"Gjykata Kushtetuese p\u00ebrmes nj\u00eb komunikate p\u00ebr media ka shprehur shqet\u00ebsimin e saj p\u00ebr si\u00e7 ka th\u00ebn\u00eb \u201cdeklarimet e pamatura t\u00eb zyrtar\u00ebve t\u00eb lart\u00eb shtet\u00ebror dhe t\u00eb zgjedhurve politik\u00eb\u201d. Tutje theksohet se pavar\u00ebsia e Gjykat\u00ebs Kushtetuese nuk \u00ebsht\u00eb privilegj i gjyqtar\u00ebve t\u00eb saj, por \u00ebsht\u00eb themel i shtetit t\u00eb s\u00eb drejt\u00ebs. \u201cPavar\u00ebsia dhe paanshm\u00ebria e Gjykat\u00ebs [&hellip;]\" \/>\n<meta property=\"og:url\" content=\"https:\/\/www.press7.tv\/?p=21858\" \/>\n<meta property=\"og:site_name\" content=\"press7.tv\" \/>\n<meta property=\"article:publisher\" content=\"https:\/\/www.facebook.com\/press7.tv\" \/>\n<meta property=\"article:published_time\" content=\"2025-09-08T15:10:14+00:00\" \/>\n<meta property=\"og:image\" content=\"https:\/\/www.press7.tv\/wp-content\/uploads\/2025\/09\/IMG_8608.avif\" \/>\n\t<meta property=\"og:image:width\" content=\"750\" \/>\n\t<meta property=\"og:image:height\" content=\"506\" \/>\n\t<meta property=\"og:image:type\" content=\"image\/webp\" \/>\n<meta name=\"author\" content=\"gazetar2\" \/>\n<meta name=\"twitter:card\" content=\"summary_large_image\" \/>\n<meta name=\"twitter:label1\" content=\"Written by\" \/>\n\t<meta name=\"twitter:data1\" content=\"gazetar2\" \/>\n\t<meta name=\"twitter:label2\" content=\"Est. reading time\" \/>\n\t<meta name=\"twitter:data2\" content=\"1 minute\" \/>\n<script type=\"application\/ld+json\" class=\"yoast-schema-graph\">{\"@context\":\"https:\/\/schema.org\",\"@graph\":[{\"@type\":\"Article\",\"@id\":\"https:\/\/www.press7.tv\/?p=21858#article\",\"isPartOf\":{\"@id\":\"https:\/\/www.press7.tv\/?p=21858\"},\"author\":{\"name\":\"gazetar2\",\"@id\":\"https:\/\/www.news33.tv\/#\/schema\/person\/5a04a38a23ccdba82f9bd665cd8f9efa\"},\"headline\":\"Kushtetuesja k\u00ebrkon q\u00eb t\u00eb ndalen \u201cdeklarimet e pamatura t\u00eb zyrtar\u00ebve t\u00eb lart\u00eb shtet\u00ebror\u00eb\u201d\",\"datePublished\":\"2025-09-08T15:10:14+00:00\",\"mainEntityOfPage\":{\"@id\":\"https:\/\/www.press7.tv\/?p=21858\"},\"wordCount\":530,\"publisher\":{\"@id\":\"https:\/\/www.news33.tv\/#organization\"},\"image\":{\"@id\":\"https:\/\/www.press7.tv\/?p=21858#primaryimage\"},\"thumbnailUrl\":\"https:\/\/www.press7.tv\/wp-content\/uploads\/2025\/09\/IMG_8608.avif\",\"articleSection\":[\"Kosov\u00eb\",\"Lajme\"],\"inLanguage\":\"en-US\"},{\"@type\":\"WebPage\",\"@id\":\"https:\/\/www.press7.tv\/?p=21858\",\"url\":\"https:\/\/www.press7.tv\/?p=21858\",\"name\":\"Kushtetuesja k\u00ebrkon q\u00eb t\u00eb ndalen \u201cdeklarimet e pamatura t\u00eb zyrtar\u00ebve t\u00eb lart\u00eb shtet\u00ebror\u00eb\u201d - press7.tv\",\"isPartOf\":{\"@id\":\"https:\/\/www.news33.tv\/#website\"},\"primaryImageOfPage\":{\"@id\":\"https:\/\/www.press7.tv\/?p=21858#primaryimage\"},\"image\":{\"@id\":\"https:\/\/www.press7.tv\/?p=21858#primaryimage\"},\"thumbnailUrl\":\"https:\/\/www.press7.tv\/wp-content\/uploads\/2025\/09\/IMG_8608.avif\",\"datePublished\":\"2025-09-08T15:10:14+00:00\",\"breadcrumb\":{\"@id\":\"https:\/\/www.press7.tv\/?p=21858#breadcrumb\"},\"inLanguage\":\"en-US\",\"potentialAction\":[{\"@type\":\"ReadAction\",\"target\":[\"https:\/\/www.press7.tv\/?p=21858\"]}]},{\"@type\":\"ImageObject\",\"inLanguage\":\"en-US\",\"@id\":\"https:\/\/www.press7.tv\/?p=21858#primaryimage\",\"url\":\"https:\/\/www.press7.tv\/wp-content\/uploads\/2025\/09\/IMG_8608.avif\",\"contentUrl\":\"https:\/\/www.press7.tv\/wp-content\/uploads\/2025\/09\/IMG_8608.avif\",\"width\":750,\"height\":506},{\"@type\":\"BreadcrumbList\",\"@id\":\"https:\/\/www.press7.tv\/?p=21858#breadcrumb\",\"itemListElement\":[{\"@type\":\"ListItem\",\"position\":1,\"name\":\"Home\",\"item\":\"https:\/\/www.press7.tv\/\"},{\"@type\":\"ListItem\",\"position\":2,\"name\":\"Kushtetuesja k\u00ebrkon q\u00eb t\u00eb ndalen \u201cdeklarimet e pamatura t\u00eb zyrtar\u00ebve t\u00eb lart\u00eb shtet\u00ebror\u00eb\u201d\"}]},{\"@type\":\"WebSite\",\"@id\":\"https:\/\/www.news33.tv\/#website\",\"url\":\"https:\/\/www.news33.tv\/\",\"name\":\"News33.tv Media\",\"description\":\"Media\",\"publisher\":{\"@id\":\"https:\/\/www.news33.tv\/#organization\"},\"potentialAction\":[{\"@type\":\"SearchAction\",\"target\":{\"@type\":\"EntryPoint\",\"urlTemplate\":\"https:\/\/www.news33.tv\/?s={search_term_string}\"},\"query-input\":{\"@type\":\"PropertyValueSpecification\",\"valueRequired\":true,\"valueName\":\"search_term_string\"}}],\"inLanguage\":\"en-US\"},{\"@type\":\"Organization\",\"@id\":\"https:\/\/www.news33.tv\/#organization\",\"name\":\"News33.tv Media\",\"url\":\"https:\/\/www.news33.tv\/\",\"logo\":{\"@type\":\"ImageObject\",\"inLanguage\":\"en-US\",\"@id\":\"https:\/\/www.news33.tv\/#\/schema\/logo\/image\/\",\"url\":\"https:\/\/www.press7.tv\/wp-content\/uploads\/2024\/02\/logo-news33-black.png\",\"contentUrl\":\"https:\/\/www.press7.tv\/wp-content\/uploads\/2024\/02\/logo-news33-black.png\",\"width\":180,\"height\":37,\"caption\":\"News33.tv Media\"},\"image\":{\"@id\":\"https:\/\/www.news33.tv\/#\/schema\/logo\/image\/\"},\"sameAs\":[\"https:\/\/www.facebook.com\/press7.tv\"]},{\"@type\":\"Person\",\"@id\":\"https:\/\/www.news33.tv\/#\/schema\/person\/5a04a38a23ccdba82f9bd665cd8f9efa\",\"name\":\"gazetar2\",\"image\":{\"@type\":\"ImageObject\",\"inLanguage\":\"en-US\",\"@id\":\"https:\/\/www.news33.tv\/#\/schema\/person\/image\/\",\"url\":\"https:\/\/www.press7.tv\/wp-content\/litespeed\/avatar\/41975e402c3049d9ddb03adca8f7a883.jpg?ver=1777169572\",\"contentUrl\":\"https:\/\/www.press7.tv\/wp-content\/litespeed\/avatar\/41975e402c3049d9ddb03adca8f7a883.jpg?ver=1777169572\",\"caption\":\"gazetar2\"},\"url\":\"https:\/\/www.press7.tv\/?author=8\"}]}<\/script>\n<!-- \/ Yoast SEO plugin. -->","yoast_head_json":{"title":"Kushtetuesja k\u00ebrkon q\u00eb t\u00eb ndalen \u201cdeklarimet e pamatura t\u00eb zyrtar\u00ebve t\u00eb lart\u00eb shtet\u00ebror\u00eb\u201d - press7.tv","robots":{"index":"index","follow":"follow","max-snippet":"max-snippet:-1","max-image-preview":"max-image-preview:large","max-video-preview":"max-video-preview:-1"},"canonical":"https:\/\/www.press7.tv\/?p=21858","og_locale":"en_US","og_type":"article","og_title":"Kushtetuesja k\u00ebrkon q\u00eb t\u00eb ndalen \u201cdeklarimet e pamatura t\u00eb zyrtar\u00ebve t\u00eb lart\u00eb shtet\u00ebror\u00eb\u201d - press7.tv","og_description":"Gjykata Kushtetuese p\u00ebrmes nj\u00eb komunikate p\u00ebr media ka shprehur shqet\u00ebsimin e saj p\u00ebr si\u00e7 ka th\u00ebn\u00eb \u201cdeklarimet e pamatura t\u00eb zyrtar\u00ebve t\u00eb lart\u00eb shtet\u00ebror dhe t\u00eb zgjedhurve politik\u00eb\u201d. Tutje theksohet se pavar\u00ebsia e Gjykat\u00ebs Kushtetuese nuk \u00ebsht\u00eb privilegj i gjyqtar\u00ebve t\u00eb saj, por \u00ebsht\u00eb themel i shtetit t\u00eb s\u00eb drejt\u00ebs. \u201cPavar\u00ebsia dhe paanshm\u00ebria e Gjykat\u00ebs [&hellip;]","og_url":"https:\/\/www.press7.tv\/?p=21858","og_site_name":"press7.tv","article_publisher":"https:\/\/www.facebook.com\/press7.tv","article_published_time":"2025-09-08T15:10:14+00:00","og_image":[{"width":750,"height":506,"url":"https:\/\/www.press7.tv\/wp-content\/uploads\/2025\/09\/IMG_8608.avif","type":"image\/webp"}],"author":"gazetar2","twitter_card":"summary_large_image","twitter_misc":{"Written by":"gazetar2","Est. reading time":"1 minute"},"schema":{"@context":"https:\/\/schema.org","@graph":[{"@type":"Article","@id":"https:\/\/www.press7.tv\/?p=21858#article","isPartOf":{"@id":"https:\/\/www.press7.tv\/?p=21858"},"author":{"name":"gazetar2","@id":"https:\/\/www.news33.tv\/#\/schema\/person\/5a04a38a23ccdba82f9bd665cd8f9efa"},"headline":"Kushtetuesja k\u00ebrkon q\u00eb t\u00eb ndalen \u201cdeklarimet e pamatura t\u00eb zyrtar\u00ebve t\u00eb lart\u00eb shtet\u00ebror\u00eb\u201d","datePublished":"2025-09-08T15:10:14+00:00","mainEntityOfPage":{"@id":"https:\/\/www.press7.tv\/?p=21858"},"wordCount":530,"publisher":{"@id":"https:\/\/www.news33.tv\/#organization"},"image":{"@id":"https:\/\/www.press7.tv\/?p=21858#primaryimage"},"thumbnailUrl":"https:\/\/www.press7.tv\/wp-content\/uploads\/2025\/09\/IMG_8608.avif","articleSection":["Kosov\u00eb","Lajme"],"inLanguage":"en-US"},{"@type":"WebPage","@id":"https:\/\/www.press7.tv\/?p=21858","url":"https:\/\/www.press7.tv\/?p=21858","name":"Kushtetuesja k\u00ebrkon q\u00eb t\u00eb ndalen \u201cdeklarimet e pamatura t\u00eb zyrtar\u00ebve t\u00eb lart\u00eb shtet\u00ebror\u00eb\u201d - press7.tv","isPartOf":{"@id":"https:\/\/www.news33.tv\/#website"},"primaryImageOfPage":{"@id":"https:\/\/www.press7.tv\/?p=21858#primaryimage"},"image":{"@id":"https:\/\/www.press7.tv\/?p=21858#primaryimage"},"thumbnailUrl":"https:\/\/www.press7.tv\/wp-content\/uploads\/2025\/09\/IMG_8608.avif","datePublished":"2025-09-08T15:10:14+00:00","breadcrumb":{"@id":"https:\/\/www.press7.tv\/?p=21858#breadcrumb"},"inLanguage":"en-US","potentialAction":[{"@type":"ReadAction","target":["https:\/\/www.press7.tv\/?p=21858"]}]},{"@type":"ImageObject","inLanguage":"en-US","@id":"https:\/\/www.press7.tv\/?p=21858#primaryimage","url":"https:\/\/www.press7.tv\/wp-content\/uploads\/2025\/09\/IMG_8608.avif","contentUrl":"https:\/\/www.press7.tv\/wp-content\/uploads\/2025\/09\/IMG_8608.avif","width":750,"height":506},{"@type":"BreadcrumbList","@id":"https:\/\/www.press7.tv\/?p=21858#breadcrumb","itemListElement":[{"@type":"ListItem","position":1,"name":"Home","item":"https:\/\/www.press7.tv\/"},{"@type":"ListItem","position":2,"name":"Kushtetuesja k\u00ebrkon q\u00eb t\u00eb ndalen \u201cdeklarimet e pamatura t\u00eb zyrtar\u00ebve t\u00eb lart\u00eb shtet\u00ebror\u00eb\u201d"}]},{"@type":"WebSite","@id":"https:\/\/www.news33.tv\/#website","url":"https:\/\/www.news33.tv\/","name":"News33.tv Media","description":"Media","publisher":{"@id":"https:\/\/www.news33.tv\/#organization"},"potentialAction":[{"@type":"SearchAction","target":{"@type":"EntryPoint","urlTemplate":"https:\/\/www.news33.tv\/?s={search_term_string}"},"query-input":{"@type":"PropertyValueSpecification","valueRequired":true,"valueName":"search_term_string"}}],"inLanguage":"en-US"},{"@type":"Organization","@id":"https:\/\/www.news33.tv\/#organization","name":"News33.tv Media","url":"https:\/\/www.news33.tv\/","logo":{"@type":"ImageObject","inLanguage":"en-US","@id":"https:\/\/www.news33.tv\/#\/schema\/logo\/image\/","url":"https:\/\/www.press7.tv\/wp-content\/uploads\/2024\/02\/logo-news33-black.png","contentUrl":"https:\/\/www.press7.tv\/wp-content\/uploads\/2024\/02\/logo-news33-black.png","width":180,"height":37,"caption":"News33.tv Media"},"image":{"@id":"https:\/\/www.news33.tv\/#\/schema\/logo\/image\/"},"sameAs":["https:\/\/www.facebook.com\/press7.tv"]},{"@type":"Person","@id":"https:\/\/www.news33.tv\/#\/schema\/person\/5a04a38a23ccdba82f9bd665cd8f9efa","name":"gazetar2","image":{"@type":"ImageObject","inLanguage":"en-US","@id":"https:\/\/www.news33.tv\/#\/schema\/person\/image\/","url":"https:\/\/www.press7.tv\/wp-content\/litespeed\/avatar\/41975e402c3049d9ddb03adca8f7a883.jpg?ver=1777169572","contentUrl":"https:\/\/www.press7.tv\/wp-content\/litespeed\/avatar\/41975e402c3049d9ddb03adca8f7a883.jpg?ver=1777169572","caption":"gazetar2"},"url":"https:\/\/www.press7.tv\/?author=8"}]}},"amp_enabled":true,"_links":{"self":[{"href":"https:\/\/www.press7.tv\/index.php?rest_route=\/wp\/v2\/posts\/21858","targetHints":{"allow":["GET"]}}],"collection":[{"href":"https:\/\/www.press7.tv\/index.php?rest_route=\/wp\/v2\/posts"}],"about":[{"href":"https:\/\/www.press7.tv\/index.php?rest_route=\/wp\/v2\/types\/post"}],"author":[{"embeddable":true,"href":"https:\/\/www.press7.tv\/index.php?rest_route=\/wp\/v2\/users\/8"}],"replies":[{"embeddable":true,"href":"https:\/\/www.press7.tv\/index.php?rest_route=%2Fwp%2Fv2%2Fcomments&post=21858"}],"version-history":[{"count":1,"href":"https:\/\/www.press7.tv\/index.php?rest_route=\/wp\/v2\/posts\/21858\/revisions"}],"predecessor-version":[{"id":21860,"href":"https:\/\/www.press7.tv\/index.php?rest_route=\/wp\/v2\/posts\/21858\/revisions\/21860"}],"wp:featuredmedia":[{"embeddable":true,"href":"https:\/\/www.press7.tv\/index.php?rest_route=\/wp\/v2\/media\/21859"}],"wp:attachment":[{"href":"https:\/\/www.press7.tv\/index.php?rest_route=%2Fwp%2Fv2%2Fmedia&parent=21858"}],"wp:term":[{"taxonomy":"category","embeddable":true,"href":"https:\/\/www.press7.tv\/index.php?rest_route=%2Fwp%2Fv2%2Fcategories&post=21858"},{"taxonomy":"post_tag","embeddable":true,"href":"https:\/\/www.press7.tv\/index.php?rest_route=%2Fwp%2Fv2%2Ftags&post=21858"}],"curies":[{"name":"wp","href":"https:\/\/api.w.org\/{rel}","templated":true}]}}