{"id":21845,"date":"2025-09-07T13:38:00","date_gmt":"2025-09-07T13:38:00","guid":{"rendered":"https:\/\/www.press7.tv\/?p=21845"},"modified":"2025-09-07T13:38:00","modified_gmt":"2025-09-07T13:38:00","slug":"konjufca-kushtetuesja-do-ti-hape-rruge-kuvendit-ose-do-te-shkojme-ne-zgjedhje-skenari-i-trete-do-te-ishte-tradhti","status":"publish","type":"post","link":"https:\/\/www.press7.tv\/?p=21845","title":{"rendered":"Konjufca: Kushtetuesja do t\u2019i hap\u00eb rrug\u00eb Kuvendit ose do t\u00eb shkojm\u00eb n\u00eb zgjedhje \u2013 skenari i tret\u00eb do t\u00eb ishte tradhti"},"content":{"rendered":"\n    <div class=\"xs_social_share_widget xs_share_url before_content \t\tmain_content  wslu-style-2 wslu-share-box-shaped wslu-fill-colored wslu-share-m-5 wslu-none wslu-share-vertical wslu-theme-font-no wslu-main_content\">\n\n\t\t\n        <ul>\n\t\t\t        <\/ul>\n    <\/div> \n<p>Glauk Konjufca, n\u00eb mbledhjen e K\u00ebshillit t\u00eb P\u00ebrgjithsh\u00ebm t\u00eb L\u00ebvizjes Vet\u00ebvendosje, ka th\u00ebn\u00eb se sivjet kan\u00eb par\u00eb p\u00ebrpjekjen m\u00eb t\u00eb rrezikshme p\u00ebr mosnjohjen e rezultatit zgjedhor.<\/p>\n<p>Ai ka th\u00ebn\u00eb se partit\u00eb politike t\u00eb cilat e kan\u00eb shpallur veten kund\u00ebrshtare t\u00eb L\u00ebvizjes Vet\u00ebvendosje,  qysh prej certifikimit t\u00eb zgjedhjeve jan\u00eb munduar t\u00eb thon\u00eb se vet\u00ebm nj\u00eb vot\u00eb m\u00eb pak se 50 p\u00ebr qind, dhe shteti mbetet pa Kuvend.<\/p>\n<p>\u201c\u00c7\u00ebshtja e themelimit t\u00eb Kuvendit \u00ebsht\u00eb akt i rendit t\u00eb vullnetit t\u00eb popullit si rezultat zgjedhor. T\u00eb jesh kund\u00ebr themelimit t\u00eb vendit, \u00ebsht\u00eb sikur t\u00eb jesh kund\u00ebr vetvetes. N\u00eb fund mund t\u00eb thuhet se kriza zgjati se partit\u00eb vendosen q\u00eb VV-ja t\u00eb mos ket\u00eb kryetare Albulena Haxhiun, kurse kjo kriz\u00eb po zgjat\u00eb ende sepse ato po mendojn\u00eb q\u00eb nuk ka republik\u00eb pa nj\u00eb n\u00ebnkryetar serb\u201d, ka th\u00ebn\u00eb ai.<\/p>\n<p>Konjufca ka th\u00ebn\u00eb se krizat politike nuk vijn\u00eb nga qielli dhe as nuk rrin\u00eb pezull.<\/p>\n<p>Sipas tij, edhe Gjykata Kushtetuese i kontribuoi kriz\u00ebs.<\/p>\n<p>\u201cQasja e saj ishte m\u00eb shum\u00eb politike se kushtetuese. Kushtetuesja \u00ebsht\u00eb para nj\u00eb vendimi t\u00eb madh. Gjykata nuk ka \u00e7far\u00eb t\u00eb interpretoj\u00eb m\u00eb tej Kushtetut\u00ebs. Ose do t\u00eb hapet rruga q\u00eb Kuvendi do t\u00eb vazhdoj\u00eb ose do t\u00eb vazhdojm\u00eb n\u00eb zgjedhje t\u00eb reja. Skenari i tret\u00eb \u00ebsht\u00eb m\u00eb i keqi i mundsh\u00ebm. Nj\u00eb skenar n\u00eb nivel t\u00eb tradhtis\u00eb shtet\u00ebrore, nj\u00eb skenar q\u00eb ja jep List\u00ebs Serbe dhe Beogradit, t\u00eb drejt\u00ebn e vetos mbi Republik\u00ebn e Kosov\u00ebs. Republika e Kosov\u00ebs nuk mund t\u00eb jet\u00eb peng i List\u00ebs Serbe. Ne e kemi Kuvendin dhe do ta kemi qeverin\u00eb\u201d, ka th\u00ebn\u00eb ai.<\/p>\n","protected":false},"excerpt":{"rendered":"<p>Glauk Konjufca, n\u00eb mbledhjen e K\u00ebshillit t\u00eb P\u00ebrgjithsh\u00ebm t\u00eb L\u00ebvizjes Vet\u00ebvendosje, ka th\u00ebn\u00eb se sivjet kan\u00eb par\u00eb p\u00ebrpjekjen m\u00eb t\u00eb rrezikshme p\u00ebr mosnjohjen e rezultatit zgjedhor. Ai ka th\u00ebn\u00eb se partit\u00eb politike t\u00eb cilat e kan\u00eb shpallur veten kund\u00ebrshtare t\u00eb L\u00ebvizjes Vet\u00ebvendosje, qysh prej certifikimit t\u00eb zgjedhjeve jan\u00eb munduar t\u00eb thon\u00eb se vet\u00ebm nj\u00eb vot\u00eb [&hellip;]<\/p>\n","protected":false},"author":8,"featured_media":21846,"comment_status":"closed","ping_status":"closed","sticky":false,"template":"","format":"standard","meta":{"footnotes":""},"categories":[215,213],"tags":[],"class_list":["post-21845","post","type-post","status-publish","format-standard","has-post-thumbnail","hentry","category-kosove","category-lajme"],"yoast_head":"<!-- This site is optimized with the Yoast SEO plugin v25.1 - https:\/\/yoast.com\/wordpress\/plugins\/seo\/ -->\n<title>Konjufca: Kushtetuesja do t\u2019i hap\u00eb rrug\u00eb Kuvendit ose do t\u00eb shkojm\u00eb n\u00eb zgjedhje \u2013 skenari i tret\u00eb do t\u00eb ishte tradhti - press7.tv<\/title>\n<meta name=\"robots\" content=\"index, follow, max-snippet:-1, max-image-preview:large, max-video-preview:-1\" \/>\n<link rel=\"canonical\" href=\"https:\/\/www.press7.tv\/?p=21845\" \/>\n<meta property=\"og:locale\" content=\"en_US\" \/>\n<meta property=\"og:type\" content=\"article\" \/>\n<meta property=\"og:title\" content=\"Konjufca: Kushtetuesja do t\u2019i hap\u00eb rrug\u00eb Kuvendit ose do t\u00eb shkojm\u00eb n\u00eb zgjedhje \u2013 skenari i tret\u00eb do t\u00eb ishte tradhti - press7.tv\" \/>\n<meta property=\"og:description\" content=\"Glauk Konjufca, n\u00eb mbledhjen e K\u00ebshillit t\u00eb P\u00ebrgjithsh\u00ebm t\u00eb L\u00ebvizjes Vet\u00ebvendosje, ka th\u00ebn\u00eb se sivjet kan\u00eb par\u00eb p\u00ebrpjekjen m\u00eb t\u00eb rrezikshme p\u00ebr mosnjohjen e rezultatit zgjedhor. Ai ka th\u00ebn\u00eb se partit\u00eb politike t\u00eb cilat e kan\u00eb shpallur veten kund\u00ebrshtare t\u00eb L\u00ebvizjes Vet\u00ebvendosje, qysh prej certifikimit t\u00eb zgjedhjeve jan\u00eb munduar t\u00eb thon\u00eb se vet\u00ebm nj\u00eb vot\u00eb [&hellip;]\" \/>\n<meta property=\"og:url\" content=\"https:\/\/www.press7.tv\/?p=21845\" \/>\n<meta property=\"og:site_name\" content=\"press7.tv\" \/>\n<meta property=\"article:publisher\" content=\"https:\/\/www.facebook.com\/press7.tv\" \/>\n<meta property=\"article:published_time\" content=\"2025-09-07T13:38:00+00:00\" \/>\n<meta property=\"og:image\" content=\"https:\/\/www.press7.tv\/wp-content\/uploads\/2025\/09\/IMG_8593.avif\" \/>\n\t<meta property=\"og:image:width\" content=\"1046\" \/>\n\t<meta property=\"og:image:height\" content=\"436\" \/>\n\t<meta property=\"og:image:type\" content=\"image\/webp\" \/>\n<meta name=\"author\" content=\"gazetar2\" \/>\n<meta name=\"twitter:card\" content=\"summary_large_image\" \/>\n<meta name=\"twitter:label1\" content=\"Written by\" \/>\n\t<meta name=\"twitter:data1\" content=\"gazetar2\" \/>\n\t<meta name=\"twitter:label2\" content=\"Est. reading time\" \/>\n\t<meta name=\"twitter:data2\" content=\"1 minute\" \/>\n<script type=\"application\/ld+json\" class=\"yoast-schema-graph\">{\"@context\":\"https:\/\/schema.org\",\"@graph\":[{\"@type\":\"Article\",\"@id\":\"https:\/\/www.press7.tv\/?p=21845#article\",\"isPartOf\":{\"@id\":\"https:\/\/www.press7.tv\/?p=21845\"},\"author\":{\"name\":\"gazetar2\",\"@id\":\"https:\/\/www.news33.tv\/#\/schema\/person\/5a04a38a23ccdba82f9bd665cd8f9efa\"},\"headline\":\"Konjufca: Kushtetuesja do t\u2019i hap\u00eb rrug\u00eb Kuvendit ose do t\u00eb shkojm\u00eb n\u00eb zgjedhje \u2013 skenari i tret\u00eb do t\u00eb ishte tradhti\",\"datePublished\":\"2025-09-07T13:38:00+00:00\",\"mainEntityOfPage\":{\"@id\":\"https:\/\/www.press7.tv\/?p=21845\"},\"wordCount\":306,\"publisher\":{\"@id\":\"https:\/\/www.news33.tv\/#organization\"},\"image\":{\"@id\":\"https:\/\/www.press7.tv\/?p=21845#primaryimage\"},\"thumbnailUrl\":\"https:\/\/www.press7.tv\/wp-content\/uploads\/2025\/09\/IMG_8593.avif\",\"articleSection\":[\"Kosov\u00eb\",\"Lajme\"],\"inLanguage\":\"en-US\"},{\"@type\":\"WebPage\",\"@id\":\"https:\/\/www.press7.tv\/?p=21845\",\"url\":\"https:\/\/www.press7.tv\/?p=21845\",\"name\":\"Konjufca: Kushtetuesja do t\u2019i hap\u00eb rrug\u00eb Kuvendit ose do t\u00eb shkojm\u00eb n\u00eb zgjedhje \u2013 skenari i tret\u00eb do t\u00eb ishte tradhti - press7.tv\",\"isPartOf\":{\"@id\":\"https:\/\/www.news33.tv\/#website\"},\"primaryImageOfPage\":{\"@id\":\"https:\/\/www.press7.tv\/?p=21845#primaryimage\"},\"image\":{\"@id\":\"https:\/\/www.press7.tv\/?p=21845#primaryimage\"},\"thumbnailUrl\":\"https:\/\/www.press7.tv\/wp-content\/uploads\/2025\/09\/IMG_8593.avif\",\"datePublished\":\"2025-09-07T13:38:00+00:00\",\"breadcrumb\":{\"@id\":\"https:\/\/www.press7.tv\/?p=21845#breadcrumb\"},\"inLanguage\":\"en-US\",\"potentialAction\":[{\"@type\":\"ReadAction\",\"target\":[\"https:\/\/www.press7.tv\/?p=21845\"]}]},{\"@type\":\"ImageObject\",\"inLanguage\":\"en-US\",\"@id\":\"https:\/\/www.press7.tv\/?p=21845#primaryimage\",\"url\":\"https:\/\/www.press7.tv\/wp-content\/uploads\/2025\/09\/IMG_8593.avif\",\"contentUrl\":\"https:\/\/www.press7.tv\/wp-content\/uploads\/2025\/09\/IMG_8593.avif\",\"width\":1046,\"height\":436},{\"@type\":\"BreadcrumbList\",\"@id\":\"https:\/\/www.press7.tv\/?p=21845#breadcrumb\",\"itemListElement\":[{\"@type\":\"ListItem\",\"position\":1,\"name\":\"Home\",\"item\":\"https:\/\/www.press7.tv\/\"},{\"@type\":\"ListItem\",\"position\":2,\"name\":\"Konjufca: Kushtetuesja do t\u2019i hap\u00eb rrug\u00eb Kuvendit ose do t\u00eb shkojm\u00eb n\u00eb zgjedhje \u2013 skenari i tret\u00eb do t\u00eb ishte tradhti\"}]},{\"@type\":\"WebSite\",\"@id\":\"https:\/\/www.news33.tv\/#website\",\"url\":\"https:\/\/www.news33.tv\/\",\"name\":\"News33.tv Media\",\"description\":\"Media\",\"publisher\":{\"@id\":\"https:\/\/www.news33.tv\/#organization\"},\"potentialAction\":[{\"@type\":\"SearchAction\",\"target\":{\"@type\":\"EntryPoint\",\"urlTemplate\":\"https:\/\/www.news33.tv\/?s={search_term_string}\"},\"query-input\":{\"@type\":\"PropertyValueSpecification\",\"valueRequired\":true,\"valueName\":\"search_term_string\"}}],\"inLanguage\":\"en-US\"},{\"@type\":\"Organization\",\"@id\":\"https:\/\/www.news33.tv\/#organization\",\"name\":\"News33.tv Media\",\"url\":\"https:\/\/www.news33.tv\/\",\"logo\":{\"@type\":\"ImageObject\",\"inLanguage\":\"en-US\",\"@id\":\"https:\/\/www.news33.tv\/#\/schema\/logo\/image\/\",\"url\":\"https:\/\/www.press7.tv\/wp-content\/uploads\/2024\/02\/logo-news33-black.png\",\"contentUrl\":\"https:\/\/www.press7.tv\/wp-content\/uploads\/2024\/02\/logo-news33-black.png\",\"width\":180,\"height\":37,\"caption\":\"News33.tv Media\"},\"image\":{\"@id\":\"https:\/\/www.news33.tv\/#\/schema\/logo\/image\/\"},\"sameAs\":[\"https:\/\/www.facebook.com\/press7.tv\"]},{\"@type\":\"Person\",\"@id\":\"https:\/\/www.news33.tv\/#\/schema\/person\/5a04a38a23ccdba82f9bd665cd8f9efa\",\"name\":\"gazetar2\",\"image\":{\"@type\":\"ImageObject\",\"inLanguage\":\"en-US\",\"@id\":\"https:\/\/www.news33.tv\/#\/schema\/person\/image\/\",\"url\":\"https:\/\/www.press7.tv\/wp-content\/litespeed\/avatar\/41975e402c3049d9ddb03adca8f7a883.jpg?ver=1777169572\",\"contentUrl\":\"https:\/\/www.press7.tv\/wp-content\/litespeed\/avatar\/41975e402c3049d9ddb03adca8f7a883.jpg?ver=1777169572\",\"caption\":\"gazetar2\"},\"url\":\"https:\/\/www.press7.tv\/?author=8\"}]}<\/script>\n<!-- \/ Yoast SEO plugin. -->","yoast_head_json":{"title":"Konjufca: Kushtetuesja do t\u2019i hap\u00eb rrug\u00eb Kuvendit ose do t\u00eb shkojm\u00eb n\u00eb zgjedhje \u2013 skenari i tret\u00eb do t\u00eb ishte tradhti - press7.tv","robots":{"index":"index","follow":"follow","max-snippet":"max-snippet:-1","max-image-preview":"max-image-preview:large","max-video-preview":"max-video-preview:-1"},"canonical":"https:\/\/www.press7.tv\/?p=21845","og_locale":"en_US","og_type":"article","og_title":"Konjufca: Kushtetuesja do t\u2019i hap\u00eb rrug\u00eb Kuvendit ose do t\u00eb shkojm\u00eb n\u00eb zgjedhje \u2013 skenari i tret\u00eb do t\u00eb ishte tradhti - press7.tv","og_description":"Glauk Konjufca, n\u00eb mbledhjen e K\u00ebshillit t\u00eb P\u00ebrgjithsh\u00ebm t\u00eb L\u00ebvizjes Vet\u00ebvendosje, ka th\u00ebn\u00eb se sivjet kan\u00eb par\u00eb p\u00ebrpjekjen m\u00eb t\u00eb rrezikshme p\u00ebr mosnjohjen e rezultatit zgjedhor. Ai ka th\u00ebn\u00eb se partit\u00eb politike t\u00eb cilat e kan\u00eb shpallur veten kund\u00ebrshtare t\u00eb L\u00ebvizjes Vet\u00ebvendosje, qysh prej certifikimit t\u00eb zgjedhjeve jan\u00eb munduar t\u00eb thon\u00eb se vet\u00ebm nj\u00eb vot\u00eb [&hellip;]","og_url":"https:\/\/www.press7.tv\/?p=21845","og_site_name":"press7.tv","article_publisher":"https:\/\/www.facebook.com\/press7.tv","article_published_time":"2025-09-07T13:38:00+00:00","og_image":[{"width":1046,"height":436,"url":"https:\/\/www.press7.tv\/wp-content\/uploads\/2025\/09\/IMG_8593.avif","type":"image\/webp"}],"author":"gazetar2","twitter_card":"summary_large_image","twitter_misc":{"Written by":"gazetar2","Est. reading time":"1 minute"},"schema":{"@context":"https:\/\/schema.org","@graph":[{"@type":"Article","@id":"https:\/\/www.press7.tv\/?p=21845#article","isPartOf":{"@id":"https:\/\/www.press7.tv\/?p=21845"},"author":{"name":"gazetar2","@id":"https:\/\/www.news33.tv\/#\/schema\/person\/5a04a38a23ccdba82f9bd665cd8f9efa"},"headline":"Konjufca: Kushtetuesja do t\u2019i hap\u00eb rrug\u00eb Kuvendit ose do t\u00eb shkojm\u00eb n\u00eb zgjedhje \u2013 skenari i tret\u00eb do t\u00eb ishte tradhti","datePublished":"2025-09-07T13:38:00+00:00","mainEntityOfPage":{"@id":"https:\/\/www.press7.tv\/?p=21845"},"wordCount":306,"publisher":{"@id":"https:\/\/www.news33.tv\/#organization"},"image":{"@id":"https:\/\/www.press7.tv\/?p=21845#primaryimage"},"thumbnailUrl":"https:\/\/www.press7.tv\/wp-content\/uploads\/2025\/09\/IMG_8593.avif","articleSection":["Kosov\u00eb","Lajme"],"inLanguage":"en-US"},{"@type":"WebPage","@id":"https:\/\/www.press7.tv\/?p=21845","url":"https:\/\/www.press7.tv\/?p=21845","name":"Konjufca: Kushtetuesja do t\u2019i hap\u00eb rrug\u00eb Kuvendit ose do t\u00eb shkojm\u00eb n\u00eb zgjedhje \u2013 skenari i tret\u00eb do t\u00eb ishte tradhti - press7.tv","isPartOf":{"@id":"https:\/\/www.news33.tv\/#website"},"primaryImageOfPage":{"@id":"https:\/\/www.press7.tv\/?p=21845#primaryimage"},"image":{"@id":"https:\/\/www.press7.tv\/?p=21845#primaryimage"},"thumbnailUrl":"https:\/\/www.press7.tv\/wp-content\/uploads\/2025\/09\/IMG_8593.avif","datePublished":"2025-09-07T13:38:00+00:00","breadcrumb":{"@id":"https:\/\/www.press7.tv\/?p=21845#breadcrumb"},"inLanguage":"en-US","potentialAction":[{"@type":"ReadAction","target":["https:\/\/www.press7.tv\/?p=21845"]}]},{"@type":"ImageObject","inLanguage":"en-US","@id":"https:\/\/www.press7.tv\/?p=21845#primaryimage","url":"https:\/\/www.press7.tv\/wp-content\/uploads\/2025\/09\/IMG_8593.avif","contentUrl":"https:\/\/www.press7.tv\/wp-content\/uploads\/2025\/09\/IMG_8593.avif","width":1046,"height":436},{"@type":"BreadcrumbList","@id":"https:\/\/www.press7.tv\/?p=21845#breadcrumb","itemListElement":[{"@type":"ListItem","position":1,"name":"Home","item":"https:\/\/www.press7.tv\/"},{"@type":"ListItem","position":2,"name":"Konjufca: Kushtetuesja do t\u2019i hap\u00eb rrug\u00eb Kuvendit ose do t\u00eb shkojm\u00eb n\u00eb zgjedhje \u2013 skenari i tret\u00eb do t\u00eb ishte tradhti"}]},{"@type":"WebSite","@id":"https:\/\/www.news33.tv\/#website","url":"https:\/\/www.news33.tv\/","name":"News33.tv Media","description":"Media","publisher":{"@id":"https:\/\/www.news33.tv\/#organization"},"potentialAction":[{"@type":"SearchAction","target":{"@type":"EntryPoint","urlTemplate":"https:\/\/www.news33.tv\/?s={search_term_string}"},"query-input":{"@type":"PropertyValueSpecification","valueRequired":true,"valueName":"search_term_string"}}],"inLanguage":"en-US"},{"@type":"Organization","@id":"https:\/\/www.news33.tv\/#organization","name":"News33.tv Media","url":"https:\/\/www.news33.tv\/","logo":{"@type":"ImageObject","inLanguage":"en-US","@id":"https:\/\/www.news33.tv\/#\/schema\/logo\/image\/","url":"https:\/\/www.press7.tv\/wp-content\/uploads\/2024\/02\/logo-news33-black.png","contentUrl":"https:\/\/www.press7.tv\/wp-content\/uploads\/2024\/02\/logo-news33-black.png","width":180,"height":37,"caption":"News33.tv Media"},"image":{"@id":"https:\/\/www.news33.tv\/#\/schema\/logo\/image\/"},"sameAs":["https:\/\/www.facebook.com\/press7.tv"]},{"@type":"Person","@id":"https:\/\/www.news33.tv\/#\/schema\/person\/5a04a38a23ccdba82f9bd665cd8f9efa","name":"gazetar2","image":{"@type":"ImageObject","inLanguage":"en-US","@id":"https:\/\/www.news33.tv\/#\/schema\/person\/image\/","url":"https:\/\/www.press7.tv\/wp-content\/litespeed\/avatar\/41975e402c3049d9ddb03adca8f7a883.jpg?ver=1777169572","contentUrl":"https:\/\/www.press7.tv\/wp-content\/litespeed\/avatar\/41975e402c3049d9ddb03adca8f7a883.jpg?ver=1777169572","caption":"gazetar2"},"url":"https:\/\/www.press7.tv\/?author=8"}]}},"amp_enabled":true,"_links":{"self":[{"href":"https:\/\/www.press7.tv\/index.php?rest_route=\/wp\/v2\/posts\/21845","targetHints":{"allow":["GET"]}}],"collection":[{"href":"https:\/\/www.press7.tv\/index.php?rest_route=\/wp\/v2\/posts"}],"about":[{"href":"https:\/\/www.press7.tv\/index.php?rest_route=\/wp\/v2\/types\/post"}],"author":[{"embeddable":true,"href":"https:\/\/www.press7.tv\/index.php?rest_route=\/wp\/v2\/users\/8"}],"replies":[{"embeddable":true,"href":"https:\/\/www.press7.tv\/index.php?rest_route=%2Fwp%2Fv2%2Fcomments&post=21845"}],"version-history":[{"count":1,"href":"https:\/\/www.press7.tv\/index.php?rest_route=\/wp\/v2\/posts\/21845\/revisions"}],"predecessor-version":[{"id":21847,"href":"https:\/\/www.press7.tv\/index.php?rest_route=\/wp\/v2\/posts\/21845\/revisions\/21847"}],"wp:featuredmedia":[{"embeddable":true,"href":"https:\/\/www.press7.tv\/index.php?rest_route=\/wp\/v2\/media\/21846"}],"wp:attachment":[{"href":"https:\/\/www.press7.tv\/index.php?rest_route=%2Fwp%2Fv2%2Fmedia&parent=21845"}],"wp:term":[{"taxonomy":"category","embeddable":true,"href":"https:\/\/www.press7.tv\/index.php?rest_route=%2Fwp%2Fv2%2Fcategories&post=21845"},{"taxonomy":"post_tag","embeddable":true,"href":"https:\/\/www.press7.tv\/index.php?rest_route=%2Fwp%2Fv2%2Ftags&post=21845"}],"curies":[{"name":"wp","href":"https:\/\/api.w.org\/{rel}","templated":true}]}}