{"id":21842,"date":"2025-09-07T13:30:28","date_gmt":"2025-09-07T13:30:28","guid":{"rendered":"https:\/\/www.press7.tv\/?p=21842"},"modified":"2025-09-07T13:30:28","modified_gmt":"2025-09-07T13:30:28","slug":"kurti-me-akuza-ndaj-kushtetueses-po-funksionon-si-hije-e-opozites-ndaj-vetevendosjes","status":"publish","type":"post","link":"https:\/\/www.press7.tv\/?p=21842","title":{"rendered":"Kurti me akuza ndaj Kushtetueses: Po funksionon si hije e opozit\u00ebs ndaj Vet\u00ebvendosjes"},"content":{"rendered":"\n    <div class=\"xs_social_share_widget xs_share_url before_content \t\tmain_content  wslu-style-2 wslu-share-box-shaped wslu-fill-colored wslu-share-m-5 wslu-none wslu-share-vertical wslu-theme-font-no wslu-main_content\">\n\n\t\t\n        <ul>\n\t\t\t        <\/ul>\n    <\/div> \n<p>Albin Kurti ka  th\u00ebn\u00eb se Gjykata Kushtetuese po funksionon si hije politike e opozit\u00ebs ndaj Vet\u00ebvendosjes.<\/p>\n<p>Ka th\u00ebn\u00eb se meq\u00eb tash u zgjodh kryetari i Kuvendit dhe kat\u00ebr n\u00ebnkryetar\u00ebt, Gjykata mori mas\u00eb t\u00eb p\u00ebrkohshme sipas k\u00ebrkes\u00ebs s\u00eb List\u00ebs Serbe.<\/p>\n<p>Ai ka th\u00ebn\u00eb se kjo \u201c\u00ebsht\u00eb ngjash\u00ebm sikur Arben Vitia t\u00eb l\u00ebshoj\u00eb vendim mjek\u00ebsor q\u00eb ata shtat\u00eb gjyqtar\u00eb t\u00eb shkojn\u00eb n\u00eb pushim mjek\u00ebsor p\u00ebr shkak t\u00eb gjendjes s\u00eb tyre t\u00eb r\u00ebnduar\u201d.<\/p>\n<p>\u201cNga kat\u00ebr muaj e gjysm\u00eb prej mesit t\u00eb prillit, tre muaj jan\u00eb vones\u00eb e Gjykat\u00ebs Kushtetuese. Nj\u00eb muaj e gjysm\u00eb vonuan p\u00ebr ta trajtuar ankes\u00ebn e AAK-s\u00eb e po aq ankesat e LDK-s\u00eb e PDK-s\u00eb. Opozita or\u00eb e \u00e7ast i drejtohej Kushtetueses. A e dini pse, sepse pes\u00eb nga shtat\u00eb gjyqtar\u00ebt e Kushtetueses jan\u00eb zgjedhur n\u00eb 2018 kur n\u00eb pushtet ishte koalicioni i PAN-it me List\u00ebn Serbe\u201d, ka th\u00ebn\u00eb ai.<\/p>\n<p>Sipas tij, nuk \u00ebsht\u00eb hera e par\u00eb q\u00eb Gjykata Kushtetuese ka penguar pun\u00ebt e mira t\u00eb Qeveris\u00eb.<\/p>\n<p>Kurti ka th\u00ebn\u00eb se n\u00eb tet\u00eb raste, me vendimet e Kushtetueses jan\u00eb penguar nismat reformuese t\u00eb Qeveris\u00eb duke u shpallur si antikushtetuese.<\/p>\n<p>\u201cGjykata Kushtetuese na e ka rr\u00ebzuar ligjin p\u00ebr vendosjen e \u00e7mimit tavan. Kjo ka qen\u00eb dita m\u00eb e pik\u00eblluese e imja si kryeminist\u00ebr&#8221;, ka th\u00ebn\u00eb ai.<\/p>\n<p>Kurti ka th\u00ebn\u00eb se duhet pasur kujdes edhe \u201cnga adresat nga po informohemi\u201d.<\/p>\n<p>\u201cN\u00ebse ata q\u00eb kan\u00eb p\u00ebr detyr\u00eb t\u00eb informojn\u00eb nuk kan\u00eb filtra ndaj k\u00ebtyre lajmeve dhe nuk i b\u00ebjn\u00eb me q\u00ebllim, duhet ne si aktivist\u00eb dhe qytetar\u00eb t\u00eb kemi filtrat ton\u00eb ndaj k\u00ebtyre lajmeve dezinformuese\u201d, ka th\u00ebn\u00eb ai.<\/p>\n<p>Kurti ka folur edhe p\u00ebr Serbin\u00eb, duke th\u00ebn\u00eb se p\u00ebr k\u00ebto vite ia kan\u00eb shp\u00ebrfaqur fytyr\u00ebn e v\u00ebrtet\u00eb Aleksandar Vu\u00e7iqit.<\/p>\n<p>Sipas tij, protestat po ia organizon populli dhe jo kryeministri i Kosov\u00ebs.<\/p>\n","protected":false},"excerpt":{"rendered":"<p>Albin Kurti ka th\u00ebn\u00eb se Gjykata Kushtetuese po funksionon si hije politike e opozit\u00ebs ndaj Vet\u00ebvendosjes. Ka th\u00ebn\u00eb se meq\u00eb tash u zgjodh kryetari i Kuvendit dhe kat\u00ebr n\u00ebnkryetar\u00ebt, Gjykata mori mas\u00eb t\u00eb p\u00ebrkohshme sipas k\u00ebrkes\u00ebs s\u00eb List\u00ebs Serbe. Ai ka th\u00ebn\u00eb se kjo \u201c\u00ebsht\u00eb ngjash\u00ebm sikur Arben Vitia t\u00eb l\u00ebshoj\u00eb vendim mjek\u00ebsor q\u00eb ata [&hellip;]<\/p>\n","protected":false},"author":8,"featured_media":21843,"comment_status":"closed","ping_status":"closed","sticky":false,"template":"","format":"standard","meta":{"footnotes":""},"categories":[215,213],"tags":[],"class_list":["post-21842","post","type-post","status-publish","format-standard","has-post-thumbnail","hentry","category-kosove","category-lajme"],"yoast_head":"<!-- This site is optimized with the Yoast SEO plugin v25.1 - https:\/\/yoast.com\/wordpress\/plugins\/seo\/ -->\n<title>Kurti me akuza ndaj Kushtetueses: Po funksionon si hije e opozit\u00ebs ndaj Vet\u00ebvendosjes - press7.tv<\/title>\n<meta name=\"robots\" content=\"index, follow, max-snippet:-1, max-image-preview:large, max-video-preview:-1\" \/>\n<link rel=\"canonical\" href=\"https:\/\/www.press7.tv\/?p=21842\" \/>\n<meta property=\"og:locale\" content=\"en_US\" \/>\n<meta property=\"og:type\" content=\"article\" \/>\n<meta property=\"og:title\" content=\"Kurti me akuza ndaj Kushtetueses: Po funksionon si hije e opozit\u00ebs ndaj Vet\u00ebvendosjes - press7.tv\" \/>\n<meta property=\"og:description\" content=\"Albin Kurti ka th\u00ebn\u00eb se Gjykata Kushtetuese po funksionon si hije politike e opozit\u00ebs ndaj Vet\u00ebvendosjes. Ka th\u00ebn\u00eb se meq\u00eb tash u zgjodh kryetari i Kuvendit dhe kat\u00ebr n\u00ebnkryetar\u00ebt, Gjykata mori mas\u00eb t\u00eb p\u00ebrkohshme sipas k\u00ebrkes\u00ebs s\u00eb List\u00ebs Serbe. Ai ka th\u00ebn\u00eb se kjo \u201c\u00ebsht\u00eb ngjash\u00ebm sikur Arben Vitia t\u00eb l\u00ebshoj\u00eb vendim mjek\u00ebsor q\u00eb ata [&hellip;]\" \/>\n<meta property=\"og:url\" content=\"https:\/\/www.press7.tv\/?p=21842\" \/>\n<meta property=\"og:site_name\" content=\"press7.tv\" \/>\n<meta property=\"article:publisher\" content=\"https:\/\/www.facebook.com\/press7.tv\" \/>\n<meta property=\"article:published_time\" content=\"2025-09-07T13:30:28+00:00\" \/>\n<meta property=\"og:image\" content=\"https:\/\/www.press7.tv\/wp-content\/uploads\/2025\/09\/IMG_7158.avif\" \/>\n\t<meta property=\"og:image:width\" content=\"860\" \/>\n\t<meta property=\"og:image:height\" content=\"550\" \/>\n\t<meta property=\"og:image:type\" content=\"image\/webp\" \/>\n<meta name=\"author\" content=\"gazetar2\" \/>\n<meta name=\"twitter:card\" content=\"summary_large_image\" \/>\n<meta name=\"twitter:label1\" content=\"Written by\" \/>\n\t<meta name=\"twitter:data1\" content=\"gazetar2\" \/>\n\t<meta name=\"twitter:label2\" content=\"Est. reading time\" \/>\n\t<meta name=\"twitter:data2\" content=\"1 minute\" \/>\n<script type=\"application\/ld+json\" class=\"yoast-schema-graph\">{\"@context\":\"https:\/\/schema.org\",\"@graph\":[{\"@type\":\"Article\",\"@id\":\"https:\/\/www.press7.tv\/?p=21842#article\",\"isPartOf\":{\"@id\":\"https:\/\/www.press7.tv\/?p=21842\"},\"author\":{\"name\":\"gazetar2\",\"@id\":\"https:\/\/www.news33.tv\/#\/schema\/person\/5a04a38a23ccdba82f9bd665cd8f9efa\"},\"headline\":\"Kurti me akuza ndaj Kushtetueses: Po funksionon si hije e opozit\u00ebs ndaj Vet\u00ebvendosjes\",\"datePublished\":\"2025-09-07T13:30:28+00:00\",\"mainEntityOfPage\":{\"@id\":\"https:\/\/www.press7.tv\/?p=21842\"},\"wordCount\":350,\"publisher\":{\"@id\":\"https:\/\/www.news33.tv\/#organization\"},\"image\":{\"@id\":\"https:\/\/www.press7.tv\/?p=21842#primaryimage\"},\"thumbnailUrl\":\"https:\/\/www.press7.tv\/wp-content\/uploads\/2025\/09\/IMG_7158.avif\",\"articleSection\":[\"Kosov\u00eb\",\"Lajme\"],\"inLanguage\":\"en-US\"},{\"@type\":\"WebPage\",\"@id\":\"https:\/\/www.press7.tv\/?p=21842\",\"url\":\"https:\/\/www.press7.tv\/?p=21842\",\"name\":\"Kurti me akuza ndaj Kushtetueses: Po funksionon si hije e opozit\u00ebs ndaj Vet\u00ebvendosjes - press7.tv\",\"isPartOf\":{\"@id\":\"https:\/\/www.news33.tv\/#website\"},\"primaryImageOfPage\":{\"@id\":\"https:\/\/www.press7.tv\/?p=21842#primaryimage\"},\"image\":{\"@id\":\"https:\/\/www.press7.tv\/?p=21842#primaryimage\"},\"thumbnailUrl\":\"https:\/\/www.press7.tv\/wp-content\/uploads\/2025\/09\/IMG_7158.avif\",\"datePublished\":\"2025-09-07T13:30:28+00:00\",\"breadcrumb\":{\"@id\":\"https:\/\/www.press7.tv\/?p=21842#breadcrumb\"},\"inLanguage\":\"en-US\",\"potentialAction\":[{\"@type\":\"ReadAction\",\"target\":[\"https:\/\/www.press7.tv\/?p=21842\"]}]},{\"@type\":\"ImageObject\",\"inLanguage\":\"en-US\",\"@id\":\"https:\/\/www.press7.tv\/?p=21842#primaryimage\",\"url\":\"https:\/\/www.press7.tv\/wp-content\/uploads\/2025\/09\/IMG_7158.avif\",\"contentUrl\":\"https:\/\/www.press7.tv\/wp-content\/uploads\/2025\/09\/IMG_7158.avif\",\"width\":860,\"height\":550},{\"@type\":\"BreadcrumbList\",\"@id\":\"https:\/\/www.press7.tv\/?p=21842#breadcrumb\",\"itemListElement\":[{\"@type\":\"ListItem\",\"position\":1,\"name\":\"Home\",\"item\":\"https:\/\/www.press7.tv\/\"},{\"@type\":\"ListItem\",\"position\":2,\"name\":\"Kurti me akuza ndaj Kushtetueses: Po funksionon si hije e opozit\u00ebs ndaj Vet\u00ebvendosjes\"}]},{\"@type\":\"WebSite\",\"@id\":\"https:\/\/www.news33.tv\/#website\",\"url\":\"https:\/\/www.news33.tv\/\",\"name\":\"News33.tv Media\",\"description\":\"Media\",\"publisher\":{\"@id\":\"https:\/\/www.news33.tv\/#organization\"},\"potentialAction\":[{\"@type\":\"SearchAction\",\"target\":{\"@type\":\"EntryPoint\",\"urlTemplate\":\"https:\/\/www.news33.tv\/?s={search_term_string}\"},\"query-input\":{\"@type\":\"PropertyValueSpecification\",\"valueRequired\":true,\"valueName\":\"search_term_string\"}}],\"inLanguage\":\"en-US\"},{\"@type\":\"Organization\",\"@id\":\"https:\/\/www.news33.tv\/#organization\",\"name\":\"News33.tv Media\",\"url\":\"https:\/\/www.news33.tv\/\",\"logo\":{\"@type\":\"ImageObject\",\"inLanguage\":\"en-US\",\"@id\":\"https:\/\/www.news33.tv\/#\/schema\/logo\/image\/\",\"url\":\"https:\/\/www.press7.tv\/wp-content\/uploads\/2024\/02\/logo-news33-black.png\",\"contentUrl\":\"https:\/\/www.press7.tv\/wp-content\/uploads\/2024\/02\/logo-news33-black.png\",\"width\":180,\"height\":37,\"caption\":\"News33.tv Media\"},\"image\":{\"@id\":\"https:\/\/www.news33.tv\/#\/schema\/logo\/image\/\"},\"sameAs\":[\"https:\/\/www.facebook.com\/press7.tv\"]},{\"@type\":\"Person\",\"@id\":\"https:\/\/www.news33.tv\/#\/schema\/person\/5a04a38a23ccdba82f9bd665cd8f9efa\",\"name\":\"gazetar2\",\"image\":{\"@type\":\"ImageObject\",\"inLanguage\":\"en-US\",\"@id\":\"https:\/\/www.news33.tv\/#\/schema\/person\/image\/\",\"url\":\"https:\/\/www.press7.tv\/wp-content\/litespeed\/avatar\/41975e402c3049d9ddb03adca8f7a883.jpg?ver=1777169572\",\"contentUrl\":\"https:\/\/www.press7.tv\/wp-content\/litespeed\/avatar\/41975e402c3049d9ddb03adca8f7a883.jpg?ver=1777169572\",\"caption\":\"gazetar2\"},\"url\":\"https:\/\/www.press7.tv\/?author=8\"}]}<\/script>\n<!-- \/ Yoast SEO plugin. -->","yoast_head_json":{"title":"Kurti me akuza ndaj Kushtetueses: Po funksionon si hije e opozit\u00ebs ndaj Vet\u00ebvendosjes - press7.tv","robots":{"index":"index","follow":"follow","max-snippet":"max-snippet:-1","max-image-preview":"max-image-preview:large","max-video-preview":"max-video-preview:-1"},"canonical":"https:\/\/www.press7.tv\/?p=21842","og_locale":"en_US","og_type":"article","og_title":"Kurti me akuza ndaj Kushtetueses: Po funksionon si hije e opozit\u00ebs ndaj Vet\u00ebvendosjes - press7.tv","og_description":"Albin Kurti ka th\u00ebn\u00eb se Gjykata Kushtetuese po funksionon si hije politike e opozit\u00ebs ndaj Vet\u00ebvendosjes. Ka th\u00ebn\u00eb se meq\u00eb tash u zgjodh kryetari i Kuvendit dhe kat\u00ebr n\u00ebnkryetar\u00ebt, Gjykata mori mas\u00eb t\u00eb p\u00ebrkohshme sipas k\u00ebrkes\u00ebs s\u00eb List\u00ebs Serbe. Ai ka th\u00ebn\u00eb se kjo \u201c\u00ebsht\u00eb ngjash\u00ebm sikur Arben Vitia t\u00eb l\u00ebshoj\u00eb vendim mjek\u00ebsor q\u00eb ata [&hellip;]","og_url":"https:\/\/www.press7.tv\/?p=21842","og_site_name":"press7.tv","article_publisher":"https:\/\/www.facebook.com\/press7.tv","article_published_time":"2025-09-07T13:30:28+00:00","og_image":[{"width":860,"height":550,"url":"https:\/\/www.press7.tv\/wp-content\/uploads\/2025\/09\/IMG_7158.avif","type":"image\/webp"}],"author":"gazetar2","twitter_card":"summary_large_image","twitter_misc":{"Written by":"gazetar2","Est. reading time":"1 minute"},"schema":{"@context":"https:\/\/schema.org","@graph":[{"@type":"Article","@id":"https:\/\/www.press7.tv\/?p=21842#article","isPartOf":{"@id":"https:\/\/www.press7.tv\/?p=21842"},"author":{"name":"gazetar2","@id":"https:\/\/www.news33.tv\/#\/schema\/person\/5a04a38a23ccdba82f9bd665cd8f9efa"},"headline":"Kurti me akuza ndaj Kushtetueses: Po funksionon si hije e opozit\u00ebs ndaj Vet\u00ebvendosjes","datePublished":"2025-09-07T13:30:28+00:00","mainEntityOfPage":{"@id":"https:\/\/www.press7.tv\/?p=21842"},"wordCount":350,"publisher":{"@id":"https:\/\/www.news33.tv\/#organization"},"image":{"@id":"https:\/\/www.press7.tv\/?p=21842#primaryimage"},"thumbnailUrl":"https:\/\/www.press7.tv\/wp-content\/uploads\/2025\/09\/IMG_7158.avif","articleSection":["Kosov\u00eb","Lajme"],"inLanguage":"en-US"},{"@type":"WebPage","@id":"https:\/\/www.press7.tv\/?p=21842","url":"https:\/\/www.press7.tv\/?p=21842","name":"Kurti me akuza ndaj Kushtetueses: Po funksionon si hije e opozit\u00ebs ndaj Vet\u00ebvendosjes - press7.tv","isPartOf":{"@id":"https:\/\/www.news33.tv\/#website"},"primaryImageOfPage":{"@id":"https:\/\/www.press7.tv\/?p=21842#primaryimage"},"image":{"@id":"https:\/\/www.press7.tv\/?p=21842#primaryimage"},"thumbnailUrl":"https:\/\/www.press7.tv\/wp-content\/uploads\/2025\/09\/IMG_7158.avif","datePublished":"2025-09-07T13:30:28+00:00","breadcrumb":{"@id":"https:\/\/www.press7.tv\/?p=21842#breadcrumb"},"inLanguage":"en-US","potentialAction":[{"@type":"ReadAction","target":["https:\/\/www.press7.tv\/?p=21842"]}]},{"@type":"ImageObject","inLanguage":"en-US","@id":"https:\/\/www.press7.tv\/?p=21842#primaryimage","url":"https:\/\/www.press7.tv\/wp-content\/uploads\/2025\/09\/IMG_7158.avif","contentUrl":"https:\/\/www.press7.tv\/wp-content\/uploads\/2025\/09\/IMG_7158.avif","width":860,"height":550},{"@type":"BreadcrumbList","@id":"https:\/\/www.press7.tv\/?p=21842#breadcrumb","itemListElement":[{"@type":"ListItem","position":1,"name":"Home","item":"https:\/\/www.press7.tv\/"},{"@type":"ListItem","position":2,"name":"Kurti me akuza ndaj Kushtetueses: Po funksionon si hije e opozit\u00ebs ndaj Vet\u00ebvendosjes"}]},{"@type":"WebSite","@id":"https:\/\/www.news33.tv\/#website","url":"https:\/\/www.news33.tv\/","name":"News33.tv Media","description":"Media","publisher":{"@id":"https:\/\/www.news33.tv\/#organization"},"potentialAction":[{"@type":"SearchAction","target":{"@type":"EntryPoint","urlTemplate":"https:\/\/www.news33.tv\/?s={search_term_string}"},"query-input":{"@type":"PropertyValueSpecification","valueRequired":true,"valueName":"search_term_string"}}],"inLanguage":"en-US"},{"@type":"Organization","@id":"https:\/\/www.news33.tv\/#organization","name":"News33.tv Media","url":"https:\/\/www.news33.tv\/","logo":{"@type":"ImageObject","inLanguage":"en-US","@id":"https:\/\/www.news33.tv\/#\/schema\/logo\/image\/","url":"https:\/\/www.press7.tv\/wp-content\/uploads\/2024\/02\/logo-news33-black.png","contentUrl":"https:\/\/www.press7.tv\/wp-content\/uploads\/2024\/02\/logo-news33-black.png","width":180,"height":37,"caption":"News33.tv Media"},"image":{"@id":"https:\/\/www.news33.tv\/#\/schema\/logo\/image\/"},"sameAs":["https:\/\/www.facebook.com\/press7.tv"]},{"@type":"Person","@id":"https:\/\/www.news33.tv\/#\/schema\/person\/5a04a38a23ccdba82f9bd665cd8f9efa","name":"gazetar2","image":{"@type":"ImageObject","inLanguage":"en-US","@id":"https:\/\/www.news33.tv\/#\/schema\/person\/image\/","url":"https:\/\/www.press7.tv\/wp-content\/litespeed\/avatar\/41975e402c3049d9ddb03adca8f7a883.jpg?ver=1777169572","contentUrl":"https:\/\/www.press7.tv\/wp-content\/litespeed\/avatar\/41975e402c3049d9ddb03adca8f7a883.jpg?ver=1777169572","caption":"gazetar2"},"url":"https:\/\/www.press7.tv\/?author=8"}]}},"amp_enabled":true,"_links":{"self":[{"href":"https:\/\/www.press7.tv\/index.php?rest_route=\/wp\/v2\/posts\/21842","targetHints":{"allow":["GET"]}}],"collection":[{"href":"https:\/\/www.press7.tv\/index.php?rest_route=\/wp\/v2\/posts"}],"about":[{"href":"https:\/\/www.press7.tv\/index.php?rest_route=\/wp\/v2\/types\/post"}],"author":[{"embeddable":true,"href":"https:\/\/www.press7.tv\/index.php?rest_route=\/wp\/v2\/users\/8"}],"replies":[{"embeddable":true,"href":"https:\/\/www.press7.tv\/index.php?rest_route=%2Fwp%2Fv2%2Fcomments&post=21842"}],"version-history":[{"count":1,"href":"https:\/\/www.press7.tv\/index.php?rest_route=\/wp\/v2\/posts\/21842\/revisions"}],"predecessor-version":[{"id":21844,"href":"https:\/\/www.press7.tv\/index.php?rest_route=\/wp\/v2\/posts\/21842\/revisions\/21844"}],"wp:featuredmedia":[{"embeddable":true,"href":"https:\/\/www.press7.tv\/index.php?rest_route=\/wp\/v2\/media\/21843"}],"wp:attachment":[{"href":"https:\/\/www.press7.tv\/index.php?rest_route=%2Fwp%2Fv2%2Fmedia&parent=21842"}],"wp:term":[{"taxonomy":"category","embeddable":true,"href":"https:\/\/www.press7.tv\/index.php?rest_route=%2Fwp%2Fv2%2Fcategories&post=21842"},{"taxonomy":"post_tag","embeddable":true,"href":"https:\/\/www.press7.tv\/index.php?rest_route=%2Fwp%2Fv2%2Ftags&post=21842"}],"curies":[{"name":"wp","href":"https:\/\/api.w.org\/{rel}","templated":true}]}}