{"id":21826,"date":"2025-09-06T17:36:14","date_gmt":"2025-09-06T17:36:14","guid":{"rendered":"https:\/\/www.press7.tv\/?p=21826"},"modified":"2025-09-06T17:36:14","modified_gmt":"2025-09-06T17:36:14","slug":"mesazhi-kercenues-ndaj-kurtit-paralajmerim-i-rrezikshem-me-prapavije-hibride","status":"publish","type":"post","link":"https:\/\/www.press7.tv\/?p=21826","title":{"rendered":"Mesazhi k\u00ebrc\u00ebnues ndaj Kurtit, paralajm\u00ebrim i rreziksh\u00ebm me prapavij\u00eb hibride"},"content":{"rendered":"\n    <div class=\"xs_social_share_widget xs_share_url before_content \t\tmain_content  wslu-style-2 wslu-share-box-shaped wslu-fill-colored wslu-share-m-5 wslu-none wslu-share-vertical wslu-theme-font-no wslu-main_content\">\n\n\t\t\n        <ul>\n\t\t\t        <\/ul>\n    <\/div> \n<p>S\u00eb fundi, nj\u00eb mesazh k\u00ebrc\u00ebnues ndaj kryeministrit t\u00eb Kosov\u00ebs, Albin Kurti, u shfaq n\u00eb murin e nj\u00eb nd\u00ebrtese n\u00eb rrug\u00ebn \u201cVasilije Ostrovski\u201d n\u00eb Mitrovic\u00eb. Grafitet, t\u00eb shkruara n\u00eb gjuh\u00ebn serbe, p\u00ebrmbajn\u00eb gjuh\u00eb t\u00eb hapur urrejtjeje dhe k\u00ebrc\u00ebnimi ndaj kryeministrit, duke shqet\u00ebsuar banor\u00ebt dhe institucionet lokale.<\/p>\n<p>Z\u00ebvend\u00ebsdrejtori i Policis\u00eb n\u00eb Mitrovic\u00eb, Veton Elshani, ka konfirmuar rastin dhe ka b\u00ebr\u00eb t\u00eb ditur se aktualisht nuk ka t\u00eb dyshuar apo persona t\u00eb arrestuar. Ai shtoi se pas konsultimit me prokurorin kujdestar, \u00ebsht\u00eb iniciuar rasti si \u201ckanosje\u201d. Sipas policis\u00eb, i nj\u00ebjti shkrim kishte qarkulluar m\u00eb par\u00eb edhe n\u00eb rrjetin social Telegram, gj\u00eb q\u00eb sugjeron nj\u00eb tentativ\u00eb t\u00eb q\u00ebllimshme p\u00ebr t\u00eb frik\u00ebsuar kryeministrin dhe institucionet e vendit.<\/p>\n<p>E n\u00eb lidhje me k\u00ebt\u00eb k\u00ebrc\u00ebnim dhe ccfar\u00eb sinjali jep ai p\u00ebr \u201cBota sot\u201d foli eksperti i siguris\u00eb, Fatjon Softa.<\/p>\n<p>S\u00eb pari, ai vler\u00ebsoi se prapa tyre q\u00ebndrojn\u00eb grupet ekstremiste serbe, e q\u00eb kjo \u00ebsht\u00eb nj\u00eb form\u00eb e luft\u00ebs hibride q\u00eb Serbia organizon ndaj Kosov\u00ebs.<\/p>\n<p>\u201cKush mund t\u00eb q\u00ebndroj\u00eb pas tyre? Grupet ekstremiste serbe, n\u00eb bashk\u00ebveprim me strukturat paralele n\u00eb veri t\u00eb Kosov\u00ebs, t\u00eb cilat shpesh kan\u00eb shfaqur simbole dhe mesazhe k\u00ebrc\u00ebnuese \u2014 kujtojm\u00eb rastin para Krishtlindjeve \u2014 si forma t\u00eb luft\u00ebs hibride q\u00eb Serbia organizon ndaj Kosov\u00ebs dhe institucioneve t\u00eb saj. Grupe kriminale k\u00ebrkojn\u00eb situata tensionesh politike dhe etnike p\u00ebr t\u00eb fshehur aktivitetin kriminal dhe kontraband\u00ebn, duke e p\u00ebrdorur at\u00eb si mburoj\u00eb p\u00ebr veprimtari t\u00eb paligjshme si kontrabanda dhe trafikimi.<\/p>\n<p>Ndikimi i Serbis\u00eb \u2013 Mesazhet mund t\u00eb jen\u00eb frym\u00ebzuar nga qarqe politike dhe propagandistike q\u00eb duan ta paraqesin veriun si \u201cterritor t\u00eb v\u00ebshtir\u00eb\u201d p\u00ebr Qeverin\u00eb e Kosov\u00ebs\u201d.<\/p>\n<p>Sipas Soft\u00ebs, k\u00ebto grafite jan\u00eb presion ndaj Kurtti dhe synojn\u00eb t\u00eb nxisin frik\u00eb te qytetar\u00ebt shqiptar\u00eb dhe t\u00eb nxisin konflikte.<\/p>\n<p>\u201cGrafitet jan\u00eb nj\u00eb form\u00eb presioni ndaj qeveris\u00eb s\u00eb Kosov\u00ebs dhe kryeministrit Kurti. Ato synojn\u00eb t\u00eb p\u00ebrshkall\u00ebzojn\u00eb frik\u00ebn dhe pasigurin\u00eb te qytetar\u00ebt shqiptar\u00eb dhe t\u00eb nxisin konflikte. Gjithashtu, ato testojn\u00eb autoritetin e shtetit t\u00eb Kosov\u00ebs dhe p\u00ebrb\u00ebjn\u00eb nj\u00eb sfid\u00eb t\u00eb hapur ndaj pranis\u00eb s\u00eb institucioneve t\u00eb Kosov\u00ebs\u201d, shtjelloi ai.<\/p>\n","protected":false},"excerpt":{"rendered":"<p>S\u00eb fundi, nj\u00eb mesazh k\u00ebrc\u00ebnues ndaj kryeministrit t\u00eb Kosov\u00ebs, Albin Kurti, u shfaq n\u00eb murin e nj\u00eb nd\u00ebrtese n\u00eb rrug\u00ebn \u201cVasilije Ostrovski\u201d n\u00eb Mitrovic\u00eb. Grafitet, t\u00eb shkruara n\u00eb gjuh\u00ebn serbe, p\u00ebrmbajn\u00eb gjuh\u00eb t\u00eb hapur urrejtjeje dhe k\u00ebrc\u00ebnimi ndaj kryeministrit, duke shqet\u00ebsuar banor\u00ebt dhe institucionet lokale. Z\u00ebvend\u00ebsdrejtori i Policis\u00eb n\u00eb Mitrovic\u00eb, Veton Elshani, ka konfirmuar rastin [&hellip;]<\/p>\n","protected":false},"author":8,"featured_media":21827,"comment_status":"closed","ping_status":"closed","sticky":false,"template":"","format":"standard","meta":{"footnotes":""},"categories":[215,213],"tags":[],"class_list":["post-21826","post","type-post","status-publish","format-standard","has-post-thumbnail","hentry","category-kosove","category-lajme"],"yoast_head":"<!-- This site is optimized with the Yoast SEO plugin v25.1 - https:\/\/yoast.com\/wordpress\/plugins\/seo\/ -->\n<title>Mesazhi k\u00ebrc\u00ebnues ndaj Kurtit, paralajm\u00ebrim i rreziksh\u00ebm me prapavij\u00eb hibride - press7.tv<\/title>\n<meta name=\"robots\" content=\"index, follow, max-snippet:-1, max-image-preview:large, max-video-preview:-1\" \/>\n<link rel=\"canonical\" href=\"https:\/\/www.press7.tv\/?p=21826\" \/>\n<meta property=\"og:locale\" content=\"en_US\" \/>\n<meta property=\"og:type\" content=\"article\" \/>\n<meta property=\"og:title\" content=\"Mesazhi k\u00ebrc\u00ebnues ndaj Kurtit, paralajm\u00ebrim i rreziksh\u00ebm me prapavij\u00eb hibride - press7.tv\" \/>\n<meta property=\"og:description\" content=\"S\u00eb fundi, nj\u00eb mesazh k\u00ebrc\u00ebnues ndaj kryeministrit t\u00eb Kosov\u00ebs, Albin Kurti, u shfaq n\u00eb murin e nj\u00eb nd\u00ebrtese n\u00eb rrug\u00ebn \u201cVasilije Ostrovski\u201d n\u00eb Mitrovic\u00eb. Grafitet, t\u00eb shkruara n\u00eb gjuh\u00ebn serbe, p\u00ebrmbajn\u00eb gjuh\u00eb t\u00eb hapur urrejtjeje dhe k\u00ebrc\u00ebnimi ndaj kryeministrit, duke shqet\u00ebsuar banor\u00ebt dhe institucionet lokale. Z\u00ebvend\u00ebsdrejtori i Policis\u00eb n\u00eb Mitrovic\u00eb, Veton Elshani, ka konfirmuar rastin [&hellip;]\" \/>\n<meta property=\"og:url\" content=\"https:\/\/www.press7.tv\/?p=21826\" \/>\n<meta property=\"og:site_name\" content=\"press7.tv\" \/>\n<meta property=\"article:publisher\" content=\"https:\/\/www.facebook.com\/press7.tv\" \/>\n<meta property=\"article:published_time\" content=\"2025-09-06T17:36:14+00:00\" \/>\n<meta property=\"og:image\" content=\"https:\/\/www.press7.tv\/wp-content\/uploads\/2025\/09\/IMG_8576.avif\" \/>\n\t<meta property=\"og:image:width\" content=\"800\" \/>\n\t<meta property=\"og:image:height\" content=\"533\" \/>\n\t<meta property=\"og:image:type\" content=\"image\/jpeg\" \/>\n<meta name=\"author\" content=\"gazetar2\" \/>\n<meta name=\"twitter:card\" content=\"summary_large_image\" \/>\n<meta name=\"twitter:label1\" content=\"Written by\" \/>\n\t<meta name=\"twitter:data1\" content=\"gazetar2\" \/>\n\t<meta name=\"twitter:label2\" content=\"Est. reading time\" \/>\n\t<meta name=\"twitter:data2\" content=\"1 minute\" \/>\n<script type=\"application\/ld+json\" class=\"yoast-schema-graph\">{\"@context\":\"https:\/\/schema.org\",\"@graph\":[{\"@type\":\"Article\",\"@id\":\"https:\/\/www.press7.tv\/?p=21826#article\",\"isPartOf\":{\"@id\":\"https:\/\/www.press7.tv\/?p=21826\"},\"author\":{\"name\":\"gazetar2\",\"@id\":\"https:\/\/www.news33.tv\/#\/schema\/person\/5a04a38a23ccdba82f9bd665cd8f9efa\"},\"headline\":\"Mesazhi k\u00ebrc\u00ebnues ndaj Kurtit, paralajm\u00ebrim i rreziksh\u00ebm me prapavij\u00eb hibride\",\"datePublished\":\"2025-09-06T17:36:14+00:00\",\"mainEntityOfPage\":{\"@id\":\"https:\/\/www.press7.tv\/?p=21826\"},\"wordCount\":393,\"publisher\":{\"@id\":\"https:\/\/www.news33.tv\/#organization\"},\"image\":{\"@id\":\"https:\/\/www.press7.tv\/?p=21826#primaryimage\"},\"thumbnailUrl\":\"https:\/\/www.press7.tv\/wp-content\/uploads\/2025\/09\/IMG_8576.avif\",\"articleSection\":[\"Kosov\u00eb\",\"Lajme\"],\"inLanguage\":\"en-US\"},{\"@type\":\"WebPage\",\"@id\":\"https:\/\/www.press7.tv\/?p=21826\",\"url\":\"https:\/\/www.press7.tv\/?p=21826\",\"name\":\"Mesazhi k\u00ebrc\u00ebnues ndaj Kurtit, paralajm\u00ebrim i rreziksh\u00ebm me prapavij\u00eb hibride - press7.tv\",\"isPartOf\":{\"@id\":\"https:\/\/www.news33.tv\/#website\"},\"primaryImageOfPage\":{\"@id\":\"https:\/\/www.press7.tv\/?p=21826#primaryimage\"},\"image\":{\"@id\":\"https:\/\/www.press7.tv\/?p=21826#primaryimage\"},\"thumbnailUrl\":\"https:\/\/www.press7.tv\/wp-content\/uploads\/2025\/09\/IMG_8576.avif\",\"datePublished\":\"2025-09-06T17:36:14+00:00\",\"breadcrumb\":{\"@id\":\"https:\/\/www.press7.tv\/?p=21826#breadcrumb\"},\"inLanguage\":\"en-US\",\"potentialAction\":[{\"@type\":\"ReadAction\",\"target\":[\"https:\/\/www.press7.tv\/?p=21826\"]}]},{\"@type\":\"ImageObject\",\"inLanguage\":\"en-US\",\"@id\":\"https:\/\/www.press7.tv\/?p=21826#primaryimage\",\"url\":\"https:\/\/www.press7.tv\/wp-content\/uploads\/2025\/09\/IMG_8576.avif\",\"contentUrl\":\"https:\/\/www.press7.tv\/wp-content\/uploads\/2025\/09\/IMG_8576.avif\",\"width\":800,\"height\":533},{\"@type\":\"BreadcrumbList\",\"@id\":\"https:\/\/www.press7.tv\/?p=21826#breadcrumb\",\"itemListElement\":[{\"@type\":\"ListItem\",\"position\":1,\"name\":\"Home\",\"item\":\"https:\/\/www.press7.tv\/\"},{\"@type\":\"ListItem\",\"position\":2,\"name\":\"Mesazhi k\u00ebrc\u00ebnues ndaj Kurtit, paralajm\u00ebrim i rreziksh\u00ebm me prapavij\u00eb hibride\"}]},{\"@type\":\"WebSite\",\"@id\":\"https:\/\/www.news33.tv\/#website\",\"url\":\"https:\/\/www.news33.tv\/\",\"name\":\"News33.tv Media\",\"description\":\"Media\",\"publisher\":{\"@id\":\"https:\/\/www.news33.tv\/#organization\"},\"potentialAction\":[{\"@type\":\"SearchAction\",\"target\":{\"@type\":\"EntryPoint\",\"urlTemplate\":\"https:\/\/www.news33.tv\/?s={search_term_string}\"},\"query-input\":{\"@type\":\"PropertyValueSpecification\",\"valueRequired\":true,\"valueName\":\"search_term_string\"}}],\"inLanguage\":\"en-US\"},{\"@type\":\"Organization\",\"@id\":\"https:\/\/www.news33.tv\/#organization\",\"name\":\"News33.tv Media\",\"url\":\"https:\/\/www.news33.tv\/\",\"logo\":{\"@type\":\"ImageObject\",\"inLanguage\":\"en-US\",\"@id\":\"https:\/\/www.news33.tv\/#\/schema\/logo\/image\/\",\"url\":\"https:\/\/www.press7.tv\/wp-content\/uploads\/2024\/02\/logo-news33-black.png\",\"contentUrl\":\"https:\/\/www.press7.tv\/wp-content\/uploads\/2024\/02\/logo-news33-black.png\",\"width\":180,\"height\":37,\"caption\":\"News33.tv Media\"},\"image\":{\"@id\":\"https:\/\/www.news33.tv\/#\/schema\/logo\/image\/\"},\"sameAs\":[\"https:\/\/www.facebook.com\/press7.tv\"]},{\"@type\":\"Person\",\"@id\":\"https:\/\/www.news33.tv\/#\/schema\/person\/5a04a38a23ccdba82f9bd665cd8f9efa\",\"name\":\"gazetar2\",\"image\":{\"@type\":\"ImageObject\",\"inLanguage\":\"en-US\",\"@id\":\"https:\/\/www.news33.tv\/#\/schema\/person\/image\/\",\"url\":\"https:\/\/www.press7.tv\/wp-content\/litespeed\/avatar\/41975e402c3049d9ddb03adca8f7a883.jpg?ver=1777169572\",\"contentUrl\":\"https:\/\/www.press7.tv\/wp-content\/litespeed\/avatar\/41975e402c3049d9ddb03adca8f7a883.jpg?ver=1777169572\",\"caption\":\"gazetar2\"},\"url\":\"https:\/\/www.press7.tv\/?author=8\"}]}<\/script>\n<!-- \/ Yoast SEO plugin. -->","yoast_head_json":{"title":"Mesazhi k\u00ebrc\u00ebnues ndaj Kurtit, paralajm\u00ebrim i rreziksh\u00ebm me prapavij\u00eb hibride - press7.tv","robots":{"index":"index","follow":"follow","max-snippet":"max-snippet:-1","max-image-preview":"max-image-preview:large","max-video-preview":"max-video-preview:-1"},"canonical":"https:\/\/www.press7.tv\/?p=21826","og_locale":"en_US","og_type":"article","og_title":"Mesazhi k\u00ebrc\u00ebnues ndaj Kurtit, paralajm\u00ebrim i rreziksh\u00ebm me prapavij\u00eb hibride - press7.tv","og_description":"S\u00eb fundi, nj\u00eb mesazh k\u00ebrc\u00ebnues ndaj kryeministrit t\u00eb Kosov\u00ebs, Albin Kurti, u shfaq n\u00eb murin e nj\u00eb nd\u00ebrtese n\u00eb rrug\u00ebn \u201cVasilije Ostrovski\u201d n\u00eb Mitrovic\u00eb. Grafitet, t\u00eb shkruara n\u00eb gjuh\u00ebn serbe, p\u00ebrmbajn\u00eb gjuh\u00eb t\u00eb hapur urrejtjeje dhe k\u00ebrc\u00ebnimi ndaj kryeministrit, duke shqet\u00ebsuar banor\u00ebt dhe institucionet lokale. Z\u00ebvend\u00ebsdrejtori i Policis\u00eb n\u00eb Mitrovic\u00eb, Veton Elshani, ka konfirmuar rastin [&hellip;]","og_url":"https:\/\/www.press7.tv\/?p=21826","og_site_name":"press7.tv","article_publisher":"https:\/\/www.facebook.com\/press7.tv","article_published_time":"2025-09-06T17:36:14+00:00","og_image":[{"width":800,"height":533,"url":"https:\/\/www.press7.tv\/wp-content\/uploads\/2025\/09\/IMG_8576.avif","type":"image\/jpeg"}],"author":"gazetar2","twitter_card":"summary_large_image","twitter_misc":{"Written by":"gazetar2","Est. reading time":"1 minute"},"schema":{"@context":"https:\/\/schema.org","@graph":[{"@type":"Article","@id":"https:\/\/www.press7.tv\/?p=21826#article","isPartOf":{"@id":"https:\/\/www.press7.tv\/?p=21826"},"author":{"name":"gazetar2","@id":"https:\/\/www.news33.tv\/#\/schema\/person\/5a04a38a23ccdba82f9bd665cd8f9efa"},"headline":"Mesazhi k\u00ebrc\u00ebnues ndaj Kurtit, paralajm\u00ebrim i rreziksh\u00ebm me prapavij\u00eb hibride","datePublished":"2025-09-06T17:36:14+00:00","mainEntityOfPage":{"@id":"https:\/\/www.press7.tv\/?p=21826"},"wordCount":393,"publisher":{"@id":"https:\/\/www.news33.tv\/#organization"},"image":{"@id":"https:\/\/www.press7.tv\/?p=21826#primaryimage"},"thumbnailUrl":"https:\/\/www.press7.tv\/wp-content\/uploads\/2025\/09\/IMG_8576.avif","articleSection":["Kosov\u00eb","Lajme"],"inLanguage":"en-US"},{"@type":"WebPage","@id":"https:\/\/www.press7.tv\/?p=21826","url":"https:\/\/www.press7.tv\/?p=21826","name":"Mesazhi k\u00ebrc\u00ebnues ndaj Kurtit, paralajm\u00ebrim i rreziksh\u00ebm me prapavij\u00eb hibride - press7.tv","isPartOf":{"@id":"https:\/\/www.news33.tv\/#website"},"primaryImageOfPage":{"@id":"https:\/\/www.press7.tv\/?p=21826#primaryimage"},"image":{"@id":"https:\/\/www.press7.tv\/?p=21826#primaryimage"},"thumbnailUrl":"https:\/\/www.press7.tv\/wp-content\/uploads\/2025\/09\/IMG_8576.avif","datePublished":"2025-09-06T17:36:14+00:00","breadcrumb":{"@id":"https:\/\/www.press7.tv\/?p=21826#breadcrumb"},"inLanguage":"en-US","potentialAction":[{"@type":"ReadAction","target":["https:\/\/www.press7.tv\/?p=21826"]}]},{"@type":"ImageObject","inLanguage":"en-US","@id":"https:\/\/www.press7.tv\/?p=21826#primaryimage","url":"https:\/\/www.press7.tv\/wp-content\/uploads\/2025\/09\/IMG_8576.avif","contentUrl":"https:\/\/www.press7.tv\/wp-content\/uploads\/2025\/09\/IMG_8576.avif","width":800,"height":533},{"@type":"BreadcrumbList","@id":"https:\/\/www.press7.tv\/?p=21826#breadcrumb","itemListElement":[{"@type":"ListItem","position":1,"name":"Home","item":"https:\/\/www.press7.tv\/"},{"@type":"ListItem","position":2,"name":"Mesazhi k\u00ebrc\u00ebnues ndaj Kurtit, paralajm\u00ebrim i rreziksh\u00ebm me prapavij\u00eb hibride"}]},{"@type":"WebSite","@id":"https:\/\/www.news33.tv\/#website","url":"https:\/\/www.news33.tv\/","name":"News33.tv Media","description":"Media","publisher":{"@id":"https:\/\/www.news33.tv\/#organization"},"potentialAction":[{"@type":"SearchAction","target":{"@type":"EntryPoint","urlTemplate":"https:\/\/www.news33.tv\/?s={search_term_string}"},"query-input":{"@type":"PropertyValueSpecification","valueRequired":true,"valueName":"search_term_string"}}],"inLanguage":"en-US"},{"@type":"Organization","@id":"https:\/\/www.news33.tv\/#organization","name":"News33.tv Media","url":"https:\/\/www.news33.tv\/","logo":{"@type":"ImageObject","inLanguage":"en-US","@id":"https:\/\/www.news33.tv\/#\/schema\/logo\/image\/","url":"https:\/\/www.press7.tv\/wp-content\/uploads\/2024\/02\/logo-news33-black.png","contentUrl":"https:\/\/www.press7.tv\/wp-content\/uploads\/2024\/02\/logo-news33-black.png","width":180,"height":37,"caption":"News33.tv Media"},"image":{"@id":"https:\/\/www.news33.tv\/#\/schema\/logo\/image\/"},"sameAs":["https:\/\/www.facebook.com\/press7.tv"]},{"@type":"Person","@id":"https:\/\/www.news33.tv\/#\/schema\/person\/5a04a38a23ccdba82f9bd665cd8f9efa","name":"gazetar2","image":{"@type":"ImageObject","inLanguage":"en-US","@id":"https:\/\/www.news33.tv\/#\/schema\/person\/image\/","url":"https:\/\/www.press7.tv\/wp-content\/litespeed\/avatar\/41975e402c3049d9ddb03adca8f7a883.jpg?ver=1777169572","contentUrl":"https:\/\/www.press7.tv\/wp-content\/litespeed\/avatar\/41975e402c3049d9ddb03adca8f7a883.jpg?ver=1777169572","caption":"gazetar2"},"url":"https:\/\/www.press7.tv\/?author=8"}]}},"amp_enabled":true,"_links":{"self":[{"href":"https:\/\/www.press7.tv\/index.php?rest_route=\/wp\/v2\/posts\/21826","targetHints":{"allow":["GET"]}}],"collection":[{"href":"https:\/\/www.press7.tv\/index.php?rest_route=\/wp\/v2\/posts"}],"about":[{"href":"https:\/\/www.press7.tv\/index.php?rest_route=\/wp\/v2\/types\/post"}],"author":[{"embeddable":true,"href":"https:\/\/www.press7.tv\/index.php?rest_route=\/wp\/v2\/users\/8"}],"replies":[{"embeddable":true,"href":"https:\/\/www.press7.tv\/index.php?rest_route=%2Fwp%2Fv2%2Fcomments&post=21826"}],"version-history":[{"count":1,"href":"https:\/\/www.press7.tv\/index.php?rest_route=\/wp\/v2\/posts\/21826\/revisions"}],"predecessor-version":[{"id":21828,"href":"https:\/\/www.press7.tv\/index.php?rest_route=\/wp\/v2\/posts\/21826\/revisions\/21828"}],"wp:featuredmedia":[{"embeddable":true,"href":"https:\/\/www.press7.tv\/index.php?rest_route=\/wp\/v2\/media\/21827"}],"wp:attachment":[{"href":"https:\/\/www.press7.tv\/index.php?rest_route=%2Fwp%2Fv2%2Fmedia&parent=21826"}],"wp:term":[{"taxonomy":"category","embeddable":true,"href":"https:\/\/www.press7.tv\/index.php?rest_route=%2Fwp%2Fv2%2Fcategories&post=21826"},{"taxonomy":"post_tag","embeddable":true,"href":"https:\/\/www.press7.tv\/index.php?rest_route=%2Fwp%2Fv2%2Ftags&post=21826"}],"curies":[{"name":"wp","href":"https:\/\/api.w.org\/{rel}","templated":true}]}}