{"id":21820,"date":"2025-09-06T12:28:24","date_gmt":"2025-09-06T12:28:24","guid":{"rendered":"https:\/\/www.press7.tv\/?p=21820"},"modified":"2025-09-06T12:28:24","modified_gmt":"2025-09-06T12:28:24","slug":"kamberi-dorezon-kerkese-per-ta-paisur-presheven-me-targat-e-veta-te-regjistrimit-foto","status":"publish","type":"post","link":"https:\/\/www.press7.tv\/?p=21820","title":{"rendered":"Kamberi dor\u00ebzon k\u00ebrkes\u00eb p\u00ebr ta paisur Preshev\u00ebn me targat e veta t\u00eb regjistrimit (FOTO)"},"content":{"rendered":"\n    <div class=\"xs_social_share_widget xs_share_url before_content \t\tmain_content  wslu-style-2 wslu-share-box-shaped wslu-fill-colored wslu-share-m-5 wslu-none wslu-share-vertical wslu-theme-font-no wslu-main_content\">\n\n\t\t\n        <ul>\n\t\t\t        <\/ul>\n    <\/div> \n<p>Deputeti i vet\u00ebm shqiptar n\u00eb Kuvendin e Serbis\u00eb, Shaip Kamberi ka dor\u00ebzuar iniciativ\u00eb p\u00ebr ta paisur komun\u00ebn e Preshev\u00ebs me tabela t\u00eb veta t\u00eb regjistrimit, duke th\u00ebn\u00eb se Presheva, nj\u00ebjt\u00eb si komunat e tjera, meriton t\u00eb identifikohet me emrin e vet.<\/p>\n<p>Kamberi ka shkruar n\u00eb Facebook se n\u00eb komun\u00ebn e Preshev\u00ebs jan\u00eb t\u00eb regjistruar 12.387 automjete, nd\u00ebrsa komuna e Preshev\u00ebs ka 33.449 banor\u00eb rezident dhe gjithsej 59.024 banor\u00eb kur i shtohen edhe banor\u00ebt jorezident.<\/p>\n<p>\u201cMe k\u00ebt\u00eb num\u00ebr t\u00eb banor\u00ebve dhe me k\u00ebt\u00eb num\u00ebr t\u00eb veturave t\u00eb regjistruara, \u00ebsht\u00eb plot\u00ebsisht e arsyeshme dhe e domosdoshme q\u00eb Presheva t\u00eb ket\u00eb tabelat e veta t\u00eb regjistrimit, dhe jo t\u00eb mbaj\u00eb ato t\u00eb qytetit t\u00eb Vranj\u00ebs. Presheva meriton trajtim t\u00eb barabart\u00eb dhe simbolet e saj, p\u00ebrfshir\u00eb edhe tabelat e regjistrimit, t\u00eb jen\u00eb t\u00eb pranishme ashtu si n\u00eb \u00e7do komun\u00eb tjet\u00ebr t\u00eb Serbis\u00eb\u201d, ka shkruar ai.(INA)<\/p>\n<p><a href=\"https:\/\/www.facebook.com\/sh.kamberi\/posts\/1241795581084068?ref=embed_post\">https:\/\/www.facebook.com\/sh.kamberi\/posts\/1241795581084068?ref=embed_post<\/a><\/p>\n","protected":false},"excerpt":{"rendered":"<p>Deputeti i vet\u00ebm shqiptar n\u00eb Kuvendin e Serbis\u00eb, Shaip Kamberi ka dor\u00ebzuar iniciativ\u00eb p\u00ebr ta paisur komun\u00ebn e Preshev\u00ebs me tabela t\u00eb veta t\u00eb regjistrimit, duke th\u00ebn\u00eb se Presheva, nj\u00ebjt\u00eb si komunat e tjera, meriton t\u00eb identifikohet me emrin e vet. Kamberi ka shkruar n\u00eb Facebook se n\u00eb komun\u00ebn e Preshev\u00ebs jan\u00eb t\u00eb regjistruar 12.387 [&hellip;]<\/p>\n","protected":false},"author":8,"featured_media":21821,"comment_status":"closed","ping_status":"closed","sticky":false,"template":"","format":"standard","meta":{"footnotes":""},"categories":[213,219],"tags":[],"class_list":["post-21820","post","type-post","status-publish","format-standard","has-post-thumbnail","hentry","category-lajme","category-rajon"],"yoast_head":"<!-- This site is optimized with the Yoast SEO plugin v25.1 - https:\/\/yoast.com\/wordpress\/plugins\/seo\/ -->\n<title>Kamberi dor\u00ebzon k\u00ebrkes\u00eb p\u00ebr ta paisur Preshev\u00ebn me targat e veta t\u00eb regjistrimit (FOTO) - press7.tv<\/title>\n<meta name=\"robots\" content=\"index, follow, max-snippet:-1, max-image-preview:large, max-video-preview:-1\" \/>\n<link rel=\"canonical\" href=\"https:\/\/www.press7.tv\/?p=21820\" \/>\n<meta property=\"og:locale\" content=\"en_US\" \/>\n<meta property=\"og:type\" content=\"article\" \/>\n<meta property=\"og:title\" content=\"Kamberi dor\u00ebzon k\u00ebrkes\u00eb p\u00ebr ta paisur Preshev\u00ebn me targat e veta t\u00eb regjistrimit (FOTO) - press7.tv\" \/>\n<meta property=\"og:description\" content=\"Deputeti i vet\u00ebm shqiptar n\u00eb Kuvendin e Serbis\u00eb, Shaip Kamberi ka dor\u00ebzuar iniciativ\u00eb p\u00ebr ta paisur komun\u00ebn e Preshev\u00ebs me tabela t\u00eb veta t\u00eb regjistrimit, duke th\u00ebn\u00eb se Presheva, nj\u00ebjt\u00eb si komunat e tjera, meriton t\u00eb identifikohet me emrin e vet. Kamberi ka shkruar n\u00eb Facebook se n\u00eb komun\u00ebn e Preshev\u00ebs jan\u00eb t\u00eb regjistruar 12.387 [&hellip;]\" \/>\n<meta property=\"og:url\" content=\"https:\/\/www.press7.tv\/?p=21820\" \/>\n<meta property=\"og:site_name\" content=\"press7.tv\" \/>\n<meta property=\"article:publisher\" content=\"https:\/\/www.facebook.com\/press7.tv\" \/>\n<meta property=\"article:published_time\" content=\"2025-09-06T12:28:24+00:00\" \/>\n<meta property=\"og:image\" content=\"https:\/\/www.press7.tv\/wp-content\/uploads\/2025\/09\/IMG_8570.avif\" \/>\n\t<meta property=\"og:image:width\" content=\"716\" \/>\n\t<meta property=\"og:image:height\" content=\"500\" \/>\n\t<meta property=\"og:image:type\" content=\"image\/png\" \/>\n<meta name=\"author\" content=\"gazetar2\" \/>\n<meta name=\"twitter:card\" content=\"summary_large_image\" \/>\n<meta name=\"twitter:label1\" content=\"Written by\" \/>\n\t<meta name=\"twitter:data1\" content=\"gazetar2\" \/>\n\t<meta name=\"twitter:label2\" content=\"Est. reading time\" \/>\n\t<meta name=\"twitter:data2\" content=\"1 minute\" \/>\n<script type=\"application\/ld+json\" class=\"yoast-schema-graph\">{\"@context\":\"https:\/\/schema.org\",\"@graph\":[{\"@type\":\"Article\",\"@id\":\"https:\/\/www.press7.tv\/?p=21820#article\",\"isPartOf\":{\"@id\":\"https:\/\/www.press7.tv\/?p=21820\"},\"author\":{\"name\":\"gazetar2\",\"@id\":\"https:\/\/www.news33.tv\/#\/schema\/person\/5a04a38a23ccdba82f9bd665cd8f9efa\"},\"headline\":\"Kamberi dor\u00ebzon k\u00ebrkes\u00eb p\u00ebr ta paisur Preshev\u00ebn me targat e veta t\u00eb regjistrimit (FOTO)\",\"datePublished\":\"2025-09-06T12:28:24+00:00\",\"mainEntityOfPage\":{\"@id\":\"https:\/\/www.press7.tv\/?p=21820\"},\"wordCount\":188,\"publisher\":{\"@id\":\"https:\/\/www.news33.tv\/#organization\"},\"image\":{\"@id\":\"https:\/\/www.press7.tv\/?p=21820#primaryimage\"},\"thumbnailUrl\":\"https:\/\/www.press7.tv\/wp-content\/uploads\/2025\/09\/IMG_8570.avif\",\"articleSection\":[\"Lajme\",\"Rajon\"],\"inLanguage\":\"en-US\"},{\"@type\":\"WebPage\",\"@id\":\"https:\/\/www.press7.tv\/?p=21820\",\"url\":\"https:\/\/www.press7.tv\/?p=21820\",\"name\":\"Kamberi dor\u00ebzon k\u00ebrkes\u00eb p\u00ebr ta paisur Preshev\u00ebn me targat e veta t\u00eb regjistrimit (FOTO) - press7.tv\",\"isPartOf\":{\"@id\":\"https:\/\/www.news33.tv\/#website\"},\"primaryImageOfPage\":{\"@id\":\"https:\/\/www.press7.tv\/?p=21820#primaryimage\"},\"image\":{\"@id\":\"https:\/\/www.press7.tv\/?p=21820#primaryimage\"},\"thumbnailUrl\":\"https:\/\/www.press7.tv\/wp-content\/uploads\/2025\/09\/IMG_8570.avif\",\"datePublished\":\"2025-09-06T12:28:24+00:00\",\"breadcrumb\":{\"@id\":\"https:\/\/www.press7.tv\/?p=21820#breadcrumb\"},\"inLanguage\":\"en-US\",\"potentialAction\":[{\"@type\":\"ReadAction\",\"target\":[\"https:\/\/www.press7.tv\/?p=21820\"]}]},{\"@type\":\"ImageObject\",\"inLanguage\":\"en-US\",\"@id\":\"https:\/\/www.press7.tv\/?p=21820#primaryimage\",\"url\":\"https:\/\/www.press7.tv\/wp-content\/uploads\/2025\/09\/IMG_8570.avif\",\"contentUrl\":\"https:\/\/www.press7.tv\/wp-content\/uploads\/2025\/09\/IMG_8570.avif\",\"width\":716,\"height\":500},{\"@type\":\"BreadcrumbList\",\"@id\":\"https:\/\/www.press7.tv\/?p=21820#breadcrumb\",\"itemListElement\":[{\"@type\":\"ListItem\",\"position\":1,\"name\":\"Home\",\"item\":\"https:\/\/www.press7.tv\/\"},{\"@type\":\"ListItem\",\"position\":2,\"name\":\"Kamberi dor\u00ebzon k\u00ebrkes\u00eb p\u00ebr ta paisur Preshev\u00ebn me targat e veta t\u00eb regjistrimit (FOTO)\"}]},{\"@type\":\"WebSite\",\"@id\":\"https:\/\/www.news33.tv\/#website\",\"url\":\"https:\/\/www.news33.tv\/\",\"name\":\"News33.tv Media\",\"description\":\"Media\",\"publisher\":{\"@id\":\"https:\/\/www.news33.tv\/#organization\"},\"potentialAction\":[{\"@type\":\"SearchAction\",\"target\":{\"@type\":\"EntryPoint\",\"urlTemplate\":\"https:\/\/www.news33.tv\/?s={search_term_string}\"},\"query-input\":{\"@type\":\"PropertyValueSpecification\",\"valueRequired\":true,\"valueName\":\"search_term_string\"}}],\"inLanguage\":\"en-US\"},{\"@type\":\"Organization\",\"@id\":\"https:\/\/www.news33.tv\/#organization\",\"name\":\"News33.tv Media\",\"url\":\"https:\/\/www.news33.tv\/\",\"logo\":{\"@type\":\"ImageObject\",\"inLanguage\":\"en-US\",\"@id\":\"https:\/\/www.news33.tv\/#\/schema\/logo\/image\/\",\"url\":\"https:\/\/www.press7.tv\/wp-content\/uploads\/2024\/02\/logo-news33-black.png\",\"contentUrl\":\"https:\/\/www.press7.tv\/wp-content\/uploads\/2024\/02\/logo-news33-black.png\",\"width\":180,\"height\":37,\"caption\":\"News33.tv Media\"},\"image\":{\"@id\":\"https:\/\/www.news33.tv\/#\/schema\/logo\/image\/\"},\"sameAs\":[\"https:\/\/www.facebook.com\/press7.tv\"]},{\"@type\":\"Person\",\"@id\":\"https:\/\/www.news33.tv\/#\/schema\/person\/5a04a38a23ccdba82f9bd665cd8f9efa\",\"name\":\"gazetar2\",\"image\":{\"@type\":\"ImageObject\",\"inLanguage\":\"en-US\",\"@id\":\"https:\/\/www.news33.tv\/#\/schema\/person\/image\/\",\"url\":\"https:\/\/www.press7.tv\/wp-content\/litespeed\/avatar\/41975e402c3049d9ddb03adca8f7a883.jpg?ver=1777169572\",\"contentUrl\":\"https:\/\/www.press7.tv\/wp-content\/litespeed\/avatar\/41975e402c3049d9ddb03adca8f7a883.jpg?ver=1777169572\",\"caption\":\"gazetar2\"},\"url\":\"https:\/\/www.press7.tv\/?author=8\"}]}<\/script>\n<!-- \/ Yoast SEO plugin. -->","yoast_head_json":{"title":"Kamberi dor\u00ebzon k\u00ebrkes\u00eb p\u00ebr ta paisur Preshev\u00ebn me targat e veta t\u00eb regjistrimit (FOTO) - press7.tv","robots":{"index":"index","follow":"follow","max-snippet":"max-snippet:-1","max-image-preview":"max-image-preview:large","max-video-preview":"max-video-preview:-1"},"canonical":"https:\/\/www.press7.tv\/?p=21820","og_locale":"en_US","og_type":"article","og_title":"Kamberi dor\u00ebzon k\u00ebrkes\u00eb p\u00ebr ta paisur Preshev\u00ebn me targat e veta t\u00eb regjistrimit (FOTO) - press7.tv","og_description":"Deputeti i vet\u00ebm shqiptar n\u00eb Kuvendin e Serbis\u00eb, Shaip Kamberi ka dor\u00ebzuar iniciativ\u00eb p\u00ebr ta paisur komun\u00ebn e Preshev\u00ebs me tabela t\u00eb veta t\u00eb regjistrimit, duke th\u00ebn\u00eb se Presheva, nj\u00ebjt\u00eb si komunat e tjera, meriton t\u00eb identifikohet me emrin e vet. Kamberi ka shkruar n\u00eb Facebook se n\u00eb komun\u00ebn e Preshev\u00ebs jan\u00eb t\u00eb regjistruar 12.387 [&hellip;]","og_url":"https:\/\/www.press7.tv\/?p=21820","og_site_name":"press7.tv","article_publisher":"https:\/\/www.facebook.com\/press7.tv","article_published_time":"2025-09-06T12:28:24+00:00","og_image":[{"width":716,"height":500,"url":"https:\/\/www.press7.tv\/wp-content\/uploads\/2025\/09\/IMG_8570.avif","type":"image\/png"}],"author":"gazetar2","twitter_card":"summary_large_image","twitter_misc":{"Written by":"gazetar2","Est. reading time":"1 minute"},"schema":{"@context":"https:\/\/schema.org","@graph":[{"@type":"Article","@id":"https:\/\/www.press7.tv\/?p=21820#article","isPartOf":{"@id":"https:\/\/www.press7.tv\/?p=21820"},"author":{"name":"gazetar2","@id":"https:\/\/www.news33.tv\/#\/schema\/person\/5a04a38a23ccdba82f9bd665cd8f9efa"},"headline":"Kamberi dor\u00ebzon k\u00ebrkes\u00eb p\u00ebr ta paisur Preshev\u00ebn me targat e veta t\u00eb regjistrimit (FOTO)","datePublished":"2025-09-06T12:28:24+00:00","mainEntityOfPage":{"@id":"https:\/\/www.press7.tv\/?p=21820"},"wordCount":188,"publisher":{"@id":"https:\/\/www.news33.tv\/#organization"},"image":{"@id":"https:\/\/www.press7.tv\/?p=21820#primaryimage"},"thumbnailUrl":"https:\/\/www.press7.tv\/wp-content\/uploads\/2025\/09\/IMG_8570.avif","articleSection":["Lajme","Rajon"],"inLanguage":"en-US"},{"@type":"WebPage","@id":"https:\/\/www.press7.tv\/?p=21820","url":"https:\/\/www.press7.tv\/?p=21820","name":"Kamberi dor\u00ebzon k\u00ebrkes\u00eb p\u00ebr ta paisur Preshev\u00ebn me targat e veta t\u00eb regjistrimit (FOTO) - press7.tv","isPartOf":{"@id":"https:\/\/www.news33.tv\/#website"},"primaryImageOfPage":{"@id":"https:\/\/www.press7.tv\/?p=21820#primaryimage"},"image":{"@id":"https:\/\/www.press7.tv\/?p=21820#primaryimage"},"thumbnailUrl":"https:\/\/www.press7.tv\/wp-content\/uploads\/2025\/09\/IMG_8570.avif","datePublished":"2025-09-06T12:28:24+00:00","breadcrumb":{"@id":"https:\/\/www.press7.tv\/?p=21820#breadcrumb"},"inLanguage":"en-US","potentialAction":[{"@type":"ReadAction","target":["https:\/\/www.press7.tv\/?p=21820"]}]},{"@type":"ImageObject","inLanguage":"en-US","@id":"https:\/\/www.press7.tv\/?p=21820#primaryimage","url":"https:\/\/www.press7.tv\/wp-content\/uploads\/2025\/09\/IMG_8570.avif","contentUrl":"https:\/\/www.press7.tv\/wp-content\/uploads\/2025\/09\/IMG_8570.avif","width":716,"height":500},{"@type":"BreadcrumbList","@id":"https:\/\/www.press7.tv\/?p=21820#breadcrumb","itemListElement":[{"@type":"ListItem","position":1,"name":"Home","item":"https:\/\/www.press7.tv\/"},{"@type":"ListItem","position":2,"name":"Kamberi dor\u00ebzon k\u00ebrkes\u00eb p\u00ebr ta paisur Preshev\u00ebn me targat e veta t\u00eb regjistrimit (FOTO)"}]},{"@type":"WebSite","@id":"https:\/\/www.news33.tv\/#website","url":"https:\/\/www.news33.tv\/","name":"News33.tv Media","description":"Media","publisher":{"@id":"https:\/\/www.news33.tv\/#organization"},"potentialAction":[{"@type":"SearchAction","target":{"@type":"EntryPoint","urlTemplate":"https:\/\/www.news33.tv\/?s={search_term_string}"},"query-input":{"@type":"PropertyValueSpecification","valueRequired":true,"valueName":"search_term_string"}}],"inLanguage":"en-US"},{"@type":"Organization","@id":"https:\/\/www.news33.tv\/#organization","name":"News33.tv Media","url":"https:\/\/www.news33.tv\/","logo":{"@type":"ImageObject","inLanguage":"en-US","@id":"https:\/\/www.news33.tv\/#\/schema\/logo\/image\/","url":"https:\/\/www.press7.tv\/wp-content\/uploads\/2024\/02\/logo-news33-black.png","contentUrl":"https:\/\/www.press7.tv\/wp-content\/uploads\/2024\/02\/logo-news33-black.png","width":180,"height":37,"caption":"News33.tv Media"},"image":{"@id":"https:\/\/www.news33.tv\/#\/schema\/logo\/image\/"},"sameAs":["https:\/\/www.facebook.com\/press7.tv"]},{"@type":"Person","@id":"https:\/\/www.news33.tv\/#\/schema\/person\/5a04a38a23ccdba82f9bd665cd8f9efa","name":"gazetar2","image":{"@type":"ImageObject","inLanguage":"en-US","@id":"https:\/\/www.news33.tv\/#\/schema\/person\/image\/","url":"https:\/\/www.press7.tv\/wp-content\/litespeed\/avatar\/41975e402c3049d9ddb03adca8f7a883.jpg?ver=1777169572","contentUrl":"https:\/\/www.press7.tv\/wp-content\/litespeed\/avatar\/41975e402c3049d9ddb03adca8f7a883.jpg?ver=1777169572","caption":"gazetar2"},"url":"https:\/\/www.press7.tv\/?author=8"}]}},"amp_enabled":true,"_links":{"self":[{"href":"https:\/\/www.press7.tv\/index.php?rest_route=\/wp\/v2\/posts\/21820","targetHints":{"allow":["GET"]}}],"collection":[{"href":"https:\/\/www.press7.tv\/index.php?rest_route=\/wp\/v2\/posts"}],"about":[{"href":"https:\/\/www.press7.tv\/index.php?rest_route=\/wp\/v2\/types\/post"}],"author":[{"embeddable":true,"href":"https:\/\/www.press7.tv\/index.php?rest_route=\/wp\/v2\/users\/8"}],"replies":[{"embeddable":true,"href":"https:\/\/www.press7.tv\/index.php?rest_route=%2Fwp%2Fv2%2Fcomments&post=21820"}],"version-history":[{"count":1,"href":"https:\/\/www.press7.tv\/index.php?rest_route=\/wp\/v2\/posts\/21820\/revisions"}],"predecessor-version":[{"id":21822,"href":"https:\/\/www.press7.tv\/index.php?rest_route=\/wp\/v2\/posts\/21820\/revisions\/21822"}],"wp:featuredmedia":[{"embeddable":true,"href":"https:\/\/www.press7.tv\/index.php?rest_route=\/wp\/v2\/media\/21821"}],"wp:attachment":[{"href":"https:\/\/www.press7.tv\/index.php?rest_route=%2Fwp%2Fv2%2Fmedia&parent=21820"}],"wp:term":[{"taxonomy":"category","embeddable":true,"href":"https:\/\/www.press7.tv\/index.php?rest_route=%2Fwp%2Fv2%2Fcategories&post=21820"},{"taxonomy":"post_tag","embeddable":true,"href":"https:\/\/www.press7.tv\/index.php?rest_route=%2Fwp%2Fv2%2Ftags&post=21820"}],"curies":[{"name":"wp","href":"https:\/\/api.w.org\/{rel}","templated":true}]}}