{"id":21817,"date":"2025-09-06T08:06:49","date_gmt":"2025-09-06T08:06:49","guid":{"rendered":"https:\/\/www.press7.tv\/?p=21817"},"modified":"2025-09-06T08:06:49","modified_gmt":"2025-09-06T08:06:49","slug":"ish-policit-arbnor-spahiu-i-vazhdohet-paraburgimi-edhe-per-tre-muaj-ne-serbi-familja-kerkon-ndihme-financiare","status":"publish","type":"post","link":"https:\/\/www.press7.tv\/?p=21817","title":{"rendered":"Ish-policit Arbnor Spahiu i vazhdohet paraburgimi edhe p\u00ebr tre muaj n\u00eb Serbi \u2013 familja k\u00ebrkon ndihm\u00eb financiare"},"content":{"rendered":"\n    <div class=\"xs_social_share_widget xs_share_url before_content \t\tmain_content  wslu-style-2 wslu-share-box-shaped wslu-fill-colored wslu-share-m-5 wslu-none wslu-share-vertical wslu-theme-font-no wslu-main_content\">\n\n\t\t\n        <ul>\n\t\t\t        <\/ul>\n    <\/div> \n<p>Serbia i ka caktuar edhe tre muaj paraburgim ish-policit t\u00eb Nj\u00ebsis\u00eb Speciale t\u00eb Kosov\u00ebs, Arbnor Spahiut.<\/p>\n<p>Bashk\u00ebshortja e tij, Arieta Spahiu e cila e kishte vizituar nj\u00eb dit\u00eb m\u00eb par\u00eb ka treguar detaje n\u00eb emisionin Radar n\u00eb Radio Dukagjini.<\/p>\n<p>Ajo tregon se ka kontaktuar me t\u00eb gjith\u00eb krer\u00ebt e vendit, por asnj\u00ebri nuk ka dh\u00ebn\u00eb asnj\u00eb lloj p\u00ebrgjigje.<\/p>\n<p>\u201cN\u00eb fillim nuk \u00ebsht\u00eb trajtuar mir\u00eb psikikisht. Jan\u00eb mundu me detyru me pranu di\u00e7ka q\u00eb nuk ka b\u00ebr\u00eb. Un\u00eb kam kontaktu me presidenten, kryeministrin, Albulena Haxhiun e gjith\u00eb t\u00eb tjer\u00ebt dhe nuk kam asnj\u00eb p\u00ebrgjigje. Na kan\u00eb ndihmu Policia, populli e familjar\u00ebt\u201d, thot\u00eb ajo.<\/p>\n<p>Familja e tij, p\u00ebrve\u00e7 q\u00eb duhet t\u00eb p\u00ebrballen me tensionin q\u00eb ka prodhuar procesi kan\u00eb edhe v\u00ebshtir\u00ebsi financiare p\u00ebr shpenzimet e m\u00ebdha p\u00ebr proceduarat gjyq\u00ebsore.<\/p>\n<p>Ata k\u00ebrkojn\u00eb ndihm\u00ebn e t\u00eb gjith\u00ebve p\u00ebr t\u00eb vazhduar betej\u00ebn p\u00ebr drejt\u00ebsi.<\/p>\n<p>\u27a1\ufe0f Detajet e llogaris\u00eb:<\/p>\n<p>IBAN: XK051507011002518930<\/p>\n<p>Emri: Arieta Spahiu (bashk\u00ebshortja e Arbnorit)<\/p>\n<p>Raiffeisen Bank Kosovo \u2013 SWIFT: RBKXKPRXXX<\/p>\n<p><a href=\"https:\/\/youtu.be\/oFmK4fV4PAo?si=bQuwiyQkKiopBcpk\">https:\/\/youtu.be\/oFmK4fV4PAo?si=bQuwiyQkKiopBcpk<\/a><\/p>\n<p>Ndryshe, ish-pjes\u00ebtari i Nj\u00ebsis\u00eb Speciale t\u00eb Policis\u00eb s\u00eb Kosov\u00ebs Arbnor Spahiu, po mbahet n\u00ebn dyshimet p\u00ebr kryerjen e vepr\u00ebs penale \u201cvrasje e r\u00ebnd\u00eb\u201d. Spahiu dyshohet se ka kryer k\u00ebt\u00eb vep\u00ebr n\u00eb Banjsk\u00eb \u2013 pjesa veriore e Kosov\u00ebs \u2013 ku nj\u00eb grup i serb\u00ebve t\u00eb armatosur ka sulmuar Policin\u00eb e Kosov\u00ebs n\u00eb shtator 2023 \u2013 duke vrar\u00eb rreshterin Afrim Bunjaku.<\/p>\n<p>N\u00eb p\u00ebrleshjet me arm\u00eb q\u00eb kan\u00eb pasuar, jan\u00eb vrar\u00eb edhe tre sulmues serb\u00eb.<\/p>\n<p>Sipas avokat\u00ebve ky veprim \u00ebsht\u00eb i motivuar politikisht dhe i pamb\u00ebshtetur n\u00eb asnj\u00eb prov\u00eb konkrete, ngase Spahiu ka p\u00ebrfunduar sh\u00ebrbimin n\u00eb Policin\u00eb e Kosov\u00ebs q\u00eb nga n\u00ebntori i vitit 2021 dhe nuk ka lidhje me rastin e Banjsk\u00ebs t\u00eb vitit 2023.\/ Radar\/Radio Dukagjini\/<\/p>\n","protected":false},"excerpt":{"rendered":"<p>Serbia i ka caktuar edhe tre muaj paraburgim ish-policit t\u00eb Nj\u00ebsis\u00eb Speciale t\u00eb Kosov\u00ebs, Arbnor Spahiut. Bashk\u00ebshortja e tij, Arieta Spahiu e cila e kishte vizituar nj\u00eb dit\u00eb m\u00eb par\u00eb ka treguar detaje n\u00eb emisionin Radar n\u00eb Radio Dukagjini. Ajo tregon se ka kontaktuar me t\u00eb gjith\u00eb krer\u00ebt e vendit, por asnj\u00ebri nuk ka dh\u00ebn\u00eb [&hellip;]<\/p>\n","protected":false},"author":8,"featured_media":21818,"comment_status":"closed","ping_status":"closed","sticky":false,"template":"","format":"standard","meta":{"footnotes":""},"categories":[215,213],"tags":[],"class_list":["post-21817","post","type-post","status-publish","format-standard","has-post-thumbnail","hentry","category-kosove","category-lajme"],"yoast_head":"<!-- This site is optimized with the Yoast SEO plugin v25.1 - https:\/\/yoast.com\/wordpress\/plugins\/seo\/ -->\n<title>Ish-policit Arbnor Spahiu i vazhdohet paraburgimi edhe p\u00ebr tre muaj n\u00eb Serbi \u2013 familja k\u00ebrkon ndihm\u00eb financiare - press7.tv<\/title>\n<meta name=\"robots\" content=\"index, follow, max-snippet:-1, max-image-preview:large, max-video-preview:-1\" \/>\n<link rel=\"canonical\" href=\"https:\/\/www.press7.tv\/?p=21817\" \/>\n<meta property=\"og:locale\" content=\"en_US\" \/>\n<meta property=\"og:type\" content=\"article\" \/>\n<meta property=\"og:title\" content=\"Ish-policit Arbnor Spahiu i vazhdohet paraburgimi edhe p\u00ebr tre muaj n\u00eb Serbi \u2013 familja k\u00ebrkon ndihm\u00eb financiare - press7.tv\" \/>\n<meta property=\"og:description\" content=\"Serbia i ka caktuar edhe tre muaj paraburgim ish-policit t\u00eb Nj\u00ebsis\u00eb Speciale t\u00eb Kosov\u00ebs, Arbnor Spahiut. Bashk\u00ebshortja e tij, Arieta Spahiu e cila e kishte vizituar nj\u00eb dit\u00eb m\u00eb par\u00eb ka treguar detaje n\u00eb emisionin Radar n\u00eb Radio Dukagjini. Ajo tregon se ka kontaktuar me t\u00eb gjith\u00eb krer\u00ebt e vendit, por asnj\u00ebri nuk ka dh\u00ebn\u00eb [&hellip;]\" \/>\n<meta property=\"og:url\" content=\"https:\/\/www.press7.tv\/?p=21817\" \/>\n<meta property=\"og:site_name\" content=\"press7.tv\" \/>\n<meta property=\"article:publisher\" content=\"https:\/\/www.facebook.com\/press7.tv\" \/>\n<meta property=\"article:published_time\" content=\"2025-09-06T08:06:49+00:00\" \/>\n<meta property=\"og:image\" content=\"https:\/\/www.press7.tv\/wp-content\/uploads\/2025\/09\/IMG_8562.avif\" \/>\n\t<meta property=\"og:image:width\" content=\"790\" \/>\n\t<meta property=\"og:image:height\" content=\"538\" \/>\n\t<meta property=\"og:image:type\" content=\"image\/png\" \/>\n<meta name=\"author\" content=\"gazetar2\" \/>\n<meta name=\"twitter:card\" content=\"summary_large_image\" \/>\n<meta name=\"twitter:label1\" content=\"Written by\" \/>\n\t<meta name=\"twitter:data1\" content=\"gazetar2\" \/>\n\t<meta name=\"twitter:label2\" content=\"Est. reading time\" \/>\n\t<meta name=\"twitter:data2\" content=\"1 minute\" \/>\n<script type=\"application\/ld+json\" class=\"yoast-schema-graph\">{\"@context\":\"https:\/\/schema.org\",\"@graph\":[{\"@type\":\"Article\",\"@id\":\"https:\/\/www.press7.tv\/?p=21817#article\",\"isPartOf\":{\"@id\":\"https:\/\/www.press7.tv\/?p=21817\"},\"author\":{\"name\":\"gazetar2\",\"@id\":\"https:\/\/www.news33.tv\/#\/schema\/person\/5a04a38a23ccdba82f9bd665cd8f9efa\"},\"headline\":\"Ish-policit Arbnor Spahiu i vazhdohet paraburgimi edhe p\u00ebr tre muaj n\u00eb Serbi \u2013 familja k\u00ebrkon ndihm\u00eb financiare\",\"datePublished\":\"2025-09-06T08:06:49+00:00\",\"mainEntityOfPage\":{\"@id\":\"https:\/\/www.press7.tv\/?p=21817\"},\"wordCount\":339,\"publisher\":{\"@id\":\"https:\/\/www.news33.tv\/#organization\"},\"image\":{\"@id\":\"https:\/\/www.press7.tv\/?p=21817#primaryimage\"},\"thumbnailUrl\":\"https:\/\/www.press7.tv\/wp-content\/uploads\/2025\/09\/IMG_8562.avif\",\"articleSection\":[\"Kosov\u00eb\",\"Lajme\"],\"inLanguage\":\"en-US\"},{\"@type\":\"WebPage\",\"@id\":\"https:\/\/www.press7.tv\/?p=21817\",\"url\":\"https:\/\/www.press7.tv\/?p=21817\",\"name\":\"Ish-policit Arbnor Spahiu i vazhdohet paraburgimi edhe p\u00ebr tre muaj n\u00eb Serbi \u2013 familja k\u00ebrkon ndihm\u00eb financiare - press7.tv\",\"isPartOf\":{\"@id\":\"https:\/\/www.news33.tv\/#website\"},\"primaryImageOfPage\":{\"@id\":\"https:\/\/www.press7.tv\/?p=21817#primaryimage\"},\"image\":{\"@id\":\"https:\/\/www.press7.tv\/?p=21817#primaryimage\"},\"thumbnailUrl\":\"https:\/\/www.press7.tv\/wp-content\/uploads\/2025\/09\/IMG_8562.avif\",\"datePublished\":\"2025-09-06T08:06:49+00:00\",\"breadcrumb\":{\"@id\":\"https:\/\/www.press7.tv\/?p=21817#breadcrumb\"},\"inLanguage\":\"en-US\",\"potentialAction\":[{\"@type\":\"ReadAction\",\"target\":[\"https:\/\/www.press7.tv\/?p=21817\"]}]},{\"@type\":\"ImageObject\",\"inLanguage\":\"en-US\",\"@id\":\"https:\/\/www.press7.tv\/?p=21817#primaryimage\",\"url\":\"https:\/\/www.press7.tv\/wp-content\/uploads\/2025\/09\/IMG_8562.avif\",\"contentUrl\":\"https:\/\/www.press7.tv\/wp-content\/uploads\/2025\/09\/IMG_8562.avif\",\"width\":790,\"height\":538},{\"@type\":\"BreadcrumbList\",\"@id\":\"https:\/\/www.press7.tv\/?p=21817#breadcrumb\",\"itemListElement\":[{\"@type\":\"ListItem\",\"position\":1,\"name\":\"Home\",\"item\":\"https:\/\/www.press7.tv\/\"},{\"@type\":\"ListItem\",\"position\":2,\"name\":\"Ish-policit Arbnor Spahiu i vazhdohet paraburgimi edhe p\u00ebr tre muaj n\u00eb Serbi \u2013 familja k\u00ebrkon ndihm\u00eb financiare\"}]},{\"@type\":\"WebSite\",\"@id\":\"https:\/\/www.news33.tv\/#website\",\"url\":\"https:\/\/www.news33.tv\/\",\"name\":\"News33.tv Media\",\"description\":\"Media\",\"publisher\":{\"@id\":\"https:\/\/www.news33.tv\/#organization\"},\"potentialAction\":[{\"@type\":\"SearchAction\",\"target\":{\"@type\":\"EntryPoint\",\"urlTemplate\":\"https:\/\/www.news33.tv\/?s={search_term_string}\"},\"query-input\":{\"@type\":\"PropertyValueSpecification\",\"valueRequired\":true,\"valueName\":\"search_term_string\"}}],\"inLanguage\":\"en-US\"},{\"@type\":\"Organization\",\"@id\":\"https:\/\/www.news33.tv\/#organization\",\"name\":\"News33.tv Media\",\"url\":\"https:\/\/www.news33.tv\/\",\"logo\":{\"@type\":\"ImageObject\",\"inLanguage\":\"en-US\",\"@id\":\"https:\/\/www.news33.tv\/#\/schema\/logo\/image\/\",\"url\":\"https:\/\/www.press7.tv\/wp-content\/uploads\/2024\/02\/logo-news33-black.png\",\"contentUrl\":\"https:\/\/www.press7.tv\/wp-content\/uploads\/2024\/02\/logo-news33-black.png\",\"width\":180,\"height\":37,\"caption\":\"News33.tv Media\"},\"image\":{\"@id\":\"https:\/\/www.news33.tv\/#\/schema\/logo\/image\/\"},\"sameAs\":[\"https:\/\/www.facebook.com\/press7.tv\"]},{\"@type\":\"Person\",\"@id\":\"https:\/\/www.news33.tv\/#\/schema\/person\/5a04a38a23ccdba82f9bd665cd8f9efa\",\"name\":\"gazetar2\",\"image\":{\"@type\":\"ImageObject\",\"inLanguage\":\"en-US\",\"@id\":\"https:\/\/www.news33.tv\/#\/schema\/person\/image\/\",\"url\":\"https:\/\/www.press7.tv\/wp-content\/litespeed\/avatar\/41975e402c3049d9ddb03adca8f7a883.jpg?ver=1777169572\",\"contentUrl\":\"https:\/\/www.press7.tv\/wp-content\/litespeed\/avatar\/41975e402c3049d9ddb03adca8f7a883.jpg?ver=1777169572\",\"caption\":\"gazetar2\"},\"url\":\"https:\/\/www.press7.tv\/?author=8\"}]}<\/script>\n<!-- \/ Yoast SEO plugin. -->","yoast_head_json":{"title":"Ish-policit Arbnor Spahiu i vazhdohet paraburgimi edhe p\u00ebr tre muaj n\u00eb Serbi \u2013 familja k\u00ebrkon ndihm\u00eb financiare - press7.tv","robots":{"index":"index","follow":"follow","max-snippet":"max-snippet:-1","max-image-preview":"max-image-preview:large","max-video-preview":"max-video-preview:-1"},"canonical":"https:\/\/www.press7.tv\/?p=21817","og_locale":"en_US","og_type":"article","og_title":"Ish-policit Arbnor Spahiu i vazhdohet paraburgimi edhe p\u00ebr tre muaj n\u00eb Serbi \u2013 familja k\u00ebrkon ndihm\u00eb financiare - press7.tv","og_description":"Serbia i ka caktuar edhe tre muaj paraburgim ish-policit t\u00eb Nj\u00ebsis\u00eb Speciale t\u00eb Kosov\u00ebs, Arbnor Spahiut. Bashk\u00ebshortja e tij, Arieta Spahiu e cila e kishte vizituar nj\u00eb dit\u00eb m\u00eb par\u00eb ka treguar detaje n\u00eb emisionin Radar n\u00eb Radio Dukagjini. Ajo tregon se ka kontaktuar me t\u00eb gjith\u00eb krer\u00ebt e vendit, por asnj\u00ebri nuk ka dh\u00ebn\u00eb [&hellip;]","og_url":"https:\/\/www.press7.tv\/?p=21817","og_site_name":"press7.tv","article_publisher":"https:\/\/www.facebook.com\/press7.tv","article_published_time":"2025-09-06T08:06:49+00:00","og_image":[{"width":790,"height":538,"url":"https:\/\/www.press7.tv\/wp-content\/uploads\/2025\/09\/IMG_8562.avif","type":"image\/png"}],"author":"gazetar2","twitter_card":"summary_large_image","twitter_misc":{"Written by":"gazetar2","Est. reading time":"1 minute"},"schema":{"@context":"https:\/\/schema.org","@graph":[{"@type":"Article","@id":"https:\/\/www.press7.tv\/?p=21817#article","isPartOf":{"@id":"https:\/\/www.press7.tv\/?p=21817"},"author":{"name":"gazetar2","@id":"https:\/\/www.news33.tv\/#\/schema\/person\/5a04a38a23ccdba82f9bd665cd8f9efa"},"headline":"Ish-policit Arbnor Spahiu i vazhdohet paraburgimi edhe p\u00ebr tre muaj n\u00eb Serbi \u2013 familja k\u00ebrkon ndihm\u00eb financiare","datePublished":"2025-09-06T08:06:49+00:00","mainEntityOfPage":{"@id":"https:\/\/www.press7.tv\/?p=21817"},"wordCount":339,"publisher":{"@id":"https:\/\/www.news33.tv\/#organization"},"image":{"@id":"https:\/\/www.press7.tv\/?p=21817#primaryimage"},"thumbnailUrl":"https:\/\/www.press7.tv\/wp-content\/uploads\/2025\/09\/IMG_8562.avif","articleSection":["Kosov\u00eb","Lajme"],"inLanguage":"en-US"},{"@type":"WebPage","@id":"https:\/\/www.press7.tv\/?p=21817","url":"https:\/\/www.press7.tv\/?p=21817","name":"Ish-policit Arbnor Spahiu i vazhdohet paraburgimi edhe p\u00ebr tre muaj n\u00eb Serbi \u2013 familja k\u00ebrkon ndihm\u00eb financiare - press7.tv","isPartOf":{"@id":"https:\/\/www.news33.tv\/#website"},"primaryImageOfPage":{"@id":"https:\/\/www.press7.tv\/?p=21817#primaryimage"},"image":{"@id":"https:\/\/www.press7.tv\/?p=21817#primaryimage"},"thumbnailUrl":"https:\/\/www.press7.tv\/wp-content\/uploads\/2025\/09\/IMG_8562.avif","datePublished":"2025-09-06T08:06:49+00:00","breadcrumb":{"@id":"https:\/\/www.press7.tv\/?p=21817#breadcrumb"},"inLanguage":"en-US","potentialAction":[{"@type":"ReadAction","target":["https:\/\/www.press7.tv\/?p=21817"]}]},{"@type":"ImageObject","inLanguage":"en-US","@id":"https:\/\/www.press7.tv\/?p=21817#primaryimage","url":"https:\/\/www.press7.tv\/wp-content\/uploads\/2025\/09\/IMG_8562.avif","contentUrl":"https:\/\/www.press7.tv\/wp-content\/uploads\/2025\/09\/IMG_8562.avif","width":790,"height":538},{"@type":"BreadcrumbList","@id":"https:\/\/www.press7.tv\/?p=21817#breadcrumb","itemListElement":[{"@type":"ListItem","position":1,"name":"Home","item":"https:\/\/www.press7.tv\/"},{"@type":"ListItem","position":2,"name":"Ish-policit Arbnor Spahiu i vazhdohet paraburgimi edhe p\u00ebr tre muaj n\u00eb Serbi \u2013 familja k\u00ebrkon ndihm\u00eb financiare"}]},{"@type":"WebSite","@id":"https:\/\/www.news33.tv\/#website","url":"https:\/\/www.news33.tv\/","name":"News33.tv Media","description":"Media","publisher":{"@id":"https:\/\/www.news33.tv\/#organization"},"potentialAction":[{"@type":"SearchAction","target":{"@type":"EntryPoint","urlTemplate":"https:\/\/www.news33.tv\/?s={search_term_string}"},"query-input":{"@type":"PropertyValueSpecification","valueRequired":true,"valueName":"search_term_string"}}],"inLanguage":"en-US"},{"@type":"Organization","@id":"https:\/\/www.news33.tv\/#organization","name":"News33.tv Media","url":"https:\/\/www.news33.tv\/","logo":{"@type":"ImageObject","inLanguage":"en-US","@id":"https:\/\/www.news33.tv\/#\/schema\/logo\/image\/","url":"https:\/\/www.press7.tv\/wp-content\/uploads\/2024\/02\/logo-news33-black.png","contentUrl":"https:\/\/www.press7.tv\/wp-content\/uploads\/2024\/02\/logo-news33-black.png","width":180,"height":37,"caption":"News33.tv Media"},"image":{"@id":"https:\/\/www.news33.tv\/#\/schema\/logo\/image\/"},"sameAs":["https:\/\/www.facebook.com\/press7.tv"]},{"@type":"Person","@id":"https:\/\/www.news33.tv\/#\/schema\/person\/5a04a38a23ccdba82f9bd665cd8f9efa","name":"gazetar2","image":{"@type":"ImageObject","inLanguage":"en-US","@id":"https:\/\/www.news33.tv\/#\/schema\/person\/image\/","url":"https:\/\/www.press7.tv\/wp-content\/litespeed\/avatar\/41975e402c3049d9ddb03adca8f7a883.jpg?ver=1777169572","contentUrl":"https:\/\/www.press7.tv\/wp-content\/litespeed\/avatar\/41975e402c3049d9ddb03adca8f7a883.jpg?ver=1777169572","caption":"gazetar2"},"url":"https:\/\/www.press7.tv\/?author=8"}]}},"amp_enabled":true,"_links":{"self":[{"href":"https:\/\/www.press7.tv\/index.php?rest_route=\/wp\/v2\/posts\/21817","targetHints":{"allow":["GET"]}}],"collection":[{"href":"https:\/\/www.press7.tv\/index.php?rest_route=\/wp\/v2\/posts"}],"about":[{"href":"https:\/\/www.press7.tv\/index.php?rest_route=\/wp\/v2\/types\/post"}],"author":[{"embeddable":true,"href":"https:\/\/www.press7.tv\/index.php?rest_route=\/wp\/v2\/users\/8"}],"replies":[{"embeddable":true,"href":"https:\/\/www.press7.tv\/index.php?rest_route=%2Fwp%2Fv2%2Fcomments&post=21817"}],"version-history":[{"count":1,"href":"https:\/\/www.press7.tv\/index.php?rest_route=\/wp\/v2\/posts\/21817\/revisions"}],"predecessor-version":[{"id":21819,"href":"https:\/\/www.press7.tv\/index.php?rest_route=\/wp\/v2\/posts\/21817\/revisions\/21819"}],"wp:featuredmedia":[{"embeddable":true,"href":"https:\/\/www.press7.tv\/index.php?rest_route=\/wp\/v2\/media\/21818"}],"wp:attachment":[{"href":"https:\/\/www.press7.tv\/index.php?rest_route=%2Fwp%2Fv2%2Fmedia&parent=21817"}],"wp:term":[{"taxonomy":"category","embeddable":true,"href":"https:\/\/www.press7.tv\/index.php?rest_route=%2Fwp%2Fv2%2Fcategories&post=21817"},{"taxonomy":"post_tag","embeddable":true,"href":"https:\/\/www.press7.tv\/index.php?rest_route=%2Fwp%2Fv2%2Ftags&post=21817"}],"curies":[{"name":"wp","href":"https:\/\/api.w.org\/{rel}","templated":true}]}}