{"id":21810,"date":"2025-09-05T21:34:43","date_gmt":"2025-09-05T21:34:43","guid":{"rendered":"https:\/\/www.press7.tv\/?p=21810"},"modified":"2025-09-05T21:34:43","modified_gmt":"2025-09-05T21:34:43","slug":"diaspora-per-strugen-nuk-mbeshtet-asnje-kandidat-per-zgjedhjet-komunale","status":"publish","type":"post","link":"https:\/\/www.press7.tv\/?p=21810","title":{"rendered":"\u201cDiaspora p\u00ebr Strug\u00ebn\u201d nuk mb\u00ebshtet asnj\u00eb kandidat p\u00ebr zgjedhjet komunale"},"content":{"rendered":"\n    <div class=\"xs_social_share_widget xs_share_url before_content \t\tmain_content  wslu-style-2 wslu-share-box-shaped wslu-fill-colored wslu-share-m-5 wslu-none wslu-share-vertical wslu-theme-font-no wslu-main_content\">\n\n\t\t\n        <ul>\n\t\t\t        <\/ul>\n    <\/div> \n<p>Kemi vendosur t\u00eb mbajm\u00eb q\u00ebndrim t\u00eb paansh\u00ebm, duke i l\u00ebn\u00eb secilit t\u00eb zgjedh\u00eb lirsh\u00ebm cil\u00ebn an\u00eb do t\u00eb mb\u00ebshtes\u00eb\u201d, deklaron grupi q\u00eb vepron n\u00eb Zvic\u00ebr<\/p>\n<p>Grupi \u201cDiaspora p\u00ebr Strug\u00ebn\u201d n\u00eb Zvic\u00ebr, vepron prej 10 vitesh n\u00eb \u00e7\u00ebshtje komb\u00ebtare dhe gjat\u00eb k\u00ebsaj koheka marr\u00eb pjes\u00eb n\u00eb procese politike dhe humanitare.<\/p>\n<p>N\u00eb prag t\u00eb zgjedhjeve lokale n\u00eb Maqedonin\u00eb e Veriut, ky grup del me nj\u00eb njoftim me t\u00eb cilin informon opinionin publik dhe p\u00ebrkrah\u00ebsit e tij se: \u201cpas zhvillimeve politike dhe marr\u00ebveshjeve nd\u00ebrmjet partive n\u00eb Maqedonin\u00eb e Veriut, k\u00ebt\u00eb her\u00eb Grupi nuk ka arritur unanimitet p\u00ebr t\u00eb p\u00ebrkrahur ndonj\u00eb kandidat p\u00ebr Komun\u00ebn e Strug\u00ebs<\/p>\n<p>Fal\u00ebnderojm\u00eb t\u00eb gjith\u00eb p\u00ebrkrah\u00ebsit tan\u00eb p\u00ebr besimin dhe mb\u00ebshtetjen q\u00eb na kan\u00eb dh\u00ebn\u00eb n\u00eb \u00e7do cik\u00ebl zgjedhor deri m\u00eb sot.<\/p>\n<p>Si grup kemi vendosur t\u00eb mbajm\u00eb q\u00ebndrim t\u00eb paansh\u00ebm, duke i l\u00ebn\u00eb secilit individ t\u00eb zgjedh\u00eb lirsh\u00ebm se cil\u00ebn an\u00eb do t\u00eb mb\u00ebshtes\u00eb. Takimet dhe aktivitetet tona do t\u00eb vazhdojn\u00eb edhe n\u00eb t\u00eb ardhmen, sepse Grupi Diaspora p\u00ebr Strug\u00ebn nuk shuhet nga ky vendim. Ne do t\u00eb jemi aktiv\u00eb n\u00eb nisma humanitare, dhe kur t\u00eb shihet e arsyeshme, edhe n\u00eb \u00e7\u00ebshtje politike\u201d, thuhet n\u00eb fund t\u00eb deklarimit t\u00eb Grupit \u201cDiaspora p\u00ebr Strug\u00ebn\u201d, i cili vepron n\u00eb Zvic\u00ebr.<\/p>\n","protected":false},"excerpt":{"rendered":"<p>Kemi vendosur t\u00eb mbajm\u00eb q\u00ebndrim t\u00eb paansh\u00ebm, duke i l\u00ebn\u00eb secilit t\u00eb zgjedh\u00eb lirsh\u00ebm cil\u00ebn an\u00eb do t\u00eb mb\u00ebshtes\u00eb\u201d, deklaron grupi q\u00eb vepron n\u00eb Zvic\u00ebr Grupi \u201cDiaspora p\u00ebr Strug\u00ebn\u201d n\u00eb Zvic\u00ebr, vepron prej 10 vitesh n\u00eb \u00e7\u00ebshtje komb\u00ebtare dhe gjat\u00eb k\u00ebsaj koheka marr\u00eb pjes\u00eb n\u00eb procese politike dhe humanitare. N\u00eb prag t\u00eb zgjedhjeve lokale n\u00eb [&hellip;]<\/p>\n","protected":false},"author":8,"featured_media":21811,"comment_status":"closed","ping_status":"closed","sticky":false,"template":"","format":"standard","meta":{"footnotes":""},"categories":[213,214],"tags":[],"class_list":["post-21810","post","type-post","status-publish","format-standard","has-post-thumbnail","hentry","category-lajme","category-maqedoni"],"yoast_head":"<!-- This site is optimized with the Yoast SEO plugin v25.1 - https:\/\/yoast.com\/wordpress\/plugins\/seo\/ -->\n<title>\u201cDiaspora p\u00ebr Strug\u00ebn\u201d nuk mb\u00ebshtet asnj\u00eb kandidat p\u00ebr zgjedhjet komunale - press7.tv<\/title>\n<meta name=\"robots\" content=\"index, follow, max-snippet:-1, max-image-preview:large, max-video-preview:-1\" \/>\n<link rel=\"canonical\" href=\"https:\/\/www.press7.tv\/?p=21810\" \/>\n<meta property=\"og:locale\" content=\"en_US\" \/>\n<meta property=\"og:type\" content=\"article\" \/>\n<meta property=\"og:title\" content=\"\u201cDiaspora p\u00ebr Strug\u00ebn\u201d nuk mb\u00ebshtet asnj\u00eb kandidat p\u00ebr zgjedhjet komunale - press7.tv\" \/>\n<meta property=\"og:description\" content=\"Kemi vendosur t\u00eb mbajm\u00eb q\u00ebndrim t\u00eb paansh\u00ebm, duke i l\u00ebn\u00eb secilit t\u00eb zgjedh\u00eb lirsh\u00ebm cil\u00ebn an\u00eb do t\u00eb mb\u00ebshtes\u00eb\u201d, deklaron grupi q\u00eb vepron n\u00eb Zvic\u00ebr Grupi \u201cDiaspora p\u00ebr Strug\u00ebn\u201d n\u00eb Zvic\u00ebr, vepron prej 10 vitesh n\u00eb \u00e7\u00ebshtje komb\u00ebtare dhe gjat\u00eb k\u00ebsaj koheka marr\u00eb pjes\u00eb n\u00eb procese politike dhe humanitare. N\u00eb prag t\u00eb zgjedhjeve lokale n\u00eb [&hellip;]\" \/>\n<meta property=\"og:url\" content=\"https:\/\/www.press7.tv\/?p=21810\" \/>\n<meta property=\"og:site_name\" content=\"press7.tv\" \/>\n<meta property=\"article:publisher\" content=\"https:\/\/www.facebook.com\/press7.tv\" \/>\n<meta property=\"article:published_time\" content=\"2025-09-05T21:34:43+00:00\" \/>\n<meta property=\"og:image\" content=\"https:\/\/www.press7.tv\/wp-content\/uploads\/2025\/09\/IMG_8558.avif\" \/>\n\t<meta property=\"og:image:width\" content=\"1536\" \/>\n\t<meta property=\"og:image:height\" content=\"1024\" \/>\n\t<meta property=\"og:image:type\" content=\"image\/jpeg\" \/>\n<meta name=\"author\" content=\"gazetar2\" \/>\n<meta name=\"twitter:card\" content=\"summary_large_image\" \/>\n<meta name=\"twitter:label1\" content=\"Written by\" \/>\n\t<meta name=\"twitter:data1\" content=\"gazetar2\" \/>\n\t<meta name=\"twitter:label2\" content=\"Est. reading time\" \/>\n\t<meta name=\"twitter:data2\" content=\"1 minute\" \/>\n<script type=\"application\/ld+json\" class=\"yoast-schema-graph\">{\"@context\":\"https:\/\/schema.org\",\"@graph\":[{\"@type\":\"Article\",\"@id\":\"https:\/\/www.press7.tv\/?p=21810#article\",\"isPartOf\":{\"@id\":\"https:\/\/www.press7.tv\/?p=21810\"},\"author\":{\"name\":\"gazetar2\",\"@id\":\"https:\/\/www.news33.tv\/#\/schema\/person\/5a04a38a23ccdba82f9bd665cd8f9efa\"},\"headline\":\"\u201cDiaspora p\u00ebr Strug\u00ebn\u201d nuk mb\u00ebshtet asnj\u00eb kandidat p\u00ebr zgjedhjet komunale\",\"datePublished\":\"2025-09-05T21:34:43+00:00\",\"mainEntityOfPage\":{\"@id\":\"https:\/\/www.press7.tv\/?p=21810\"},\"wordCount\":252,\"publisher\":{\"@id\":\"https:\/\/www.news33.tv\/#organization\"},\"image\":{\"@id\":\"https:\/\/www.press7.tv\/?p=21810#primaryimage\"},\"thumbnailUrl\":\"https:\/\/www.press7.tv\/wp-content\/uploads\/2025\/09\/IMG_8558.avif\",\"articleSection\":[\"Lajme\",\"Maqedoni\"],\"inLanguage\":\"en-US\"},{\"@type\":\"WebPage\",\"@id\":\"https:\/\/www.press7.tv\/?p=21810\",\"url\":\"https:\/\/www.press7.tv\/?p=21810\",\"name\":\"\u201cDiaspora p\u00ebr Strug\u00ebn\u201d nuk mb\u00ebshtet asnj\u00eb kandidat p\u00ebr zgjedhjet komunale - press7.tv\",\"isPartOf\":{\"@id\":\"https:\/\/www.news33.tv\/#website\"},\"primaryImageOfPage\":{\"@id\":\"https:\/\/www.press7.tv\/?p=21810#primaryimage\"},\"image\":{\"@id\":\"https:\/\/www.press7.tv\/?p=21810#primaryimage\"},\"thumbnailUrl\":\"https:\/\/www.press7.tv\/wp-content\/uploads\/2025\/09\/IMG_8558.avif\",\"datePublished\":\"2025-09-05T21:34:43+00:00\",\"breadcrumb\":{\"@id\":\"https:\/\/www.press7.tv\/?p=21810#breadcrumb\"},\"inLanguage\":\"en-US\",\"potentialAction\":[{\"@type\":\"ReadAction\",\"target\":[\"https:\/\/www.press7.tv\/?p=21810\"]}]},{\"@type\":\"ImageObject\",\"inLanguage\":\"en-US\",\"@id\":\"https:\/\/www.press7.tv\/?p=21810#primaryimage\",\"url\":\"https:\/\/www.press7.tv\/wp-content\/uploads\/2025\/09\/IMG_8558.avif\",\"contentUrl\":\"https:\/\/www.press7.tv\/wp-content\/uploads\/2025\/09\/IMG_8558.avif\",\"width\":1536,\"height\":1024},{\"@type\":\"BreadcrumbList\",\"@id\":\"https:\/\/www.press7.tv\/?p=21810#breadcrumb\",\"itemListElement\":[{\"@type\":\"ListItem\",\"position\":1,\"name\":\"Home\",\"item\":\"https:\/\/www.press7.tv\/\"},{\"@type\":\"ListItem\",\"position\":2,\"name\":\"\u201cDiaspora p\u00ebr Strug\u00ebn\u201d nuk mb\u00ebshtet asnj\u00eb kandidat p\u00ebr zgjedhjet komunale\"}]},{\"@type\":\"WebSite\",\"@id\":\"https:\/\/www.news33.tv\/#website\",\"url\":\"https:\/\/www.news33.tv\/\",\"name\":\"News33.tv Media\",\"description\":\"Media\",\"publisher\":{\"@id\":\"https:\/\/www.news33.tv\/#organization\"},\"potentialAction\":[{\"@type\":\"SearchAction\",\"target\":{\"@type\":\"EntryPoint\",\"urlTemplate\":\"https:\/\/www.news33.tv\/?s={search_term_string}\"},\"query-input\":{\"@type\":\"PropertyValueSpecification\",\"valueRequired\":true,\"valueName\":\"search_term_string\"}}],\"inLanguage\":\"en-US\"},{\"@type\":\"Organization\",\"@id\":\"https:\/\/www.news33.tv\/#organization\",\"name\":\"News33.tv Media\",\"url\":\"https:\/\/www.news33.tv\/\",\"logo\":{\"@type\":\"ImageObject\",\"inLanguage\":\"en-US\",\"@id\":\"https:\/\/www.news33.tv\/#\/schema\/logo\/image\/\",\"url\":\"https:\/\/www.press7.tv\/wp-content\/uploads\/2024\/02\/logo-news33-black.png\",\"contentUrl\":\"https:\/\/www.press7.tv\/wp-content\/uploads\/2024\/02\/logo-news33-black.png\",\"width\":180,\"height\":37,\"caption\":\"News33.tv Media\"},\"image\":{\"@id\":\"https:\/\/www.news33.tv\/#\/schema\/logo\/image\/\"},\"sameAs\":[\"https:\/\/www.facebook.com\/press7.tv\"]},{\"@type\":\"Person\",\"@id\":\"https:\/\/www.news33.tv\/#\/schema\/person\/5a04a38a23ccdba82f9bd665cd8f9efa\",\"name\":\"gazetar2\",\"image\":{\"@type\":\"ImageObject\",\"inLanguage\":\"en-US\",\"@id\":\"https:\/\/www.news33.tv\/#\/schema\/person\/image\/\",\"url\":\"https:\/\/www.press7.tv\/wp-content\/litespeed\/avatar\/41975e402c3049d9ddb03adca8f7a883.jpg?ver=1777169572\",\"contentUrl\":\"https:\/\/www.press7.tv\/wp-content\/litespeed\/avatar\/41975e402c3049d9ddb03adca8f7a883.jpg?ver=1777169572\",\"caption\":\"gazetar2\"},\"url\":\"https:\/\/www.press7.tv\/?author=8\"}]}<\/script>\n<!-- \/ Yoast SEO plugin. -->","yoast_head_json":{"title":"\u201cDiaspora p\u00ebr Strug\u00ebn\u201d nuk mb\u00ebshtet asnj\u00eb kandidat p\u00ebr zgjedhjet komunale - press7.tv","robots":{"index":"index","follow":"follow","max-snippet":"max-snippet:-1","max-image-preview":"max-image-preview:large","max-video-preview":"max-video-preview:-1"},"canonical":"https:\/\/www.press7.tv\/?p=21810","og_locale":"en_US","og_type":"article","og_title":"\u201cDiaspora p\u00ebr Strug\u00ebn\u201d nuk mb\u00ebshtet asnj\u00eb kandidat p\u00ebr zgjedhjet komunale - press7.tv","og_description":"Kemi vendosur t\u00eb mbajm\u00eb q\u00ebndrim t\u00eb paansh\u00ebm, duke i l\u00ebn\u00eb secilit t\u00eb zgjedh\u00eb lirsh\u00ebm cil\u00ebn an\u00eb do t\u00eb mb\u00ebshtes\u00eb\u201d, deklaron grupi q\u00eb vepron n\u00eb Zvic\u00ebr Grupi \u201cDiaspora p\u00ebr Strug\u00ebn\u201d n\u00eb Zvic\u00ebr, vepron prej 10 vitesh n\u00eb \u00e7\u00ebshtje komb\u00ebtare dhe gjat\u00eb k\u00ebsaj koheka marr\u00eb pjes\u00eb n\u00eb procese politike dhe humanitare. N\u00eb prag t\u00eb zgjedhjeve lokale n\u00eb [&hellip;]","og_url":"https:\/\/www.press7.tv\/?p=21810","og_site_name":"press7.tv","article_publisher":"https:\/\/www.facebook.com\/press7.tv","article_published_time":"2025-09-05T21:34:43+00:00","og_image":[{"width":1536,"height":1024,"url":"https:\/\/www.press7.tv\/wp-content\/uploads\/2025\/09\/IMG_8558.avif","type":"image\/jpeg"}],"author":"gazetar2","twitter_card":"summary_large_image","twitter_misc":{"Written by":"gazetar2","Est. reading time":"1 minute"},"schema":{"@context":"https:\/\/schema.org","@graph":[{"@type":"Article","@id":"https:\/\/www.press7.tv\/?p=21810#article","isPartOf":{"@id":"https:\/\/www.press7.tv\/?p=21810"},"author":{"name":"gazetar2","@id":"https:\/\/www.news33.tv\/#\/schema\/person\/5a04a38a23ccdba82f9bd665cd8f9efa"},"headline":"\u201cDiaspora p\u00ebr Strug\u00ebn\u201d nuk mb\u00ebshtet asnj\u00eb kandidat p\u00ebr zgjedhjet komunale","datePublished":"2025-09-05T21:34:43+00:00","mainEntityOfPage":{"@id":"https:\/\/www.press7.tv\/?p=21810"},"wordCount":252,"publisher":{"@id":"https:\/\/www.news33.tv\/#organization"},"image":{"@id":"https:\/\/www.press7.tv\/?p=21810#primaryimage"},"thumbnailUrl":"https:\/\/www.press7.tv\/wp-content\/uploads\/2025\/09\/IMG_8558.avif","articleSection":["Lajme","Maqedoni"],"inLanguage":"en-US"},{"@type":"WebPage","@id":"https:\/\/www.press7.tv\/?p=21810","url":"https:\/\/www.press7.tv\/?p=21810","name":"\u201cDiaspora p\u00ebr Strug\u00ebn\u201d nuk mb\u00ebshtet asnj\u00eb kandidat p\u00ebr zgjedhjet komunale - press7.tv","isPartOf":{"@id":"https:\/\/www.news33.tv\/#website"},"primaryImageOfPage":{"@id":"https:\/\/www.press7.tv\/?p=21810#primaryimage"},"image":{"@id":"https:\/\/www.press7.tv\/?p=21810#primaryimage"},"thumbnailUrl":"https:\/\/www.press7.tv\/wp-content\/uploads\/2025\/09\/IMG_8558.avif","datePublished":"2025-09-05T21:34:43+00:00","breadcrumb":{"@id":"https:\/\/www.press7.tv\/?p=21810#breadcrumb"},"inLanguage":"en-US","potentialAction":[{"@type":"ReadAction","target":["https:\/\/www.press7.tv\/?p=21810"]}]},{"@type":"ImageObject","inLanguage":"en-US","@id":"https:\/\/www.press7.tv\/?p=21810#primaryimage","url":"https:\/\/www.press7.tv\/wp-content\/uploads\/2025\/09\/IMG_8558.avif","contentUrl":"https:\/\/www.press7.tv\/wp-content\/uploads\/2025\/09\/IMG_8558.avif","width":1536,"height":1024},{"@type":"BreadcrumbList","@id":"https:\/\/www.press7.tv\/?p=21810#breadcrumb","itemListElement":[{"@type":"ListItem","position":1,"name":"Home","item":"https:\/\/www.press7.tv\/"},{"@type":"ListItem","position":2,"name":"\u201cDiaspora p\u00ebr Strug\u00ebn\u201d nuk mb\u00ebshtet asnj\u00eb kandidat p\u00ebr zgjedhjet komunale"}]},{"@type":"WebSite","@id":"https:\/\/www.news33.tv\/#website","url":"https:\/\/www.news33.tv\/","name":"News33.tv Media","description":"Media","publisher":{"@id":"https:\/\/www.news33.tv\/#organization"},"potentialAction":[{"@type":"SearchAction","target":{"@type":"EntryPoint","urlTemplate":"https:\/\/www.news33.tv\/?s={search_term_string}"},"query-input":{"@type":"PropertyValueSpecification","valueRequired":true,"valueName":"search_term_string"}}],"inLanguage":"en-US"},{"@type":"Organization","@id":"https:\/\/www.news33.tv\/#organization","name":"News33.tv Media","url":"https:\/\/www.news33.tv\/","logo":{"@type":"ImageObject","inLanguage":"en-US","@id":"https:\/\/www.news33.tv\/#\/schema\/logo\/image\/","url":"https:\/\/www.press7.tv\/wp-content\/uploads\/2024\/02\/logo-news33-black.png","contentUrl":"https:\/\/www.press7.tv\/wp-content\/uploads\/2024\/02\/logo-news33-black.png","width":180,"height":37,"caption":"News33.tv Media"},"image":{"@id":"https:\/\/www.news33.tv\/#\/schema\/logo\/image\/"},"sameAs":["https:\/\/www.facebook.com\/press7.tv"]},{"@type":"Person","@id":"https:\/\/www.news33.tv\/#\/schema\/person\/5a04a38a23ccdba82f9bd665cd8f9efa","name":"gazetar2","image":{"@type":"ImageObject","inLanguage":"en-US","@id":"https:\/\/www.news33.tv\/#\/schema\/person\/image\/","url":"https:\/\/www.press7.tv\/wp-content\/litespeed\/avatar\/41975e402c3049d9ddb03adca8f7a883.jpg?ver=1777169572","contentUrl":"https:\/\/www.press7.tv\/wp-content\/litespeed\/avatar\/41975e402c3049d9ddb03adca8f7a883.jpg?ver=1777169572","caption":"gazetar2"},"url":"https:\/\/www.press7.tv\/?author=8"}]}},"amp_enabled":true,"_links":{"self":[{"href":"https:\/\/www.press7.tv\/index.php?rest_route=\/wp\/v2\/posts\/21810","targetHints":{"allow":["GET"]}}],"collection":[{"href":"https:\/\/www.press7.tv\/index.php?rest_route=\/wp\/v2\/posts"}],"about":[{"href":"https:\/\/www.press7.tv\/index.php?rest_route=\/wp\/v2\/types\/post"}],"author":[{"embeddable":true,"href":"https:\/\/www.press7.tv\/index.php?rest_route=\/wp\/v2\/users\/8"}],"replies":[{"embeddable":true,"href":"https:\/\/www.press7.tv\/index.php?rest_route=%2Fwp%2Fv2%2Fcomments&post=21810"}],"version-history":[{"count":1,"href":"https:\/\/www.press7.tv\/index.php?rest_route=\/wp\/v2\/posts\/21810\/revisions"}],"predecessor-version":[{"id":21812,"href":"https:\/\/www.press7.tv\/index.php?rest_route=\/wp\/v2\/posts\/21810\/revisions\/21812"}],"wp:featuredmedia":[{"embeddable":true,"href":"https:\/\/www.press7.tv\/index.php?rest_route=\/wp\/v2\/media\/21811"}],"wp:attachment":[{"href":"https:\/\/www.press7.tv\/index.php?rest_route=%2Fwp%2Fv2%2Fmedia&parent=21810"}],"wp:term":[{"taxonomy":"category","embeddable":true,"href":"https:\/\/www.press7.tv\/index.php?rest_route=%2Fwp%2Fv2%2Fcategories&post=21810"},{"taxonomy":"post_tag","embeddable":true,"href":"https:\/\/www.press7.tv\/index.php?rest_route=%2Fwp%2Fv2%2Ftags&post=21810"}],"curies":[{"name":"wp","href":"https:\/\/api.w.org\/{rel}","templated":true}]}}