{"id":21801,"date":"2025-09-05T14:54:24","date_gmt":"2025-09-05T14:54:24","guid":{"rendered":"https:\/\/www.press7.tv\/?p=21801"},"modified":"2025-09-05T14:54:24","modified_gmt":"2025-09-05T14:54:24","slug":"arbenita-ismajli-me-akuza-te-renda-per-feron-ka-abuzuar-me-kokaine-i-pagova-rehabilitimin-shet-droge-dhe-kam-fakte-per-kete","status":"publish","type":"post","link":"https:\/\/www.press7.tv\/?p=21801","title":{"rendered":"Arbenita Ismajli me akuza t\u00eb r\u00ebnda p\u00ebr Feron: Ka abuzuar me kokain\u00eb, i pagova rehabilitimin, shet drog\u00eb dhe kam fakte p\u00ebr k\u00ebt\u00eb"},"content":{"rendered":"\n    <div class=\"xs_social_share_widget xs_share_url before_content \t\tmain_content  wslu-style-2 wslu-share-box-shaped wslu-fill-colored wslu-share-m-5 wslu-none wslu-share-vertical wslu-theme-font-no wslu-main_content\">\n\n\t\t\n        <ul>\n\t\t\t        <\/ul>\n    <\/div> \n<p>Modelja e njohur shqiptare, Arbenita Ismajli, ka b\u00ebr\u00eb publik nj\u00eb rr\u00ebfim t\u00eb gjat\u00eb dhe emocional n\u00eb rrjetin e saj social Instagram, ku ndan me ndjek\u00ebsit e saj nj\u00eb s\u00ebr\u00eb akuzash t\u00eb forta ndaj ish-partnerit t\u00eb saj, reperit Fero, me t\u00eb cilin ka nj\u00eb vajz\u00eb.<\/p>\n<p>Ajo tregon se p\u00ebr nj\u00eb koh\u00eb t\u00eb gjat\u00eb ka heshtur p\u00ebr hir t\u00eb vajz\u00ebs dhe p\u00ebr t\u00eb mos i krijuar asaj nj\u00eb imazh t\u00eb keq p\u00ebr t\u00eb atin, por tani ndjen se \u00ebsht\u00eb koha q\u00eb t\u00eb thot\u00eb t\u00eb v\u00ebrtet\u00ebn e saj.<\/p>\n<p>N\u00eb k\u00ebt\u00eb rr\u00ebfim t\u00eb gjat\u00eb, Arbenita flet p\u00ebr abuzime, dhun\u00eb fizike dhe psikologjike, munges\u00eb mb\u00ebshtetjeje, manipulime ligjore dhe presione t\u00eb vazhdueshme q\u00eb thot\u00eb se ka p\u00ebrjetuar gjat\u00eb dhe pas marr\u00ebdh\u00ebnies s\u00eb tyre.<\/p>\n<p>Ky \u00ebsht\u00eb rr\u00ebfimi i plot\u00eb i Abrenita Ismajlit:<\/p>\n<p>\u201cAi ka t\u00eb drejt\u00eb, historia e tij nuk \u00ebsht\u00eb treguar kurr\u00eb, sepse nuk kam dashur q\u00eb vajza ime dhe t\u00eb tjer\u00ebt ta shohin si p\u00ebrbind\u00ebsh.<br \/>\nPor tani po e tregoj un\u00eb disa nga t\u00eb v\u00ebrtetat:<br \/>\n1. Ka abuzuar me kokain\u00eb (madje ia kam paguar rehabilitimin dhe s\u00ebrish \u00ebsht\u00eb kthyer tek ajo).<br \/>\n2. M\u00eb ka tradhtuar disa her\u00eb gjat\u00eb lidhjes, edhe kur isha shtatz\u00ebn\u00eb.<br \/>\n3. Nuk ka pasur t\u00eb ardhura t\u00eb q\u00ebndrueshme, as nuk ka ndihmuar financiarisht p\u00ebr vajz\u00ebn ton\u00eb.<br \/>\n4. Nuk ka ofruar kurr\u00eb mb\u00ebshtetje emocionale, mendore apo shpirt\u00ebrore p\u00ebr f\u00ebmij\u00ebn ton\u00eb.<br \/>\n5. M\u00eb ka goditur nd\u00ebrkoh\u00eb q\u00eb mbaja vajz\u00ebn n\u00eb krah\u00eb, n\u00eb prani t\u00eb n\u00ebn\u00ebs sime.<br \/>\n6. \u00cbsht\u00eb p\u00ebrleshur vazhdimisht me t\u00eb tjer\u00ebt, ka qen\u00eb disa her\u00eb n\u00eb burg, edhe p\u00ebr shkak t\u00eb muzik\u00ebs apo personave q\u00eb frekuenton.<br \/>\n7. Kam prova q\u00eb shet drog\u00eb \u2013 \u00e7far\u00eb shembulli \u00ebsht\u00eb ky p\u00ebr nj\u00eb f\u00ebmij\u00eb?<br \/>\n8. Nuk \u00ebsht\u00eb n\u00eb gjendje t\u00eb kujdeset p\u00ebr veten \u2013 ende fle tek n\u00ebna e tij.<br \/>\n9. Ka refuzuar t\u00eb ndahet ligj\u00ebrisht, edhe pse kemi qen\u00eb t\u00eb ndar\u00eb p\u00ebr tre muaj me radh\u00eb.<br \/>\n10. Gjat\u00eb gjith\u00eb lidhjes, \u00e7do gj\u00eb e kam paguar un\u00eb \u2013 sht\u00ebpin\u00eb, ushqimin, makinat, rrobat, kujdesin p\u00ebr vajz\u00ebn, sidomos gjat\u00eb pandemis\u00eb.<br \/>\n11. E p\u00ebrdor vajz\u00ebn si arm\u00eb hakmarrjeje, luan rolin e viktim\u00ebs dhe g\u00ebnjen n\u00eb gjykat\u00eb.<br \/>\n12. Nuk njeh kufijt\u00eb personal\u00eb \u2013 fakti q\u00eb kemi nj\u00eb f\u00ebmij\u00eb bashk\u00eb nuk i jep t\u00eb drejt\u00eb t\u00eb m\u00eb kontrolloj\u00eb.<br \/>\n13. Shfaqet pa paralajm\u00ebrim n\u00eb vendet ku ndodhem.<br \/>\n14. Ka qen\u00eb n\u00eb dijeni t\u00eb t\u00eb gjitha udh\u00ebtimeve dhe shp\u00ebrnguljeve q\u00eb kemi b\u00ebr\u00eb me vajz\u00ebn.<br \/>\n15. Pasi nuk i p\u00eblqeu q\u00eb nuk jetojm\u00eb n\u00eb Kosov\u00eb, filloi t\u00eb m\u00eb pengonte n\u00eb karrier\u00eb duke ndryshuar termat e kujdestaris\u00eb.<br \/>\n16. N\u00eb shtator 2023 dha nj\u00eb deklarat\u00eb t\u00eb rreme n\u00eb gjykat\u00eb dhe mori p\u00ebrkoh\u00ebsisht kujdestarin\u00eb.<br \/>\nPor vendimi u shpall i paligjsh\u00ebm, dhe m\u00eb \u00ebsht\u00eb kthyer kujdestaria e plot\u00eb si nga gjykatat amerikane, ashtu edhe ato t\u00eb Kosov\u00ebs.<br \/>\n17. Pa aprovimin tim, e \u00e7oi vajz\u00ebn n\u00eb sh\u00ebrbimet sociale, me q\u00ebllim q\u00eb t\u00eb ndryshonte marr\u00ebveshjen.<br \/>\n18. Ka ushtruar presion psikologjik dhe fizik, madje m\u00eb ka puthur me forc\u00eb dhe ka k\u00ebrc\u00ebnuar familjen time \u2013 q\u00eb cil\u00ebsohet si sulm seksual dhe dhun\u00eb.<br \/>\n19. Ka qen\u00eb xheloz p\u00ebr mua edhe pas ndarjes.<br \/>\n20. Papritur \u201cu b\u00eb fetar\u201d vet\u00ebm q\u00eb t\u00eb dukej si person i moralsh\u00ebm, por g\u00ebnjen q\u00eb nuk m\u00eb ka dhunuar \u2013 kam prova p\u00ebr k\u00ebt\u00eb.<br \/>\n21. Ka falsifikuar nj\u00eb video sikur un\u00eb jam \u201cg\u00ebrryese parash\u201d (gold digger).<br \/>\n22. Telefoni q\u00eb p\u00ebrdor \u00ebsht\u00eb n\u00ebn emrin tim \u2013 m\u00eb ka vjedhur gj\u00ebra dhe m\u00eb ka borxh mbi 50,000 euro q\u00eb s\u2019i ka kthyer kurr\u00eb.<br \/>\n23. Ka shtyr\u00eb p\u00ebr m\u00eb shum\u00eb se nj\u00eb vit procesin e divorcit, dhe nd\u00ebrkoh\u00eb m\u00eb ka lutur t\u00eb kthehemi bashk\u00eb, me q\u00ebllim t\u00eb m\u00eb frik\u00ebsoj\u00eb.<br \/>\n24. N\u00eb intervistat q\u00eb ka dh\u00ebn\u00eb, ka b\u00ebr\u00eb akuza t\u00eb rreme dhe g\u00ebnjeshtra publike.<br \/>\n25. Un\u00eb po p\u00ebrpiqem ta mbroj vajz\u00ebn time nga gjith\u00eb kjo \u00e7menduri.<br \/>\nPo t\u00eb ishte me t\u00eb v\u00ebrtet\u00eb baba i mir\u00eb, do t\u00eb sillet me respekt dhe do t\u00eb kemi marr\u00ebdh\u00ebnie normale 50\/50.<br \/>\n26. Ka deklaruar publikisht q\u00eb do ma rr\u00ebmbej\u00eb vajz\u00ebn dhe do ta rris\u00eb vet\u00eb \u2013 kjo \u00ebsht\u00eb e frikshme.<br \/>\n27. Kam ngritur disa padi ndaj tij, dhe ka urdh\u00ebr arresti n\u00eb emrin e tij \u2013 por policia nuk po vepron.<br \/>\n28. E ka p\u00ebrdorur vajz\u00ebn p\u00ebr t\u2019u dukur si baba i mir\u00eb n\u00eb media, por e ka detyruar stafin t\u00eb g\u00ebnjej\u00eb, duke e frik\u00ebsuar dhe traumatizuar vajz\u00ebn.<br \/>\n29. Kur \u00ebsht\u00eb me t\u00eb, nuk e nxjerr as n\u00eb park \u2013 vet\u00ebm n\u00eb studio.<br \/>\n30. Ka n\u00ebnshkruar marr\u00ebveshje p\u00ebr kujdestari t\u00eb p\u00ebrbashk\u00ebt, por tani thot\u00eb q\u00eb s\u2019e pranon.<br \/>\n31. Mesazh p\u00ebr t\u00eb gjitha grat\u00eb q\u00eb po kalojn\u00eb t\u00eb nj\u00ebjt\u00ebn gj\u00eb: Mos u dor\u00ebzoni!<br \/>\nN\u00eb fillim duket sikur po humbni, por q\u00ebndroni t\u00eb forta.<br \/>\nJu keni shp\u00ebtuar nga burra toksik\u00eb dhe t\u00eb dhunsh\u00ebm.<br \/>\nMos e ktheni kok\u00ebn pas, asnj\u00ebher\u00eb\u201d.<\/p>\n","protected":false},"excerpt":{"rendered":"<p>Modelja e njohur shqiptare, Arbenita Ismajli, ka b\u00ebr\u00eb publik nj\u00eb rr\u00ebfim t\u00eb gjat\u00eb dhe emocional n\u00eb rrjetin e saj social Instagram, ku ndan me ndjek\u00ebsit e saj nj\u00eb s\u00ebr\u00eb akuzash t\u00eb forta ndaj ish-partnerit t\u00eb saj, reperit Fero, me t\u00eb cilin ka nj\u00eb vajz\u00eb. Ajo tregon se p\u00ebr nj\u00eb koh\u00eb t\u00eb gjat\u00eb ka heshtur p\u00ebr [&hellip;]<\/p>\n","protected":false},"author":8,"featured_media":21802,"comment_status":"closed","ping_status":"closed","sticky":false,"template":"","format":"standard","meta":{"footnotes":""},"categories":[238],"tags":[],"class_list":["post-21801","post","type-post","status-publish","format-standard","has-post-thumbnail","hentry","category-showbiz"],"yoast_head":"<!-- This site is optimized with the Yoast SEO plugin v25.1 - https:\/\/yoast.com\/wordpress\/plugins\/seo\/ -->\n<title>Arbenita Ismajli me akuza t\u00eb r\u00ebnda p\u00ebr Feron: Ka abuzuar me kokain\u00eb, i pagova rehabilitimin, shet drog\u00eb dhe kam fakte p\u00ebr k\u00ebt\u00eb - press7.tv<\/title>\n<meta name=\"robots\" content=\"index, follow, max-snippet:-1, max-image-preview:large, max-video-preview:-1\" \/>\n<link rel=\"canonical\" href=\"https:\/\/www.press7.tv\/?p=21801\" \/>\n<meta property=\"og:locale\" content=\"en_US\" \/>\n<meta property=\"og:type\" content=\"article\" \/>\n<meta property=\"og:title\" content=\"Arbenita Ismajli me akuza t\u00eb r\u00ebnda p\u00ebr Feron: Ka abuzuar me kokain\u00eb, i pagova rehabilitimin, shet drog\u00eb dhe kam fakte p\u00ebr k\u00ebt\u00eb - press7.tv\" \/>\n<meta property=\"og:description\" content=\"Modelja e njohur shqiptare, Arbenita Ismajli, ka b\u00ebr\u00eb publik nj\u00eb rr\u00ebfim t\u00eb gjat\u00eb dhe emocional n\u00eb rrjetin e saj social Instagram, ku ndan me ndjek\u00ebsit e saj nj\u00eb s\u00ebr\u00eb akuzash t\u00eb forta ndaj ish-partnerit t\u00eb saj, reperit Fero, me t\u00eb cilin ka nj\u00eb vajz\u00eb. Ajo tregon se p\u00ebr nj\u00eb koh\u00eb t\u00eb gjat\u00eb ka heshtur p\u00ebr [&hellip;]\" \/>\n<meta property=\"og:url\" content=\"https:\/\/www.press7.tv\/?p=21801\" \/>\n<meta property=\"og:site_name\" content=\"press7.tv\" \/>\n<meta property=\"article:publisher\" content=\"https:\/\/www.facebook.com\/press7.tv\" \/>\n<meta property=\"article:published_time\" content=\"2025-09-05T14:54:24+00:00\" \/>\n<meta property=\"og:image\" content=\"https:\/\/www.press7.tv\/wp-content\/uploads\/2025\/09\/IMG_8549.avif\" \/>\n\t<meta property=\"og:image:width\" content=\"746\" \/>\n\t<meta property=\"og:image:height\" content=\"456\" \/>\n\t<meta property=\"og:image:type\" content=\"image\/jpeg\" \/>\n<meta name=\"author\" content=\"gazetar2\" \/>\n<meta name=\"twitter:card\" content=\"summary_large_image\" \/>\n<meta name=\"twitter:label1\" content=\"Written by\" \/>\n\t<meta name=\"twitter:data1\" content=\"gazetar2\" \/>\n\t<meta name=\"twitter:label2\" content=\"Est. reading time\" \/>\n\t<meta name=\"twitter:data2\" content=\"1 minute\" \/>\n<script type=\"application\/ld+json\" class=\"yoast-schema-graph\">{\"@context\":\"https:\/\/schema.org\",\"@graph\":[{\"@type\":\"Article\",\"@id\":\"https:\/\/www.press7.tv\/?p=21801#article\",\"isPartOf\":{\"@id\":\"https:\/\/www.press7.tv\/?p=21801\"},\"author\":{\"name\":\"gazetar2\",\"@id\":\"https:\/\/www.news33.tv\/#\/schema\/person\/5a04a38a23ccdba82f9bd665cd8f9efa\"},\"headline\":\"Arbenita Ismajli me akuza t\u00eb r\u00ebnda p\u00ebr Feron: Ka abuzuar me kokain\u00eb, i pagova rehabilitimin, shet drog\u00eb dhe kam fakte p\u00ebr k\u00ebt\u00eb\",\"datePublished\":\"2025-09-05T14:54:24+00:00\",\"mainEntityOfPage\":{\"@id\":\"https:\/\/www.press7.tv\/?p=21801\"},\"wordCount\":863,\"publisher\":{\"@id\":\"https:\/\/www.news33.tv\/#organization\"},\"image\":{\"@id\":\"https:\/\/www.press7.tv\/?p=21801#primaryimage\"},\"thumbnailUrl\":\"https:\/\/www.press7.tv\/wp-content\/uploads\/2025\/09\/IMG_8549.avif\",\"articleSection\":[\"ShowBiz\"],\"inLanguage\":\"en-US\"},{\"@type\":\"WebPage\",\"@id\":\"https:\/\/www.press7.tv\/?p=21801\",\"url\":\"https:\/\/www.press7.tv\/?p=21801\",\"name\":\"Arbenita Ismajli me akuza t\u00eb r\u00ebnda p\u00ebr Feron: Ka abuzuar me kokain\u00eb, i pagova rehabilitimin, shet drog\u00eb dhe kam fakte p\u00ebr k\u00ebt\u00eb - press7.tv\",\"isPartOf\":{\"@id\":\"https:\/\/www.news33.tv\/#website\"},\"primaryImageOfPage\":{\"@id\":\"https:\/\/www.press7.tv\/?p=21801#primaryimage\"},\"image\":{\"@id\":\"https:\/\/www.press7.tv\/?p=21801#primaryimage\"},\"thumbnailUrl\":\"https:\/\/www.press7.tv\/wp-content\/uploads\/2025\/09\/IMG_8549.avif\",\"datePublished\":\"2025-09-05T14:54:24+00:00\",\"breadcrumb\":{\"@id\":\"https:\/\/www.press7.tv\/?p=21801#breadcrumb\"},\"inLanguage\":\"en-US\",\"potentialAction\":[{\"@type\":\"ReadAction\",\"target\":[\"https:\/\/www.press7.tv\/?p=21801\"]}]},{\"@type\":\"ImageObject\",\"inLanguage\":\"en-US\",\"@id\":\"https:\/\/www.press7.tv\/?p=21801#primaryimage\",\"url\":\"https:\/\/www.press7.tv\/wp-content\/uploads\/2025\/09\/IMG_8549.avif\",\"contentUrl\":\"https:\/\/www.press7.tv\/wp-content\/uploads\/2025\/09\/IMG_8549.avif\",\"width\":746,\"height\":456},{\"@type\":\"BreadcrumbList\",\"@id\":\"https:\/\/www.press7.tv\/?p=21801#breadcrumb\",\"itemListElement\":[{\"@type\":\"ListItem\",\"position\":1,\"name\":\"Home\",\"item\":\"https:\/\/www.press7.tv\/\"},{\"@type\":\"ListItem\",\"position\":2,\"name\":\"Arbenita Ismajli me akuza t\u00eb r\u00ebnda p\u00ebr Feron: Ka abuzuar me kokain\u00eb, i pagova rehabilitimin, shet drog\u00eb dhe kam fakte p\u00ebr k\u00ebt\u00eb\"}]},{\"@type\":\"WebSite\",\"@id\":\"https:\/\/www.news33.tv\/#website\",\"url\":\"https:\/\/www.news33.tv\/\",\"name\":\"News33.tv Media\",\"description\":\"Media\",\"publisher\":{\"@id\":\"https:\/\/www.news33.tv\/#organization\"},\"potentialAction\":[{\"@type\":\"SearchAction\",\"target\":{\"@type\":\"EntryPoint\",\"urlTemplate\":\"https:\/\/www.news33.tv\/?s={search_term_string}\"},\"query-input\":{\"@type\":\"PropertyValueSpecification\",\"valueRequired\":true,\"valueName\":\"search_term_string\"}}],\"inLanguage\":\"en-US\"},{\"@type\":\"Organization\",\"@id\":\"https:\/\/www.news33.tv\/#organization\",\"name\":\"News33.tv Media\",\"url\":\"https:\/\/www.news33.tv\/\",\"logo\":{\"@type\":\"ImageObject\",\"inLanguage\":\"en-US\",\"@id\":\"https:\/\/www.news33.tv\/#\/schema\/logo\/image\/\",\"url\":\"https:\/\/www.press7.tv\/wp-content\/uploads\/2024\/02\/logo-news33-black.png\",\"contentUrl\":\"https:\/\/www.press7.tv\/wp-content\/uploads\/2024\/02\/logo-news33-black.png\",\"width\":180,\"height\":37,\"caption\":\"News33.tv Media\"},\"image\":{\"@id\":\"https:\/\/www.news33.tv\/#\/schema\/logo\/image\/\"},\"sameAs\":[\"https:\/\/www.facebook.com\/press7.tv\"]},{\"@type\":\"Person\",\"@id\":\"https:\/\/www.news33.tv\/#\/schema\/person\/5a04a38a23ccdba82f9bd665cd8f9efa\",\"name\":\"gazetar2\",\"image\":{\"@type\":\"ImageObject\",\"inLanguage\":\"en-US\",\"@id\":\"https:\/\/www.news33.tv\/#\/schema\/person\/image\/\",\"url\":\"https:\/\/www.press7.tv\/wp-content\/litespeed\/avatar\/41975e402c3049d9ddb03adca8f7a883.jpg?ver=1777169572\",\"contentUrl\":\"https:\/\/www.press7.tv\/wp-content\/litespeed\/avatar\/41975e402c3049d9ddb03adca8f7a883.jpg?ver=1777169572\",\"caption\":\"gazetar2\"},\"url\":\"https:\/\/www.press7.tv\/?author=8\"}]}<\/script>\n<!-- \/ Yoast SEO plugin. -->","yoast_head_json":{"title":"Arbenita Ismajli me akuza t\u00eb r\u00ebnda p\u00ebr Feron: Ka abuzuar me kokain\u00eb, i pagova rehabilitimin, shet drog\u00eb dhe kam fakte p\u00ebr k\u00ebt\u00eb - press7.tv","robots":{"index":"index","follow":"follow","max-snippet":"max-snippet:-1","max-image-preview":"max-image-preview:large","max-video-preview":"max-video-preview:-1"},"canonical":"https:\/\/www.press7.tv\/?p=21801","og_locale":"en_US","og_type":"article","og_title":"Arbenita Ismajli me akuza t\u00eb r\u00ebnda p\u00ebr Feron: Ka abuzuar me kokain\u00eb, i pagova rehabilitimin, shet drog\u00eb dhe kam fakte p\u00ebr k\u00ebt\u00eb - press7.tv","og_description":"Modelja e njohur shqiptare, Arbenita Ismajli, ka b\u00ebr\u00eb publik nj\u00eb rr\u00ebfim t\u00eb gjat\u00eb dhe emocional n\u00eb rrjetin e saj social Instagram, ku ndan me ndjek\u00ebsit e saj nj\u00eb s\u00ebr\u00eb akuzash t\u00eb forta ndaj ish-partnerit t\u00eb saj, reperit Fero, me t\u00eb cilin ka nj\u00eb vajz\u00eb. Ajo tregon se p\u00ebr nj\u00eb koh\u00eb t\u00eb gjat\u00eb ka heshtur p\u00ebr [&hellip;]","og_url":"https:\/\/www.press7.tv\/?p=21801","og_site_name":"press7.tv","article_publisher":"https:\/\/www.facebook.com\/press7.tv","article_published_time":"2025-09-05T14:54:24+00:00","og_image":[{"width":746,"height":456,"url":"https:\/\/www.press7.tv\/wp-content\/uploads\/2025\/09\/IMG_8549.avif","type":"image\/jpeg"}],"author":"gazetar2","twitter_card":"summary_large_image","twitter_misc":{"Written by":"gazetar2","Est. reading time":"1 minute"},"schema":{"@context":"https:\/\/schema.org","@graph":[{"@type":"Article","@id":"https:\/\/www.press7.tv\/?p=21801#article","isPartOf":{"@id":"https:\/\/www.press7.tv\/?p=21801"},"author":{"name":"gazetar2","@id":"https:\/\/www.news33.tv\/#\/schema\/person\/5a04a38a23ccdba82f9bd665cd8f9efa"},"headline":"Arbenita Ismajli me akuza t\u00eb r\u00ebnda p\u00ebr Feron: Ka abuzuar me kokain\u00eb, i pagova rehabilitimin, shet drog\u00eb dhe kam fakte p\u00ebr k\u00ebt\u00eb","datePublished":"2025-09-05T14:54:24+00:00","mainEntityOfPage":{"@id":"https:\/\/www.press7.tv\/?p=21801"},"wordCount":863,"publisher":{"@id":"https:\/\/www.news33.tv\/#organization"},"image":{"@id":"https:\/\/www.press7.tv\/?p=21801#primaryimage"},"thumbnailUrl":"https:\/\/www.press7.tv\/wp-content\/uploads\/2025\/09\/IMG_8549.avif","articleSection":["ShowBiz"],"inLanguage":"en-US"},{"@type":"WebPage","@id":"https:\/\/www.press7.tv\/?p=21801","url":"https:\/\/www.press7.tv\/?p=21801","name":"Arbenita Ismajli me akuza t\u00eb r\u00ebnda p\u00ebr Feron: Ka abuzuar me kokain\u00eb, i pagova rehabilitimin, shet drog\u00eb dhe kam fakte p\u00ebr k\u00ebt\u00eb - press7.tv","isPartOf":{"@id":"https:\/\/www.news33.tv\/#website"},"primaryImageOfPage":{"@id":"https:\/\/www.press7.tv\/?p=21801#primaryimage"},"image":{"@id":"https:\/\/www.press7.tv\/?p=21801#primaryimage"},"thumbnailUrl":"https:\/\/www.press7.tv\/wp-content\/uploads\/2025\/09\/IMG_8549.avif","datePublished":"2025-09-05T14:54:24+00:00","breadcrumb":{"@id":"https:\/\/www.press7.tv\/?p=21801#breadcrumb"},"inLanguage":"en-US","potentialAction":[{"@type":"ReadAction","target":["https:\/\/www.press7.tv\/?p=21801"]}]},{"@type":"ImageObject","inLanguage":"en-US","@id":"https:\/\/www.press7.tv\/?p=21801#primaryimage","url":"https:\/\/www.press7.tv\/wp-content\/uploads\/2025\/09\/IMG_8549.avif","contentUrl":"https:\/\/www.press7.tv\/wp-content\/uploads\/2025\/09\/IMG_8549.avif","width":746,"height":456},{"@type":"BreadcrumbList","@id":"https:\/\/www.press7.tv\/?p=21801#breadcrumb","itemListElement":[{"@type":"ListItem","position":1,"name":"Home","item":"https:\/\/www.press7.tv\/"},{"@type":"ListItem","position":2,"name":"Arbenita Ismajli me akuza t\u00eb r\u00ebnda p\u00ebr Feron: Ka abuzuar me kokain\u00eb, i pagova rehabilitimin, shet drog\u00eb dhe kam fakte p\u00ebr k\u00ebt\u00eb"}]},{"@type":"WebSite","@id":"https:\/\/www.news33.tv\/#website","url":"https:\/\/www.news33.tv\/","name":"News33.tv Media","description":"Media","publisher":{"@id":"https:\/\/www.news33.tv\/#organization"},"potentialAction":[{"@type":"SearchAction","target":{"@type":"EntryPoint","urlTemplate":"https:\/\/www.news33.tv\/?s={search_term_string}"},"query-input":{"@type":"PropertyValueSpecification","valueRequired":true,"valueName":"search_term_string"}}],"inLanguage":"en-US"},{"@type":"Organization","@id":"https:\/\/www.news33.tv\/#organization","name":"News33.tv Media","url":"https:\/\/www.news33.tv\/","logo":{"@type":"ImageObject","inLanguage":"en-US","@id":"https:\/\/www.news33.tv\/#\/schema\/logo\/image\/","url":"https:\/\/www.press7.tv\/wp-content\/uploads\/2024\/02\/logo-news33-black.png","contentUrl":"https:\/\/www.press7.tv\/wp-content\/uploads\/2024\/02\/logo-news33-black.png","width":180,"height":37,"caption":"News33.tv Media"},"image":{"@id":"https:\/\/www.news33.tv\/#\/schema\/logo\/image\/"},"sameAs":["https:\/\/www.facebook.com\/press7.tv"]},{"@type":"Person","@id":"https:\/\/www.news33.tv\/#\/schema\/person\/5a04a38a23ccdba82f9bd665cd8f9efa","name":"gazetar2","image":{"@type":"ImageObject","inLanguage":"en-US","@id":"https:\/\/www.news33.tv\/#\/schema\/person\/image\/","url":"https:\/\/www.press7.tv\/wp-content\/litespeed\/avatar\/41975e402c3049d9ddb03adca8f7a883.jpg?ver=1777169572","contentUrl":"https:\/\/www.press7.tv\/wp-content\/litespeed\/avatar\/41975e402c3049d9ddb03adca8f7a883.jpg?ver=1777169572","caption":"gazetar2"},"url":"https:\/\/www.press7.tv\/?author=8"}]}},"amp_enabled":true,"_links":{"self":[{"href":"https:\/\/www.press7.tv\/index.php?rest_route=\/wp\/v2\/posts\/21801","targetHints":{"allow":["GET"]}}],"collection":[{"href":"https:\/\/www.press7.tv\/index.php?rest_route=\/wp\/v2\/posts"}],"about":[{"href":"https:\/\/www.press7.tv\/index.php?rest_route=\/wp\/v2\/types\/post"}],"author":[{"embeddable":true,"href":"https:\/\/www.press7.tv\/index.php?rest_route=\/wp\/v2\/users\/8"}],"replies":[{"embeddable":true,"href":"https:\/\/www.press7.tv\/index.php?rest_route=%2Fwp%2Fv2%2Fcomments&post=21801"}],"version-history":[{"count":1,"href":"https:\/\/www.press7.tv\/index.php?rest_route=\/wp\/v2\/posts\/21801\/revisions"}],"predecessor-version":[{"id":21803,"href":"https:\/\/www.press7.tv\/index.php?rest_route=\/wp\/v2\/posts\/21801\/revisions\/21803"}],"wp:featuredmedia":[{"embeddable":true,"href":"https:\/\/www.press7.tv\/index.php?rest_route=\/wp\/v2\/media\/21802"}],"wp:attachment":[{"href":"https:\/\/www.press7.tv\/index.php?rest_route=%2Fwp%2Fv2%2Fmedia&parent=21801"}],"wp:term":[{"taxonomy":"category","embeddable":true,"href":"https:\/\/www.press7.tv\/index.php?rest_route=%2Fwp%2Fv2%2Fcategories&post=21801"},{"taxonomy":"post_tag","embeddable":true,"href":"https:\/\/www.press7.tv\/index.php?rest_route=%2Fwp%2Fv2%2Ftags&post=21801"}],"curies":[{"name":"wp","href":"https:\/\/api.w.org\/{rel}","templated":true}]}}