{"id":21798,"date":"2025-09-05T12:00:11","date_gmt":"2025-09-05T12:00:11","guid":{"rendered":"https:\/\/www.press7.tv\/?p=21798"},"modified":"2025-09-05T12:00:11","modified_gmt":"2025-09-05T12:00:11","slug":"ish-kampioni-i-ufc-se-mcgregor-shpall-kandidaturen-per-president-te-irlandes-ka-ardhur-koha-per-ndryshim","status":"publish","type":"post","link":"https:\/\/www.press7.tv\/?p=21798","title":{"rendered":"Ish-kampioni i UFC-s\u00eb McGregor shpall kandidatur\u00ebn p\u00ebr president t\u00eb Irland\u00ebs: Ka ardhur koha p\u00ebr ndryshim"},"content":{"rendered":"\n    <div class=\"xs_social_share_widget xs_share_url before_content \t\tmain_content  wslu-style-2 wslu-share-box-shaped wslu-fill-colored wslu-share-m-5 wslu-none wslu-share-vertical wslu-theme-font-no wslu-main_content\">\n\n\t\t\n        <ul>\n\t\t\t        <\/ul>\n    <\/div> \n<p>Conor McGregor u ka k\u00ebrkuar mb\u00ebshtet\u00ebsve t\u00eb tij online t\u00eb lobojn\u00eb te konsulent\u00ebt, mb\u00ebshtetja e t\u00eb cil\u00ebve mund t\u2019i hap\u00eb rrug\u00ebn atij p\u00ebr t\u00eb kandiduar p\u00ebr president t\u00eb Irland\u00ebs.<\/p>\n<p>McGregor, i cili u d\u00ebnua p\u00ebr p\u00ebrdhunim vitin e kaluar, pretendoi jav\u00ebn e kaluar se ai tashm\u00eb kishte \u201csiguruar\u201d mb\u00ebshtetjen e k\u00ebshilltar\u00ebve, deputet\u00ebve dhe senator\u00ebve, sipas irishtimes.com. Ish-kampioni i arteve marciale t\u00eb p\u00ebrziera (MMA) postoi nj\u00eb video n\u00eb llogarit\u00eb e tij n\u00eb mediat sociale t\u00eb enjten, e cila u filmua jasht\u00eb nd\u00ebrtesave qeveritare n\u00eb Dublin.<\/p>\n<p>Qytetar\u00eb t\u00eb Irland\u00ebs, \u00ebsht\u00eb koha p\u00ebr ndryshim t\u00eb v\u00ebrtet\u00eb! Si president, un\u00eb nuk do t\u00eb n\u00ebnshkruaj asnj\u00eb projektligj p\u00ebr t\u2019u shnd\u00ebrruar n\u00eb ligj para se t\u2019i paraqitet fillimisht popullit! N\u00ebse d\u00ebshironi ta shihni emrin tim n\u00eb flet\u00ebn e votimit p\u00ebr president, ju lutem kontaktoni k\u00ebshilltar\u00ebt e qarkut tuaj lokal sot dhe k\u00ebrkojuni atyre t\u00eb m\u00eb nominojn\u00eb\u201d, thot\u00eb ai n\u00eb mbishkrimin e videos.<\/p>\n<p>\u201cKemi par\u00eb q\u00eb mungesa e strehimit n\u00eb Irland\u00eb t\u00eb rritet n\u00eb nivele t\u00eb papara, duke demonstruar refuzimin e k\u00ebsaj qeverie p\u00ebr t\u00eb p\u00ebrmbushur dhe respektuar deklarat\u00ebn ton\u00eb se t\u00eb gjith\u00eb f\u00ebmij\u00ebt n\u00eb Irland\u00eb duhet t\u00eb jen\u00eb t\u00eb dashur. N\u00eb vend t\u00eb k\u00ebsaj, f\u00ebmij\u00ebt tan\u00eb po braktisen\u201d, tha ai.<\/p>\n<p>Ky d\u00ebshtim i brezave t\u00eb ardhsh\u00ebm \u00ebsht\u00eb shoq\u00ebruar me nj\u00eb fluks masiv t\u00eb imigracionit masiv n\u00eb nj\u00eb sistem tashm\u00eb t\u00eb prishur. Turizmi yn\u00eb ka r\u00ebn\u00eb ndjesh\u00ebm, nd\u00ebrsa rreziku n\u00eb rrug\u00ebt tona \u00ebsht\u00eb rritur\u201d, tha McGregor.<\/p>\n<p>McGregor e p\u00ebrshkroi veten si nj\u00eb \u201cmjesht\u00ebr i arteve marciale\u201d dhe \u201cnj\u00eb njeri q\u00eb k\u00ebrkon zgjidhje\u201d. Ai i nxiti ndjek\u00ebsit e tij t\u00eb kontaktojn\u00eb k\u00ebshilltar\u00ebt vendor\u00eb n\u00eb em\u00ebr t\u00eb tij.<\/p>\n<p>N\u00ebse doni ta shihni emrin tim n\u00eb flet\u00ebn e votimit p\u00ebr presidenc\u00ebn, ju lutem kontaktoni k\u00ebshilltar\u00ebt e qarkut tuaj vendor sot dhe k\u00ebrkojuni atyre t\u00eb m\u00eb nominojn\u00eb\u201d, tha ai.<\/p>\n<p>\u201cK\u00ebshilltar\u00ebt tan\u00eb jan\u00eb shtylla kurrizore e komuniteteve tona. Ata punojn\u00eb m\u00eb shum\u00eb dhe u japin m\u00eb shum\u00eb njer\u00ebzve sesa ata n\u00eb parlament q\u00eb vazhdojn\u00eb ta zhg\u00ebnjejn\u00eb k\u00ebt\u00eb vend her\u00eb pas here\u201d, tha ai.<\/p>\n<p>\u201cN\u00ebse jeni k\u00ebshilltar dhe ndiheni sikur z\u00ebri juaj po injorohet, duart tuaja jan\u00eb t\u00eb lidhura dhe komuniteti juaj po neglizhohet, at\u00ebher\u00eb ju k\u00ebrkoj t\u00eb q\u00ebndroni me mua. M\u00eb nominoni dhe un\u00eb do t\u2019ju jap platform\u00ebn dhe fuqin\u00eb p\u00ebr t\u2019u d\u00ebgjuar v\u00ebrtet\u201d, shtoi ai.<\/p>\n<p>\u201cE kam mbuluar gjith\u00e7ka. Kam k\u00ebshilltar\u00eb, deputet\u00eb, senator\u00eb. Madje kam edhe partin\u00eb m\u00eb t\u00eb respektuar nga t\u00eb gjitha. Tani duhet t\u00eb zgjedh p\u00ebrkat\u00ebsin\u00eb time partiake\u201d, u shpreh atleti.<\/p>\n<p>P\u00ebr t\u00eb siguruar kandidatur\u00ebn e tij, McGregor do t\u00eb ket\u00eb nevoj\u00eb p\u00ebr mb\u00ebshtetjen e kat\u00ebr autoriteteve lokale ose t\u00eb 20 an\u00ebtar\u00ebve t\u00eb parlamentit.<\/p>\n<p>Emri i tij nuk \u00ebsht\u00eb shfaqur ende n\u00eb asnj\u00eb list\u00eb kandidat\u00ebsh q\u00eb kan\u00eb kontaktuar k\u00ebshillat duke k\u00ebrkuar mund\u00ebsin\u00eb p\u00ebr t\u00eb lobuar p\u00ebr mb\u00ebshtetjen e tyre.\/TCH<\/p>\n","protected":false},"excerpt":{"rendered":"<p>Conor McGregor u ka k\u00ebrkuar mb\u00ebshtet\u00ebsve t\u00eb tij online t\u00eb lobojn\u00eb te konsulent\u00ebt, mb\u00ebshtetja e t\u00eb cil\u00ebve mund t\u2019i hap\u00eb rrug\u00ebn atij p\u00ebr t\u00eb kandiduar p\u00ebr president t\u00eb Irland\u00ebs. McGregor, i cili u d\u00ebnua p\u00ebr p\u00ebrdhunim vitin e kaluar, pretendoi jav\u00ebn e kaluar se ai tashm\u00eb kishte \u201csiguruar\u201d mb\u00ebshtetjen e k\u00ebshilltar\u00ebve, deputet\u00ebve dhe senator\u00ebve, sipas [&hellip;]<\/p>\n","protected":false},"author":8,"featured_media":21799,"comment_status":"closed","ping_status":"closed","sticky":false,"template":"","format":"standard","meta":{"footnotes":""},"categories":[217,213],"tags":[],"class_list":["post-21798","post","type-post","status-publish","format-standard","has-post-thumbnail","hentry","category-bote","category-lajme"],"yoast_head":"<!-- This site is optimized with the Yoast SEO plugin v25.1 - https:\/\/yoast.com\/wordpress\/plugins\/seo\/ -->\n<title>Ish-kampioni i UFC-s\u00eb McGregor shpall kandidatur\u00ebn p\u00ebr president t\u00eb Irland\u00ebs: Ka ardhur koha p\u00ebr ndryshim - press7.tv<\/title>\n<meta name=\"robots\" content=\"index, follow, max-snippet:-1, max-image-preview:large, max-video-preview:-1\" \/>\n<link rel=\"canonical\" href=\"https:\/\/www.press7.tv\/?p=21798\" \/>\n<meta property=\"og:locale\" content=\"en_US\" \/>\n<meta property=\"og:type\" content=\"article\" \/>\n<meta property=\"og:title\" content=\"Ish-kampioni i UFC-s\u00eb McGregor shpall kandidatur\u00ebn p\u00ebr president t\u00eb Irland\u00ebs: Ka ardhur koha p\u00ebr ndryshim - press7.tv\" \/>\n<meta property=\"og:description\" content=\"Conor McGregor u ka k\u00ebrkuar mb\u00ebshtet\u00ebsve t\u00eb tij online t\u00eb lobojn\u00eb te konsulent\u00ebt, mb\u00ebshtetja e t\u00eb cil\u00ebve mund t\u2019i hap\u00eb rrug\u00ebn atij p\u00ebr t\u00eb kandiduar p\u00ebr president t\u00eb Irland\u00ebs. McGregor, i cili u d\u00ebnua p\u00ebr p\u00ebrdhunim vitin e kaluar, pretendoi jav\u00ebn e kaluar se ai tashm\u00eb kishte \u201csiguruar\u201d mb\u00ebshtetjen e k\u00ebshilltar\u00ebve, deputet\u00ebve dhe senator\u00ebve, sipas [&hellip;]\" \/>\n<meta property=\"og:url\" content=\"https:\/\/www.press7.tv\/?p=21798\" \/>\n<meta property=\"og:site_name\" content=\"press7.tv\" \/>\n<meta property=\"article:publisher\" content=\"https:\/\/www.facebook.com\/press7.tv\" \/>\n<meta property=\"article:published_time\" content=\"2025-09-05T12:00:11+00:00\" \/>\n<meta property=\"og:image\" content=\"https:\/\/www.press7.tv\/wp-content\/uploads\/2025\/09\/IMG_8544.avif\" \/>\n\t<meta property=\"og:image:width\" content=\"1242\" \/>\n\t<meta property=\"og:image:height\" content=\"747\" \/>\n\t<meta property=\"og:image:type\" content=\"image\/jpeg\" \/>\n<meta name=\"author\" content=\"gazetar2\" \/>\n<meta name=\"twitter:card\" content=\"summary_large_image\" \/>\n<meta name=\"twitter:label1\" content=\"Written by\" \/>\n\t<meta name=\"twitter:data1\" content=\"gazetar2\" \/>\n\t<meta name=\"twitter:label2\" content=\"Est. reading time\" \/>\n\t<meta name=\"twitter:data2\" content=\"1 minute\" \/>\n<script type=\"application\/ld+json\" class=\"yoast-schema-graph\">{\"@context\":\"https:\/\/schema.org\",\"@graph\":[{\"@type\":\"Article\",\"@id\":\"https:\/\/www.press7.tv\/?p=21798#article\",\"isPartOf\":{\"@id\":\"https:\/\/www.press7.tv\/?p=21798\"},\"author\":{\"name\":\"gazetar2\",\"@id\":\"https:\/\/www.news33.tv\/#\/schema\/person\/5a04a38a23ccdba82f9bd665cd8f9efa\"},\"headline\":\"Ish-kampioni i UFC-s\u00eb McGregor shpall kandidatur\u00ebn p\u00ebr president t\u00eb Irland\u00ebs: Ka ardhur koha p\u00ebr ndryshim\",\"datePublished\":\"2025-09-05T12:00:11+00:00\",\"mainEntityOfPage\":{\"@id\":\"https:\/\/www.press7.tv\/?p=21798\"},\"wordCount\":562,\"publisher\":{\"@id\":\"https:\/\/www.news33.tv\/#organization\"},\"image\":{\"@id\":\"https:\/\/www.press7.tv\/?p=21798#primaryimage\"},\"thumbnailUrl\":\"https:\/\/www.press7.tv\/wp-content\/uploads\/2025\/09\/IMG_8544.avif\",\"articleSection\":[\"Bot\u00eb\",\"Lajme\"],\"inLanguage\":\"en-US\"},{\"@type\":\"WebPage\",\"@id\":\"https:\/\/www.press7.tv\/?p=21798\",\"url\":\"https:\/\/www.press7.tv\/?p=21798\",\"name\":\"Ish-kampioni i UFC-s\u00eb McGregor shpall kandidatur\u00ebn p\u00ebr president t\u00eb Irland\u00ebs: Ka ardhur koha p\u00ebr ndryshim - press7.tv\",\"isPartOf\":{\"@id\":\"https:\/\/www.news33.tv\/#website\"},\"primaryImageOfPage\":{\"@id\":\"https:\/\/www.press7.tv\/?p=21798#primaryimage\"},\"image\":{\"@id\":\"https:\/\/www.press7.tv\/?p=21798#primaryimage\"},\"thumbnailUrl\":\"https:\/\/www.press7.tv\/wp-content\/uploads\/2025\/09\/IMG_8544.avif\",\"datePublished\":\"2025-09-05T12:00:11+00:00\",\"breadcrumb\":{\"@id\":\"https:\/\/www.press7.tv\/?p=21798#breadcrumb\"},\"inLanguage\":\"en-US\",\"potentialAction\":[{\"@type\":\"ReadAction\",\"target\":[\"https:\/\/www.press7.tv\/?p=21798\"]}]},{\"@type\":\"ImageObject\",\"inLanguage\":\"en-US\",\"@id\":\"https:\/\/www.press7.tv\/?p=21798#primaryimage\",\"url\":\"https:\/\/www.press7.tv\/wp-content\/uploads\/2025\/09\/IMG_8544.avif\",\"contentUrl\":\"https:\/\/www.press7.tv\/wp-content\/uploads\/2025\/09\/IMG_8544.avif\",\"width\":1242,\"height\":747,\"caption\":\"Screenshot\"},{\"@type\":\"BreadcrumbList\",\"@id\":\"https:\/\/www.press7.tv\/?p=21798#breadcrumb\",\"itemListElement\":[{\"@type\":\"ListItem\",\"position\":1,\"name\":\"Home\",\"item\":\"https:\/\/www.press7.tv\/\"},{\"@type\":\"ListItem\",\"position\":2,\"name\":\"Ish-kampioni i UFC-s\u00eb McGregor shpall kandidatur\u00ebn p\u00ebr president t\u00eb Irland\u00ebs: Ka ardhur koha p\u00ebr ndryshim\"}]},{\"@type\":\"WebSite\",\"@id\":\"https:\/\/www.news33.tv\/#website\",\"url\":\"https:\/\/www.news33.tv\/\",\"name\":\"News33.tv Media\",\"description\":\"Media\",\"publisher\":{\"@id\":\"https:\/\/www.news33.tv\/#organization\"},\"potentialAction\":[{\"@type\":\"SearchAction\",\"target\":{\"@type\":\"EntryPoint\",\"urlTemplate\":\"https:\/\/www.news33.tv\/?s={search_term_string}\"},\"query-input\":{\"@type\":\"PropertyValueSpecification\",\"valueRequired\":true,\"valueName\":\"search_term_string\"}}],\"inLanguage\":\"en-US\"},{\"@type\":\"Organization\",\"@id\":\"https:\/\/www.news33.tv\/#organization\",\"name\":\"News33.tv Media\",\"url\":\"https:\/\/www.news33.tv\/\",\"logo\":{\"@type\":\"ImageObject\",\"inLanguage\":\"en-US\",\"@id\":\"https:\/\/www.news33.tv\/#\/schema\/logo\/image\/\",\"url\":\"https:\/\/www.press7.tv\/wp-content\/uploads\/2024\/02\/logo-news33-black.png\",\"contentUrl\":\"https:\/\/www.press7.tv\/wp-content\/uploads\/2024\/02\/logo-news33-black.png\",\"width\":180,\"height\":37,\"caption\":\"News33.tv Media\"},\"image\":{\"@id\":\"https:\/\/www.news33.tv\/#\/schema\/logo\/image\/\"},\"sameAs\":[\"https:\/\/www.facebook.com\/press7.tv\"]},{\"@type\":\"Person\",\"@id\":\"https:\/\/www.news33.tv\/#\/schema\/person\/5a04a38a23ccdba82f9bd665cd8f9efa\",\"name\":\"gazetar2\",\"image\":{\"@type\":\"ImageObject\",\"inLanguage\":\"en-US\",\"@id\":\"https:\/\/www.news33.tv\/#\/schema\/person\/image\/\",\"url\":\"https:\/\/www.press7.tv\/wp-content\/litespeed\/avatar\/41975e402c3049d9ddb03adca8f7a883.jpg?ver=1777169572\",\"contentUrl\":\"https:\/\/www.press7.tv\/wp-content\/litespeed\/avatar\/41975e402c3049d9ddb03adca8f7a883.jpg?ver=1777169572\",\"caption\":\"gazetar2\"},\"url\":\"https:\/\/www.press7.tv\/?author=8\"}]}<\/script>\n<!-- \/ Yoast SEO plugin. -->","yoast_head_json":{"title":"Ish-kampioni i UFC-s\u00eb McGregor shpall kandidatur\u00ebn p\u00ebr president t\u00eb Irland\u00ebs: Ka ardhur koha p\u00ebr ndryshim - press7.tv","robots":{"index":"index","follow":"follow","max-snippet":"max-snippet:-1","max-image-preview":"max-image-preview:large","max-video-preview":"max-video-preview:-1"},"canonical":"https:\/\/www.press7.tv\/?p=21798","og_locale":"en_US","og_type":"article","og_title":"Ish-kampioni i UFC-s\u00eb McGregor shpall kandidatur\u00ebn p\u00ebr president t\u00eb Irland\u00ebs: Ka ardhur koha p\u00ebr ndryshim - press7.tv","og_description":"Conor McGregor u ka k\u00ebrkuar mb\u00ebshtet\u00ebsve t\u00eb tij online t\u00eb lobojn\u00eb te konsulent\u00ebt, mb\u00ebshtetja e t\u00eb cil\u00ebve mund t\u2019i hap\u00eb rrug\u00ebn atij p\u00ebr t\u00eb kandiduar p\u00ebr president t\u00eb Irland\u00ebs. McGregor, i cili u d\u00ebnua p\u00ebr p\u00ebrdhunim vitin e kaluar, pretendoi jav\u00ebn e kaluar se ai tashm\u00eb kishte \u201csiguruar\u201d mb\u00ebshtetjen e k\u00ebshilltar\u00ebve, deputet\u00ebve dhe senator\u00ebve, sipas [&hellip;]","og_url":"https:\/\/www.press7.tv\/?p=21798","og_site_name":"press7.tv","article_publisher":"https:\/\/www.facebook.com\/press7.tv","article_published_time":"2025-09-05T12:00:11+00:00","og_image":[{"width":1242,"height":747,"url":"https:\/\/www.press7.tv\/wp-content\/uploads\/2025\/09\/IMG_8544.avif","type":"image\/jpeg"}],"author":"gazetar2","twitter_card":"summary_large_image","twitter_misc":{"Written by":"gazetar2","Est. reading time":"1 minute"},"schema":{"@context":"https:\/\/schema.org","@graph":[{"@type":"Article","@id":"https:\/\/www.press7.tv\/?p=21798#article","isPartOf":{"@id":"https:\/\/www.press7.tv\/?p=21798"},"author":{"name":"gazetar2","@id":"https:\/\/www.news33.tv\/#\/schema\/person\/5a04a38a23ccdba82f9bd665cd8f9efa"},"headline":"Ish-kampioni i UFC-s\u00eb McGregor shpall kandidatur\u00ebn p\u00ebr president t\u00eb Irland\u00ebs: Ka ardhur koha p\u00ebr ndryshim","datePublished":"2025-09-05T12:00:11+00:00","mainEntityOfPage":{"@id":"https:\/\/www.press7.tv\/?p=21798"},"wordCount":562,"publisher":{"@id":"https:\/\/www.news33.tv\/#organization"},"image":{"@id":"https:\/\/www.press7.tv\/?p=21798#primaryimage"},"thumbnailUrl":"https:\/\/www.press7.tv\/wp-content\/uploads\/2025\/09\/IMG_8544.avif","articleSection":["Bot\u00eb","Lajme"],"inLanguage":"en-US"},{"@type":"WebPage","@id":"https:\/\/www.press7.tv\/?p=21798","url":"https:\/\/www.press7.tv\/?p=21798","name":"Ish-kampioni i UFC-s\u00eb McGregor shpall kandidatur\u00ebn p\u00ebr president t\u00eb Irland\u00ebs: Ka ardhur koha p\u00ebr ndryshim - press7.tv","isPartOf":{"@id":"https:\/\/www.news33.tv\/#website"},"primaryImageOfPage":{"@id":"https:\/\/www.press7.tv\/?p=21798#primaryimage"},"image":{"@id":"https:\/\/www.press7.tv\/?p=21798#primaryimage"},"thumbnailUrl":"https:\/\/www.press7.tv\/wp-content\/uploads\/2025\/09\/IMG_8544.avif","datePublished":"2025-09-05T12:00:11+00:00","breadcrumb":{"@id":"https:\/\/www.press7.tv\/?p=21798#breadcrumb"},"inLanguage":"en-US","potentialAction":[{"@type":"ReadAction","target":["https:\/\/www.press7.tv\/?p=21798"]}]},{"@type":"ImageObject","inLanguage":"en-US","@id":"https:\/\/www.press7.tv\/?p=21798#primaryimage","url":"https:\/\/www.press7.tv\/wp-content\/uploads\/2025\/09\/IMG_8544.avif","contentUrl":"https:\/\/www.press7.tv\/wp-content\/uploads\/2025\/09\/IMG_8544.avif","width":1242,"height":747,"caption":"Screenshot"},{"@type":"BreadcrumbList","@id":"https:\/\/www.press7.tv\/?p=21798#breadcrumb","itemListElement":[{"@type":"ListItem","position":1,"name":"Home","item":"https:\/\/www.press7.tv\/"},{"@type":"ListItem","position":2,"name":"Ish-kampioni i UFC-s\u00eb McGregor shpall kandidatur\u00ebn p\u00ebr president t\u00eb Irland\u00ebs: Ka ardhur koha p\u00ebr ndryshim"}]},{"@type":"WebSite","@id":"https:\/\/www.news33.tv\/#website","url":"https:\/\/www.news33.tv\/","name":"News33.tv Media","description":"Media","publisher":{"@id":"https:\/\/www.news33.tv\/#organization"},"potentialAction":[{"@type":"SearchAction","target":{"@type":"EntryPoint","urlTemplate":"https:\/\/www.news33.tv\/?s={search_term_string}"},"query-input":{"@type":"PropertyValueSpecification","valueRequired":true,"valueName":"search_term_string"}}],"inLanguage":"en-US"},{"@type":"Organization","@id":"https:\/\/www.news33.tv\/#organization","name":"News33.tv Media","url":"https:\/\/www.news33.tv\/","logo":{"@type":"ImageObject","inLanguage":"en-US","@id":"https:\/\/www.news33.tv\/#\/schema\/logo\/image\/","url":"https:\/\/www.press7.tv\/wp-content\/uploads\/2024\/02\/logo-news33-black.png","contentUrl":"https:\/\/www.press7.tv\/wp-content\/uploads\/2024\/02\/logo-news33-black.png","width":180,"height":37,"caption":"News33.tv Media"},"image":{"@id":"https:\/\/www.news33.tv\/#\/schema\/logo\/image\/"},"sameAs":["https:\/\/www.facebook.com\/press7.tv"]},{"@type":"Person","@id":"https:\/\/www.news33.tv\/#\/schema\/person\/5a04a38a23ccdba82f9bd665cd8f9efa","name":"gazetar2","image":{"@type":"ImageObject","inLanguage":"en-US","@id":"https:\/\/www.news33.tv\/#\/schema\/person\/image\/","url":"https:\/\/www.press7.tv\/wp-content\/litespeed\/avatar\/41975e402c3049d9ddb03adca8f7a883.jpg?ver=1777169572","contentUrl":"https:\/\/www.press7.tv\/wp-content\/litespeed\/avatar\/41975e402c3049d9ddb03adca8f7a883.jpg?ver=1777169572","caption":"gazetar2"},"url":"https:\/\/www.press7.tv\/?author=8"}]}},"amp_enabled":true,"_links":{"self":[{"href":"https:\/\/www.press7.tv\/index.php?rest_route=\/wp\/v2\/posts\/21798","targetHints":{"allow":["GET"]}}],"collection":[{"href":"https:\/\/www.press7.tv\/index.php?rest_route=\/wp\/v2\/posts"}],"about":[{"href":"https:\/\/www.press7.tv\/index.php?rest_route=\/wp\/v2\/types\/post"}],"author":[{"embeddable":true,"href":"https:\/\/www.press7.tv\/index.php?rest_route=\/wp\/v2\/users\/8"}],"replies":[{"embeddable":true,"href":"https:\/\/www.press7.tv\/index.php?rest_route=%2Fwp%2Fv2%2Fcomments&post=21798"}],"version-history":[{"count":1,"href":"https:\/\/www.press7.tv\/index.php?rest_route=\/wp\/v2\/posts\/21798\/revisions"}],"predecessor-version":[{"id":21800,"href":"https:\/\/www.press7.tv\/index.php?rest_route=\/wp\/v2\/posts\/21798\/revisions\/21800"}],"wp:featuredmedia":[{"embeddable":true,"href":"https:\/\/www.press7.tv\/index.php?rest_route=\/wp\/v2\/media\/21799"}],"wp:attachment":[{"href":"https:\/\/www.press7.tv\/index.php?rest_route=%2Fwp%2Fv2%2Fmedia&parent=21798"}],"wp:term":[{"taxonomy":"category","embeddable":true,"href":"https:\/\/www.press7.tv\/index.php?rest_route=%2Fwp%2Fv2%2Fcategories&post=21798"},{"taxonomy":"post_tag","embeddable":true,"href":"https:\/\/www.press7.tv\/index.php?rest_route=%2Fwp%2Fv2%2Ftags&post=21798"}],"curies":[{"name":"wp","href":"https:\/\/api.w.org\/{rel}","templated":true}]}}