{"id":21745,"date":"2025-09-01T16:39:20","date_gmt":"2025-09-01T16:39:20","guid":{"rendered":"https:\/\/www.press7.tv\/?p=21745"},"modified":"2025-09-01T16:39:20","modified_gmt":"2025-09-01T16:39:20","slug":"bujar-osmani-arsimi-do-te-jete-prioriteti-im-personal","status":"publish","type":"post","link":"https:\/\/www.press7.tv\/?p=21745","title":{"rendered":"Bujar Osmani: Arsimi do t\u00eb jet\u00eb prioriteti im personal"},"content":{"rendered":"\n    <div class=\"xs_social_share_widget xs_share_url before_content \t\tmain_content  wslu-style-2 wslu-share-box-shaped wslu-fill-colored wslu-share-m-5 wslu-none wslu-share-vertical wslu-theme-font-no wslu-main_content\">\n\n\t\t\n        <ul>\n\t\t\t        <\/ul>\n    <\/div> \n<p>Kandidati i Aleanc\u00ebs p\u00ebr Komun\u00ebn e \u00c7airit, Bujar Osmani, ka uruar nx\u00ebn\u00ebsit, m\u00ebsuesit dhe prind\u00ebrit me rastin e fillimit t\u00eb vitit t\u00eb ri shkollor. Ai theksoi se arsimi \u00ebsht\u00eb sektori me t\u00eb cilin nuk do t\u00eb b\u00ebj\u00eb kompromis dhe premtoi reforma t\u00eb thella n\u00eb k\u00ebt\u00eb drejtim informon Tetovasot.<\/p>\n<p>M\u00ebngjesi i 1 shtatorit \u00ebsht\u00eb gjithmon\u00eb i ve\u00e7ant\u00eb. Nuk mjafton q\u00eb f\u00ebmij\u00ebt t\u00eb shkojn\u00eb n\u00eb shkoll\u00eb, ata duhet t\u00eb ken\u00eb kushte t\u00eb v\u00ebrteta p\u00ebr t\u00eb m\u00ebsuar, p\u00ebr t\u2019u rritur dhe p\u00ebr t\u00eb \u00ebnd\u00ebrruar. N\u00eb programin tim kemi parapar\u00eb masa konkrete: uljen e numrit t\u00eb nx\u00ebn\u00ebsve n\u00ebp\u00ebr paralele, uniforma, \u00e7anta dhe ushqim falas p\u00ebr \u00e7do f\u00ebmij\u00eb, si dhe qendra p\u00ebr mb\u00ebshtetje psiko-sociale\u201d, tha Osmani.<\/p>\n<p>Ai shtoi se synon rikthimin e sportit dhe aktiviteteve jasht\u00eb m\u00ebsimit, shkolla gjith\u00ebp\u00ebrfshir\u00ebse p\u00ebr f\u00ebmij\u00ebt me aft\u00ebsi t\u00eb kufizuara, forcimin e autoritetit t\u00eb m\u00ebsuesve p\u00ebrmes p\u00ebrkrahjes financiare, si dhe kufizimin e p\u00ebrdorimit t\u00eb telefonave n\u00eb shkolla percjelle Tetovasot.<\/p>\n<p>\u201cKy nuk \u00ebsht\u00eb vet\u00ebm program politik, kjo \u00ebsht\u00eb detyra ime si prind. Arsimi do t\u00eb jet\u00eb prioriteti im personal\u201d, theksoi kandidati i AKI-s\u00eb p\u00ebr \u00c7airin.TS<\/p>\n<p><a href=\"https:\/\/www.facebook.com\/bujar.osmani.942\/posts\/2671166836420536?ref=embed_post\">https:\/\/www.facebook.com\/bujar.osmani.942\/posts\/2671166836420536?ref=embed_post<\/a><\/p>\n","protected":false},"excerpt":{"rendered":"<p>Kandidati i Aleanc\u00ebs p\u00ebr Komun\u00ebn e \u00c7airit, Bujar Osmani, ka uruar nx\u00ebn\u00ebsit, m\u00ebsuesit dhe prind\u00ebrit me rastin e fillimit t\u00eb vitit t\u00eb ri shkollor. Ai theksoi se arsimi \u00ebsht\u00eb sektori me t\u00eb cilin nuk do t\u00eb b\u00ebj\u00eb kompromis dhe premtoi reforma t\u00eb thella n\u00eb k\u00ebt\u00eb drejtim informon Tetovasot. M\u00ebngjesi i 1 shtatorit \u00ebsht\u00eb gjithmon\u00eb i [&hellip;]<\/p>\n","protected":false},"author":8,"featured_media":21746,"comment_status":"closed","ping_status":"closed","sticky":false,"template":"","format":"standard","meta":{"footnotes":""},"categories":[213,214],"tags":[],"class_list":["post-21745","post","type-post","status-publish","format-standard","has-post-thumbnail","hentry","category-lajme","category-maqedoni"],"yoast_head":"<!-- This site is optimized with the Yoast SEO plugin v25.1 - https:\/\/yoast.com\/wordpress\/plugins\/seo\/ -->\n<title>Bujar Osmani: Arsimi do t\u00eb jet\u00eb prioriteti im personal - press7.tv<\/title>\n<meta name=\"robots\" content=\"index, follow, max-snippet:-1, max-image-preview:large, max-video-preview:-1\" \/>\n<link rel=\"canonical\" href=\"https:\/\/www.press7.tv\/?p=21745\" \/>\n<meta property=\"og:locale\" content=\"en_US\" \/>\n<meta property=\"og:type\" content=\"article\" \/>\n<meta property=\"og:title\" content=\"Bujar Osmani: Arsimi do t\u00eb jet\u00eb prioriteti im personal - press7.tv\" \/>\n<meta property=\"og:description\" content=\"Kandidati i Aleanc\u00ebs p\u00ebr Komun\u00ebn e \u00c7airit, Bujar Osmani, ka uruar nx\u00ebn\u00ebsit, m\u00ebsuesit dhe prind\u00ebrit me rastin e fillimit t\u00eb vitit t\u00eb ri shkollor. Ai theksoi se arsimi \u00ebsht\u00eb sektori me t\u00eb cilin nuk do t\u00eb b\u00ebj\u00eb kompromis dhe premtoi reforma t\u00eb thella n\u00eb k\u00ebt\u00eb drejtim informon Tetovasot. M\u00ebngjesi i 1 shtatorit \u00ebsht\u00eb gjithmon\u00eb i [&hellip;]\" \/>\n<meta property=\"og:url\" content=\"https:\/\/www.press7.tv\/?p=21745\" \/>\n<meta property=\"og:site_name\" content=\"press7.tv\" \/>\n<meta property=\"article:publisher\" content=\"https:\/\/www.facebook.com\/press7.tv\" \/>\n<meta property=\"article:published_time\" content=\"2025-09-01T16:39:20+00:00\" \/>\n<meta property=\"og:image\" content=\"https:\/\/www.press7.tv\/wp-content\/uploads\/2025\/09\/IMG_8476.avif\" \/>\n\t<meta property=\"og:image:width\" content=\"750\" \/>\n\t<meta property=\"og:image:height\" content=\"430\" \/>\n\t<meta property=\"og:image:type\" content=\"image\/jpeg\" \/>\n<meta name=\"author\" content=\"gazetar2\" \/>\n<meta name=\"twitter:card\" content=\"summary_large_image\" \/>\n<meta name=\"twitter:label1\" content=\"Written by\" \/>\n\t<meta name=\"twitter:data1\" content=\"gazetar2\" \/>\n\t<meta name=\"twitter:label2\" content=\"Est. reading time\" \/>\n\t<meta name=\"twitter:data2\" content=\"1 minute\" \/>\n<script type=\"application\/ld+json\" class=\"yoast-schema-graph\">{\"@context\":\"https:\/\/schema.org\",\"@graph\":[{\"@type\":\"Article\",\"@id\":\"https:\/\/www.press7.tv\/?p=21745#article\",\"isPartOf\":{\"@id\":\"https:\/\/www.press7.tv\/?p=21745\"},\"author\":{\"name\":\"gazetar2\",\"@id\":\"https:\/\/www.news33.tv\/#\/schema\/person\/5a04a38a23ccdba82f9bd665cd8f9efa\"},\"headline\":\"Bujar Osmani: Arsimi do t\u00eb jet\u00eb prioriteti im personal\",\"datePublished\":\"2025-09-01T16:39:20+00:00\",\"mainEntityOfPage\":{\"@id\":\"https:\/\/www.press7.tv\/?p=21745\"},\"wordCount\":235,\"publisher\":{\"@id\":\"https:\/\/www.news33.tv\/#organization\"},\"image\":{\"@id\":\"https:\/\/www.press7.tv\/?p=21745#primaryimage\"},\"thumbnailUrl\":\"https:\/\/www.press7.tv\/wp-content\/uploads\/2025\/09\/IMG_8476.avif\",\"articleSection\":[\"Lajme\",\"Maqedoni\"],\"inLanguage\":\"en-US\"},{\"@type\":\"WebPage\",\"@id\":\"https:\/\/www.press7.tv\/?p=21745\",\"url\":\"https:\/\/www.press7.tv\/?p=21745\",\"name\":\"Bujar Osmani: Arsimi do t\u00eb jet\u00eb prioriteti im personal - press7.tv\",\"isPartOf\":{\"@id\":\"https:\/\/www.news33.tv\/#website\"},\"primaryImageOfPage\":{\"@id\":\"https:\/\/www.press7.tv\/?p=21745#primaryimage\"},\"image\":{\"@id\":\"https:\/\/www.press7.tv\/?p=21745#primaryimage\"},\"thumbnailUrl\":\"https:\/\/www.press7.tv\/wp-content\/uploads\/2025\/09\/IMG_8476.avif\",\"datePublished\":\"2025-09-01T16:39:20+00:00\",\"breadcrumb\":{\"@id\":\"https:\/\/www.press7.tv\/?p=21745#breadcrumb\"},\"inLanguage\":\"en-US\",\"potentialAction\":[{\"@type\":\"ReadAction\",\"target\":[\"https:\/\/www.press7.tv\/?p=21745\"]}]},{\"@type\":\"ImageObject\",\"inLanguage\":\"en-US\",\"@id\":\"https:\/\/www.press7.tv\/?p=21745#primaryimage\",\"url\":\"https:\/\/www.press7.tv\/wp-content\/uploads\/2025\/09\/IMG_8476.avif\",\"contentUrl\":\"https:\/\/www.press7.tv\/wp-content\/uploads\/2025\/09\/IMG_8476.avif\",\"width\":750,\"height\":430},{\"@type\":\"BreadcrumbList\",\"@id\":\"https:\/\/www.press7.tv\/?p=21745#breadcrumb\",\"itemListElement\":[{\"@type\":\"ListItem\",\"position\":1,\"name\":\"Home\",\"item\":\"https:\/\/www.press7.tv\/\"},{\"@type\":\"ListItem\",\"position\":2,\"name\":\"Bujar Osmani: Arsimi do t\u00eb jet\u00eb prioriteti im personal\"}]},{\"@type\":\"WebSite\",\"@id\":\"https:\/\/www.news33.tv\/#website\",\"url\":\"https:\/\/www.news33.tv\/\",\"name\":\"News33.tv Media\",\"description\":\"Media\",\"publisher\":{\"@id\":\"https:\/\/www.news33.tv\/#organization\"},\"potentialAction\":[{\"@type\":\"SearchAction\",\"target\":{\"@type\":\"EntryPoint\",\"urlTemplate\":\"https:\/\/www.news33.tv\/?s={search_term_string}\"},\"query-input\":{\"@type\":\"PropertyValueSpecification\",\"valueRequired\":true,\"valueName\":\"search_term_string\"}}],\"inLanguage\":\"en-US\"},{\"@type\":\"Organization\",\"@id\":\"https:\/\/www.news33.tv\/#organization\",\"name\":\"News33.tv Media\",\"url\":\"https:\/\/www.news33.tv\/\",\"logo\":{\"@type\":\"ImageObject\",\"inLanguage\":\"en-US\",\"@id\":\"https:\/\/www.news33.tv\/#\/schema\/logo\/image\/\",\"url\":\"https:\/\/www.press7.tv\/wp-content\/uploads\/2024\/02\/logo-news33-black.png\",\"contentUrl\":\"https:\/\/www.press7.tv\/wp-content\/uploads\/2024\/02\/logo-news33-black.png\",\"width\":180,\"height\":37,\"caption\":\"News33.tv Media\"},\"image\":{\"@id\":\"https:\/\/www.news33.tv\/#\/schema\/logo\/image\/\"},\"sameAs\":[\"https:\/\/www.facebook.com\/press7.tv\"]},{\"@type\":\"Person\",\"@id\":\"https:\/\/www.news33.tv\/#\/schema\/person\/5a04a38a23ccdba82f9bd665cd8f9efa\",\"name\":\"gazetar2\",\"image\":{\"@type\":\"ImageObject\",\"inLanguage\":\"en-US\",\"@id\":\"https:\/\/www.news33.tv\/#\/schema\/person\/image\/\",\"url\":\"https:\/\/www.press7.tv\/wp-content\/litespeed\/avatar\/41975e402c3049d9ddb03adca8f7a883.jpg?ver=1777169572\",\"contentUrl\":\"https:\/\/www.press7.tv\/wp-content\/litespeed\/avatar\/41975e402c3049d9ddb03adca8f7a883.jpg?ver=1777169572\",\"caption\":\"gazetar2\"},\"url\":\"https:\/\/www.press7.tv\/?author=8\"}]}<\/script>\n<!-- \/ Yoast SEO plugin. -->","yoast_head_json":{"title":"Bujar Osmani: Arsimi do t\u00eb jet\u00eb prioriteti im personal - press7.tv","robots":{"index":"index","follow":"follow","max-snippet":"max-snippet:-1","max-image-preview":"max-image-preview:large","max-video-preview":"max-video-preview:-1"},"canonical":"https:\/\/www.press7.tv\/?p=21745","og_locale":"en_US","og_type":"article","og_title":"Bujar Osmani: Arsimi do t\u00eb jet\u00eb prioriteti im personal - press7.tv","og_description":"Kandidati i Aleanc\u00ebs p\u00ebr Komun\u00ebn e \u00c7airit, Bujar Osmani, ka uruar nx\u00ebn\u00ebsit, m\u00ebsuesit dhe prind\u00ebrit me rastin e fillimit t\u00eb vitit t\u00eb ri shkollor. Ai theksoi se arsimi \u00ebsht\u00eb sektori me t\u00eb cilin nuk do t\u00eb b\u00ebj\u00eb kompromis dhe premtoi reforma t\u00eb thella n\u00eb k\u00ebt\u00eb drejtim informon Tetovasot. M\u00ebngjesi i 1 shtatorit \u00ebsht\u00eb gjithmon\u00eb i [&hellip;]","og_url":"https:\/\/www.press7.tv\/?p=21745","og_site_name":"press7.tv","article_publisher":"https:\/\/www.facebook.com\/press7.tv","article_published_time":"2025-09-01T16:39:20+00:00","og_image":[{"width":750,"height":430,"url":"https:\/\/www.press7.tv\/wp-content\/uploads\/2025\/09\/IMG_8476.avif","type":"image\/jpeg"}],"author":"gazetar2","twitter_card":"summary_large_image","twitter_misc":{"Written by":"gazetar2","Est. reading time":"1 minute"},"schema":{"@context":"https:\/\/schema.org","@graph":[{"@type":"Article","@id":"https:\/\/www.press7.tv\/?p=21745#article","isPartOf":{"@id":"https:\/\/www.press7.tv\/?p=21745"},"author":{"name":"gazetar2","@id":"https:\/\/www.news33.tv\/#\/schema\/person\/5a04a38a23ccdba82f9bd665cd8f9efa"},"headline":"Bujar Osmani: Arsimi do t\u00eb jet\u00eb prioriteti im personal","datePublished":"2025-09-01T16:39:20+00:00","mainEntityOfPage":{"@id":"https:\/\/www.press7.tv\/?p=21745"},"wordCount":235,"publisher":{"@id":"https:\/\/www.news33.tv\/#organization"},"image":{"@id":"https:\/\/www.press7.tv\/?p=21745#primaryimage"},"thumbnailUrl":"https:\/\/www.press7.tv\/wp-content\/uploads\/2025\/09\/IMG_8476.avif","articleSection":["Lajme","Maqedoni"],"inLanguage":"en-US"},{"@type":"WebPage","@id":"https:\/\/www.press7.tv\/?p=21745","url":"https:\/\/www.press7.tv\/?p=21745","name":"Bujar Osmani: Arsimi do t\u00eb jet\u00eb prioriteti im personal - press7.tv","isPartOf":{"@id":"https:\/\/www.news33.tv\/#website"},"primaryImageOfPage":{"@id":"https:\/\/www.press7.tv\/?p=21745#primaryimage"},"image":{"@id":"https:\/\/www.press7.tv\/?p=21745#primaryimage"},"thumbnailUrl":"https:\/\/www.press7.tv\/wp-content\/uploads\/2025\/09\/IMG_8476.avif","datePublished":"2025-09-01T16:39:20+00:00","breadcrumb":{"@id":"https:\/\/www.press7.tv\/?p=21745#breadcrumb"},"inLanguage":"en-US","potentialAction":[{"@type":"ReadAction","target":["https:\/\/www.press7.tv\/?p=21745"]}]},{"@type":"ImageObject","inLanguage":"en-US","@id":"https:\/\/www.press7.tv\/?p=21745#primaryimage","url":"https:\/\/www.press7.tv\/wp-content\/uploads\/2025\/09\/IMG_8476.avif","contentUrl":"https:\/\/www.press7.tv\/wp-content\/uploads\/2025\/09\/IMG_8476.avif","width":750,"height":430},{"@type":"BreadcrumbList","@id":"https:\/\/www.press7.tv\/?p=21745#breadcrumb","itemListElement":[{"@type":"ListItem","position":1,"name":"Home","item":"https:\/\/www.press7.tv\/"},{"@type":"ListItem","position":2,"name":"Bujar Osmani: Arsimi do t\u00eb jet\u00eb prioriteti im personal"}]},{"@type":"WebSite","@id":"https:\/\/www.news33.tv\/#website","url":"https:\/\/www.news33.tv\/","name":"News33.tv Media","description":"Media","publisher":{"@id":"https:\/\/www.news33.tv\/#organization"},"potentialAction":[{"@type":"SearchAction","target":{"@type":"EntryPoint","urlTemplate":"https:\/\/www.news33.tv\/?s={search_term_string}"},"query-input":{"@type":"PropertyValueSpecification","valueRequired":true,"valueName":"search_term_string"}}],"inLanguage":"en-US"},{"@type":"Organization","@id":"https:\/\/www.news33.tv\/#organization","name":"News33.tv Media","url":"https:\/\/www.news33.tv\/","logo":{"@type":"ImageObject","inLanguage":"en-US","@id":"https:\/\/www.news33.tv\/#\/schema\/logo\/image\/","url":"https:\/\/www.press7.tv\/wp-content\/uploads\/2024\/02\/logo-news33-black.png","contentUrl":"https:\/\/www.press7.tv\/wp-content\/uploads\/2024\/02\/logo-news33-black.png","width":180,"height":37,"caption":"News33.tv Media"},"image":{"@id":"https:\/\/www.news33.tv\/#\/schema\/logo\/image\/"},"sameAs":["https:\/\/www.facebook.com\/press7.tv"]},{"@type":"Person","@id":"https:\/\/www.news33.tv\/#\/schema\/person\/5a04a38a23ccdba82f9bd665cd8f9efa","name":"gazetar2","image":{"@type":"ImageObject","inLanguage":"en-US","@id":"https:\/\/www.news33.tv\/#\/schema\/person\/image\/","url":"https:\/\/www.press7.tv\/wp-content\/litespeed\/avatar\/41975e402c3049d9ddb03adca8f7a883.jpg?ver=1777169572","contentUrl":"https:\/\/www.press7.tv\/wp-content\/litespeed\/avatar\/41975e402c3049d9ddb03adca8f7a883.jpg?ver=1777169572","caption":"gazetar2"},"url":"https:\/\/www.press7.tv\/?author=8"}]}},"amp_enabled":true,"_links":{"self":[{"href":"https:\/\/www.press7.tv\/index.php?rest_route=\/wp\/v2\/posts\/21745","targetHints":{"allow":["GET"]}}],"collection":[{"href":"https:\/\/www.press7.tv\/index.php?rest_route=\/wp\/v2\/posts"}],"about":[{"href":"https:\/\/www.press7.tv\/index.php?rest_route=\/wp\/v2\/types\/post"}],"author":[{"embeddable":true,"href":"https:\/\/www.press7.tv\/index.php?rest_route=\/wp\/v2\/users\/8"}],"replies":[{"embeddable":true,"href":"https:\/\/www.press7.tv\/index.php?rest_route=%2Fwp%2Fv2%2Fcomments&post=21745"}],"version-history":[{"count":1,"href":"https:\/\/www.press7.tv\/index.php?rest_route=\/wp\/v2\/posts\/21745\/revisions"}],"predecessor-version":[{"id":21747,"href":"https:\/\/www.press7.tv\/index.php?rest_route=\/wp\/v2\/posts\/21745\/revisions\/21747"}],"wp:featuredmedia":[{"embeddable":true,"href":"https:\/\/www.press7.tv\/index.php?rest_route=\/wp\/v2\/media\/21746"}],"wp:attachment":[{"href":"https:\/\/www.press7.tv\/index.php?rest_route=%2Fwp%2Fv2%2Fmedia&parent=21745"}],"wp:term":[{"taxonomy":"category","embeddable":true,"href":"https:\/\/www.press7.tv\/index.php?rest_route=%2Fwp%2Fv2%2Fcategories&post=21745"},{"taxonomy":"post_tag","embeddable":true,"href":"https:\/\/www.press7.tv\/index.php?rest_route=%2Fwp%2Fv2%2Ftags&post=21745"}],"curies":[{"name":"wp","href":"https:\/\/api.w.org\/{rel}","templated":true}]}}