{"id":21737,"date":"2025-08-31T20:36:31","date_gmt":"2025-08-31T20:36:31","guid":{"rendered":"https:\/\/www.press7.tv\/?p=21737"},"modified":"2025-08-31T20:37:46","modified_gmt":"2025-08-31T20:37:46","slug":"nena-nga-cairi-deshti-foto-me-mua-familja-pergenjeshtron-osmanin-eshte-nga-likova-nuk-e-njeh-bujarin","status":"publish","type":"post","link":"https:\/\/www.press7.tv\/?p=21737","title":{"rendered":"\u201cN\u00ebna nga \u00c7airi deshti foto me mua\u201d, familja p\u00ebrg\u00ebnjeshtron Osmanin: \u00cbsht\u00eb nga Likova, nuk e njeh Bujarin"},"content":{"rendered":"\n    <div class=\"xs_social_share_widget xs_share_url before_content \t\tmain_content  wslu-style-2 wslu-share-box-shaped wslu-fill-colored wslu-share-m-5 wslu-none wslu-share-vertical wslu-theme-font-no wslu-main_content\">\n\n\t\t\n        <ul>\n\t\t\t        <\/ul>\n    <\/div> \n<p>Familja e nj\u00eb t\u00eb moshuare nga Likova ka reaguar ndaj fotografis\u00eb s\u00eb shp\u00ebrndar\u00eb nga kandidati i AKI-s\u00eb p\u00ebr \u00c7airin, Bujar Osmani. <\/p>\n<p>Djali i t\u00eb moshuar\u00ebs n\u00eb fotografi, Sherif Rramani, i cili rastis t\u00eb jet\u00eb kryetar i n\u00ebndeg\u00ebs s\u00eb Alternativ\u00ebs n\u00eb Likov\u00eb, pjes\u00eb e koalicionit VLEN, akuzon se n\u00ebna e tij u mashtrua. Sipas tij, n\u00ebna e tij ka qen\u00eb mysafire n\u00eb \u00c7air dhe asaj iu tha se \u201cBujari \u00ebsht\u00eb i VLEN-it\u201d.<\/p>\n<p>\u201cPersoni n\u00eb foto \u00ebsht\u00eb n\u00ebna ime dhe ka qen\u00eb mysafir n\u00eb \u00c7air, ajo \u00ebsht\u00eb nga Likova dhe as q\u00eb e njeh Bujarin e as q\u00eb voton ne \u00c7air. M\u00eb vjen keq q\u00eb \u00ebsht\u00eb manipuluar pa dijeni nga disa njer\u00ebz q\u00eb i kan\u00eb th\u00ebn\u00eb se Bujari \u00ebsht\u00eb i VLEN-it dhe ajo gjitha fjal\u00ebt q\u00eb i ka th\u00ebn\u00eb, i ka th\u00ebn\u00eb duke menduar v\u00ebrtet se Bujari \u00ebsht\u00eb nga VLEN-i\u201d, publikoi Rramani. <\/p>\n<p>Para dy dit\u00ebsh, Osmani e publikoi fotografin\u00eb me sqarimin se n\u00ebna e moshuar i kishte k\u00ebrkuar fotografi dhe kishte k\u00ebrkuar nga ai q\u00eb ta publikoj\u00eb.<\/p>\n<p>\u201cSot, der\u00eb m\u00eb der\u00eb te Liria, m\u00eb hapi der\u00ebn nj\u00eb n\u00ebn\u00eb e moshuar dhe shum\u00eb pozitive. M\u00eb tha: \u201cDua nj\u00eb foto me ty, sepse jam me gjith\u00eb zem\u00ebr me ty dhe dua q\u00eb ta publikosh.\u201d K\u00ebto fjal\u00eb m\u00eb mbush\u00ebn zemr\u00ebn dhe m\u00eb dhan\u00eb edhe m\u00eb shum\u00eb kuptim p\u00ebr gjith\u00e7ka q\u00eb po b\u00ebj\u201d, kishte shkruar Osmani.\/press7.tv<\/p>\n<p><img data-dominant-color=\"706c64\" data-has-transparency=\"false\" style=\"--dominant-color: #706c64;\" decoding=\"async\" src=\"https:\/\/www.press7.tv\/wp-content\/uploads\/2025\/08\/21a1dcf0-26e1-4749-8a3c-d8c86a99da7b-163x300.avif\" alt=\"\" width=\"163\" height=\"300\" class=\"alignnone size-medium wp-image-21739 not-transparent\" srcset=\"https:\/\/www.press7.tv\/wp-content\/uploads\/2025\/08\/21a1dcf0-26e1-4749-8a3c-d8c86a99da7b-163x300.avif 163w, https:\/\/www.press7.tv\/wp-content\/uploads\/2025\/08\/21a1dcf0-26e1-4749-8a3c-d8c86a99da7b-558x1024.avif 558w, https:\/\/www.press7.tv\/wp-content\/uploads\/2025\/08\/21a1dcf0-26e1-4749-8a3c-d8c86a99da7b-768x1409.avif 768w, https:\/\/www.press7.tv\/wp-content\/uploads\/2025\/08\/21a1dcf0-26e1-4749-8a3c-d8c86a99da7b-837x1536.avif 837w, https:\/\/www.press7.tv\/wp-content\/uploads\/2025\/08\/21a1dcf0-26e1-4749-8a3c-d8c86a99da7b.avif 1116w\" sizes=\"(max-width: 163px) 100vw, 163px\" \/><\/p>\n","protected":false},"excerpt":{"rendered":"<p>Familja e nj\u00eb t\u00eb moshuare nga Likova ka reaguar ndaj fotografis\u00eb s\u00eb shp\u00ebrndar\u00eb nga kandidati i AKI-s\u00eb p\u00ebr \u00c7airin, Bujar Osmani. Djali i t\u00eb moshuar\u00ebs n\u00eb fotografi, Sherif Rramani, i cili rastis t\u00eb jet\u00eb kryetar i n\u00ebndeg\u00ebs s\u00eb Alternativ\u00ebs n\u00eb Likov\u00eb, pjes\u00eb e koalicionit VLEN, akuzon se n\u00ebna e tij u mashtrua. Sipas tij, n\u00ebna [&hellip;]<\/p>\n","protected":false},"author":8,"featured_media":21738,"comment_status":"closed","ping_status":"closed","sticky":false,"template":"","format":"standard","meta":{"footnotes":""},"categories":[213,214],"tags":[],"class_list":["post-21737","post","type-post","status-publish","format-standard","has-post-thumbnail","hentry","category-lajme","category-maqedoni"],"yoast_head":"<!-- This site is optimized with the Yoast SEO plugin v25.1 - https:\/\/yoast.com\/wordpress\/plugins\/seo\/ -->\n<title>\u201cN\u00ebna nga \u00c7airi deshti foto me mua\u201d, familja p\u00ebrg\u00ebnjeshtron Osmanin: \u00cbsht\u00eb nga Likova, nuk e njeh Bujarin - press7.tv<\/title>\n<meta name=\"robots\" content=\"index, follow, max-snippet:-1, max-image-preview:large, max-video-preview:-1\" \/>\n<link rel=\"canonical\" href=\"https:\/\/www.press7.tv\/?p=21737\" \/>\n<meta property=\"og:locale\" content=\"en_US\" \/>\n<meta property=\"og:type\" content=\"article\" \/>\n<meta property=\"og:title\" content=\"\u201cN\u00ebna nga \u00c7airi deshti foto me mua\u201d, familja p\u00ebrg\u00ebnjeshtron Osmanin: \u00cbsht\u00eb nga Likova, nuk e njeh Bujarin - press7.tv\" \/>\n<meta property=\"og:description\" content=\"Familja e nj\u00eb t\u00eb moshuare nga Likova ka reaguar ndaj fotografis\u00eb s\u00eb shp\u00ebrndar\u00eb nga kandidati i AKI-s\u00eb p\u00ebr \u00c7airin, Bujar Osmani. Djali i t\u00eb moshuar\u00ebs n\u00eb fotografi, Sherif Rramani, i cili rastis t\u00eb jet\u00eb kryetar i n\u00ebndeg\u00ebs s\u00eb Alternativ\u00ebs n\u00eb Likov\u00eb, pjes\u00eb e koalicionit VLEN, akuzon se n\u00ebna e tij u mashtrua. Sipas tij, n\u00ebna [&hellip;]\" \/>\n<meta property=\"og:url\" content=\"https:\/\/www.press7.tv\/?p=21737\" \/>\n<meta property=\"og:site_name\" content=\"press7.tv\" \/>\n<meta property=\"article:publisher\" content=\"https:\/\/www.facebook.com\/press7.tv\" \/>\n<meta property=\"article:published_time\" content=\"2025-08-31T20:36:31+00:00\" \/>\n<meta property=\"article:modified_time\" content=\"2025-08-31T20:37:46+00:00\" \/>\n<meta property=\"og:image\" content=\"https:\/\/www.press7.tv\/wp-content\/uploads\/2025\/08\/fc648ba2-b41e-41de-b3f1-a605fa51248a.avif\" \/>\n\t<meta property=\"og:image:width\" content=\"946\" \/>\n\t<meta property=\"og:image:height\" content=\"1071\" \/>\n\t<meta property=\"og:image:type\" content=\"image\/jpeg\" \/>\n<meta name=\"author\" content=\"gazetar2\" \/>\n<meta name=\"twitter:card\" content=\"summary_large_image\" \/>\n<meta name=\"twitter:label1\" content=\"Written by\" \/>\n\t<meta name=\"twitter:data1\" content=\"gazetar2\" \/>\n\t<meta name=\"twitter:label2\" content=\"Est. reading time\" \/>\n\t<meta name=\"twitter:data2\" content=\"2 minutes\" \/>\n<script type=\"application\/ld+json\" class=\"yoast-schema-graph\">{\"@context\":\"https:\/\/schema.org\",\"@graph\":[{\"@type\":\"Article\",\"@id\":\"https:\/\/www.press7.tv\/?p=21737#article\",\"isPartOf\":{\"@id\":\"https:\/\/www.press7.tv\/?p=21737\"},\"author\":{\"name\":\"gazetar2\",\"@id\":\"https:\/\/www.news33.tv\/#\/schema\/person\/5a04a38a23ccdba82f9bd665cd8f9efa\"},\"headline\":\"\u201cN\u00ebna nga \u00c7airi deshti foto me mua\u201d, familja p\u00ebrg\u00ebnjeshtron Osmanin: \u00cbsht\u00eb nga Likova, nuk e njeh Bujarin\",\"datePublished\":\"2025-08-31T20:36:31+00:00\",\"dateModified\":\"2025-08-31T20:37:46+00:00\",\"mainEntityOfPage\":{\"@id\":\"https:\/\/www.press7.tv\/?p=21737\"},\"wordCount\":270,\"publisher\":{\"@id\":\"https:\/\/www.news33.tv\/#organization\"},\"image\":{\"@id\":\"https:\/\/www.press7.tv\/?p=21737#primaryimage\"},\"thumbnailUrl\":\"https:\/\/www.press7.tv\/wp-content\/uploads\/2025\/08\/fc648ba2-b41e-41de-b3f1-a605fa51248a.avif\",\"articleSection\":[\"Lajme\",\"Maqedoni\"],\"inLanguage\":\"en-US\"},{\"@type\":\"WebPage\",\"@id\":\"https:\/\/www.press7.tv\/?p=21737\",\"url\":\"https:\/\/www.press7.tv\/?p=21737\",\"name\":\"\u201cN\u00ebna nga \u00c7airi deshti foto me mua\u201d, familja p\u00ebrg\u00ebnjeshtron Osmanin: \u00cbsht\u00eb nga Likova, nuk e njeh Bujarin - press7.tv\",\"isPartOf\":{\"@id\":\"https:\/\/www.news33.tv\/#website\"},\"primaryImageOfPage\":{\"@id\":\"https:\/\/www.press7.tv\/?p=21737#primaryimage\"},\"image\":{\"@id\":\"https:\/\/www.press7.tv\/?p=21737#primaryimage\"},\"thumbnailUrl\":\"https:\/\/www.press7.tv\/wp-content\/uploads\/2025\/08\/fc648ba2-b41e-41de-b3f1-a605fa51248a.avif\",\"datePublished\":\"2025-08-31T20:36:31+00:00\",\"dateModified\":\"2025-08-31T20:37:46+00:00\",\"breadcrumb\":{\"@id\":\"https:\/\/www.press7.tv\/?p=21737#breadcrumb\"},\"inLanguage\":\"en-US\",\"potentialAction\":[{\"@type\":\"ReadAction\",\"target\":[\"https:\/\/www.press7.tv\/?p=21737\"]}]},{\"@type\":\"ImageObject\",\"inLanguage\":\"en-US\",\"@id\":\"https:\/\/www.press7.tv\/?p=21737#primaryimage\",\"url\":\"https:\/\/www.press7.tv\/wp-content\/uploads\/2025\/08\/fc648ba2-b41e-41de-b3f1-a605fa51248a.avif\",\"contentUrl\":\"https:\/\/www.press7.tv\/wp-content\/uploads\/2025\/08\/fc648ba2-b41e-41de-b3f1-a605fa51248a.avif\",\"width\":946,\"height\":1071},{\"@type\":\"BreadcrumbList\",\"@id\":\"https:\/\/www.press7.tv\/?p=21737#breadcrumb\",\"itemListElement\":[{\"@type\":\"ListItem\",\"position\":1,\"name\":\"Home\",\"item\":\"https:\/\/www.press7.tv\/\"},{\"@type\":\"ListItem\",\"position\":2,\"name\":\"\u201cN\u00ebna nga \u00c7airi deshti foto me mua\u201d, familja p\u00ebrg\u00ebnjeshtron Osmanin: \u00cbsht\u00eb nga Likova, nuk e njeh Bujarin\"}]},{\"@type\":\"WebSite\",\"@id\":\"https:\/\/www.news33.tv\/#website\",\"url\":\"https:\/\/www.news33.tv\/\",\"name\":\"News33.tv Media\",\"description\":\"Media\",\"publisher\":{\"@id\":\"https:\/\/www.news33.tv\/#organization\"},\"potentialAction\":[{\"@type\":\"SearchAction\",\"target\":{\"@type\":\"EntryPoint\",\"urlTemplate\":\"https:\/\/www.news33.tv\/?s={search_term_string}\"},\"query-input\":{\"@type\":\"PropertyValueSpecification\",\"valueRequired\":true,\"valueName\":\"search_term_string\"}}],\"inLanguage\":\"en-US\"},{\"@type\":\"Organization\",\"@id\":\"https:\/\/www.news33.tv\/#organization\",\"name\":\"News33.tv Media\",\"url\":\"https:\/\/www.news33.tv\/\",\"logo\":{\"@type\":\"ImageObject\",\"inLanguage\":\"en-US\",\"@id\":\"https:\/\/www.news33.tv\/#\/schema\/logo\/image\/\",\"url\":\"https:\/\/www.press7.tv\/wp-content\/uploads\/2024\/02\/logo-news33-black.png\",\"contentUrl\":\"https:\/\/www.press7.tv\/wp-content\/uploads\/2024\/02\/logo-news33-black.png\",\"width\":180,\"height\":37,\"caption\":\"News33.tv Media\"},\"image\":{\"@id\":\"https:\/\/www.news33.tv\/#\/schema\/logo\/image\/\"},\"sameAs\":[\"https:\/\/www.facebook.com\/press7.tv\"]},{\"@type\":\"Person\",\"@id\":\"https:\/\/www.news33.tv\/#\/schema\/person\/5a04a38a23ccdba82f9bd665cd8f9efa\",\"name\":\"gazetar2\",\"image\":{\"@type\":\"ImageObject\",\"inLanguage\":\"en-US\",\"@id\":\"https:\/\/www.news33.tv\/#\/schema\/person\/image\/\",\"url\":\"https:\/\/www.press7.tv\/wp-content\/litespeed\/avatar\/41975e402c3049d9ddb03adca8f7a883.jpg?ver=1777169572\",\"contentUrl\":\"https:\/\/www.press7.tv\/wp-content\/litespeed\/avatar\/41975e402c3049d9ddb03adca8f7a883.jpg?ver=1777169572\",\"caption\":\"gazetar2\"},\"url\":\"https:\/\/www.press7.tv\/?author=8\"}]}<\/script>\n<!-- \/ Yoast SEO plugin. -->","yoast_head_json":{"title":"\u201cN\u00ebna nga \u00c7airi deshti foto me mua\u201d, familja p\u00ebrg\u00ebnjeshtron Osmanin: \u00cbsht\u00eb nga Likova, nuk e njeh Bujarin - press7.tv","robots":{"index":"index","follow":"follow","max-snippet":"max-snippet:-1","max-image-preview":"max-image-preview:large","max-video-preview":"max-video-preview:-1"},"canonical":"https:\/\/www.press7.tv\/?p=21737","og_locale":"en_US","og_type":"article","og_title":"\u201cN\u00ebna nga \u00c7airi deshti foto me mua\u201d, familja p\u00ebrg\u00ebnjeshtron Osmanin: \u00cbsht\u00eb nga Likova, nuk e njeh Bujarin - press7.tv","og_description":"Familja e nj\u00eb t\u00eb moshuare nga Likova ka reaguar ndaj fotografis\u00eb s\u00eb shp\u00ebrndar\u00eb nga kandidati i AKI-s\u00eb p\u00ebr \u00c7airin, Bujar Osmani. Djali i t\u00eb moshuar\u00ebs n\u00eb fotografi, Sherif Rramani, i cili rastis t\u00eb jet\u00eb kryetar i n\u00ebndeg\u00ebs s\u00eb Alternativ\u00ebs n\u00eb Likov\u00eb, pjes\u00eb e koalicionit VLEN, akuzon se n\u00ebna e tij u mashtrua. Sipas tij, n\u00ebna [&hellip;]","og_url":"https:\/\/www.press7.tv\/?p=21737","og_site_name":"press7.tv","article_publisher":"https:\/\/www.facebook.com\/press7.tv","article_published_time":"2025-08-31T20:36:31+00:00","article_modified_time":"2025-08-31T20:37:46+00:00","og_image":[{"width":946,"height":1071,"url":"https:\/\/www.press7.tv\/wp-content\/uploads\/2025\/08\/fc648ba2-b41e-41de-b3f1-a605fa51248a.avif","type":"image\/jpeg"}],"author":"gazetar2","twitter_card":"summary_large_image","twitter_misc":{"Written by":"gazetar2","Est. reading time":"2 minutes"},"schema":{"@context":"https:\/\/schema.org","@graph":[{"@type":"Article","@id":"https:\/\/www.press7.tv\/?p=21737#article","isPartOf":{"@id":"https:\/\/www.press7.tv\/?p=21737"},"author":{"name":"gazetar2","@id":"https:\/\/www.news33.tv\/#\/schema\/person\/5a04a38a23ccdba82f9bd665cd8f9efa"},"headline":"\u201cN\u00ebna nga \u00c7airi deshti foto me mua\u201d, familja p\u00ebrg\u00ebnjeshtron Osmanin: \u00cbsht\u00eb nga Likova, nuk e njeh Bujarin","datePublished":"2025-08-31T20:36:31+00:00","dateModified":"2025-08-31T20:37:46+00:00","mainEntityOfPage":{"@id":"https:\/\/www.press7.tv\/?p=21737"},"wordCount":270,"publisher":{"@id":"https:\/\/www.news33.tv\/#organization"},"image":{"@id":"https:\/\/www.press7.tv\/?p=21737#primaryimage"},"thumbnailUrl":"https:\/\/www.press7.tv\/wp-content\/uploads\/2025\/08\/fc648ba2-b41e-41de-b3f1-a605fa51248a.avif","articleSection":["Lajme","Maqedoni"],"inLanguage":"en-US"},{"@type":"WebPage","@id":"https:\/\/www.press7.tv\/?p=21737","url":"https:\/\/www.press7.tv\/?p=21737","name":"\u201cN\u00ebna nga \u00c7airi deshti foto me mua\u201d, familja p\u00ebrg\u00ebnjeshtron Osmanin: \u00cbsht\u00eb nga Likova, nuk e njeh Bujarin - press7.tv","isPartOf":{"@id":"https:\/\/www.news33.tv\/#website"},"primaryImageOfPage":{"@id":"https:\/\/www.press7.tv\/?p=21737#primaryimage"},"image":{"@id":"https:\/\/www.press7.tv\/?p=21737#primaryimage"},"thumbnailUrl":"https:\/\/www.press7.tv\/wp-content\/uploads\/2025\/08\/fc648ba2-b41e-41de-b3f1-a605fa51248a.avif","datePublished":"2025-08-31T20:36:31+00:00","dateModified":"2025-08-31T20:37:46+00:00","breadcrumb":{"@id":"https:\/\/www.press7.tv\/?p=21737#breadcrumb"},"inLanguage":"en-US","potentialAction":[{"@type":"ReadAction","target":["https:\/\/www.press7.tv\/?p=21737"]}]},{"@type":"ImageObject","inLanguage":"en-US","@id":"https:\/\/www.press7.tv\/?p=21737#primaryimage","url":"https:\/\/www.press7.tv\/wp-content\/uploads\/2025\/08\/fc648ba2-b41e-41de-b3f1-a605fa51248a.avif","contentUrl":"https:\/\/www.press7.tv\/wp-content\/uploads\/2025\/08\/fc648ba2-b41e-41de-b3f1-a605fa51248a.avif","width":946,"height":1071},{"@type":"BreadcrumbList","@id":"https:\/\/www.press7.tv\/?p=21737#breadcrumb","itemListElement":[{"@type":"ListItem","position":1,"name":"Home","item":"https:\/\/www.press7.tv\/"},{"@type":"ListItem","position":2,"name":"\u201cN\u00ebna nga \u00c7airi deshti foto me mua\u201d, familja p\u00ebrg\u00ebnjeshtron Osmanin: \u00cbsht\u00eb nga Likova, nuk e njeh Bujarin"}]},{"@type":"WebSite","@id":"https:\/\/www.news33.tv\/#website","url":"https:\/\/www.news33.tv\/","name":"News33.tv Media","description":"Media","publisher":{"@id":"https:\/\/www.news33.tv\/#organization"},"potentialAction":[{"@type":"SearchAction","target":{"@type":"EntryPoint","urlTemplate":"https:\/\/www.news33.tv\/?s={search_term_string}"},"query-input":{"@type":"PropertyValueSpecification","valueRequired":true,"valueName":"search_term_string"}}],"inLanguage":"en-US"},{"@type":"Organization","@id":"https:\/\/www.news33.tv\/#organization","name":"News33.tv Media","url":"https:\/\/www.news33.tv\/","logo":{"@type":"ImageObject","inLanguage":"en-US","@id":"https:\/\/www.news33.tv\/#\/schema\/logo\/image\/","url":"https:\/\/www.press7.tv\/wp-content\/uploads\/2024\/02\/logo-news33-black.png","contentUrl":"https:\/\/www.press7.tv\/wp-content\/uploads\/2024\/02\/logo-news33-black.png","width":180,"height":37,"caption":"News33.tv Media"},"image":{"@id":"https:\/\/www.news33.tv\/#\/schema\/logo\/image\/"},"sameAs":["https:\/\/www.facebook.com\/press7.tv"]},{"@type":"Person","@id":"https:\/\/www.news33.tv\/#\/schema\/person\/5a04a38a23ccdba82f9bd665cd8f9efa","name":"gazetar2","image":{"@type":"ImageObject","inLanguage":"en-US","@id":"https:\/\/www.news33.tv\/#\/schema\/person\/image\/","url":"https:\/\/www.press7.tv\/wp-content\/litespeed\/avatar\/41975e402c3049d9ddb03adca8f7a883.jpg?ver=1777169572","contentUrl":"https:\/\/www.press7.tv\/wp-content\/litespeed\/avatar\/41975e402c3049d9ddb03adca8f7a883.jpg?ver=1777169572","caption":"gazetar2"},"url":"https:\/\/www.press7.tv\/?author=8"}]}},"amp_enabled":true,"_links":{"self":[{"href":"https:\/\/www.press7.tv\/index.php?rest_route=\/wp\/v2\/posts\/21737","targetHints":{"allow":["GET"]}}],"collection":[{"href":"https:\/\/www.press7.tv\/index.php?rest_route=\/wp\/v2\/posts"}],"about":[{"href":"https:\/\/www.press7.tv\/index.php?rest_route=\/wp\/v2\/types\/post"}],"author":[{"embeddable":true,"href":"https:\/\/www.press7.tv\/index.php?rest_route=\/wp\/v2\/users\/8"}],"replies":[{"embeddable":true,"href":"https:\/\/www.press7.tv\/index.php?rest_route=%2Fwp%2Fv2%2Fcomments&post=21737"}],"version-history":[{"count":2,"href":"https:\/\/www.press7.tv\/index.php?rest_route=\/wp\/v2\/posts\/21737\/revisions"}],"predecessor-version":[{"id":21741,"href":"https:\/\/www.press7.tv\/index.php?rest_route=\/wp\/v2\/posts\/21737\/revisions\/21741"}],"wp:featuredmedia":[{"embeddable":true,"href":"https:\/\/www.press7.tv\/index.php?rest_route=\/wp\/v2\/media\/21738"}],"wp:attachment":[{"href":"https:\/\/www.press7.tv\/index.php?rest_route=%2Fwp%2Fv2%2Fmedia&parent=21737"}],"wp:term":[{"taxonomy":"category","embeddable":true,"href":"https:\/\/www.press7.tv\/index.php?rest_route=%2Fwp%2Fv2%2Fcategories&post=21737"},{"taxonomy":"post_tag","embeddable":true,"href":"https:\/\/www.press7.tv\/index.php?rest_route=%2Fwp%2Fv2%2Ftags&post=21737"}],"curies":[{"name":"wp","href":"https:\/\/api.w.org\/{rel}","templated":true}]}}