{"id":21232,"date":"2025-08-02T00:44:31","date_gmt":"2025-08-02T00:44:31","guid":{"rendered":"https:\/\/www.press7.tv\/?p=21232"},"modified":"2025-08-02T00:44:31","modified_gmt":"2025-08-02T00:44:31","slug":"vendimi-i-ziadin-seles-shkakton-revolte-ne-haracine","status":"publish","type":"post","link":"https:\/\/www.press7.tv\/?p=21232","title":{"rendered":"Vendimi i Ziadin Sel\u00ebs shkakton revolt\u00eb n\u00eb Hara\u00e7in\u00eb"},"content":{"rendered":"\n    <div class=\"xs_social_share_widget xs_share_url before_content \t\tmain_content  wslu-style-2 wslu-share-box-shaped wslu-fill-colored wslu-share-m-5 wslu-none wslu-share-vertical wslu-theme-font-no wslu-main_content\">\n\n\t\t\n        <ul>\n\t\t\t        <\/ul>\n    <\/div> \n<p>Hara\u00e7in\u00eb \u2013 Vendimi i befasish\u00ebm i Ziadin Sel\u00ebs p\u00ebr kandidatin e Aleanc\u00ebs p\u00ebr Shqiptar\u00ebt n\u00eb Hara\u00e7in\u00eb ka shkaktuar pak\u00ebnaq\u00ebsi t\u00eb madhe n\u00eb strukturat lokale t\u00eb partis\u00eb. Aktivist\u00ebt e quajn\u00eb k\u00ebt\u00eb veprim t\u00eb padrejt\u00eb dhe si shp\u00ebrfillje ndaj atyre q\u00eb e kan\u00eb mbajtur partin\u00eb gjall\u00eb nd\u00ebr vite.<\/p>\n<p>Pritjet ishin q\u00eb kandidatura t\u2019i besohej Driton Nebiut, i cili doli m\u00eb i vler\u00ebsuari n\u00eb matjet e brendshme dhe g\u00ebzonte p\u00ebrkrahjen m\u00eb t\u00eb gjer\u00eb. Por n\u00eb vend t\u00eb tij, u em\u00ebrua nj\u00eb figur\u00eb tjet\u00ebr, \u00e7ka ndezi reagime t\u00eb forta dhe p\u00ebr\u00e7arje t\u00eb brendshme.<\/p>\n<p>Aktivist\u00ebt k\u00ebrkojn\u00eb reflektim t\u00eb menj\u00ebhersh\u00ebm dhe rishqyrtim t\u00eb vendimit, n\u00eb t\u00eb kund\u00ebrt paralajm\u00ebrojn\u00eb bojkot t\u00eb fushat\u00ebs dhe largim nga partia.<\/p>\n","protected":false},"excerpt":{"rendered":"<p>Hara\u00e7in\u00eb \u2013 Vendimi i befasish\u00ebm i Ziadin Sel\u00ebs p\u00ebr kandidatin e Aleanc\u00ebs p\u00ebr Shqiptar\u00ebt n\u00eb Hara\u00e7in\u00eb ka shkaktuar pak\u00ebnaq\u00ebsi t\u00eb madhe n\u00eb strukturat lokale t\u00eb partis\u00eb. Aktivist\u00ebt e quajn\u00eb k\u00ebt\u00eb veprim t\u00eb padrejt\u00eb dhe si shp\u00ebrfillje ndaj atyre q\u00eb e kan\u00eb mbajtur partin\u00eb gjall\u00eb nd\u00ebr vite. Pritjet ishin q\u00eb kandidatura t\u2019i besohej Driton Nebiut, i [&hellip;]<\/p>\n","protected":false},"author":5,"featured_media":21233,"comment_status":"closed","ping_status":"closed","sticky":false,"template":"","format":"standard","meta":{"footnotes":""},"categories":[213,214],"tags":[2910,2909,897],"class_list":["post-21232","post","type-post","status-publish","format-standard","has-post-thumbnail","hentry","category-lajme","category-maqedoni","tag-driton-nebiu","tag-haracine","tag-ziadin-sela"],"yoast_head":"<!-- This site is optimized with the Yoast SEO plugin v25.1 - https:\/\/yoast.com\/wordpress\/plugins\/seo\/ -->\n<title>Vendimi i Ziadin Sel\u00ebs shkakton revolt\u00eb n\u00eb Hara\u00e7in\u00eb - press7.tv<\/title>\n<meta name=\"robots\" content=\"index, follow, max-snippet:-1, max-image-preview:large, max-video-preview:-1\" \/>\n<link rel=\"canonical\" href=\"https:\/\/www.press7.tv\/?p=21232\" \/>\n<meta property=\"og:locale\" content=\"en_US\" \/>\n<meta property=\"og:type\" content=\"article\" \/>\n<meta property=\"og:title\" content=\"Vendimi i Ziadin Sel\u00ebs shkakton revolt\u00eb n\u00eb Hara\u00e7in\u00eb - press7.tv\" \/>\n<meta property=\"og:description\" content=\"Hara\u00e7in\u00eb \u2013 Vendimi i befasish\u00ebm i Ziadin Sel\u00ebs p\u00ebr kandidatin e Aleanc\u00ebs p\u00ebr Shqiptar\u00ebt n\u00eb Hara\u00e7in\u00eb ka shkaktuar pak\u00ebnaq\u00ebsi t\u00eb madhe n\u00eb strukturat lokale t\u00eb partis\u00eb. Aktivist\u00ebt e quajn\u00eb k\u00ebt\u00eb veprim t\u00eb padrejt\u00eb dhe si shp\u00ebrfillje ndaj atyre q\u00eb e kan\u00eb mbajtur partin\u00eb gjall\u00eb nd\u00ebr vite. Pritjet ishin q\u00eb kandidatura t\u2019i besohej Driton Nebiut, i [&hellip;]\" \/>\n<meta property=\"og:url\" content=\"https:\/\/www.press7.tv\/?p=21232\" \/>\n<meta property=\"og:site_name\" content=\"press7.tv\" \/>\n<meta property=\"article:publisher\" content=\"https:\/\/www.facebook.com\/press7.tv\" \/>\n<meta property=\"article:published_time\" content=\"2025-08-02T00:44:31+00:00\" \/>\n<meta property=\"og:image\" content=\"https:\/\/www.press7.tv\/wp-content\/uploads\/2025\/08\/IMG_9711-scaled.avif\" \/>\n\t<meta property=\"og:image:width\" content=\"2560\" \/>\n\t<meta property=\"og:image:height\" content=\"2560\" \/>\n\t<meta property=\"og:image:type\" content=\"image\/jpeg\" \/>\n<meta name=\"author\" content=\"press7tv\" \/>\n<meta name=\"twitter:card\" content=\"summary_large_image\" \/>\n<meta name=\"twitter:label1\" content=\"Written by\" \/>\n\t<meta name=\"twitter:data1\" content=\"press7tv\" \/>\n\t<meta name=\"twitter:label2\" content=\"Est. reading time\" \/>\n\t<meta name=\"twitter:data2\" content=\"1 minute\" \/>\n<script type=\"application\/ld+json\" class=\"yoast-schema-graph\">{\"@context\":\"https:\/\/schema.org\",\"@graph\":[{\"@type\":\"Article\",\"@id\":\"https:\/\/www.press7.tv\/?p=21232#article\",\"isPartOf\":{\"@id\":\"https:\/\/www.press7.tv\/?p=21232\"},\"author\":{\"name\":\"press7tv\",\"@id\":\"https:\/\/www.news33.tv\/#\/schema\/person\/ad12bdf00a8fad7076cbd1c121eef17f\"},\"headline\":\"Vendimi i Ziadin Sel\u00ebs shkakton revolt\u00eb n\u00eb Hara\u00e7in\u00eb\",\"datePublished\":\"2025-08-02T00:44:31+00:00\",\"mainEntityOfPage\":{\"@id\":\"https:\/\/www.press7.tv\/?p=21232\"},\"wordCount\":147,\"publisher\":{\"@id\":\"https:\/\/www.news33.tv\/#organization\"},\"image\":{\"@id\":\"https:\/\/www.press7.tv\/?p=21232#primaryimage\"},\"thumbnailUrl\":\"https:\/\/www.press7.tv\/wp-content\/uploads\/2025\/08\/IMG_9711-scaled.avif\",\"keywords\":[\"driton nebiu\",\"Haracine\",\"ziadin sela\"],\"articleSection\":[\"Lajme\",\"Maqedoni\"],\"inLanguage\":\"en-US\"},{\"@type\":\"WebPage\",\"@id\":\"https:\/\/www.press7.tv\/?p=21232\",\"url\":\"https:\/\/www.press7.tv\/?p=21232\",\"name\":\"Vendimi i Ziadin Sel\u00ebs shkakton revolt\u00eb n\u00eb Hara\u00e7in\u00eb - press7.tv\",\"isPartOf\":{\"@id\":\"https:\/\/www.news33.tv\/#website\"},\"primaryImageOfPage\":{\"@id\":\"https:\/\/www.press7.tv\/?p=21232#primaryimage\"},\"image\":{\"@id\":\"https:\/\/www.press7.tv\/?p=21232#primaryimage\"},\"thumbnailUrl\":\"https:\/\/www.press7.tv\/wp-content\/uploads\/2025\/08\/IMG_9711-scaled.avif\",\"datePublished\":\"2025-08-02T00:44:31+00:00\",\"breadcrumb\":{\"@id\":\"https:\/\/www.press7.tv\/?p=21232#breadcrumb\"},\"inLanguage\":\"en-US\",\"potentialAction\":[{\"@type\":\"ReadAction\",\"target\":[\"https:\/\/www.press7.tv\/?p=21232\"]}]},{\"@type\":\"ImageObject\",\"inLanguage\":\"en-US\",\"@id\":\"https:\/\/www.press7.tv\/?p=21232#primaryimage\",\"url\":\"https:\/\/www.press7.tv\/wp-content\/uploads\/2025\/08\/IMG_9711-scaled.avif\",\"contentUrl\":\"https:\/\/www.press7.tv\/wp-content\/uploads\/2025\/08\/IMG_9711-scaled.avif\",\"width\":2560,\"height\":2560},{\"@type\":\"BreadcrumbList\",\"@id\":\"https:\/\/www.press7.tv\/?p=21232#breadcrumb\",\"itemListElement\":[{\"@type\":\"ListItem\",\"position\":1,\"name\":\"Home\",\"item\":\"https:\/\/www.press7.tv\/\"},{\"@type\":\"ListItem\",\"position\":2,\"name\":\"Vendimi i Ziadin Sel\u00ebs shkakton revolt\u00eb n\u00eb Hara\u00e7in\u00eb\"}]},{\"@type\":\"WebSite\",\"@id\":\"https:\/\/www.news33.tv\/#website\",\"url\":\"https:\/\/www.news33.tv\/\",\"name\":\"News33.tv Media\",\"description\":\"Media\",\"publisher\":{\"@id\":\"https:\/\/www.news33.tv\/#organization\"},\"potentialAction\":[{\"@type\":\"SearchAction\",\"target\":{\"@type\":\"EntryPoint\",\"urlTemplate\":\"https:\/\/www.news33.tv\/?s={search_term_string}\"},\"query-input\":{\"@type\":\"PropertyValueSpecification\",\"valueRequired\":true,\"valueName\":\"search_term_string\"}}],\"inLanguage\":\"en-US\"},{\"@type\":\"Organization\",\"@id\":\"https:\/\/www.news33.tv\/#organization\",\"name\":\"News33.tv Media\",\"url\":\"https:\/\/www.news33.tv\/\",\"logo\":{\"@type\":\"ImageObject\",\"inLanguage\":\"en-US\",\"@id\":\"https:\/\/www.news33.tv\/#\/schema\/logo\/image\/\",\"url\":\"https:\/\/www.press7.tv\/wp-content\/uploads\/2024\/02\/logo-news33-black.png\",\"contentUrl\":\"https:\/\/www.press7.tv\/wp-content\/uploads\/2024\/02\/logo-news33-black.png\",\"width\":180,\"height\":37,\"caption\":\"News33.tv Media\"},\"image\":{\"@id\":\"https:\/\/www.news33.tv\/#\/schema\/logo\/image\/\"},\"sameAs\":[\"https:\/\/www.facebook.com\/press7.tv\"]},{\"@type\":\"Person\",\"@id\":\"https:\/\/www.news33.tv\/#\/schema\/person\/ad12bdf00a8fad7076cbd1c121eef17f\",\"name\":\"press7tv\",\"image\":{\"@type\":\"ImageObject\",\"inLanguage\":\"en-US\",\"@id\":\"https:\/\/www.news33.tv\/#\/schema\/person\/image\/\",\"url\":\"https:\/\/www.press7.tv\/wp-content\/litespeed\/avatar\/b18d35f9197d88e65d98dcdb5000e253.jpg?ver=1777182078\",\"contentUrl\":\"https:\/\/www.press7.tv\/wp-content\/litespeed\/avatar\/b18d35f9197d88e65d98dcdb5000e253.jpg?ver=1777182078\",\"caption\":\"press7tv\"},\"url\":\"https:\/\/www.press7.tv\/?author=5\"}]}<\/script>\n<!-- \/ Yoast SEO plugin. -->","yoast_head_json":{"title":"Vendimi i Ziadin Sel\u00ebs shkakton revolt\u00eb n\u00eb Hara\u00e7in\u00eb - press7.tv","robots":{"index":"index","follow":"follow","max-snippet":"max-snippet:-1","max-image-preview":"max-image-preview:large","max-video-preview":"max-video-preview:-1"},"canonical":"https:\/\/www.press7.tv\/?p=21232","og_locale":"en_US","og_type":"article","og_title":"Vendimi i Ziadin Sel\u00ebs shkakton revolt\u00eb n\u00eb Hara\u00e7in\u00eb - press7.tv","og_description":"Hara\u00e7in\u00eb \u2013 Vendimi i befasish\u00ebm i Ziadin Sel\u00ebs p\u00ebr kandidatin e Aleanc\u00ebs p\u00ebr Shqiptar\u00ebt n\u00eb Hara\u00e7in\u00eb ka shkaktuar pak\u00ebnaq\u00ebsi t\u00eb madhe n\u00eb strukturat lokale t\u00eb partis\u00eb. Aktivist\u00ebt e quajn\u00eb k\u00ebt\u00eb veprim t\u00eb padrejt\u00eb dhe si shp\u00ebrfillje ndaj atyre q\u00eb e kan\u00eb mbajtur partin\u00eb gjall\u00eb nd\u00ebr vite. Pritjet ishin q\u00eb kandidatura t\u2019i besohej Driton Nebiut, i [&hellip;]","og_url":"https:\/\/www.press7.tv\/?p=21232","og_site_name":"press7.tv","article_publisher":"https:\/\/www.facebook.com\/press7.tv","article_published_time":"2025-08-02T00:44:31+00:00","og_image":[{"width":2560,"height":2560,"url":"https:\/\/www.press7.tv\/wp-content\/uploads\/2025\/08\/IMG_9711-scaled.avif","type":"image\/jpeg"}],"author":"press7tv","twitter_card":"summary_large_image","twitter_misc":{"Written by":"press7tv","Est. reading time":"1 minute"},"schema":{"@context":"https:\/\/schema.org","@graph":[{"@type":"Article","@id":"https:\/\/www.press7.tv\/?p=21232#article","isPartOf":{"@id":"https:\/\/www.press7.tv\/?p=21232"},"author":{"name":"press7tv","@id":"https:\/\/www.news33.tv\/#\/schema\/person\/ad12bdf00a8fad7076cbd1c121eef17f"},"headline":"Vendimi i Ziadin Sel\u00ebs shkakton revolt\u00eb n\u00eb Hara\u00e7in\u00eb","datePublished":"2025-08-02T00:44:31+00:00","mainEntityOfPage":{"@id":"https:\/\/www.press7.tv\/?p=21232"},"wordCount":147,"publisher":{"@id":"https:\/\/www.news33.tv\/#organization"},"image":{"@id":"https:\/\/www.press7.tv\/?p=21232#primaryimage"},"thumbnailUrl":"https:\/\/www.press7.tv\/wp-content\/uploads\/2025\/08\/IMG_9711-scaled.avif","keywords":["driton nebiu","Haracine","ziadin sela"],"articleSection":["Lajme","Maqedoni"],"inLanguage":"en-US"},{"@type":"WebPage","@id":"https:\/\/www.press7.tv\/?p=21232","url":"https:\/\/www.press7.tv\/?p=21232","name":"Vendimi i Ziadin Sel\u00ebs shkakton revolt\u00eb n\u00eb Hara\u00e7in\u00eb - press7.tv","isPartOf":{"@id":"https:\/\/www.news33.tv\/#website"},"primaryImageOfPage":{"@id":"https:\/\/www.press7.tv\/?p=21232#primaryimage"},"image":{"@id":"https:\/\/www.press7.tv\/?p=21232#primaryimage"},"thumbnailUrl":"https:\/\/www.press7.tv\/wp-content\/uploads\/2025\/08\/IMG_9711-scaled.avif","datePublished":"2025-08-02T00:44:31+00:00","breadcrumb":{"@id":"https:\/\/www.press7.tv\/?p=21232#breadcrumb"},"inLanguage":"en-US","potentialAction":[{"@type":"ReadAction","target":["https:\/\/www.press7.tv\/?p=21232"]}]},{"@type":"ImageObject","inLanguage":"en-US","@id":"https:\/\/www.press7.tv\/?p=21232#primaryimage","url":"https:\/\/www.press7.tv\/wp-content\/uploads\/2025\/08\/IMG_9711-scaled.avif","contentUrl":"https:\/\/www.press7.tv\/wp-content\/uploads\/2025\/08\/IMG_9711-scaled.avif","width":2560,"height":2560},{"@type":"BreadcrumbList","@id":"https:\/\/www.press7.tv\/?p=21232#breadcrumb","itemListElement":[{"@type":"ListItem","position":1,"name":"Home","item":"https:\/\/www.press7.tv\/"},{"@type":"ListItem","position":2,"name":"Vendimi i Ziadin Sel\u00ebs shkakton revolt\u00eb n\u00eb Hara\u00e7in\u00eb"}]},{"@type":"WebSite","@id":"https:\/\/www.news33.tv\/#website","url":"https:\/\/www.news33.tv\/","name":"News33.tv Media","description":"Media","publisher":{"@id":"https:\/\/www.news33.tv\/#organization"},"potentialAction":[{"@type":"SearchAction","target":{"@type":"EntryPoint","urlTemplate":"https:\/\/www.news33.tv\/?s={search_term_string}"},"query-input":{"@type":"PropertyValueSpecification","valueRequired":true,"valueName":"search_term_string"}}],"inLanguage":"en-US"},{"@type":"Organization","@id":"https:\/\/www.news33.tv\/#organization","name":"News33.tv Media","url":"https:\/\/www.news33.tv\/","logo":{"@type":"ImageObject","inLanguage":"en-US","@id":"https:\/\/www.news33.tv\/#\/schema\/logo\/image\/","url":"https:\/\/www.press7.tv\/wp-content\/uploads\/2024\/02\/logo-news33-black.png","contentUrl":"https:\/\/www.press7.tv\/wp-content\/uploads\/2024\/02\/logo-news33-black.png","width":180,"height":37,"caption":"News33.tv Media"},"image":{"@id":"https:\/\/www.news33.tv\/#\/schema\/logo\/image\/"},"sameAs":["https:\/\/www.facebook.com\/press7.tv"]},{"@type":"Person","@id":"https:\/\/www.news33.tv\/#\/schema\/person\/ad12bdf00a8fad7076cbd1c121eef17f","name":"press7tv","image":{"@type":"ImageObject","inLanguage":"en-US","@id":"https:\/\/www.news33.tv\/#\/schema\/person\/image\/","url":"https:\/\/www.press7.tv\/wp-content\/litespeed\/avatar\/b18d35f9197d88e65d98dcdb5000e253.jpg?ver=1777182078","contentUrl":"https:\/\/www.press7.tv\/wp-content\/litespeed\/avatar\/b18d35f9197d88e65d98dcdb5000e253.jpg?ver=1777182078","caption":"press7tv"},"url":"https:\/\/www.press7.tv\/?author=5"}]}},"amp_enabled":true,"_links":{"self":[{"href":"https:\/\/www.press7.tv\/index.php?rest_route=\/wp\/v2\/posts\/21232","targetHints":{"allow":["GET"]}}],"collection":[{"href":"https:\/\/www.press7.tv\/index.php?rest_route=\/wp\/v2\/posts"}],"about":[{"href":"https:\/\/www.press7.tv\/index.php?rest_route=\/wp\/v2\/types\/post"}],"author":[{"embeddable":true,"href":"https:\/\/www.press7.tv\/index.php?rest_route=\/wp\/v2\/users\/5"}],"replies":[{"embeddable":true,"href":"https:\/\/www.press7.tv\/index.php?rest_route=%2Fwp%2Fv2%2Fcomments&post=21232"}],"version-history":[{"count":1,"href":"https:\/\/www.press7.tv\/index.php?rest_route=\/wp\/v2\/posts\/21232\/revisions"}],"predecessor-version":[{"id":21234,"href":"https:\/\/www.press7.tv\/index.php?rest_route=\/wp\/v2\/posts\/21232\/revisions\/21234"}],"wp:featuredmedia":[{"embeddable":true,"href":"https:\/\/www.press7.tv\/index.php?rest_route=\/wp\/v2\/media\/21233"}],"wp:attachment":[{"href":"https:\/\/www.press7.tv\/index.php?rest_route=%2Fwp%2Fv2%2Fmedia&parent=21232"}],"wp:term":[{"taxonomy":"category","embeddable":true,"href":"https:\/\/www.press7.tv\/index.php?rest_route=%2Fwp%2Fv2%2Fcategories&post=21232"},{"taxonomy":"post_tag","embeddable":true,"href":"https:\/\/www.press7.tv\/index.php?rest_route=%2Fwp%2Fv2%2Ftags&post=21232"}],"curies":[{"name":"wp","href":"https:\/\/api.w.org\/{rel}","templated":true}]}}