{"id":21228,"date":"2025-08-01T21:51:07","date_gmt":"2025-08-01T21:51:07","guid":{"rendered":"https:\/\/www.press7.tv\/?p=21228"},"modified":"2025-08-01T21:51:07","modified_gmt":"2025-08-01T21:51:07","slug":"lulzim-nasufi-u-pre-ne-bese-nga-ziadin-sela-u-sakrifikua-kandidatura-me-e-forte-per-strugen","status":"publish","type":"post","link":"https:\/\/www.press7.tv\/?p=21228","title":{"rendered":"Lulzim Nasufi: U pre n\u00eb Bes\u00eb nga Ziadin Sela \u2013 u sakrifikua kandidatura m\u00eb e fort\u00eb p\u00ebr Strug\u00ebn"},"content":{"rendered":"\n    <div class=\"xs_social_share_widget xs_share_url before_content \t\tmain_content  wslu-style-2 wslu-share-box-shaped wslu-fill-colored wslu-share-m-5 wslu-none wslu-share-vertical wslu-theme-font-no wslu-main_content\">\n\n\t\t\n        <ul>\n\t\t\t        <\/ul>\n    <\/div> \n<p>\u201cShum\u00eb ndihmova\u2026 \u2013 n\u00eb Bes\u00eb m\u00eb pren\u00eb\u2026<\/p>\n<p>Shum\u00eb m\u00eb shit\u00ebn\u2026 \u2013 por kurr\u00eb nuk m\u00eb blen\u00eb!\u201d<\/p>\n<p>Me k\u00ebto fjal\u00eb t\u00eb ngarkuara me zhg\u00ebnjim dhe revolt\u00eb, Lulzim Nasufi \u2013 kryetar i deg\u00ebs s\u00eb Aleanc\u00ebs p\u00ebr Shqiptar\u00ebt n\u00eb Strug\u00eb \u2013 ka l\u00ebn\u00eb t\u00eb kuptohet se \u00ebsht\u00eb l\u00ebn\u00eb n\u00eb hije nga lideri Ziadin Sela, pik\u00ebrisht n\u00eb momentin kur Struga kishte m\u00eb s\u00eb shumti nevoj\u00eb p\u00ebr nj\u00eb kandidat me mb\u00ebshtetje reale, opozitar t\u00eb v\u00ebrtet\u00eb dhe me pesh\u00eb n\u00eb elektorat.<\/p>\n<p>Sipas burimeve nga brenda partis\u00eb, Lulzim Nasufi kishte rejtingun m\u00eb t\u00eb lart\u00eb si kandidat p\u00ebr komun\u00ebn e Strug\u00ebs, g\u00ebzonte respekt t\u00eb jasht\u00ebzakonsh\u00ebm n\u00eb mesin e qytetar\u00ebve dhe an\u00ebtar\u00ebsis\u00eb s\u00eb ASH-s\u00eb, si dhe kishte nd\u00ebrtuar profilin e nj\u00eb kund\u00ebrshtari t\u00eb paepur t\u00eb keqqeverisjes s\u00eb Ramiz Merkos. Ai njihet p\u00ebr denoncimet e tij t\u00eb guximshme ndaj krimeve urbane, klientelizmit dhe keqp\u00ebrdorimeve t\u00eb pushtetit lokal.<\/p>\n<p>Por, n\u00eb vend t\u00eb nj\u00eb kandidature t\u00eb denj\u00eb dhe me mb\u00ebshtetje t\u00eb gjer\u00eb, Ziadin Sela vendosi t\u2019i propozoj\u00eb opinionit Arsim Dalipin \u2013 nj\u00eb em\u00ebr q\u00eb n\u00eb Strug\u00eb nuk ngjall as besim e as entuziaz\u00ebm.<\/p>\n<p>Kjo nuk \u00ebsht\u00eb vet\u00ebm nj\u00eb zhg\u00ebnjim personal p\u00ebr Nasufin, por nj\u00eb sinjal alarmi p\u00ebr gjith\u00eb ata q\u00eb k\u00ebrkojn\u00eb ndryshim t\u00eb v\u00ebrtet\u00eb n\u00eb Strug\u00eb. U pre n\u00eb Bes\u00eb \u2013 nga vet\u00eb partia q\u00eb ai e nd\u00ebrtoi dhe mbrojti n\u00eb vitet m\u00eb t\u00eb v\u00ebshtira.<\/p>\n<p>N\u00eb k\u00ebt\u00eb betej\u00eb, Lulzim Nasufi u sakrifikua politikisht nga strukturat q\u00eb sot duket se m\u00eb shum\u00eb llogarisin n\u00eb l\u00ebvizje t\u00eb mbyllura sesa n\u00eb vullnetin real t\u00eb an\u00ebtar\u00ebsis\u00eb dhe qytetar\u00ebve thekson burimi. \/press7.tv<\/p>\n","protected":false},"excerpt":{"rendered":"<p>\u201cShum\u00eb ndihmova\u2026 \u2013 n\u00eb Bes\u00eb m\u00eb pren\u00eb\u2026 Shum\u00eb m\u00eb shit\u00ebn\u2026 \u2013 por kurr\u00eb nuk m\u00eb blen\u00eb!\u201d Me k\u00ebto fjal\u00eb t\u00eb ngarkuara me zhg\u00ebnjim dhe revolt\u00eb, Lulzim Nasufi \u2013 kryetar i deg\u00ebs s\u00eb Aleanc\u00ebs p\u00ebr Shqiptar\u00ebt n\u00eb Strug\u00eb \u2013 ka l\u00ebn\u00eb t\u00eb kuptohet se \u00ebsht\u00eb l\u00ebn\u00eb n\u00eb hije nga lideri Ziadin Sela, pik\u00ebrisht n\u00eb momentin kur [&hellip;]<\/p>\n","protected":false},"author":5,"featured_media":21229,"comment_status":"closed","ping_status":"closed","sticky":false,"template":"","format":"standard","meta":{"footnotes":""},"categories":[213,214],"tags":[2908,2907,897],"class_list":["post-21228","post","type-post","status-publish","format-standard","has-post-thumbnail","hentry","category-lajme","category-maqedoni","tag-lulzim-nasufi","tag-struga","tag-ziadin-sela"],"yoast_head":"<!-- This site is optimized with the Yoast SEO plugin v25.1 - https:\/\/yoast.com\/wordpress\/plugins\/seo\/ -->\n<title>Lulzim Nasufi: U pre n\u00eb Bes\u00eb nga Ziadin Sela \u2013 u sakrifikua kandidatura m\u00eb e fort\u00eb p\u00ebr Strug\u00ebn - press7.tv<\/title>\n<meta name=\"robots\" content=\"index, follow, max-snippet:-1, max-image-preview:large, max-video-preview:-1\" \/>\n<link rel=\"canonical\" href=\"https:\/\/www.press7.tv\/?p=21228\" \/>\n<meta property=\"og:locale\" content=\"en_US\" \/>\n<meta property=\"og:type\" content=\"article\" \/>\n<meta property=\"og:title\" content=\"Lulzim Nasufi: U pre n\u00eb Bes\u00eb nga Ziadin Sela \u2013 u sakrifikua kandidatura m\u00eb e fort\u00eb p\u00ebr Strug\u00ebn - press7.tv\" \/>\n<meta property=\"og:description\" content=\"\u201cShum\u00eb ndihmova\u2026 \u2013 n\u00eb Bes\u00eb m\u00eb pren\u00eb\u2026 Shum\u00eb m\u00eb shit\u00ebn\u2026 \u2013 por kurr\u00eb nuk m\u00eb blen\u00eb!\u201d Me k\u00ebto fjal\u00eb t\u00eb ngarkuara me zhg\u00ebnjim dhe revolt\u00eb, Lulzim Nasufi \u2013 kryetar i deg\u00ebs s\u00eb Aleanc\u00ebs p\u00ebr Shqiptar\u00ebt n\u00eb Strug\u00eb \u2013 ka l\u00ebn\u00eb t\u00eb kuptohet se \u00ebsht\u00eb l\u00ebn\u00eb n\u00eb hije nga lideri Ziadin Sela, pik\u00ebrisht n\u00eb momentin kur [&hellip;]\" \/>\n<meta property=\"og:url\" content=\"https:\/\/www.press7.tv\/?p=21228\" \/>\n<meta property=\"og:site_name\" content=\"press7.tv\" \/>\n<meta property=\"article:publisher\" content=\"https:\/\/www.facebook.com\/press7.tv\" \/>\n<meta property=\"article:published_time\" content=\"2025-08-01T21:51:07+00:00\" \/>\n<meta property=\"og:image\" content=\"https:\/\/www.press7.tv\/wp-content\/uploads\/2025\/08\/IMG_9702-scaled.avif\" \/>\n\t<meta property=\"og:image:width\" content=\"2560\" \/>\n\t<meta property=\"og:image:height\" content=\"2302\" \/>\n\t<meta property=\"og:image:type\" content=\"image\/jpeg\" \/>\n<meta name=\"author\" content=\"press7tv\" \/>\n<meta name=\"twitter:card\" content=\"summary_large_image\" \/>\n<meta name=\"twitter:label1\" content=\"Written by\" \/>\n\t<meta name=\"twitter:data1\" content=\"press7tv\" \/>\n\t<meta name=\"twitter:label2\" content=\"Est. reading time\" \/>\n\t<meta name=\"twitter:data2\" content=\"2 minutes\" \/>\n<script type=\"application\/ld+json\" class=\"yoast-schema-graph\">{\"@context\":\"https:\/\/schema.org\",\"@graph\":[{\"@type\":\"Article\",\"@id\":\"https:\/\/www.press7.tv\/?p=21228#article\",\"isPartOf\":{\"@id\":\"https:\/\/www.press7.tv\/?p=21228\"},\"author\":{\"name\":\"press7tv\",\"@id\":\"https:\/\/www.news33.tv\/#\/schema\/person\/ad12bdf00a8fad7076cbd1c121eef17f\"},\"headline\":\"Lulzim Nasufi: U pre n\u00eb Bes\u00eb nga Ziadin Sela \u2013 u sakrifikua kandidatura m\u00eb e fort\u00eb p\u00ebr Strug\u00ebn\",\"datePublished\":\"2025-08-01T21:51:07+00:00\",\"mainEntityOfPage\":{\"@id\":\"https:\/\/www.press7.tv\/?p=21228\"},\"wordCount\":302,\"publisher\":{\"@id\":\"https:\/\/www.news33.tv\/#organization\"},\"image\":{\"@id\":\"https:\/\/www.press7.tv\/?p=21228#primaryimage\"},\"thumbnailUrl\":\"https:\/\/www.press7.tv\/wp-content\/uploads\/2025\/08\/IMG_9702-scaled.avif\",\"keywords\":[\"lulzim nasufi\",\"struga\",\"ziadin sela\"],\"articleSection\":[\"Lajme\",\"Maqedoni\"],\"inLanguage\":\"en-US\"},{\"@type\":\"WebPage\",\"@id\":\"https:\/\/www.press7.tv\/?p=21228\",\"url\":\"https:\/\/www.press7.tv\/?p=21228\",\"name\":\"Lulzim Nasufi: U pre n\u00eb Bes\u00eb nga Ziadin Sela \u2013 u sakrifikua kandidatura m\u00eb e fort\u00eb p\u00ebr Strug\u00ebn - press7.tv\",\"isPartOf\":{\"@id\":\"https:\/\/www.news33.tv\/#website\"},\"primaryImageOfPage\":{\"@id\":\"https:\/\/www.press7.tv\/?p=21228#primaryimage\"},\"image\":{\"@id\":\"https:\/\/www.press7.tv\/?p=21228#primaryimage\"},\"thumbnailUrl\":\"https:\/\/www.press7.tv\/wp-content\/uploads\/2025\/08\/IMG_9702-scaled.avif\",\"datePublished\":\"2025-08-01T21:51:07+00:00\",\"breadcrumb\":{\"@id\":\"https:\/\/www.press7.tv\/?p=21228#breadcrumb\"},\"inLanguage\":\"en-US\",\"potentialAction\":[{\"@type\":\"ReadAction\",\"target\":[\"https:\/\/www.press7.tv\/?p=21228\"]}]},{\"@type\":\"ImageObject\",\"inLanguage\":\"en-US\",\"@id\":\"https:\/\/www.press7.tv\/?p=21228#primaryimage\",\"url\":\"https:\/\/www.press7.tv\/wp-content\/uploads\/2025\/08\/IMG_9702-scaled.avif\",\"contentUrl\":\"https:\/\/www.press7.tv\/wp-content\/uploads\/2025\/08\/IMG_9702-scaled.avif\",\"width\":2560,\"height\":2302},{\"@type\":\"BreadcrumbList\",\"@id\":\"https:\/\/www.press7.tv\/?p=21228#breadcrumb\",\"itemListElement\":[{\"@type\":\"ListItem\",\"position\":1,\"name\":\"Home\",\"item\":\"https:\/\/www.press7.tv\/\"},{\"@type\":\"ListItem\",\"position\":2,\"name\":\"Lulzim Nasufi: U pre n\u00eb Bes\u00eb nga Ziadin Sela \u2013 u sakrifikua kandidatura m\u00eb e fort\u00eb p\u00ebr Strug\u00ebn\"}]},{\"@type\":\"WebSite\",\"@id\":\"https:\/\/www.news33.tv\/#website\",\"url\":\"https:\/\/www.news33.tv\/\",\"name\":\"News33.tv Media\",\"description\":\"Media\",\"publisher\":{\"@id\":\"https:\/\/www.news33.tv\/#organization\"},\"potentialAction\":[{\"@type\":\"SearchAction\",\"target\":{\"@type\":\"EntryPoint\",\"urlTemplate\":\"https:\/\/www.news33.tv\/?s={search_term_string}\"},\"query-input\":{\"@type\":\"PropertyValueSpecification\",\"valueRequired\":true,\"valueName\":\"search_term_string\"}}],\"inLanguage\":\"en-US\"},{\"@type\":\"Organization\",\"@id\":\"https:\/\/www.news33.tv\/#organization\",\"name\":\"News33.tv Media\",\"url\":\"https:\/\/www.news33.tv\/\",\"logo\":{\"@type\":\"ImageObject\",\"inLanguage\":\"en-US\",\"@id\":\"https:\/\/www.news33.tv\/#\/schema\/logo\/image\/\",\"url\":\"https:\/\/www.press7.tv\/wp-content\/uploads\/2024\/02\/logo-news33-black.png\",\"contentUrl\":\"https:\/\/www.press7.tv\/wp-content\/uploads\/2024\/02\/logo-news33-black.png\",\"width\":180,\"height\":37,\"caption\":\"News33.tv Media\"},\"image\":{\"@id\":\"https:\/\/www.news33.tv\/#\/schema\/logo\/image\/\"},\"sameAs\":[\"https:\/\/www.facebook.com\/press7.tv\"]},{\"@type\":\"Person\",\"@id\":\"https:\/\/www.news33.tv\/#\/schema\/person\/ad12bdf00a8fad7076cbd1c121eef17f\",\"name\":\"press7tv\",\"image\":{\"@type\":\"ImageObject\",\"inLanguage\":\"en-US\",\"@id\":\"https:\/\/www.news33.tv\/#\/schema\/person\/image\/\",\"url\":\"https:\/\/www.press7.tv\/wp-content\/litespeed\/avatar\/b18d35f9197d88e65d98dcdb5000e253.jpg?ver=1777182078\",\"contentUrl\":\"https:\/\/www.press7.tv\/wp-content\/litespeed\/avatar\/b18d35f9197d88e65d98dcdb5000e253.jpg?ver=1777182078\",\"caption\":\"press7tv\"},\"url\":\"https:\/\/www.press7.tv\/?author=5\"}]}<\/script>\n<!-- \/ Yoast SEO plugin. -->","yoast_head_json":{"title":"Lulzim Nasufi: U pre n\u00eb Bes\u00eb nga Ziadin Sela \u2013 u sakrifikua kandidatura m\u00eb e fort\u00eb p\u00ebr Strug\u00ebn - press7.tv","robots":{"index":"index","follow":"follow","max-snippet":"max-snippet:-1","max-image-preview":"max-image-preview:large","max-video-preview":"max-video-preview:-1"},"canonical":"https:\/\/www.press7.tv\/?p=21228","og_locale":"en_US","og_type":"article","og_title":"Lulzim Nasufi: U pre n\u00eb Bes\u00eb nga Ziadin Sela \u2013 u sakrifikua kandidatura m\u00eb e fort\u00eb p\u00ebr Strug\u00ebn - press7.tv","og_description":"\u201cShum\u00eb ndihmova\u2026 \u2013 n\u00eb Bes\u00eb m\u00eb pren\u00eb\u2026 Shum\u00eb m\u00eb shit\u00ebn\u2026 \u2013 por kurr\u00eb nuk m\u00eb blen\u00eb!\u201d Me k\u00ebto fjal\u00eb t\u00eb ngarkuara me zhg\u00ebnjim dhe revolt\u00eb, Lulzim Nasufi \u2013 kryetar i deg\u00ebs s\u00eb Aleanc\u00ebs p\u00ebr Shqiptar\u00ebt n\u00eb Strug\u00eb \u2013 ka l\u00ebn\u00eb t\u00eb kuptohet se \u00ebsht\u00eb l\u00ebn\u00eb n\u00eb hije nga lideri Ziadin Sela, pik\u00ebrisht n\u00eb momentin kur [&hellip;]","og_url":"https:\/\/www.press7.tv\/?p=21228","og_site_name":"press7.tv","article_publisher":"https:\/\/www.facebook.com\/press7.tv","article_published_time":"2025-08-01T21:51:07+00:00","og_image":[{"width":2560,"height":2302,"url":"https:\/\/www.press7.tv\/wp-content\/uploads\/2025\/08\/IMG_9702-scaled.avif","type":"image\/jpeg"}],"author":"press7tv","twitter_card":"summary_large_image","twitter_misc":{"Written by":"press7tv","Est. reading time":"2 minutes"},"schema":{"@context":"https:\/\/schema.org","@graph":[{"@type":"Article","@id":"https:\/\/www.press7.tv\/?p=21228#article","isPartOf":{"@id":"https:\/\/www.press7.tv\/?p=21228"},"author":{"name":"press7tv","@id":"https:\/\/www.news33.tv\/#\/schema\/person\/ad12bdf00a8fad7076cbd1c121eef17f"},"headline":"Lulzim Nasufi: U pre n\u00eb Bes\u00eb nga Ziadin Sela \u2013 u sakrifikua kandidatura m\u00eb e fort\u00eb p\u00ebr Strug\u00ebn","datePublished":"2025-08-01T21:51:07+00:00","mainEntityOfPage":{"@id":"https:\/\/www.press7.tv\/?p=21228"},"wordCount":302,"publisher":{"@id":"https:\/\/www.news33.tv\/#organization"},"image":{"@id":"https:\/\/www.press7.tv\/?p=21228#primaryimage"},"thumbnailUrl":"https:\/\/www.press7.tv\/wp-content\/uploads\/2025\/08\/IMG_9702-scaled.avif","keywords":["lulzim nasufi","struga","ziadin sela"],"articleSection":["Lajme","Maqedoni"],"inLanguage":"en-US"},{"@type":"WebPage","@id":"https:\/\/www.press7.tv\/?p=21228","url":"https:\/\/www.press7.tv\/?p=21228","name":"Lulzim Nasufi: U pre n\u00eb Bes\u00eb nga Ziadin Sela \u2013 u sakrifikua kandidatura m\u00eb e fort\u00eb p\u00ebr Strug\u00ebn - press7.tv","isPartOf":{"@id":"https:\/\/www.news33.tv\/#website"},"primaryImageOfPage":{"@id":"https:\/\/www.press7.tv\/?p=21228#primaryimage"},"image":{"@id":"https:\/\/www.press7.tv\/?p=21228#primaryimage"},"thumbnailUrl":"https:\/\/www.press7.tv\/wp-content\/uploads\/2025\/08\/IMG_9702-scaled.avif","datePublished":"2025-08-01T21:51:07+00:00","breadcrumb":{"@id":"https:\/\/www.press7.tv\/?p=21228#breadcrumb"},"inLanguage":"en-US","potentialAction":[{"@type":"ReadAction","target":["https:\/\/www.press7.tv\/?p=21228"]}]},{"@type":"ImageObject","inLanguage":"en-US","@id":"https:\/\/www.press7.tv\/?p=21228#primaryimage","url":"https:\/\/www.press7.tv\/wp-content\/uploads\/2025\/08\/IMG_9702-scaled.avif","contentUrl":"https:\/\/www.press7.tv\/wp-content\/uploads\/2025\/08\/IMG_9702-scaled.avif","width":2560,"height":2302},{"@type":"BreadcrumbList","@id":"https:\/\/www.press7.tv\/?p=21228#breadcrumb","itemListElement":[{"@type":"ListItem","position":1,"name":"Home","item":"https:\/\/www.press7.tv\/"},{"@type":"ListItem","position":2,"name":"Lulzim Nasufi: U pre n\u00eb Bes\u00eb nga Ziadin Sela \u2013 u sakrifikua kandidatura m\u00eb e fort\u00eb p\u00ebr Strug\u00ebn"}]},{"@type":"WebSite","@id":"https:\/\/www.news33.tv\/#website","url":"https:\/\/www.news33.tv\/","name":"News33.tv Media","description":"Media","publisher":{"@id":"https:\/\/www.news33.tv\/#organization"},"potentialAction":[{"@type":"SearchAction","target":{"@type":"EntryPoint","urlTemplate":"https:\/\/www.news33.tv\/?s={search_term_string}"},"query-input":{"@type":"PropertyValueSpecification","valueRequired":true,"valueName":"search_term_string"}}],"inLanguage":"en-US"},{"@type":"Organization","@id":"https:\/\/www.news33.tv\/#organization","name":"News33.tv Media","url":"https:\/\/www.news33.tv\/","logo":{"@type":"ImageObject","inLanguage":"en-US","@id":"https:\/\/www.news33.tv\/#\/schema\/logo\/image\/","url":"https:\/\/www.press7.tv\/wp-content\/uploads\/2024\/02\/logo-news33-black.png","contentUrl":"https:\/\/www.press7.tv\/wp-content\/uploads\/2024\/02\/logo-news33-black.png","width":180,"height":37,"caption":"News33.tv Media"},"image":{"@id":"https:\/\/www.news33.tv\/#\/schema\/logo\/image\/"},"sameAs":["https:\/\/www.facebook.com\/press7.tv"]},{"@type":"Person","@id":"https:\/\/www.news33.tv\/#\/schema\/person\/ad12bdf00a8fad7076cbd1c121eef17f","name":"press7tv","image":{"@type":"ImageObject","inLanguage":"en-US","@id":"https:\/\/www.news33.tv\/#\/schema\/person\/image\/","url":"https:\/\/www.press7.tv\/wp-content\/litespeed\/avatar\/b18d35f9197d88e65d98dcdb5000e253.jpg?ver=1777182078","contentUrl":"https:\/\/www.press7.tv\/wp-content\/litespeed\/avatar\/b18d35f9197d88e65d98dcdb5000e253.jpg?ver=1777182078","caption":"press7tv"},"url":"https:\/\/www.press7.tv\/?author=5"}]}},"amp_enabled":true,"_links":{"self":[{"href":"https:\/\/www.press7.tv\/index.php?rest_route=\/wp\/v2\/posts\/21228","targetHints":{"allow":["GET"]}}],"collection":[{"href":"https:\/\/www.press7.tv\/index.php?rest_route=\/wp\/v2\/posts"}],"about":[{"href":"https:\/\/www.press7.tv\/index.php?rest_route=\/wp\/v2\/types\/post"}],"author":[{"embeddable":true,"href":"https:\/\/www.press7.tv\/index.php?rest_route=\/wp\/v2\/users\/5"}],"replies":[{"embeddable":true,"href":"https:\/\/www.press7.tv\/index.php?rest_route=%2Fwp%2Fv2%2Fcomments&post=21228"}],"version-history":[{"count":1,"href":"https:\/\/www.press7.tv\/index.php?rest_route=\/wp\/v2\/posts\/21228\/revisions"}],"predecessor-version":[{"id":21230,"href":"https:\/\/www.press7.tv\/index.php?rest_route=\/wp\/v2\/posts\/21228\/revisions\/21230"}],"wp:featuredmedia":[{"embeddable":true,"href":"https:\/\/www.press7.tv\/index.php?rest_route=\/wp\/v2\/media\/21229"}],"wp:attachment":[{"href":"https:\/\/www.press7.tv\/index.php?rest_route=%2Fwp%2Fv2%2Fmedia&parent=21228"}],"wp:term":[{"taxonomy":"category","embeddable":true,"href":"https:\/\/www.press7.tv\/index.php?rest_route=%2Fwp%2Fv2%2Fcategories&post=21228"},{"taxonomy":"post_tag","embeddable":true,"href":"https:\/\/www.press7.tv\/index.php?rest_route=%2Fwp%2Fv2%2Ftags&post=21228"}],"curies":[{"name":"wp","href":"https:\/\/api.w.org\/{rel}","templated":true}]}}