{"id":21215,"date":"2025-08-01T17:20:18","date_gmt":"2025-08-01T17:20:18","guid":{"rendered":"https:\/\/www.press7.tv\/?p=21215"},"modified":"2025-08-01T17:20:18","modified_gmt":"2025-08-01T17:20:18","slug":"zedhenesja-e-shtepise-se-bardhe-presidenti-trump-e-ndali-sivjet-konfliktin-serbi-kosove","status":"publish","type":"post","link":"https:\/\/www.press7.tv\/?p=21215","title":{"rendered":"Z\u00ebdh\u00ebn\u00ebsja e Sht\u00ebpis\u00eb s\u00eb Bardh\u00eb: Presidenti Trump e ndali sivjet konfliktin Serbi-Kosov\u00eb"},"content":{"rendered":"\n    <div class=\"xs_social_share_widget xs_share_url before_content \t\tmain_content  wslu-style-2 wslu-share-box-shaped wslu-fill-colored wslu-share-m-5 wslu-none wslu-share-vertical wslu-theme-font-no wslu-main_content\">\n\n\t\t\n        <ul>\n\t\t\t        <\/ul>\n    <\/div> \n<p>Z\u00ebdh\u00ebn\u00ebsja e Sht\u00ebpis\u00eb s\u00eb Bardh\u00eb, Karoline Leavitt, e ka p\u00ebrmendur Kosov\u00ebn n\u00eb mesin e shteteve n\u00eb t\u00eb cilat presidenti Donald Trump ka ndikuar sivjet q\u00eb t\u00eb parandalohen luft\u00ebra.<\/p>\n<p>Ajo e theksoi k\u00ebt\u00eb, derisa ia atribuoi presidentit amerikan meritat p\u00ebr t\u2019i shuar tensionet nd\u00ebrmjet vendeve.<\/p>\n<p>\u201cPresidenti ka p\u00ebrfunduar tashm\u00eb konfliktet midis Tajland\u00ebs dhe Kamboxhias, Izraelit dhe Iranit, Ruand\u00ebs dhe Republik\u00ebs Demokratike t\u00eb Kongos, Indis\u00eb dhe Pakistanit, Serbis\u00eb dhe Kosov\u00ebs, si dhe Egjiptit dhe Etiopis\u00eb. Kjo do t\u00eb thot\u00eb se presidenti Trump ka nd\u00ebrmjet\u00ebsuar mesatarisht nj\u00eb marr\u00ebveshje paqeje ose arm\u00ebpushim \u00e7do muaj gjat\u00eb 6 muajve n\u00eb detyr\u00eb\u201d, ka theksuar Leavitt.<\/p>\n","protected":false},"excerpt":{"rendered":"<p>Z\u00ebdh\u00ebn\u00ebsja e Sht\u00ebpis\u00eb s\u00eb Bardh\u00eb, Karoline Leavitt, e ka p\u00ebrmendur Kosov\u00ebn n\u00eb mesin e shteteve n\u00eb t\u00eb cilat presidenti Donald Trump ka ndikuar sivjet q\u00eb t\u00eb parandalohen luft\u00ebra. Ajo e theksoi k\u00ebt\u00eb, derisa ia atribuoi presidentit amerikan meritat p\u00ebr t\u2019i shuar tensionet nd\u00ebrmjet vendeve. \u201cPresidenti ka p\u00ebrfunduar tashm\u00eb konfliktet midis Tajland\u00ebs dhe Kamboxhias, Izraelit dhe [&hellip;]<\/p>\n","protected":false},"author":8,"featured_media":21216,"comment_status":"closed","ping_status":"closed","sticky":false,"template":"","format":"standard","meta":{"footnotes":""},"categories":[217,213],"tags":[],"class_list":["post-21215","post","type-post","status-publish","format-standard","has-post-thumbnail","hentry","category-bote","category-lajme"],"yoast_head":"<!-- This site is optimized with the Yoast SEO plugin v25.1 - https:\/\/yoast.com\/wordpress\/plugins\/seo\/ -->\n<title>Z\u00ebdh\u00ebn\u00ebsja e Sht\u00ebpis\u00eb s\u00eb Bardh\u00eb: Presidenti Trump e ndali sivjet konfliktin Serbi-Kosov\u00eb - press7.tv<\/title>\n<meta name=\"robots\" content=\"index, follow, max-snippet:-1, max-image-preview:large, max-video-preview:-1\" \/>\n<link rel=\"canonical\" href=\"https:\/\/www.press7.tv\/?p=21215\" \/>\n<meta property=\"og:locale\" content=\"en_US\" \/>\n<meta property=\"og:type\" content=\"article\" \/>\n<meta property=\"og:title\" content=\"Z\u00ebdh\u00ebn\u00ebsja e Sht\u00ebpis\u00eb s\u00eb Bardh\u00eb: Presidenti Trump e ndali sivjet konfliktin Serbi-Kosov\u00eb - press7.tv\" \/>\n<meta property=\"og:description\" content=\"Z\u00ebdh\u00ebn\u00ebsja e Sht\u00ebpis\u00eb s\u00eb Bardh\u00eb, Karoline Leavitt, e ka p\u00ebrmendur Kosov\u00ebn n\u00eb mesin e shteteve n\u00eb t\u00eb cilat presidenti Donald Trump ka ndikuar sivjet q\u00eb t\u00eb parandalohen luft\u00ebra. Ajo e theksoi k\u00ebt\u00eb, derisa ia atribuoi presidentit amerikan meritat p\u00ebr t\u2019i shuar tensionet nd\u00ebrmjet vendeve. \u201cPresidenti ka p\u00ebrfunduar tashm\u00eb konfliktet midis Tajland\u00ebs dhe Kamboxhias, Izraelit dhe [&hellip;]\" \/>\n<meta property=\"og:url\" content=\"https:\/\/www.press7.tv\/?p=21215\" \/>\n<meta property=\"og:site_name\" content=\"press7.tv\" \/>\n<meta property=\"article:publisher\" content=\"https:\/\/www.facebook.com\/press7.tv\" \/>\n<meta property=\"article:published_time\" content=\"2025-08-01T17:20:18+00:00\" \/>\n<meta property=\"og:image\" content=\"https:\/\/www.press7.tv\/wp-content\/uploads\/2025\/08\/IMG_6913.avif\" \/>\n\t<meta property=\"og:image:width\" content=\"1360\" \/>\n\t<meta property=\"og:image:height\" content=\"870\" \/>\n\t<meta property=\"og:image:type\" content=\"image\/webp\" \/>\n<meta name=\"author\" content=\"gazetar2\" \/>\n<meta name=\"twitter:card\" content=\"summary_large_image\" \/>\n<meta name=\"twitter:label1\" content=\"Written by\" \/>\n\t<meta name=\"twitter:data1\" content=\"gazetar2\" \/>\n\t<meta name=\"twitter:label2\" content=\"Est. reading time\" \/>\n\t<meta name=\"twitter:data2\" content=\"1 minute\" \/>\n<script type=\"application\/ld+json\" class=\"yoast-schema-graph\">{\"@context\":\"https:\/\/schema.org\",\"@graph\":[{\"@type\":\"Article\",\"@id\":\"https:\/\/www.press7.tv\/?p=21215#article\",\"isPartOf\":{\"@id\":\"https:\/\/www.press7.tv\/?p=21215\"},\"author\":{\"name\":\"gazetar2\",\"@id\":\"https:\/\/www.news33.tv\/#\/schema\/person\/5a04a38a23ccdba82f9bd665cd8f9efa\"},\"headline\":\"Z\u00ebdh\u00ebn\u00ebsja e Sht\u00ebpis\u00eb s\u00eb Bardh\u00eb: Presidenti Trump e ndali sivjet konfliktin Serbi-Kosov\u00eb\",\"datePublished\":\"2025-08-01T17:20:18+00:00\",\"mainEntityOfPage\":{\"@id\":\"https:\/\/www.press7.tv\/?p=21215\"},\"wordCount\":133,\"publisher\":{\"@id\":\"https:\/\/www.news33.tv\/#organization\"},\"image\":{\"@id\":\"https:\/\/www.press7.tv\/?p=21215#primaryimage\"},\"thumbnailUrl\":\"https:\/\/www.press7.tv\/wp-content\/uploads\/2025\/08\/IMG_6913.avif\",\"articleSection\":[\"Bot\u00eb\",\"Lajme\"],\"inLanguage\":\"en-US\"},{\"@type\":\"WebPage\",\"@id\":\"https:\/\/www.press7.tv\/?p=21215\",\"url\":\"https:\/\/www.press7.tv\/?p=21215\",\"name\":\"Z\u00ebdh\u00ebn\u00ebsja e Sht\u00ebpis\u00eb s\u00eb Bardh\u00eb: Presidenti Trump e ndali sivjet konfliktin Serbi-Kosov\u00eb - press7.tv\",\"isPartOf\":{\"@id\":\"https:\/\/www.news33.tv\/#website\"},\"primaryImageOfPage\":{\"@id\":\"https:\/\/www.press7.tv\/?p=21215#primaryimage\"},\"image\":{\"@id\":\"https:\/\/www.press7.tv\/?p=21215#primaryimage\"},\"thumbnailUrl\":\"https:\/\/www.press7.tv\/wp-content\/uploads\/2025\/08\/IMG_6913.avif\",\"datePublished\":\"2025-08-01T17:20:18+00:00\",\"breadcrumb\":{\"@id\":\"https:\/\/www.press7.tv\/?p=21215#breadcrumb\"},\"inLanguage\":\"en-US\",\"potentialAction\":[{\"@type\":\"ReadAction\",\"target\":[\"https:\/\/www.press7.tv\/?p=21215\"]}]},{\"@type\":\"ImageObject\",\"inLanguage\":\"en-US\",\"@id\":\"https:\/\/www.press7.tv\/?p=21215#primaryimage\",\"url\":\"https:\/\/www.press7.tv\/wp-content\/uploads\/2025\/08\/IMG_6913.avif\",\"contentUrl\":\"https:\/\/www.press7.tv\/wp-content\/uploads\/2025\/08\/IMG_6913.avif\",\"width\":1360,\"height\":870},{\"@type\":\"BreadcrumbList\",\"@id\":\"https:\/\/www.press7.tv\/?p=21215#breadcrumb\",\"itemListElement\":[{\"@type\":\"ListItem\",\"position\":1,\"name\":\"Home\",\"item\":\"https:\/\/www.press7.tv\/\"},{\"@type\":\"ListItem\",\"position\":2,\"name\":\"Z\u00ebdh\u00ebn\u00ebsja e Sht\u00ebpis\u00eb s\u00eb Bardh\u00eb: Presidenti Trump e ndali sivjet konfliktin Serbi-Kosov\u00eb\"}]},{\"@type\":\"WebSite\",\"@id\":\"https:\/\/www.news33.tv\/#website\",\"url\":\"https:\/\/www.news33.tv\/\",\"name\":\"News33.tv Media\",\"description\":\"Media\",\"publisher\":{\"@id\":\"https:\/\/www.news33.tv\/#organization\"},\"potentialAction\":[{\"@type\":\"SearchAction\",\"target\":{\"@type\":\"EntryPoint\",\"urlTemplate\":\"https:\/\/www.news33.tv\/?s={search_term_string}\"},\"query-input\":{\"@type\":\"PropertyValueSpecification\",\"valueRequired\":true,\"valueName\":\"search_term_string\"}}],\"inLanguage\":\"en-US\"},{\"@type\":\"Organization\",\"@id\":\"https:\/\/www.news33.tv\/#organization\",\"name\":\"News33.tv Media\",\"url\":\"https:\/\/www.news33.tv\/\",\"logo\":{\"@type\":\"ImageObject\",\"inLanguage\":\"en-US\",\"@id\":\"https:\/\/www.news33.tv\/#\/schema\/logo\/image\/\",\"url\":\"https:\/\/www.press7.tv\/wp-content\/uploads\/2024\/02\/logo-news33-black.png\",\"contentUrl\":\"https:\/\/www.press7.tv\/wp-content\/uploads\/2024\/02\/logo-news33-black.png\",\"width\":180,\"height\":37,\"caption\":\"News33.tv Media\"},\"image\":{\"@id\":\"https:\/\/www.news33.tv\/#\/schema\/logo\/image\/\"},\"sameAs\":[\"https:\/\/www.facebook.com\/press7.tv\"]},{\"@type\":\"Person\",\"@id\":\"https:\/\/www.news33.tv\/#\/schema\/person\/5a04a38a23ccdba82f9bd665cd8f9efa\",\"name\":\"gazetar2\",\"image\":{\"@type\":\"ImageObject\",\"inLanguage\":\"en-US\",\"@id\":\"https:\/\/www.news33.tv\/#\/schema\/person\/image\/\",\"url\":\"https:\/\/www.press7.tv\/wp-content\/litespeed\/avatar\/41975e402c3049d9ddb03adca8f7a883.jpg?ver=1777169572\",\"contentUrl\":\"https:\/\/www.press7.tv\/wp-content\/litespeed\/avatar\/41975e402c3049d9ddb03adca8f7a883.jpg?ver=1777169572\",\"caption\":\"gazetar2\"},\"url\":\"https:\/\/www.press7.tv\/?author=8\"}]}<\/script>\n<!-- \/ Yoast SEO plugin. -->","yoast_head_json":{"title":"Z\u00ebdh\u00ebn\u00ebsja e Sht\u00ebpis\u00eb s\u00eb Bardh\u00eb: Presidenti Trump e ndali sivjet konfliktin Serbi-Kosov\u00eb - press7.tv","robots":{"index":"index","follow":"follow","max-snippet":"max-snippet:-1","max-image-preview":"max-image-preview:large","max-video-preview":"max-video-preview:-1"},"canonical":"https:\/\/www.press7.tv\/?p=21215","og_locale":"en_US","og_type":"article","og_title":"Z\u00ebdh\u00ebn\u00ebsja e Sht\u00ebpis\u00eb s\u00eb Bardh\u00eb: Presidenti Trump e ndali sivjet konfliktin Serbi-Kosov\u00eb - press7.tv","og_description":"Z\u00ebdh\u00ebn\u00ebsja e Sht\u00ebpis\u00eb s\u00eb Bardh\u00eb, Karoline Leavitt, e ka p\u00ebrmendur Kosov\u00ebn n\u00eb mesin e shteteve n\u00eb t\u00eb cilat presidenti Donald Trump ka ndikuar sivjet q\u00eb t\u00eb parandalohen luft\u00ebra. Ajo e theksoi k\u00ebt\u00eb, derisa ia atribuoi presidentit amerikan meritat p\u00ebr t\u2019i shuar tensionet nd\u00ebrmjet vendeve. \u201cPresidenti ka p\u00ebrfunduar tashm\u00eb konfliktet midis Tajland\u00ebs dhe Kamboxhias, Izraelit dhe [&hellip;]","og_url":"https:\/\/www.press7.tv\/?p=21215","og_site_name":"press7.tv","article_publisher":"https:\/\/www.facebook.com\/press7.tv","article_published_time":"2025-08-01T17:20:18+00:00","og_image":[{"width":1360,"height":870,"url":"https:\/\/www.press7.tv\/wp-content\/uploads\/2025\/08\/IMG_6913.avif","type":"image\/webp"}],"author":"gazetar2","twitter_card":"summary_large_image","twitter_misc":{"Written by":"gazetar2","Est. reading time":"1 minute"},"schema":{"@context":"https:\/\/schema.org","@graph":[{"@type":"Article","@id":"https:\/\/www.press7.tv\/?p=21215#article","isPartOf":{"@id":"https:\/\/www.press7.tv\/?p=21215"},"author":{"name":"gazetar2","@id":"https:\/\/www.news33.tv\/#\/schema\/person\/5a04a38a23ccdba82f9bd665cd8f9efa"},"headline":"Z\u00ebdh\u00ebn\u00ebsja e Sht\u00ebpis\u00eb s\u00eb Bardh\u00eb: Presidenti Trump e ndali sivjet konfliktin Serbi-Kosov\u00eb","datePublished":"2025-08-01T17:20:18+00:00","mainEntityOfPage":{"@id":"https:\/\/www.press7.tv\/?p=21215"},"wordCount":133,"publisher":{"@id":"https:\/\/www.news33.tv\/#organization"},"image":{"@id":"https:\/\/www.press7.tv\/?p=21215#primaryimage"},"thumbnailUrl":"https:\/\/www.press7.tv\/wp-content\/uploads\/2025\/08\/IMG_6913.avif","articleSection":["Bot\u00eb","Lajme"],"inLanguage":"en-US"},{"@type":"WebPage","@id":"https:\/\/www.press7.tv\/?p=21215","url":"https:\/\/www.press7.tv\/?p=21215","name":"Z\u00ebdh\u00ebn\u00ebsja e Sht\u00ebpis\u00eb s\u00eb Bardh\u00eb: Presidenti Trump e ndali sivjet konfliktin Serbi-Kosov\u00eb - press7.tv","isPartOf":{"@id":"https:\/\/www.news33.tv\/#website"},"primaryImageOfPage":{"@id":"https:\/\/www.press7.tv\/?p=21215#primaryimage"},"image":{"@id":"https:\/\/www.press7.tv\/?p=21215#primaryimage"},"thumbnailUrl":"https:\/\/www.press7.tv\/wp-content\/uploads\/2025\/08\/IMG_6913.avif","datePublished":"2025-08-01T17:20:18+00:00","breadcrumb":{"@id":"https:\/\/www.press7.tv\/?p=21215#breadcrumb"},"inLanguage":"en-US","potentialAction":[{"@type":"ReadAction","target":["https:\/\/www.press7.tv\/?p=21215"]}]},{"@type":"ImageObject","inLanguage":"en-US","@id":"https:\/\/www.press7.tv\/?p=21215#primaryimage","url":"https:\/\/www.press7.tv\/wp-content\/uploads\/2025\/08\/IMG_6913.avif","contentUrl":"https:\/\/www.press7.tv\/wp-content\/uploads\/2025\/08\/IMG_6913.avif","width":1360,"height":870},{"@type":"BreadcrumbList","@id":"https:\/\/www.press7.tv\/?p=21215#breadcrumb","itemListElement":[{"@type":"ListItem","position":1,"name":"Home","item":"https:\/\/www.press7.tv\/"},{"@type":"ListItem","position":2,"name":"Z\u00ebdh\u00ebn\u00ebsja e Sht\u00ebpis\u00eb s\u00eb Bardh\u00eb: Presidenti Trump e ndali sivjet konfliktin Serbi-Kosov\u00eb"}]},{"@type":"WebSite","@id":"https:\/\/www.news33.tv\/#website","url":"https:\/\/www.news33.tv\/","name":"News33.tv Media","description":"Media","publisher":{"@id":"https:\/\/www.news33.tv\/#organization"},"potentialAction":[{"@type":"SearchAction","target":{"@type":"EntryPoint","urlTemplate":"https:\/\/www.news33.tv\/?s={search_term_string}"},"query-input":{"@type":"PropertyValueSpecification","valueRequired":true,"valueName":"search_term_string"}}],"inLanguage":"en-US"},{"@type":"Organization","@id":"https:\/\/www.news33.tv\/#organization","name":"News33.tv Media","url":"https:\/\/www.news33.tv\/","logo":{"@type":"ImageObject","inLanguage":"en-US","@id":"https:\/\/www.news33.tv\/#\/schema\/logo\/image\/","url":"https:\/\/www.press7.tv\/wp-content\/uploads\/2024\/02\/logo-news33-black.png","contentUrl":"https:\/\/www.press7.tv\/wp-content\/uploads\/2024\/02\/logo-news33-black.png","width":180,"height":37,"caption":"News33.tv Media"},"image":{"@id":"https:\/\/www.news33.tv\/#\/schema\/logo\/image\/"},"sameAs":["https:\/\/www.facebook.com\/press7.tv"]},{"@type":"Person","@id":"https:\/\/www.news33.tv\/#\/schema\/person\/5a04a38a23ccdba82f9bd665cd8f9efa","name":"gazetar2","image":{"@type":"ImageObject","inLanguage":"en-US","@id":"https:\/\/www.news33.tv\/#\/schema\/person\/image\/","url":"https:\/\/www.press7.tv\/wp-content\/litespeed\/avatar\/41975e402c3049d9ddb03adca8f7a883.jpg?ver=1777169572","contentUrl":"https:\/\/www.press7.tv\/wp-content\/litespeed\/avatar\/41975e402c3049d9ddb03adca8f7a883.jpg?ver=1777169572","caption":"gazetar2"},"url":"https:\/\/www.press7.tv\/?author=8"}]}},"amp_enabled":true,"_links":{"self":[{"href":"https:\/\/www.press7.tv\/index.php?rest_route=\/wp\/v2\/posts\/21215","targetHints":{"allow":["GET"]}}],"collection":[{"href":"https:\/\/www.press7.tv\/index.php?rest_route=\/wp\/v2\/posts"}],"about":[{"href":"https:\/\/www.press7.tv\/index.php?rest_route=\/wp\/v2\/types\/post"}],"author":[{"embeddable":true,"href":"https:\/\/www.press7.tv\/index.php?rest_route=\/wp\/v2\/users\/8"}],"replies":[{"embeddable":true,"href":"https:\/\/www.press7.tv\/index.php?rest_route=%2Fwp%2Fv2%2Fcomments&post=21215"}],"version-history":[{"count":1,"href":"https:\/\/www.press7.tv\/index.php?rest_route=\/wp\/v2\/posts\/21215\/revisions"}],"predecessor-version":[{"id":21217,"href":"https:\/\/www.press7.tv\/index.php?rest_route=\/wp\/v2\/posts\/21215\/revisions\/21217"}],"wp:featuredmedia":[{"embeddable":true,"href":"https:\/\/www.press7.tv\/index.php?rest_route=\/wp\/v2\/media\/21216"}],"wp:attachment":[{"href":"https:\/\/www.press7.tv\/index.php?rest_route=%2Fwp%2Fv2%2Fmedia&parent=21215"}],"wp:term":[{"taxonomy":"category","embeddable":true,"href":"https:\/\/www.press7.tv\/index.php?rest_route=%2Fwp%2Fv2%2Fcategories&post=21215"},{"taxonomy":"post_tag","embeddable":true,"href":"https:\/\/www.press7.tv\/index.php?rest_route=%2Fwp%2Fv2%2Ftags&post=21215"}],"curies":[{"name":"wp","href":"https:\/\/api.w.org\/{rel}","templated":true}]}}