{"id":21212,"date":"2025-08-01T15:34:49","date_gmt":"2025-08-01T15:34:49","guid":{"rendered":"https:\/\/www.press7.tv\/?p=21212"},"modified":"2025-08-01T15:34:49","modified_gmt":"2025-08-01T15:34:49","slug":"mexhiti-vizitoi-shoqaten-e-pensionisteve-ne-cair-ata-meritojne-dinjitet-jo-meshire-rritja-e-pensioneve-eshte-vetem-fillimi","status":"publish","type":"post","link":"https:\/\/www.press7.tv\/?p=21212","title":{"rendered":"Mexhiti vizitoi Shoqat\u00ebn e Pensionist\u00ebve n\u00eb \u00c7air: Ata meritojn\u00eb dinjitet, jo m\u00ebshir\u00eb, rritja e pensioneve \u00ebsht\u00eb vet\u00ebm fillimi"},"content":{"rendered":"\n    <div class=\"xs_social_share_widget xs_share_url before_content \t\tmain_content  wslu-style-2 wslu-share-box-shaped wslu-fill-colored wslu-share-m-5 wslu-none wslu-share-vertical wslu-theme-font-no wslu-main_content\">\n\n\t\t\n        <ul>\n\t\t\t        <\/ul>\n    <\/div> \n<p>Z\u00ebvend\u00ebskryeministri i par\u00eb i Qeveris\u00eb s\u00eb Republik\u00ebs s\u00eb Maqedonis\u00eb s\u00eb Veriut, Izet Mexhiti, zhvilloi sot nj\u00eb takim me p\u00ebrfaq\u00ebsuesit e Shoqat\u00ebs s\u00eb Pensionist\u00ebve t\u00eb \u00c7airit, ku theksoi se pensionist\u00ebt jan\u00eb shtylla e shoq\u00ebris\u00eb dhe meritojn\u00eb respekt, dinjitet dhe barazi.<\/p>\n<p>\u201cPensionist\u00ebt nuk kan\u00eb nevoj\u00eb p\u00ebr m\u00ebshir\u00eb, por p\u00ebr dinjitet dhe e meritojn\u00eb plot\u00ebsisht. Brenda vet\u00ebm nj\u00eb viti, pensionet jan\u00eb rritur me 7.000 denar\u00eb, si d\u00ebshmi se politika mund t\u00eb jet\u00eb mjet i dinjitetit dhe drejt\u00ebsis\u00eb, jo i harres\u00ebs\u201d, u shpreh Mexhiti.<\/p>\n<p>Ai shtoi se kjo \u00ebsht\u00eb vet\u00ebm pika e nisjes p\u00ebr investime serioze n\u00eb sh\u00ebndetin, kujdesin dhe mir\u00ebqenien e gjenerat\u00ebs s\u00eb vjet\u00ebr, duke paralajm\u00ebruar nd\u00ebrtimin e infrastruktur\u00ebs m\u00eb moderne, sh\u00ebrbime m\u00eb cil\u00ebsore dhe qasje t\u00eb barabart\u00eb p\u00ebr \u00e7do pensionist.<\/p>\n<p>\u201cJu faleminderit p\u00ebr urt\u00ebsin\u00eb, p\u00ebrvoj\u00ebn dhe besimin q\u00eb na jepni. S\u00eb bashku po nd\u00ebrtojm\u00eb nj\u00eb t\u00eb ardhme q\u00eb e nderon t\u00eb shkuar\u00ebn dhe e vler\u00ebson \u00e7do kontribut\u201d, tha Mexhiti.<\/p>\n<p>&nbsp;<\/p>\n<p><img fetchpriority=\"high\" decoding=\"async\" class=\"alignnone size-medium wp-image-113509\" src=\"https:\/\/www.ora24.tv\/wp-content\/uploads\/2025\/08\/inbound429543009741726782-300x218.jpg\" sizes=\"(max-width: 300px) 100vw, 300px\" srcset=\"https:\/\/www.ora24.tv\/wp-content\/uploads\/2025\/08\/inbound429543009741726782-300x218.jpg 300w, https:\/\/www.ora24.tv\/wp-content\/uploads\/2025\/08\/inbound429543009741726782-1024x745.jpg 1024w, https:\/\/www.ora24.tv\/wp-content\/uploads\/2025\/08\/inbound429543009741726782-768x559.jpg 768w, https:\/\/www.ora24.tv\/wp-content\/uploads\/2025\/08\/inbound429543009741726782-1536x1117.jpg 1536w, https:\/\/www.ora24.tv\/wp-content\/uploads\/2025\/08\/inbound429543009741726782-150x109.jpg 150w, https:\/\/www.ora24.tv\/wp-content\/uploads\/2025\/08\/inbound429543009741726782-696x506.jpg 696w, https:\/\/www.ora24.tv\/wp-content\/uploads\/2025\/08\/inbound429543009741726782-1068x777.jpg 1068w, https:\/\/www.ora24.tv\/wp-content\/uploads\/2025\/08\/inbound429543009741726782.jpg 1600w\" alt=\"\" width=\"300\" height=\"218\" \/><img decoding=\"async\" class=\"alignnone size-medium wp-image-113510\" src=\"https:\/\/www.ora24.tv\/wp-content\/uploads\/2025\/08\/inbound7115669674351056220-300x200.jpg\" sizes=\"(max-width: 300px) 100vw, 300px\" srcset=\"https:\/\/www.ora24.tv\/wp-content\/uploads\/2025\/08\/inbound7115669674351056220-300x200.jpg 300w, https:\/\/www.ora24.tv\/wp-content\/uploads\/2025\/08\/inbound7115669674351056220-1024x684.jpg 1024w, https:\/\/www.ora24.tv\/wp-content\/uploads\/2025\/08\/inbound7115669674351056220-768x513.jpg 768w, https:\/\/www.ora24.tv\/wp-content\/uploads\/2025\/08\/inbound7115669674351056220-1536x1025.jpg 1536w, https:\/\/www.ora24.tv\/wp-content\/uploads\/2025\/08\/inbound7115669674351056220-150x100.jpg 150w, https:\/\/www.ora24.tv\/wp-content\/uploads\/2025\/08\/inbound7115669674351056220-696x465.jpg 696w, https:\/\/www.ora24.tv\/wp-content\/uploads\/2025\/08\/inbound7115669674351056220-1068x713.jpg 1068w, https:\/\/www.ora24.tv\/wp-content\/uploads\/2025\/08\/inbound7115669674351056220.jpg 1600w\" alt=\"\" width=\"300\" height=\"200\" \/><img decoding=\"async\" class=\"alignnone size-medium wp-image-113511\" src=\"https:\/\/www.ora24.tv\/wp-content\/uploads\/2025\/08\/inbound997779488366584910-300x200.jpg\" sizes=\"(max-width: 300px) 100vw, 300px\" srcset=\"https:\/\/www.ora24.tv\/wp-content\/uploads\/2025\/08\/inbound997779488366584910-300x200.jpg 300w, https:\/\/www.ora24.tv\/wp-content\/uploads\/2025\/08\/inbound997779488366584910-1024x684.jpg 1024w, https:\/\/www.ora24.tv\/wp-content\/uploads\/2025\/08\/inbound997779488366584910-768x513.jpg 768w, https:\/\/www.ora24.tv\/wp-content\/uploads\/2025\/08\/inbound997779488366584910-1536x1025.jpg 1536w, https:\/\/www.ora24.tv\/wp-content\/uploads\/2025\/08\/inbound997779488366584910-150x100.jpg 150w, https:\/\/www.ora24.tv\/wp-content\/uploads\/2025\/08\/inbound997779488366584910-696x465.jpg 696w, https:\/\/www.ora24.tv\/wp-content\/uploads\/2025\/08\/inbound997779488366584910-1068x713.jpg 1068w, https:\/\/www.ora24.tv\/wp-content\/uploads\/2025\/08\/inbound997779488366584910.jpg 1600w\" alt=\"\" width=\"300\" height=\"200\" \/><img loading=\"lazy\" decoding=\"async\" class=\"alignnone size-medium wp-image-113512\" src=\"https:\/\/www.ora24.tv\/wp-content\/uploads\/2025\/08\/inbound2755612012819429986-300x200.jpg\" sizes=\"auto, (max-width: 300px) 100vw, 300px\" srcset=\"https:\/\/www.ora24.tv\/wp-content\/uploads\/2025\/08\/inbound2755612012819429986-300x200.jpg 300w, https:\/\/www.ora24.tv\/wp-content\/uploads\/2025\/08\/inbound2755612012819429986-1024x684.jpg 1024w, https:\/\/www.ora24.tv\/wp-content\/uploads\/2025\/08\/inbound2755612012819429986-768x513.jpg 768w, https:\/\/www.ora24.tv\/wp-content\/uploads\/2025\/08\/inbound2755612012819429986-1536x1025.jpg 1536w, https:\/\/www.ora24.tv\/wp-content\/uploads\/2025\/08\/inbound2755612012819429986-150x100.jpg 150w, https:\/\/www.ora24.tv\/wp-content\/uploads\/2025\/08\/inbound2755612012819429986-696x465.jpg 696w, https:\/\/www.ora24.tv\/wp-content\/uploads\/2025\/08\/inbound2755612012819429986-1068x713.jpg 1068w, https:\/\/www.ora24.tv\/wp-content\/uploads\/2025\/08\/inbound2755612012819429986.jpg 1600w\" alt=\"\" width=\"300\" height=\"200\" \/><img loading=\"lazy\" decoding=\"async\" class=\"alignnone size-medium wp-image-113513\" src=\"https:\/\/www.ora24.tv\/wp-content\/uploads\/2025\/08\/inbound406443402571831198-300x200.jpg\" sizes=\"auto, (max-width: 300px) 100vw, 300px\" srcset=\"https:\/\/www.ora24.tv\/wp-content\/uploads\/2025\/08\/inbound406443402571831198-300x200.jpg 300w, https:\/\/www.ora24.tv\/wp-content\/uploads\/2025\/08\/inbound406443402571831198-1024x684.jpg 1024w, https:\/\/www.ora24.tv\/wp-content\/uploads\/2025\/08\/inbound406443402571831198-768x513.jpg 768w, https:\/\/www.ora24.tv\/wp-content\/uploads\/2025\/08\/inbound406443402571831198-1536x1025.jpg 1536w, https:\/\/www.ora24.tv\/wp-content\/uploads\/2025\/08\/inbound406443402571831198-150x100.jpg 150w, https:\/\/www.ora24.tv\/wp-content\/uploads\/2025\/08\/inbound406443402571831198-696x465.jpg 696w, https:\/\/www.ora24.tv\/wp-content\/uploads\/2025\/08\/inbound406443402571831198-1068x713.jpg 1068w, https:\/\/www.ora24.tv\/wp-content\/uploads\/2025\/08\/inbound406443402571831198.jpg 1600w\" alt=\"\" width=\"300\" height=\"200\" \/><img loading=\"lazy\" decoding=\"async\" class=\"alignnone size-medium wp-image-113514\" src=\"https:\/\/www.ora24.tv\/wp-content\/uploads\/2025\/08\/inbound5718777608951995547-300x200.jpg\" sizes=\"auto, (max-width: 300px) 100vw, 300px\" srcset=\"https:\/\/www.ora24.tv\/wp-content\/uploads\/2025\/08\/inbound5718777608951995547-300x200.jpg 300w, https:\/\/www.ora24.tv\/wp-content\/uploads\/2025\/08\/inbound5718777608951995547-1024x684.jpg 1024w, https:\/\/www.ora24.tv\/wp-content\/uploads\/2025\/08\/inbound5718777608951995547-768x513.jpg 768w, https:\/\/www.ora24.tv\/wp-content\/uploads\/2025\/08\/inbound5718777608951995547-1536x1025.jpg 1536w, https:\/\/www.ora24.tv\/wp-content\/uploads\/2025\/08\/inbound5718777608951995547-150x100.jpg 150w, https:\/\/www.ora24.tv\/wp-content\/uploads\/2025\/08\/inbound5718777608951995547-696x465.jpg 696w, https:\/\/www.ora24.tv\/wp-content\/uploads\/2025\/08\/inbound5718777608951995547-1068x713.jpg 1068w, https:\/\/www.ora24.tv\/wp-content\/uploads\/2025\/08\/inbound5718777608951995547.jpg 1600w\" alt=\"\" width=\"300\" height=\"200\" \/><img loading=\"lazy\" decoding=\"async\" class=\"alignnone size-medium wp-image-113515\" src=\"https:\/\/www.ora24.tv\/wp-content\/uploads\/2025\/08\/inbound2968924910339830956-300x200.jpg\" sizes=\"auto, (max-width: 300px) 100vw, 300px\" srcset=\"https:\/\/www.ora24.tv\/wp-content\/uploads\/2025\/08\/inbound2968924910339830956-300x200.jpg 300w, https:\/\/www.ora24.tv\/wp-content\/uploads\/2025\/08\/inbound2968924910339830956-1024x684.jpg 1024w, https:\/\/www.ora24.tv\/wp-content\/uploads\/2025\/08\/inbound2968924910339830956-768x513.jpg 768w, https:\/\/www.ora24.tv\/wp-content\/uploads\/2025\/08\/inbound2968924910339830956-1536x1025.jpg 1536w, https:\/\/www.ora24.tv\/wp-content\/uploads\/2025\/08\/inbound2968924910339830956-150x100.jpg 150w, https:\/\/www.ora24.tv\/wp-content\/uploads\/2025\/08\/inbound2968924910339830956-696x465.jpg 696w, https:\/\/www.ora24.tv\/wp-content\/uploads\/2025\/08\/inbound2968924910339830956-1068x713.jpg 1068w, https:\/\/www.ora24.tv\/wp-content\/uploads\/2025\/08\/inbound2968924910339830956.jpg 1600w\" alt=\"\" width=\"300\" height=\"200\" \/><\/p>\n<p>&nbsp;<\/p>\n","protected":false},"excerpt":{"rendered":"<p>Z\u00ebvend\u00ebskryeministri i par\u00eb i Qeveris\u00eb s\u00eb Republik\u00ebs s\u00eb Maqedonis\u00eb s\u00eb Veriut, Izet Mexhiti, zhvilloi sot nj\u00eb takim me p\u00ebrfaq\u00ebsuesit e Shoqat\u00ebs s\u00eb Pensionist\u00ebve t\u00eb \u00c7airit, ku theksoi se pensionist\u00ebt jan\u00eb shtylla e shoq\u00ebris\u00eb dhe meritojn\u00eb respekt, dinjitet dhe barazi. \u201cPensionist\u00ebt nuk kan\u00eb nevoj\u00eb p\u00ebr m\u00ebshir\u00eb, por p\u00ebr dinjitet dhe e meritojn\u00eb plot\u00ebsisht. Brenda vet\u00ebm nj\u00eb [&hellip;]<\/p>\n","protected":false},"author":8,"featured_media":21213,"comment_status":"closed","ping_status":"closed","sticky":false,"template":"","format":"standard","meta":{"footnotes":""},"categories":[213,214],"tags":[],"class_list":["post-21212","post","type-post","status-publish","format-standard","has-post-thumbnail","hentry","category-lajme","category-maqedoni"],"yoast_head":"<!-- This site is optimized with the Yoast SEO plugin v25.1 - https:\/\/yoast.com\/wordpress\/plugins\/seo\/ -->\n<title>Mexhiti vizitoi Shoqat\u00ebn e Pensionist\u00ebve n\u00eb \u00c7air: Ata meritojn\u00eb dinjitet, jo m\u00ebshir\u00eb, rritja e pensioneve \u00ebsht\u00eb vet\u00ebm fillimi - press7.tv<\/title>\n<meta name=\"robots\" content=\"index, follow, max-snippet:-1, max-image-preview:large, max-video-preview:-1\" \/>\n<link rel=\"canonical\" href=\"https:\/\/www.press7.tv\/?p=21212\" \/>\n<meta property=\"og:locale\" content=\"en_US\" \/>\n<meta property=\"og:type\" content=\"article\" \/>\n<meta property=\"og:title\" content=\"Mexhiti vizitoi Shoqat\u00ebn e Pensionist\u00ebve n\u00eb \u00c7air: Ata meritojn\u00eb dinjitet, jo m\u00ebshir\u00eb, rritja e pensioneve \u00ebsht\u00eb vet\u00ebm fillimi - press7.tv\" \/>\n<meta property=\"og:description\" content=\"Z\u00ebvend\u00ebskryeministri i par\u00eb i Qeveris\u00eb s\u00eb Republik\u00ebs s\u00eb Maqedonis\u00eb s\u00eb Veriut, Izet Mexhiti, zhvilloi sot nj\u00eb takim me p\u00ebrfaq\u00ebsuesit e Shoqat\u00ebs s\u00eb Pensionist\u00ebve t\u00eb \u00c7airit, ku theksoi se pensionist\u00ebt jan\u00eb shtylla e shoq\u00ebris\u00eb dhe meritojn\u00eb respekt, dinjitet dhe barazi. \u201cPensionist\u00ebt nuk kan\u00eb nevoj\u00eb p\u00ebr m\u00ebshir\u00eb, por p\u00ebr dinjitet dhe e meritojn\u00eb plot\u00ebsisht. Brenda vet\u00ebm nj\u00eb [&hellip;]\" \/>\n<meta property=\"og:url\" content=\"https:\/\/www.press7.tv\/?p=21212\" \/>\n<meta property=\"og:site_name\" content=\"press7.tv\" \/>\n<meta property=\"article:publisher\" content=\"https:\/\/www.facebook.com\/press7.tv\" \/>\n<meta property=\"article:published_time\" content=\"2025-08-01T15:34:49+00:00\" \/>\n<meta property=\"og:image\" content=\"https:\/\/www.press7.tv\/wp-content\/uploads\/2025\/08\/IMG_6910.avif\" \/>\n\t<meta property=\"og:image:width\" content=\"1536\" \/>\n\t<meta property=\"og:image:height\" content=\"1025\" \/>\n\t<meta property=\"og:image:type\" content=\"image\/jpeg\" \/>\n<meta name=\"author\" content=\"gazetar2\" \/>\n<meta name=\"twitter:card\" content=\"summary_large_image\" \/>\n<meta name=\"twitter:label1\" content=\"Written by\" \/>\n\t<meta name=\"twitter:data1\" content=\"gazetar2\" \/>\n\t<meta name=\"twitter:label2\" content=\"Est. reading time\" \/>\n\t<meta name=\"twitter:data2\" content=\"3 minutes\" \/>\n<script type=\"application\/ld+json\" class=\"yoast-schema-graph\">{\"@context\":\"https:\/\/schema.org\",\"@graph\":[{\"@type\":\"Article\",\"@id\":\"https:\/\/www.press7.tv\/?p=21212#article\",\"isPartOf\":{\"@id\":\"https:\/\/www.press7.tv\/?p=21212\"},\"author\":{\"name\":\"gazetar2\",\"@id\":\"https:\/\/www.news33.tv\/#\/schema\/person\/5a04a38a23ccdba82f9bd665cd8f9efa\"},\"headline\":\"Mexhiti vizitoi Shoqat\u00ebn e Pensionist\u00ebve n\u00eb \u00c7air: Ata meritojn\u00eb dinjitet, jo m\u00ebshir\u00eb, rritja e pensioneve \u00ebsht\u00eb vet\u00ebm fillimi\",\"datePublished\":\"2025-08-01T15:34:49+00:00\",\"mainEntityOfPage\":{\"@id\":\"https:\/\/www.press7.tv\/?p=21212\"},\"wordCount\":207,\"publisher\":{\"@id\":\"https:\/\/www.news33.tv\/#organization\"},\"image\":{\"@id\":\"https:\/\/www.press7.tv\/?p=21212#primaryimage\"},\"thumbnailUrl\":\"https:\/\/www.press7.tv\/wp-content\/uploads\/2025\/08\/IMG_6910.avif\",\"articleSection\":[\"Lajme\",\"Maqedoni\"],\"inLanguage\":\"en-US\"},{\"@type\":\"WebPage\",\"@id\":\"https:\/\/www.press7.tv\/?p=21212\",\"url\":\"https:\/\/www.press7.tv\/?p=21212\",\"name\":\"Mexhiti vizitoi Shoqat\u00ebn e Pensionist\u00ebve n\u00eb \u00c7air: Ata meritojn\u00eb dinjitet, jo m\u00ebshir\u00eb, rritja e pensioneve \u00ebsht\u00eb vet\u00ebm fillimi - press7.tv\",\"isPartOf\":{\"@id\":\"https:\/\/www.news33.tv\/#website\"},\"primaryImageOfPage\":{\"@id\":\"https:\/\/www.press7.tv\/?p=21212#primaryimage\"},\"image\":{\"@id\":\"https:\/\/www.press7.tv\/?p=21212#primaryimage\"},\"thumbnailUrl\":\"https:\/\/www.press7.tv\/wp-content\/uploads\/2025\/08\/IMG_6910.avif\",\"datePublished\":\"2025-08-01T15:34:49+00:00\",\"breadcrumb\":{\"@id\":\"https:\/\/www.press7.tv\/?p=21212#breadcrumb\"},\"inLanguage\":\"en-US\",\"potentialAction\":[{\"@type\":\"ReadAction\",\"target\":[\"https:\/\/www.press7.tv\/?p=21212\"]}]},{\"@type\":\"ImageObject\",\"inLanguage\":\"en-US\",\"@id\":\"https:\/\/www.press7.tv\/?p=21212#primaryimage\",\"url\":\"https:\/\/www.press7.tv\/wp-content\/uploads\/2025\/08\/IMG_6910.avif\",\"contentUrl\":\"https:\/\/www.press7.tv\/wp-content\/uploads\/2025\/08\/IMG_6910.avif\",\"width\":1536,\"height\":1025},{\"@type\":\"BreadcrumbList\",\"@id\":\"https:\/\/www.press7.tv\/?p=21212#breadcrumb\",\"itemListElement\":[{\"@type\":\"ListItem\",\"position\":1,\"name\":\"Home\",\"item\":\"https:\/\/www.press7.tv\/\"},{\"@type\":\"ListItem\",\"position\":2,\"name\":\"Mexhiti vizitoi Shoqat\u00ebn e Pensionist\u00ebve n\u00eb \u00c7air: Ata meritojn\u00eb dinjitet, jo m\u00ebshir\u00eb, rritja e pensioneve \u00ebsht\u00eb vet\u00ebm fillimi\"}]},{\"@type\":\"WebSite\",\"@id\":\"https:\/\/www.news33.tv\/#website\",\"url\":\"https:\/\/www.news33.tv\/\",\"name\":\"News33.tv Media\",\"description\":\"Media\",\"publisher\":{\"@id\":\"https:\/\/www.news33.tv\/#organization\"},\"potentialAction\":[{\"@type\":\"SearchAction\",\"target\":{\"@type\":\"EntryPoint\",\"urlTemplate\":\"https:\/\/www.news33.tv\/?s={search_term_string}\"},\"query-input\":{\"@type\":\"PropertyValueSpecification\",\"valueRequired\":true,\"valueName\":\"search_term_string\"}}],\"inLanguage\":\"en-US\"},{\"@type\":\"Organization\",\"@id\":\"https:\/\/www.news33.tv\/#organization\",\"name\":\"News33.tv Media\",\"url\":\"https:\/\/www.news33.tv\/\",\"logo\":{\"@type\":\"ImageObject\",\"inLanguage\":\"en-US\",\"@id\":\"https:\/\/www.news33.tv\/#\/schema\/logo\/image\/\",\"url\":\"https:\/\/www.press7.tv\/wp-content\/uploads\/2024\/02\/logo-news33-black.png\",\"contentUrl\":\"https:\/\/www.press7.tv\/wp-content\/uploads\/2024\/02\/logo-news33-black.png\",\"width\":180,\"height\":37,\"caption\":\"News33.tv Media\"},\"image\":{\"@id\":\"https:\/\/www.news33.tv\/#\/schema\/logo\/image\/\"},\"sameAs\":[\"https:\/\/www.facebook.com\/press7.tv\"]},{\"@type\":\"Person\",\"@id\":\"https:\/\/www.news33.tv\/#\/schema\/person\/5a04a38a23ccdba82f9bd665cd8f9efa\",\"name\":\"gazetar2\",\"image\":{\"@type\":\"ImageObject\",\"inLanguage\":\"en-US\",\"@id\":\"https:\/\/www.news33.tv\/#\/schema\/person\/image\/\",\"url\":\"https:\/\/www.press7.tv\/wp-content\/litespeed\/avatar\/41975e402c3049d9ddb03adca8f7a883.jpg?ver=1777169572\",\"contentUrl\":\"https:\/\/www.press7.tv\/wp-content\/litespeed\/avatar\/41975e402c3049d9ddb03adca8f7a883.jpg?ver=1777169572\",\"caption\":\"gazetar2\"},\"url\":\"https:\/\/www.press7.tv\/?author=8\"}]}<\/script>\n<!-- \/ Yoast SEO plugin. -->","yoast_head_json":{"title":"Mexhiti vizitoi Shoqat\u00ebn e Pensionist\u00ebve n\u00eb \u00c7air: Ata meritojn\u00eb dinjitet, jo m\u00ebshir\u00eb, rritja e pensioneve \u00ebsht\u00eb vet\u00ebm fillimi - press7.tv","robots":{"index":"index","follow":"follow","max-snippet":"max-snippet:-1","max-image-preview":"max-image-preview:large","max-video-preview":"max-video-preview:-1"},"canonical":"https:\/\/www.press7.tv\/?p=21212","og_locale":"en_US","og_type":"article","og_title":"Mexhiti vizitoi Shoqat\u00ebn e Pensionist\u00ebve n\u00eb \u00c7air: Ata meritojn\u00eb dinjitet, jo m\u00ebshir\u00eb, rritja e pensioneve \u00ebsht\u00eb vet\u00ebm fillimi - press7.tv","og_description":"Z\u00ebvend\u00ebskryeministri i par\u00eb i Qeveris\u00eb s\u00eb Republik\u00ebs s\u00eb Maqedonis\u00eb s\u00eb Veriut, Izet Mexhiti, zhvilloi sot nj\u00eb takim me p\u00ebrfaq\u00ebsuesit e Shoqat\u00ebs s\u00eb Pensionist\u00ebve t\u00eb \u00c7airit, ku theksoi se pensionist\u00ebt jan\u00eb shtylla e shoq\u00ebris\u00eb dhe meritojn\u00eb respekt, dinjitet dhe barazi. \u201cPensionist\u00ebt nuk kan\u00eb nevoj\u00eb p\u00ebr m\u00ebshir\u00eb, por p\u00ebr dinjitet dhe e meritojn\u00eb plot\u00ebsisht. Brenda vet\u00ebm nj\u00eb [&hellip;]","og_url":"https:\/\/www.press7.tv\/?p=21212","og_site_name":"press7.tv","article_publisher":"https:\/\/www.facebook.com\/press7.tv","article_published_time":"2025-08-01T15:34:49+00:00","og_image":[{"width":1536,"height":1025,"url":"https:\/\/www.press7.tv\/wp-content\/uploads\/2025\/08\/IMG_6910.avif","type":"image\/jpeg"}],"author":"gazetar2","twitter_card":"summary_large_image","twitter_misc":{"Written by":"gazetar2","Est. reading time":"3 minutes"},"schema":{"@context":"https:\/\/schema.org","@graph":[{"@type":"Article","@id":"https:\/\/www.press7.tv\/?p=21212#article","isPartOf":{"@id":"https:\/\/www.press7.tv\/?p=21212"},"author":{"name":"gazetar2","@id":"https:\/\/www.news33.tv\/#\/schema\/person\/5a04a38a23ccdba82f9bd665cd8f9efa"},"headline":"Mexhiti vizitoi Shoqat\u00ebn e Pensionist\u00ebve n\u00eb \u00c7air: Ata meritojn\u00eb dinjitet, jo m\u00ebshir\u00eb, rritja e pensioneve \u00ebsht\u00eb vet\u00ebm fillimi","datePublished":"2025-08-01T15:34:49+00:00","mainEntityOfPage":{"@id":"https:\/\/www.press7.tv\/?p=21212"},"wordCount":207,"publisher":{"@id":"https:\/\/www.news33.tv\/#organization"},"image":{"@id":"https:\/\/www.press7.tv\/?p=21212#primaryimage"},"thumbnailUrl":"https:\/\/www.press7.tv\/wp-content\/uploads\/2025\/08\/IMG_6910.avif","articleSection":["Lajme","Maqedoni"],"inLanguage":"en-US"},{"@type":"WebPage","@id":"https:\/\/www.press7.tv\/?p=21212","url":"https:\/\/www.press7.tv\/?p=21212","name":"Mexhiti vizitoi Shoqat\u00ebn e Pensionist\u00ebve n\u00eb \u00c7air: Ata meritojn\u00eb dinjitet, jo m\u00ebshir\u00eb, rritja e pensioneve \u00ebsht\u00eb vet\u00ebm fillimi - press7.tv","isPartOf":{"@id":"https:\/\/www.news33.tv\/#website"},"primaryImageOfPage":{"@id":"https:\/\/www.press7.tv\/?p=21212#primaryimage"},"image":{"@id":"https:\/\/www.press7.tv\/?p=21212#primaryimage"},"thumbnailUrl":"https:\/\/www.press7.tv\/wp-content\/uploads\/2025\/08\/IMG_6910.avif","datePublished":"2025-08-01T15:34:49+00:00","breadcrumb":{"@id":"https:\/\/www.press7.tv\/?p=21212#breadcrumb"},"inLanguage":"en-US","potentialAction":[{"@type":"ReadAction","target":["https:\/\/www.press7.tv\/?p=21212"]}]},{"@type":"ImageObject","inLanguage":"en-US","@id":"https:\/\/www.press7.tv\/?p=21212#primaryimage","url":"https:\/\/www.press7.tv\/wp-content\/uploads\/2025\/08\/IMG_6910.avif","contentUrl":"https:\/\/www.press7.tv\/wp-content\/uploads\/2025\/08\/IMG_6910.avif","width":1536,"height":1025},{"@type":"BreadcrumbList","@id":"https:\/\/www.press7.tv\/?p=21212#breadcrumb","itemListElement":[{"@type":"ListItem","position":1,"name":"Home","item":"https:\/\/www.press7.tv\/"},{"@type":"ListItem","position":2,"name":"Mexhiti vizitoi Shoqat\u00ebn e Pensionist\u00ebve n\u00eb \u00c7air: Ata meritojn\u00eb dinjitet, jo m\u00ebshir\u00eb, rritja e pensioneve \u00ebsht\u00eb vet\u00ebm fillimi"}]},{"@type":"WebSite","@id":"https:\/\/www.news33.tv\/#website","url":"https:\/\/www.news33.tv\/","name":"News33.tv Media","description":"Media","publisher":{"@id":"https:\/\/www.news33.tv\/#organization"},"potentialAction":[{"@type":"SearchAction","target":{"@type":"EntryPoint","urlTemplate":"https:\/\/www.news33.tv\/?s={search_term_string}"},"query-input":{"@type":"PropertyValueSpecification","valueRequired":true,"valueName":"search_term_string"}}],"inLanguage":"en-US"},{"@type":"Organization","@id":"https:\/\/www.news33.tv\/#organization","name":"News33.tv Media","url":"https:\/\/www.news33.tv\/","logo":{"@type":"ImageObject","inLanguage":"en-US","@id":"https:\/\/www.news33.tv\/#\/schema\/logo\/image\/","url":"https:\/\/www.press7.tv\/wp-content\/uploads\/2024\/02\/logo-news33-black.png","contentUrl":"https:\/\/www.press7.tv\/wp-content\/uploads\/2024\/02\/logo-news33-black.png","width":180,"height":37,"caption":"News33.tv Media"},"image":{"@id":"https:\/\/www.news33.tv\/#\/schema\/logo\/image\/"},"sameAs":["https:\/\/www.facebook.com\/press7.tv"]},{"@type":"Person","@id":"https:\/\/www.news33.tv\/#\/schema\/person\/5a04a38a23ccdba82f9bd665cd8f9efa","name":"gazetar2","image":{"@type":"ImageObject","inLanguage":"en-US","@id":"https:\/\/www.news33.tv\/#\/schema\/person\/image\/","url":"https:\/\/www.press7.tv\/wp-content\/litespeed\/avatar\/41975e402c3049d9ddb03adca8f7a883.jpg?ver=1777169572","contentUrl":"https:\/\/www.press7.tv\/wp-content\/litespeed\/avatar\/41975e402c3049d9ddb03adca8f7a883.jpg?ver=1777169572","caption":"gazetar2"},"url":"https:\/\/www.press7.tv\/?author=8"}]}},"amp_enabled":true,"_links":{"self":[{"href":"https:\/\/www.press7.tv\/index.php?rest_route=\/wp\/v2\/posts\/21212","targetHints":{"allow":["GET"]}}],"collection":[{"href":"https:\/\/www.press7.tv\/index.php?rest_route=\/wp\/v2\/posts"}],"about":[{"href":"https:\/\/www.press7.tv\/index.php?rest_route=\/wp\/v2\/types\/post"}],"author":[{"embeddable":true,"href":"https:\/\/www.press7.tv\/index.php?rest_route=\/wp\/v2\/users\/8"}],"replies":[{"embeddable":true,"href":"https:\/\/www.press7.tv\/index.php?rest_route=%2Fwp%2Fv2%2Fcomments&post=21212"}],"version-history":[{"count":1,"href":"https:\/\/www.press7.tv\/index.php?rest_route=\/wp\/v2\/posts\/21212\/revisions"}],"predecessor-version":[{"id":21214,"href":"https:\/\/www.press7.tv\/index.php?rest_route=\/wp\/v2\/posts\/21212\/revisions\/21214"}],"wp:featuredmedia":[{"embeddable":true,"href":"https:\/\/www.press7.tv\/index.php?rest_route=\/wp\/v2\/media\/21213"}],"wp:attachment":[{"href":"https:\/\/www.press7.tv\/index.php?rest_route=%2Fwp%2Fv2%2Fmedia&parent=21212"}],"wp:term":[{"taxonomy":"category","embeddable":true,"href":"https:\/\/www.press7.tv\/index.php?rest_route=%2Fwp%2Fv2%2Fcategories&post=21212"},{"taxonomy":"post_tag","embeddable":true,"href":"https:\/\/www.press7.tv\/index.php?rest_route=%2Fwp%2Fv2%2Ftags&post=21212"}],"curies":[{"name":"wp","href":"https:\/\/api.w.org\/{rel}","templated":true}]}}