{"id":21209,"date":"2025-08-01T11:57:49","date_gmt":"2025-08-01T11:57:49","guid":{"rendered":"https:\/\/www.press7.tv\/?p=21209"},"modified":"2025-08-01T11:57:49","modified_gmt":"2025-08-01T11:57:49","slug":"shba-uli-tarifat-ne-15-per-maqedonine-mickoski-negociatat-vazhdojne-jam-optimist-se-do-te-ulen-edhe-me-teper","status":"publish","type":"post","link":"https:\/\/www.press7.tv\/?p=21209","title":{"rendered":"SHBA uli tarifat n\u00eb 15% p\u00ebr Maqedonin\u00eb, Mickoski: Negociatat vazhdojn\u00eb, jam optimist se do t\u00eb ulen edhe m\u00eb tep\u00ebr"},"content":{"rendered":"\n    <div class=\"xs_social_share_widget xs_share_url before_content \t\tmain_content  wslu-style-2 wslu-share-box-shaped wslu-fill-colored wslu-share-m-5 wslu-none wslu-share-vertical wslu-theme-font-no wslu-main_content\">\n\n\t\t\n        <ul>\n\t\t\t        <\/ul>\n    <\/div> \n<p>Kryeministri Hristijan Mickoski fal\u00ebnderoi SHBA-n\u00eb pas vendimit t\u00eb presidentit Trump p\u00ebr t\u00eb ulur tarifat p\u00ebr Maqedonin\u00eb e Veriut n\u00eb 15 p\u00ebr qind, p\u00ebrcjell TV21. Mickoski thot\u00eb se \u00ebsht\u00eb optimist se tarifat doganore do t\u00eb ulen edhe m\u00eb tep\u00ebr, nd\u00ebrsa tha se p\u00ebr momentin jemi n\u00eb pauz\u00eb, pasi Administrata Trump, respektivisht Zyra e P\u00ebrfaq\u00ebsuesit t\u00eb SHBA-t\u00eb jan\u00eb n\u00eb pushime.<\/p>\n<p><a href=\"https:\/\/www.instagram.com\/tv21hd\/?utm_source=ig_embed&#038;ig_rid=355b77fa-28c2-458f-adcb-b04939190da8&#038;ig_mid=CB16EDC4-37C4-4127-8DD5-410A05714720\">https:\/\/www.instagram.com\/tv21hd\/?utm_source=ig_embed&#038;ig_rid=355b77fa-28c2-458f-adcb-b04939190da8&#038;ig_mid=CB16EDC4-37C4-4127-8DD5-410A05714720<\/a><\/p>\n<p>Ne si Maqedoni jemi n\u00eb t\u00eb nj\u00ebjtin grup me Izraelin, Norvegjin\u00eb, BE-n\u00eb e k\u00ebshtu me radh\u00eb. Un\u00eb dua n\u00eb k\u00ebt\u00eb faz\u00eb t\u00eb par\u00eb t\u00eb fal\u00ebnderoj SHBA-n\u00eb q\u00eb e korrigjuan tarif\u00ebn nga 33%, n\u00eb 15%. Ne vazhdojm\u00eb tutje me negociatat dhe jam optimist se do t\u00eb shkojm\u00eb edhe m\u00eb posht\u00eb\u201d, tha Mikcoski.<\/p>\n","protected":false},"excerpt":{"rendered":"<p>Kryeministri Hristijan Mickoski fal\u00ebnderoi SHBA-n\u00eb pas vendimit t\u00eb presidentit Trump p\u00ebr t\u00eb ulur tarifat p\u00ebr Maqedonin\u00eb e Veriut n\u00eb 15 p\u00ebr qind, p\u00ebrcjell TV21. Mickoski thot\u00eb se \u00ebsht\u00eb optimist se tarifat doganore do t\u00eb ulen edhe m\u00eb tep\u00ebr, nd\u00ebrsa tha se p\u00ebr momentin jemi n\u00eb pauz\u00eb, pasi Administrata Trump, respektivisht Zyra e P\u00ebrfaq\u00ebsuesit t\u00eb SHBA-t\u00eb [&hellip;]<\/p>\n","protected":false},"author":8,"featured_media":21210,"comment_status":"closed","ping_status":"closed","sticky":false,"template":"","format":"standard","meta":{"footnotes":""},"categories":[213,214],"tags":[],"class_list":["post-21209","post","type-post","status-publish","format-standard","has-post-thumbnail","hentry","category-lajme","category-maqedoni"],"yoast_head":"<!-- This site is optimized with the Yoast SEO plugin v25.1 - https:\/\/yoast.com\/wordpress\/plugins\/seo\/ -->\n<title>SHBA uli tarifat n\u00eb 15% p\u00ebr Maqedonin\u00eb, Mickoski: Negociatat vazhdojn\u00eb, jam optimist se do t\u00eb ulen edhe m\u00eb tep\u00ebr - press7.tv<\/title>\n<meta name=\"robots\" content=\"index, follow, max-snippet:-1, max-image-preview:large, max-video-preview:-1\" \/>\n<link rel=\"canonical\" href=\"https:\/\/www.press7.tv\/?p=21209\" \/>\n<meta property=\"og:locale\" content=\"en_US\" \/>\n<meta property=\"og:type\" content=\"article\" \/>\n<meta property=\"og:title\" content=\"SHBA uli tarifat n\u00eb 15% p\u00ebr Maqedonin\u00eb, Mickoski: Negociatat vazhdojn\u00eb, jam optimist se do t\u00eb ulen edhe m\u00eb tep\u00ebr - press7.tv\" \/>\n<meta property=\"og:description\" content=\"Kryeministri Hristijan Mickoski fal\u00ebnderoi SHBA-n\u00eb pas vendimit t\u00eb presidentit Trump p\u00ebr t\u00eb ulur tarifat p\u00ebr Maqedonin\u00eb e Veriut n\u00eb 15 p\u00ebr qind, p\u00ebrcjell TV21. Mickoski thot\u00eb se \u00ebsht\u00eb optimist se tarifat doganore do t\u00eb ulen edhe m\u00eb tep\u00ebr, nd\u00ebrsa tha se p\u00ebr momentin jemi n\u00eb pauz\u00eb, pasi Administrata Trump, respektivisht Zyra e P\u00ebrfaq\u00ebsuesit t\u00eb SHBA-t\u00eb [&hellip;]\" \/>\n<meta property=\"og:url\" content=\"https:\/\/www.press7.tv\/?p=21209\" \/>\n<meta property=\"og:site_name\" content=\"press7.tv\" \/>\n<meta property=\"article:publisher\" content=\"https:\/\/www.facebook.com\/press7.tv\" \/>\n<meta property=\"article:published_time\" content=\"2025-08-01T11:57:49+00:00\" \/>\n<meta property=\"og:image\" content=\"https:\/\/www.press7.tv\/wp-content\/uploads\/2025\/08\/IMG_6906.avif\" \/>\n\t<meta property=\"og:image:width\" content=\"1242\" \/>\n\t<meta property=\"og:image:height\" content=\"736\" \/>\n\t<meta property=\"og:image:type\" content=\"image\/jpeg\" \/>\n<meta name=\"author\" content=\"gazetar2\" \/>\n<meta name=\"twitter:card\" content=\"summary_large_image\" \/>\n<meta name=\"twitter:label1\" content=\"Written by\" \/>\n\t<meta name=\"twitter:data1\" content=\"gazetar2\" \/>\n\t<meta name=\"twitter:label2\" content=\"Est. reading time\" \/>\n\t<meta name=\"twitter:data2\" content=\"1 minute\" \/>\n<script type=\"application\/ld+json\" class=\"yoast-schema-graph\">{\"@context\":\"https:\/\/schema.org\",\"@graph\":[{\"@type\":\"Article\",\"@id\":\"https:\/\/www.press7.tv\/?p=21209#article\",\"isPartOf\":{\"@id\":\"https:\/\/www.press7.tv\/?p=21209\"},\"author\":{\"name\":\"gazetar2\",\"@id\":\"https:\/\/www.news33.tv\/#\/schema\/person\/5a04a38a23ccdba82f9bd665cd8f9efa\"},\"headline\":\"SHBA uli tarifat n\u00eb 15% p\u00ebr Maqedonin\u00eb, Mickoski: Negociatat vazhdojn\u00eb, jam optimist se do t\u00eb ulen edhe m\u00eb tep\u00ebr\",\"datePublished\":\"2025-08-01T11:57:49+00:00\",\"mainEntityOfPage\":{\"@id\":\"https:\/\/www.press7.tv\/?p=21209\"},\"wordCount\":170,\"publisher\":{\"@id\":\"https:\/\/www.news33.tv\/#organization\"},\"image\":{\"@id\":\"https:\/\/www.press7.tv\/?p=21209#primaryimage\"},\"thumbnailUrl\":\"https:\/\/www.press7.tv\/wp-content\/uploads\/2025\/08\/IMG_6906.avif\",\"articleSection\":[\"Lajme\",\"Maqedoni\"],\"inLanguage\":\"en-US\"},{\"@type\":\"WebPage\",\"@id\":\"https:\/\/www.press7.tv\/?p=21209\",\"url\":\"https:\/\/www.press7.tv\/?p=21209\",\"name\":\"SHBA uli tarifat n\u00eb 15% p\u00ebr Maqedonin\u00eb, Mickoski: Negociatat vazhdojn\u00eb, jam optimist se do t\u00eb ulen edhe m\u00eb tep\u00ebr - press7.tv\",\"isPartOf\":{\"@id\":\"https:\/\/www.news33.tv\/#website\"},\"primaryImageOfPage\":{\"@id\":\"https:\/\/www.press7.tv\/?p=21209#primaryimage\"},\"image\":{\"@id\":\"https:\/\/www.press7.tv\/?p=21209#primaryimage\"},\"thumbnailUrl\":\"https:\/\/www.press7.tv\/wp-content\/uploads\/2025\/08\/IMG_6906.avif\",\"datePublished\":\"2025-08-01T11:57:49+00:00\",\"breadcrumb\":{\"@id\":\"https:\/\/www.press7.tv\/?p=21209#breadcrumb\"},\"inLanguage\":\"en-US\",\"potentialAction\":[{\"@type\":\"ReadAction\",\"target\":[\"https:\/\/www.press7.tv\/?p=21209\"]}]},{\"@type\":\"ImageObject\",\"inLanguage\":\"en-US\",\"@id\":\"https:\/\/www.press7.tv\/?p=21209#primaryimage\",\"url\":\"https:\/\/www.press7.tv\/wp-content\/uploads\/2025\/08\/IMG_6906.avif\",\"contentUrl\":\"https:\/\/www.press7.tv\/wp-content\/uploads\/2025\/08\/IMG_6906.avif\",\"width\":1242,\"height\":736,\"caption\":\"Screenshot\"},{\"@type\":\"BreadcrumbList\",\"@id\":\"https:\/\/www.press7.tv\/?p=21209#breadcrumb\",\"itemListElement\":[{\"@type\":\"ListItem\",\"position\":1,\"name\":\"Home\",\"item\":\"https:\/\/www.press7.tv\/\"},{\"@type\":\"ListItem\",\"position\":2,\"name\":\"SHBA uli tarifat n\u00eb 15% p\u00ebr Maqedonin\u00eb, Mickoski: Negociatat vazhdojn\u00eb, jam optimist se do t\u00eb ulen edhe m\u00eb tep\u00ebr\"}]},{\"@type\":\"WebSite\",\"@id\":\"https:\/\/www.news33.tv\/#website\",\"url\":\"https:\/\/www.news33.tv\/\",\"name\":\"News33.tv Media\",\"description\":\"Media\",\"publisher\":{\"@id\":\"https:\/\/www.news33.tv\/#organization\"},\"potentialAction\":[{\"@type\":\"SearchAction\",\"target\":{\"@type\":\"EntryPoint\",\"urlTemplate\":\"https:\/\/www.news33.tv\/?s={search_term_string}\"},\"query-input\":{\"@type\":\"PropertyValueSpecification\",\"valueRequired\":true,\"valueName\":\"search_term_string\"}}],\"inLanguage\":\"en-US\"},{\"@type\":\"Organization\",\"@id\":\"https:\/\/www.news33.tv\/#organization\",\"name\":\"News33.tv Media\",\"url\":\"https:\/\/www.news33.tv\/\",\"logo\":{\"@type\":\"ImageObject\",\"inLanguage\":\"en-US\",\"@id\":\"https:\/\/www.news33.tv\/#\/schema\/logo\/image\/\",\"url\":\"https:\/\/www.press7.tv\/wp-content\/uploads\/2024\/02\/logo-news33-black.png\",\"contentUrl\":\"https:\/\/www.press7.tv\/wp-content\/uploads\/2024\/02\/logo-news33-black.png\",\"width\":180,\"height\":37,\"caption\":\"News33.tv Media\"},\"image\":{\"@id\":\"https:\/\/www.news33.tv\/#\/schema\/logo\/image\/\"},\"sameAs\":[\"https:\/\/www.facebook.com\/press7.tv\"]},{\"@type\":\"Person\",\"@id\":\"https:\/\/www.news33.tv\/#\/schema\/person\/5a04a38a23ccdba82f9bd665cd8f9efa\",\"name\":\"gazetar2\",\"image\":{\"@type\":\"ImageObject\",\"inLanguage\":\"en-US\",\"@id\":\"https:\/\/www.news33.tv\/#\/schema\/person\/image\/\",\"url\":\"https:\/\/www.press7.tv\/wp-content\/litespeed\/avatar\/41975e402c3049d9ddb03adca8f7a883.jpg?ver=1777774395\",\"contentUrl\":\"https:\/\/www.press7.tv\/wp-content\/litespeed\/avatar\/41975e402c3049d9ddb03adca8f7a883.jpg?ver=1777774395\",\"caption\":\"gazetar2\"},\"url\":\"https:\/\/www.press7.tv\/?author=8\"}]}<\/script>\n<!-- \/ Yoast SEO plugin. -->","yoast_head_json":{"title":"SHBA uli tarifat n\u00eb 15% p\u00ebr Maqedonin\u00eb, Mickoski: Negociatat vazhdojn\u00eb, jam optimist se do t\u00eb ulen edhe m\u00eb tep\u00ebr - press7.tv","robots":{"index":"index","follow":"follow","max-snippet":"max-snippet:-1","max-image-preview":"max-image-preview:large","max-video-preview":"max-video-preview:-1"},"canonical":"https:\/\/www.press7.tv\/?p=21209","og_locale":"en_US","og_type":"article","og_title":"SHBA uli tarifat n\u00eb 15% p\u00ebr Maqedonin\u00eb, Mickoski: Negociatat vazhdojn\u00eb, jam optimist se do t\u00eb ulen edhe m\u00eb tep\u00ebr - press7.tv","og_description":"Kryeministri Hristijan Mickoski fal\u00ebnderoi SHBA-n\u00eb pas vendimit t\u00eb presidentit Trump p\u00ebr t\u00eb ulur tarifat p\u00ebr Maqedonin\u00eb e Veriut n\u00eb 15 p\u00ebr qind, p\u00ebrcjell TV21. Mickoski thot\u00eb se \u00ebsht\u00eb optimist se tarifat doganore do t\u00eb ulen edhe m\u00eb tep\u00ebr, nd\u00ebrsa tha se p\u00ebr momentin jemi n\u00eb pauz\u00eb, pasi Administrata Trump, respektivisht Zyra e P\u00ebrfaq\u00ebsuesit t\u00eb SHBA-t\u00eb [&hellip;]","og_url":"https:\/\/www.press7.tv\/?p=21209","og_site_name":"press7.tv","article_publisher":"https:\/\/www.facebook.com\/press7.tv","article_published_time":"2025-08-01T11:57:49+00:00","og_image":[{"width":1242,"height":736,"url":"https:\/\/www.press7.tv\/wp-content\/uploads\/2025\/08\/IMG_6906.avif","type":"image\/jpeg"}],"author":"gazetar2","twitter_card":"summary_large_image","twitter_misc":{"Written by":"gazetar2","Est. reading time":"1 minute"},"schema":{"@context":"https:\/\/schema.org","@graph":[{"@type":"Article","@id":"https:\/\/www.press7.tv\/?p=21209#article","isPartOf":{"@id":"https:\/\/www.press7.tv\/?p=21209"},"author":{"name":"gazetar2","@id":"https:\/\/www.news33.tv\/#\/schema\/person\/5a04a38a23ccdba82f9bd665cd8f9efa"},"headline":"SHBA uli tarifat n\u00eb 15% p\u00ebr Maqedonin\u00eb, Mickoski: Negociatat vazhdojn\u00eb, jam optimist se do t\u00eb ulen edhe m\u00eb tep\u00ebr","datePublished":"2025-08-01T11:57:49+00:00","mainEntityOfPage":{"@id":"https:\/\/www.press7.tv\/?p=21209"},"wordCount":170,"publisher":{"@id":"https:\/\/www.news33.tv\/#organization"},"image":{"@id":"https:\/\/www.press7.tv\/?p=21209#primaryimage"},"thumbnailUrl":"https:\/\/www.press7.tv\/wp-content\/uploads\/2025\/08\/IMG_6906.avif","articleSection":["Lajme","Maqedoni"],"inLanguage":"en-US"},{"@type":"WebPage","@id":"https:\/\/www.press7.tv\/?p=21209","url":"https:\/\/www.press7.tv\/?p=21209","name":"SHBA uli tarifat n\u00eb 15% p\u00ebr Maqedonin\u00eb, Mickoski: Negociatat vazhdojn\u00eb, jam optimist se do t\u00eb ulen edhe m\u00eb tep\u00ebr - press7.tv","isPartOf":{"@id":"https:\/\/www.news33.tv\/#website"},"primaryImageOfPage":{"@id":"https:\/\/www.press7.tv\/?p=21209#primaryimage"},"image":{"@id":"https:\/\/www.press7.tv\/?p=21209#primaryimage"},"thumbnailUrl":"https:\/\/www.press7.tv\/wp-content\/uploads\/2025\/08\/IMG_6906.avif","datePublished":"2025-08-01T11:57:49+00:00","breadcrumb":{"@id":"https:\/\/www.press7.tv\/?p=21209#breadcrumb"},"inLanguage":"en-US","potentialAction":[{"@type":"ReadAction","target":["https:\/\/www.press7.tv\/?p=21209"]}]},{"@type":"ImageObject","inLanguage":"en-US","@id":"https:\/\/www.press7.tv\/?p=21209#primaryimage","url":"https:\/\/www.press7.tv\/wp-content\/uploads\/2025\/08\/IMG_6906.avif","contentUrl":"https:\/\/www.press7.tv\/wp-content\/uploads\/2025\/08\/IMG_6906.avif","width":1242,"height":736,"caption":"Screenshot"},{"@type":"BreadcrumbList","@id":"https:\/\/www.press7.tv\/?p=21209#breadcrumb","itemListElement":[{"@type":"ListItem","position":1,"name":"Home","item":"https:\/\/www.press7.tv\/"},{"@type":"ListItem","position":2,"name":"SHBA uli tarifat n\u00eb 15% p\u00ebr Maqedonin\u00eb, Mickoski: Negociatat vazhdojn\u00eb, jam optimist se do t\u00eb ulen edhe m\u00eb tep\u00ebr"}]},{"@type":"WebSite","@id":"https:\/\/www.news33.tv\/#website","url":"https:\/\/www.news33.tv\/","name":"News33.tv Media","description":"Media","publisher":{"@id":"https:\/\/www.news33.tv\/#organization"},"potentialAction":[{"@type":"SearchAction","target":{"@type":"EntryPoint","urlTemplate":"https:\/\/www.news33.tv\/?s={search_term_string}"},"query-input":{"@type":"PropertyValueSpecification","valueRequired":true,"valueName":"search_term_string"}}],"inLanguage":"en-US"},{"@type":"Organization","@id":"https:\/\/www.news33.tv\/#organization","name":"News33.tv Media","url":"https:\/\/www.news33.tv\/","logo":{"@type":"ImageObject","inLanguage":"en-US","@id":"https:\/\/www.news33.tv\/#\/schema\/logo\/image\/","url":"https:\/\/www.press7.tv\/wp-content\/uploads\/2024\/02\/logo-news33-black.png","contentUrl":"https:\/\/www.press7.tv\/wp-content\/uploads\/2024\/02\/logo-news33-black.png","width":180,"height":37,"caption":"News33.tv Media"},"image":{"@id":"https:\/\/www.news33.tv\/#\/schema\/logo\/image\/"},"sameAs":["https:\/\/www.facebook.com\/press7.tv"]},{"@type":"Person","@id":"https:\/\/www.news33.tv\/#\/schema\/person\/5a04a38a23ccdba82f9bd665cd8f9efa","name":"gazetar2","image":{"@type":"ImageObject","inLanguage":"en-US","@id":"https:\/\/www.news33.tv\/#\/schema\/person\/image\/","url":"https:\/\/www.press7.tv\/wp-content\/litespeed\/avatar\/41975e402c3049d9ddb03adca8f7a883.jpg?ver=1777774395","contentUrl":"https:\/\/www.press7.tv\/wp-content\/litespeed\/avatar\/41975e402c3049d9ddb03adca8f7a883.jpg?ver=1777774395","caption":"gazetar2"},"url":"https:\/\/www.press7.tv\/?author=8"}]}},"amp_enabled":true,"_links":{"self":[{"href":"https:\/\/www.press7.tv\/index.php?rest_route=\/wp\/v2\/posts\/21209","targetHints":{"allow":["GET"]}}],"collection":[{"href":"https:\/\/www.press7.tv\/index.php?rest_route=\/wp\/v2\/posts"}],"about":[{"href":"https:\/\/www.press7.tv\/index.php?rest_route=\/wp\/v2\/types\/post"}],"author":[{"embeddable":true,"href":"https:\/\/www.press7.tv\/index.php?rest_route=\/wp\/v2\/users\/8"}],"replies":[{"embeddable":true,"href":"https:\/\/www.press7.tv\/index.php?rest_route=%2Fwp%2Fv2%2Fcomments&post=21209"}],"version-history":[{"count":1,"href":"https:\/\/www.press7.tv\/index.php?rest_route=\/wp\/v2\/posts\/21209\/revisions"}],"predecessor-version":[{"id":21211,"href":"https:\/\/www.press7.tv\/index.php?rest_route=\/wp\/v2\/posts\/21209\/revisions\/21211"}],"wp:featuredmedia":[{"embeddable":true,"href":"https:\/\/www.press7.tv\/index.php?rest_route=\/wp\/v2\/media\/21210"}],"wp:attachment":[{"href":"https:\/\/www.press7.tv\/index.php?rest_route=%2Fwp%2Fv2%2Fmedia&parent=21209"}],"wp:term":[{"taxonomy":"category","embeddable":true,"href":"https:\/\/www.press7.tv\/index.php?rest_route=%2Fwp%2Fv2%2Fcategories&post=21209"},{"taxonomy":"post_tag","embeddable":true,"href":"https:\/\/www.press7.tv\/index.php?rest_route=%2Fwp%2Fv2%2Ftags&post=21209"}],"curies":[{"name":"wp","href":"https:\/\/api.w.org\/{rel}","templated":true}]}}