{"id":21205,"date":"2025-08-01T11:47:00","date_gmt":"2025-08-01T11:47:00","guid":{"rendered":"https:\/\/www.press7.tv\/?p=21205"},"modified":"2025-08-01T11:47:00","modified_gmt":"2025-08-01T11:47:00","slug":"kosova-heq-tarifen-ndaj-produkteve-nga-shba-ja","status":"publish","type":"post","link":"https:\/\/www.press7.tv\/?p=21205","title":{"rendered":"Kosova heq tarif\u00ebn ndaj produkteve nga SHBA-ja"},"content":{"rendered":"\n    <div class=\"xs_social_share_widget xs_share_url before_content \t\tmain_content  wslu-style-2 wslu-share-box-shaped wslu-fill-colored wslu-share-m-5 wslu-none wslu-share-vertical wslu-theme-font-no wslu-main_content\">\n\n\t\t\n        <ul>\n\t\t\t        <\/ul>\n    <\/div> \n<p>Qeveria e Kosov\u00ebs t\u00eb premten e ka larguar tarif\u00ebn doganore p\u00ebr mallrat nga Shtetet e Bashkuara t\u00eb Amerik\u00ebs.<\/p>\n<p>Kryeministri n\u00eb detyr\u00eb, Albin Kurti, ka th\u00ebn\u00eb se kjo d\u00ebshmon marr\u00ebdh\u00ebniet e mira me SHBA-n\u00eb.<\/p>\n<p>\u201cTani e tutje t\u00eb gjitha produktet nga SHBA do ken\u00eb zero p\u00ebr qind tarif\u00eb kur t\u00eb hyjn\u00eb n\u00eb Kosov\u00eb. Kosova i mir\u00ebpret produktet amerikane n\u00eb tregun e saj dhe besojm\u00eb fuqish\u00ebm se kjo do t\u00eb ndikoj\u00eb n\u00eb rritjen e k\u00ebmbimit tregtar dhe shtimin e investimeve\u201d, ka th\u00ebn\u00eb ai n\u00eb mbledhjen e Qeveris\u00eb.<\/p>\n<p>E, presidentja Vjosa Osmani ka shkruar n\u00eb platform\u00ebn X se Kosova \u00ebsht\u00eb partner i besuesh\u00ebm p\u00ebr Amerik\u00ebn.<\/p>\n<p>\u201cJemi krenar\u00eb q\u00eb jemi shteti i par\u00eb q\u00eb kemi propozuar p\u00ebr heqjen e t\u00eb gjitha barrierave ndaj aleatit ton\u00eb strategjik\u201d, ka shkruar ai, nd\u00ebrsa ka bashk\u00ebngjitur k\u00ebrkes\u00ebn kur ajo ia pati b\u00ebr\u00eb Qeveris\u00eb s\u00eb Kosov\u00ebs m\u00eb 3 prill p\u00ebr heqjen e tarifave ndaj mallrave amerikane.  <\/p>\n<p>Qeveria n\u00eb mbledhjen e 1 gushtit mori disa vendime. Nj\u00eb prej tyre ishte em\u00ebrimi i Hysen Musliukaj si Drejtor t\u00eb P\u00ebrgjithsh\u00ebm t\u00eb Institutit t\u00eb Kosov\u00ebs p\u00ebr Administrat\u00eb Publike.<\/p>\n<p>Ka pezulluar marr\u00ebdh\u00ebnien e pun\u00ebs p\u00ebr Sekretarin e Ministris\u00eb s\u00eb Zhvillimit Rajonal, Besim Kamberaj, p\u00ebr shkak t\u00eb ngritjes s\u00eb nj\u00eb aktakuze lidhur me detyr\u00ebn e tij zyrtare. Ai akuzohet bashk\u00eb me ministrin e Zhvillimit Rajonal, Fikrim Damka, p\u00ebr \u201ckeqp\u00ebrdorim t\u00eb pozit\u00ebs zyrtare\u201d.<\/p>\n<p>\u201cPezullimi nga detyra n\u00eb rast t\u00eb ngritjes s\u00eb aktakuz\u00ebs \u00ebsht\u00eb obligim ligjor i qeveris\u00eb\u201d, ka th\u00ebn\u00eb ministri n\u00eb detyr\u00eb i Brendsh\u00ebm, Xhelal Sve\u00e7la.<\/p>\n<p>Jan\u00eb ndar\u00eb 295 mij\u00eb euro p\u00ebr dy komuna. Komuna e Podujev\u00ebs do t\u00eb p\u00ebrfitoj\u00eb 178 mij\u00eb euro, nd\u00ebrsa ajo e Shtimes 117 mij\u00eb euro, me q\u00ebllim t\u00eb realizimit t\u00eb projekteve p\u00ebr menaxhimin e uj\u00ebrave t\u00eb zeza. Vendimi \u00ebsht\u00eb marr\u00eb me rekomandim t\u00eb Ministris\u00eb s\u00eb Financave.<\/p>\n<p>Qeveria ka ndar\u00eb gjithashtu nga 20 mij\u00eb euro p\u00ebr familjet e zjarrfik\u00ebsve Lima dhe Osmanaj, t\u00eb cil\u00ebt vdiq\u00ebn gjat\u00eb kryerjes s\u00eb detyr\u00ebs.<\/p>\n","protected":false},"excerpt":{"rendered":"<p>Qeveria e Kosov\u00ebs t\u00eb premten e ka larguar tarif\u00ebn doganore p\u00ebr mallrat nga Shtetet e Bashkuara t\u00eb Amerik\u00ebs. Kryeministri n\u00eb detyr\u00eb, Albin Kurti, ka th\u00ebn\u00eb se kjo d\u00ebshmon marr\u00ebdh\u00ebniet e mira me SHBA-n\u00eb. \u201cTani e tutje t\u00eb gjitha produktet nga SHBA do ken\u00eb zero p\u00ebr qind tarif\u00eb kur t\u00eb hyjn\u00eb n\u00eb Kosov\u00eb. Kosova i mir\u00ebpret [&hellip;]<\/p>\n","protected":false},"author":8,"featured_media":21206,"comment_status":"closed","ping_status":"closed","sticky":false,"template":"","format":"standard","meta":{"footnotes":""},"categories":[215,213],"tags":[],"class_list":["post-21205","post","type-post","status-publish","format-standard","has-post-thumbnail","hentry","category-kosove","category-lajme"],"yoast_head":"<!-- This site is optimized with the Yoast SEO plugin v25.1 - https:\/\/yoast.com\/wordpress\/plugins\/seo\/ -->\n<title>Kosova heq tarif\u00ebn ndaj produkteve nga SHBA-ja - press7.tv<\/title>\n<meta name=\"robots\" content=\"index, follow, max-snippet:-1, max-image-preview:large, max-video-preview:-1\" \/>\n<link rel=\"canonical\" href=\"https:\/\/www.press7.tv\/?p=21205\" \/>\n<meta property=\"og:locale\" content=\"en_US\" \/>\n<meta property=\"og:type\" content=\"article\" \/>\n<meta property=\"og:title\" content=\"Kosova heq tarif\u00ebn ndaj produkteve nga SHBA-ja - press7.tv\" \/>\n<meta property=\"og:description\" content=\"Qeveria e Kosov\u00ebs t\u00eb premten e ka larguar tarif\u00ebn doganore p\u00ebr mallrat nga Shtetet e Bashkuara t\u00eb Amerik\u00ebs. Kryeministri n\u00eb detyr\u00eb, Albin Kurti, ka th\u00ebn\u00eb se kjo d\u00ebshmon marr\u00ebdh\u00ebniet e mira me SHBA-n\u00eb. \u201cTani e tutje t\u00eb gjitha produktet nga SHBA do ken\u00eb zero p\u00ebr qind tarif\u00eb kur t\u00eb hyjn\u00eb n\u00eb Kosov\u00eb. Kosova i mir\u00ebpret [&hellip;]\" \/>\n<meta property=\"og:url\" content=\"https:\/\/www.press7.tv\/?p=21205\" \/>\n<meta property=\"og:site_name\" content=\"press7.tv\" \/>\n<meta property=\"article:publisher\" content=\"https:\/\/www.facebook.com\/press7.tv\" \/>\n<meta property=\"article:published_time\" content=\"2025-08-01T11:47:00+00:00\" \/>\n<meta property=\"og:image\" content=\"https:\/\/www.press7.tv\/wp-content\/uploads\/2025\/08\/IMG_6903.avif\" \/>\n\t<meta property=\"og:image:width\" content=\"1360\" \/>\n\t<meta property=\"og:image:height\" content=\"870\" \/>\n\t<meta property=\"og:image:type\" content=\"image\/webp\" \/>\n<meta name=\"author\" content=\"gazetar2\" \/>\n<meta name=\"twitter:card\" content=\"summary_large_image\" \/>\n<meta name=\"twitter:label1\" content=\"Written by\" \/>\n\t<meta name=\"twitter:data1\" content=\"gazetar2\" \/>\n\t<meta name=\"twitter:label2\" content=\"Est. reading time\" \/>\n\t<meta name=\"twitter:data2\" content=\"1 minute\" \/>\n<script type=\"application\/ld+json\" class=\"yoast-schema-graph\">{\"@context\":\"https:\/\/schema.org\",\"@graph\":[{\"@type\":\"Article\",\"@id\":\"https:\/\/www.press7.tv\/?p=21205#article\",\"isPartOf\":{\"@id\":\"https:\/\/www.press7.tv\/?p=21205\"},\"author\":{\"name\":\"gazetar2\",\"@id\":\"https:\/\/www.news33.tv\/#\/schema\/person\/5a04a38a23ccdba82f9bd665cd8f9efa\"},\"headline\":\"Kosova heq tarif\u00ebn ndaj produkteve nga SHBA-ja\",\"datePublished\":\"2025-08-01T11:47:00+00:00\",\"mainEntityOfPage\":{\"@id\":\"https:\/\/www.press7.tv\/?p=21205\"},\"wordCount\":364,\"publisher\":{\"@id\":\"https:\/\/www.news33.tv\/#organization\"},\"image\":{\"@id\":\"https:\/\/www.press7.tv\/?p=21205#primaryimage\"},\"thumbnailUrl\":\"https:\/\/www.press7.tv\/wp-content\/uploads\/2025\/08\/IMG_6903.avif\",\"articleSection\":[\"Kosov\u00eb\",\"Lajme\"],\"inLanguage\":\"en-US\"},{\"@type\":\"WebPage\",\"@id\":\"https:\/\/www.press7.tv\/?p=21205\",\"url\":\"https:\/\/www.press7.tv\/?p=21205\",\"name\":\"Kosova heq tarif\u00ebn ndaj produkteve nga SHBA-ja - press7.tv\",\"isPartOf\":{\"@id\":\"https:\/\/www.news33.tv\/#website\"},\"primaryImageOfPage\":{\"@id\":\"https:\/\/www.press7.tv\/?p=21205#primaryimage\"},\"image\":{\"@id\":\"https:\/\/www.press7.tv\/?p=21205#primaryimage\"},\"thumbnailUrl\":\"https:\/\/www.press7.tv\/wp-content\/uploads\/2025\/08\/IMG_6903.avif\",\"datePublished\":\"2025-08-01T11:47:00+00:00\",\"breadcrumb\":{\"@id\":\"https:\/\/www.press7.tv\/?p=21205#breadcrumb\"},\"inLanguage\":\"en-US\",\"potentialAction\":[{\"@type\":\"ReadAction\",\"target\":[\"https:\/\/www.press7.tv\/?p=21205\"]}]},{\"@type\":\"ImageObject\",\"inLanguage\":\"en-US\",\"@id\":\"https:\/\/www.press7.tv\/?p=21205#primaryimage\",\"url\":\"https:\/\/www.press7.tv\/wp-content\/uploads\/2025\/08\/IMG_6903.avif\",\"contentUrl\":\"https:\/\/www.press7.tv\/wp-content\/uploads\/2025\/08\/IMG_6903.avif\",\"width\":1360,\"height\":870},{\"@type\":\"BreadcrumbList\",\"@id\":\"https:\/\/www.press7.tv\/?p=21205#breadcrumb\",\"itemListElement\":[{\"@type\":\"ListItem\",\"position\":1,\"name\":\"Home\",\"item\":\"https:\/\/www.press7.tv\/\"},{\"@type\":\"ListItem\",\"position\":2,\"name\":\"Kosova heq tarif\u00ebn ndaj produkteve nga SHBA-ja\"}]},{\"@type\":\"WebSite\",\"@id\":\"https:\/\/www.news33.tv\/#website\",\"url\":\"https:\/\/www.news33.tv\/\",\"name\":\"News33.tv Media\",\"description\":\"Media\",\"publisher\":{\"@id\":\"https:\/\/www.news33.tv\/#organization\"},\"potentialAction\":[{\"@type\":\"SearchAction\",\"target\":{\"@type\":\"EntryPoint\",\"urlTemplate\":\"https:\/\/www.news33.tv\/?s={search_term_string}\"},\"query-input\":{\"@type\":\"PropertyValueSpecification\",\"valueRequired\":true,\"valueName\":\"search_term_string\"}}],\"inLanguage\":\"en-US\"},{\"@type\":\"Organization\",\"@id\":\"https:\/\/www.news33.tv\/#organization\",\"name\":\"News33.tv Media\",\"url\":\"https:\/\/www.news33.tv\/\",\"logo\":{\"@type\":\"ImageObject\",\"inLanguage\":\"en-US\",\"@id\":\"https:\/\/www.news33.tv\/#\/schema\/logo\/image\/\",\"url\":\"https:\/\/www.press7.tv\/wp-content\/uploads\/2024\/02\/logo-news33-black.png\",\"contentUrl\":\"https:\/\/www.press7.tv\/wp-content\/uploads\/2024\/02\/logo-news33-black.png\",\"width\":180,\"height\":37,\"caption\":\"News33.tv Media\"},\"image\":{\"@id\":\"https:\/\/www.news33.tv\/#\/schema\/logo\/image\/\"},\"sameAs\":[\"https:\/\/www.facebook.com\/press7.tv\"]},{\"@type\":\"Person\",\"@id\":\"https:\/\/www.news33.tv\/#\/schema\/person\/5a04a38a23ccdba82f9bd665cd8f9efa\",\"name\":\"gazetar2\",\"image\":{\"@type\":\"ImageObject\",\"inLanguage\":\"en-US\",\"@id\":\"https:\/\/www.news33.tv\/#\/schema\/person\/image\/\",\"url\":\"https:\/\/www.press7.tv\/wp-content\/litespeed\/avatar\/41975e402c3049d9ddb03adca8f7a883.jpg?ver=1777169572\",\"contentUrl\":\"https:\/\/www.press7.tv\/wp-content\/litespeed\/avatar\/41975e402c3049d9ddb03adca8f7a883.jpg?ver=1777169572\",\"caption\":\"gazetar2\"},\"url\":\"https:\/\/www.press7.tv\/?author=8\"}]}<\/script>\n<!-- \/ Yoast SEO plugin. -->","yoast_head_json":{"title":"Kosova heq tarif\u00ebn ndaj produkteve nga SHBA-ja - press7.tv","robots":{"index":"index","follow":"follow","max-snippet":"max-snippet:-1","max-image-preview":"max-image-preview:large","max-video-preview":"max-video-preview:-1"},"canonical":"https:\/\/www.press7.tv\/?p=21205","og_locale":"en_US","og_type":"article","og_title":"Kosova heq tarif\u00ebn ndaj produkteve nga SHBA-ja - press7.tv","og_description":"Qeveria e Kosov\u00ebs t\u00eb premten e ka larguar tarif\u00ebn doganore p\u00ebr mallrat nga Shtetet e Bashkuara t\u00eb Amerik\u00ebs. Kryeministri n\u00eb detyr\u00eb, Albin Kurti, ka th\u00ebn\u00eb se kjo d\u00ebshmon marr\u00ebdh\u00ebniet e mira me SHBA-n\u00eb. \u201cTani e tutje t\u00eb gjitha produktet nga SHBA do ken\u00eb zero p\u00ebr qind tarif\u00eb kur t\u00eb hyjn\u00eb n\u00eb Kosov\u00eb. Kosova i mir\u00ebpret [&hellip;]","og_url":"https:\/\/www.press7.tv\/?p=21205","og_site_name":"press7.tv","article_publisher":"https:\/\/www.facebook.com\/press7.tv","article_published_time":"2025-08-01T11:47:00+00:00","og_image":[{"width":1360,"height":870,"url":"https:\/\/www.press7.tv\/wp-content\/uploads\/2025\/08\/IMG_6903.avif","type":"image\/webp"}],"author":"gazetar2","twitter_card":"summary_large_image","twitter_misc":{"Written by":"gazetar2","Est. reading time":"1 minute"},"schema":{"@context":"https:\/\/schema.org","@graph":[{"@type":"Article","@id":"https:\/\/www.press7.tv\/?p=21205#article","isPartOf":{"@id":"https:\/\/www.press7.tv\/?p=21205"},"author":{"name":"gazetar2","@id":"https:\/\/www.news33.tv\/#\/schema\/person\/5a04a38a23ccdba82f9bd665cd8f9efa"},"headline":"Kosova heq tarif\u00ebn ndaj produkteve nga SHBA-ja","datePublished":"2025-08-01T11:47:00+00:00","mainEntityOfPage":{"@id":"https:\/\/www.press7.tv\/?p=21205"},"wordCount":364,"publisher":{"@id":"https:\/\/www.news33.tv\/#organization"},"image":{"@id":"https:\/\/www.press7.tv\/?p=21205#primaryimage"},"thumbnailUrl":"https:\/\/www.press7.tv\/wp-content\/uploads\/2025\/08\/IMG_6903.avif","articleSection":["Kosov\u00eb","Lajme"],"inLanguage":"en-US"},{"@type":"WebPage","@id":"https:\/\/www.press7.tv\/?p=21205","url":"https:\/\/www.press7.tv\/?p=21205","name":"Kosova heq tarif\u00ebn ndaj produkteve nga SHBA-ja - press7.tv","isPartOf":{"@id":"https:\/\/www.news33.tv\/#website"},"primaryImageOfPage":{"@id":"https:\/\/www.press7.tv\/?p=21205#primaryimage"},"image":{"@id":"https:\/\/www.press7.tv\/?p=21205#primaryimage"},"thumbnailUrl":"https:\/\/www.press7.tv\/wp-content\/uploads\/2025\/08\/IMG_6903.avif","datePublished":"2025-08-01T11:47:00+00:00","breadcrumb":{"@id":"https:\/\/www.press7.tv\/?p=21205#breadcrumb"},"inLanguage":"en-US","potentialAction":[{"@type":"ReadAction","target":["https:\/\/www.press7.tv\/?p=21205"]}]},{"@type":"ImageObject","inLanguage":"en-US","@id":"https:\/\/www.press7.tv\/?p=21205#primaryimage","url":"https:\/\/www.press7.tv\/wp-content\/uploads\/2025\/08\/IMG_6903.avif","contentUrl":"https:\/\/www.press7.tv\/wp-content\/uploads\/2025\/08\/IMG_6903.avif","width":1360,"height":870},{"@type":"BreadcrumbList","@id":"https:\/\/www.press7.tv\/?p=21205#breadcrumb","itemListElement":[{"@type":"ListItem","position":1,"name":"Home","item":"https:\/\/www.press7.tv\/"},{"@type":"ListItem","position":2,"name":"Kosova heq tarif\u00ebn ndaj produkteve nga SHBA-ja"}]},{"@type":"WebSite","@id":"https:\/\/www.news33.tv\/#website","url":"https:\/\/www.news33.tv\/","name":"News33.tv Media","description":"Media","publisher":{"@id":"https:\/\/www.news33.tv\/#organization"},"potentialAction":[{"@type":"SearchAction","target":{"@type":"EntryPoint","urlTemplate":"https:\/\/www.news33.tv\/?s={search_term_string}"},"query-input":{"@type":"PropertyValueSpecification","valueRequired":true,"valueName":"search_term_string"}}],"inLanguage":"en-US"},{"@type":"Organization","@id":"https:\/\/www.news33.tv\/#organization","name":"News33.tv Media","url":"https:\/\/www.news33.tv\/","logo":{"@type":"ImageObject","inLanguage":"en-US","@id":"https:\/\/www.news33.tv\/#\/schema\/logo\/image\/","url":"https:\/\/www.press7.tv\/wp-content\/uploads\/2024\/02\/logo-news33-black.png","contentUrl":"https:\/\/www.press7.tv\/wp-content\/uploads\/2024\/02\/logo-news33-black.png","width":180,"height":37,"caption":"News33.tv Media"},"image":{"@id":"https:\/\/www.news33.tv\/#\/schema\/logo\/image\/"},"sameAs":["https:\/\/www.facebook.com\/press7.tv"]},{"@type":"Person","@id":"https:\/\/www.news33.tv\/#\/schema\/person\/5a04a38a23ccdba82f9bd665cd8f9efa","name":"gazetar2","image":{"@type":"ImageObject","inLanguage":"en-US","@id":"https:\/\/www.news33.tv\/#\/schema\/person\/image\/","url":"https:\/\/www.press7.tv\/wp-content\/litespeed\/avatar\/41975e402c3049d9ddb03adca8f7a883.jpg?ver=1777169572","contentUrl":"https:\/\/www.press7.tv\/wp-content\/litespeed\/avatar\/41975e402c3049d9ddb03adca8f7a883.jpg?ver=1777169572","caption":"gazetar2"},"url":"https:\/\/www.press7.tv\/?author=8"}]}},"amp_enabled":true,"_links":{"self":[{"href":"https:\/\/www.press7.tv\/index.php?rest_route=\/wp\/v2\/posts\/21205","targetHints":{"allow":["GET"]}}],"collection":[{"href":"https:\/\/www.press7.tv\/index.php?rest_route=\/wp\/v2\/posts"}],"about":[{"href":"https:\/\/www.press7.tv\/index.php?rest_route=\/wp\/v2\/types\/post"}],"author":[{"embeddable":true,"href":"https:\/\/www.press7.tv\/index.php?rest_route=\/wp\/v2\/users\/8"}],"replies":[{"embeddable":true,"href":"https:\/\/www.press7.tv\/index.php?rest_route=%2Fwp%2Fv2%2Fcomments&post=21205"}],"version-history":[{"count":1,"href":"https:\/\/www.press7.tv\/index.php?rest_route=\/wp\/v2\/posts\/21205\/revisions"}],"predecessor-version":[{"id":21207,"href":"https:\/\/www.press7.tv\/index.php?rest_route=\/wp\/v2\/posts\/21205\/revisions\/21207"}],"wp:featuredmedia":[{"embeddable":true,"href":"https:\/\/www.press7.tv\/index.php?rest_route=\/wp\/v2\/media\/21206"}],"wp:attachment":[{"href":"https:\/\/www.press7.tv\/index.php?rest_route=%2Fwp%2Fv2%2Fmedia&parent=21205"}],"wp:term":[{"taxonomy":"category","embeddable":true,"href":"https:\/\/www.press7.tv\/index.php?rest_route=%2Fwp%2Fv2%2Fcategories&post=21205"},{"taxonomy":"post_tag","embeddable":true,"href":"https:\/\/www.press7.tv\/index.php?rest_route=%2Fwp%2Fv2%2Ftags&post=21205"}],"curies":[{"name":"wp","href":"https:\/\/api.w.org\/{rel}","templated":true}]}}