{"id":21199,"date":"2025-07-31T20:25:13","date_gmt":"2025-07-31T20:25:13","guid":{"rendered":"https:\/\/www.press7.tv\/?p=21199"},"modified":"2025-07-31T20:25:13","modified_gmt":"2025-07-31T20:25:13","slug":"dua-lipa-merr-shtetesine-e-kosoves","status":"publish","type":"post","link":"https:\/\/www.press7.tv\/?p=21199","title":{"rendered":"Dua Lipa merr shtet\u00ebsin\u00eb e Kosov\u00ebs"},"content":{"rendered":"\n    <div class=\"xs_social_share_widget xs_share_url before_content \t\tmain_content  wslu-style-2 wslu-share-box-shaped wslu-fill-colored wslu-share-m-5 wslu-none wslu-share-vertical wslu-theme-font-no wslu-main_content\">\n\n\t\t\n        <ul>\n\t\t\t        <\/ul>\n    <\/div> \n<p>K\u00ebng\u00ebtarja me fam\u00eb bot\u00ebror\u00eb Dua Lipa ka marr\u00eb shtet\u00ebsin\u00eb e Kosov\u00ebs. <\/p>\n<p>Ajo t\u00eb enjten \u00ebsht\u00eb pritur n\u00eb takim nga presidentja, Vjosa Osmani, e cila me dekret presidencial ia ka dh\u00ebn\u00eb shtet\u00ebsin\u00eb k\u00ebng\u00ebtares.   <\/p>\n<p>\u201cMir\u00eb se erdhe n\u00eb sht\u00ebpi, Dua! Nder i ve\u00e7ant\u00eb q\u00eb sot, me dekret presidencial, t&#8217;ia jap shtet\u00ebsin\u00eb e Republik\u00ebs s\u00eb Kosov\u00ebs, Dua Lip\u00ebs, nj\u00eb prej personaliteteve m\u00eb t\u00eb r\u00ebnd\u00ebsishme kulturore dhe artistike n\u00eb historin\u00eb e vendit ton\u00eb\u201d, ka shkruar Osmani n\u00eb Facebook. <\/p>\n<p>Ajo ka th\u00ebn\u00eb se Kosov\u00eb gjithmon\u00eb do t\u00eb jet\u00eb krenare me artisten. <\/p>\n<p>Dua dhe Kosova kan\u00eb qen\u00eb gjithmon\u00eb t\u00eb pandashme. Ajo ka qen\u00eb dhe vazhdon t\u00eb jet\u00eb nj\u00eb nga z\u00ebrat m\u00eb t\u00eb fuqish\u00ebm n\u00eb skenat m\u00eb t\u00eb m\u00ebdha t\u00eb bot\u00ebs, duke b\u00ebr\u00eb histori me t\u00eb arriturat e saj dhe duke u shnd\u00ebrruar n\u00eb inspirim p\u00ebr miliona njer\u00ebz anek\u00ebnd globit. Mir\u00ebnjohja jon\u00eb \u00ebsht\u00eb e pafund p\u00ebr gjith\u00e7ka q\u00eb Dua ka b\u00ebr\u00eb dhe vazhdon t\u00eb b\u00ebj\u00eb p\u00ebr Kosov\u00ebn, p\u00ebr rinin\u00eb ton\u00eb, p\u00ebr artin ton\u00eb dhe p\u00ebr imazhin nd\u00ebrkomb\u00ebtar t\u00eb vendit ton\u00eb\u201d, ka shkruar Osmani n\u00eb Facebook. <\/p>\n<p>Lipa po q\u00ebndron n\u00eb Kosov\u00eb ku do t\u00eb marr\u00eb pjes\u00eb n\u00eb \u201cSunny Hill Festival\u201d. Ajo do t\u00eb interpretoj\u00eb  n\u00eb nat\u00ebn e par\u00eb t\u00eb festivalit, t\u00eb premten.<\/p>\n<p><a href=\"https:\/\/www.facebook.com\/VjosaOsmaniMP\/posts\/1289205159230687?ref=embed_post\">https:\/\/www.facebook.com\/VjosaOsmaniMP\/posts\/1289205159230687?ref=embed_post<\/a><\/p>\n","protected":false},"excerpt":{"rendered":"<p>K\u00ebng\u00ebtarja me fam\u00eb bot\u00ebror\u00eb Dua Lipa ka marr\u00eb shtet\u00ebsin\u00eb e Kosov\u00ebs. Ajo t\u00eb enjten \u00ebsht\u00eb pritur n\u00eb takim nga presidentja, Vjosa Osmani, e cila me dekret presidencial ia ka dh\u00ebn\u00eb shtet\u00ebsin\u00eb k\u00ebng\u00ebtares. \u201cMir\u00eb se erdhe n\u00eb sht\u00ebpi, Dua! Nder i ve\u00e7ant\u00eb q\u00eb sot, me dekret presidencial, t&#8217;ia jap shtet\u00ebsin\u00eb e Republik\u00ebs s\u00eb Kosov\u00ebs, Dua Lip\u00ebs, [&hellip;]<\/p>\n","protected":false},"author":8,"featured_media":21200,"comment_status":"closed","ping_status":"closed","sticky":false,"template":"","format":"standard","meta":{"footnotes":""},"categories":[238],"tags":[],"class_list":["post-21199","post","type-post","status-publish","format-standard","has-post-thumbnail","hentry","category-showbiz"],"yoast_head":"<!-- This site is optimized with the Yoast SEO plugin v25.1 - https:\/\/yoast.com\/wordpress\/plugins\/seo\/ -->\n<title>Dua Lipa merr shtet\u00ebsin\u00eb e Kosov\u00ebs - press7.tv<\/title>\n<meta name=\"robots\" content=\"index, follow, max-snippet:-1, max-image-preview:large, max-video-preview:-1\" \/>\n<link rel=\"canonical\" href=\"https:\/\/www.press7.tv\/?p=21199\" \/>\n<meta property=\"og:locale\" content=\"en_US\" \/>\n<meta property=\"og:type\" content=\"article\" \/>\n<meta property=\"og:title\" content=\"Dua Lipa merr shtet\u00ebsin\u00eb e Kosov\u00ebs - press7.tv\" \/>\n<meta property=\"og:description\" content=\"K\u00ebng\u00ebtarja me fam\u00eb bot\u00ebror\u00eb Dua Lipa ka marr\u00eb shtet\u00ebsin\u00eb e Kosov\u00ebs. Ajo t\u00eb enjten \u00ebsht\u00eb pritur n\u00eb takim nga presidentja, Vjosa Osmani, e cila me dekret presidencial ia ka dh\u00ebn\u00eb shtet\u00ebsin\u00eb k\u00ebng\u00ebtares. \u201cMir\u00eb se erdhe n\u00eb sht\u00ebpi, Dua! Nder i ve\u00e7ant\u00eb q\u00eb sot, me dekret presidencial, t&#8217;ia jap shtet\u00ebsin\u00eb e Republik\u00ebs s\u00eb Kosov\u00ebs, Dua Lip\u00ebs, [&hellip;]\" \/>\n<meta property=\"og:url\" content=\"https:\/\/www.press7.tv\/?p=21199\" \/>\n<meta property=\"og:site_name\" content=\"press7.tv\" \/>\n<meta property=\"article:publisher\" content=\"https:\/\/www.facebook.com\/press7.tv\" \/>\n<meta property=\"article:published_time\" content=\"2025-07-31T20:25:13+00:00\" \/>\n<meta property=\"og:image\" content=\"https:\/\/www.press7.tv\/wp-content\/uploads\/2025\/07\/IMG_6895.avif\" \/>\n\t<meta property=\"og:image:width\" content=\"1360\" \/>\n\t<meta property=\"og:image:height\" content=\"870\" \/>\n\t<meta property=\"og:image:type\" content=\"image\/webp\" \/>\n<meta name=\"author\" content=\"gazetar2\" \/>\n<meta name=\"twitter:card\" content=\"summary_large_image\" \/>\n<meta name=\"twitter:label1\" content=\"Written by\" \/>\n\t<meta name=\"twitter:data1\" content=\"gazetar2\" \/>\n\t<meta name=\"twitter:label2\" content=\"Est. reading time\" \/>\n\t<meta name=\"twitter:data2\" content=\"1 minute\" \/>\n<script type=\"application\/ld+json\" class=\"yoast-schema-graph\">{\"@context\":\"https:\/\/schema.org\",\"@graph\":[{\"@type\":\"Article\",\"@id\":\"https:\/\/www.press7.tv\/?p=21199#article\",\"isPartOf\":{\"@id\":\"https:\/\/www.press7.tv\/?p=21199\"},\"author\":{\"name\":\"gazetar2\",\"@id\":\"https:\/\/www.news33.tv\/#\/schema\/person\/5a04a38a23ccdba82f9bd665cd8f9efa\"},\"headline\":\"Dua Lipa merr shtet\u00ebsin\u00eb e Kosov\u00ebs\",\"datePublished\":\"2025-07-31T20:25:13+00:00\",\"mainEntityOfPage\":{\"@id\":\"https:\/\/www.press7.tv\/?p=21199\"},\"wordCount\":253,\"publisher\":{\"@id\":\"https:\/\/www.news33.tv\/#organization\"},\"image\":{\"@id\":\"https:\/\/www.press7.tv\/?p=21199#primaryimage\"},\"thumbnailUrl\":\"https:\/\/www.press7.tv\/wp-content\/uploads\/2025\/07\/IMG_6895.avif\",\"articleSection\":[\"ShowBiz\"],\"inLanguage\":\"en-US\"},{\"@type\":\"WebPage\",\"@id\":\"https:\/\/www.press7.tv\/?p=21199\",\"url\":\"https:\/\/www.press7.tv\/?p=21199\",\"name\":\"Dua Lipa merr shtet\u00ebsin\u00eb e Kosov\u00ebs - press7.tv\",\"isPartOf\":{\"@id\":\"https:\/\/www.news33.tv\/#website\"},\"primaryImageOfPage\":{\"@id\":\"https:\/\/www.press7.tv\/?p=21199#primaryimage\"},\"image\":{\"@id\":\"https:\/\/www.press7.tv\/?p=21199#primaryimage\"},\"thumbnailUrl\":\"https:\/\/www.press7.tv\/wp-content\/uploads\/2025\/07\/IMG_6895.avif\",\"datePublished\":\"2025-07-31T20:25:13+00:00\",\"breadcrumb\":{\"@id\":\"https:\/\/www.press7.tv\/?p=21199#breadcrumb\"},\"inLanguage\":\"en-US\",\"potentialAction\":[{\"@type\":\"ReadAction\",\"target\":[\"https:\/\/www.press7.tv\/?p=21199\"]}]},{\"@type\":\"ImageObject\",\"inLanguage\":\"en-US\",\"@id\":\"https:\/\/www.press7.tv\/?p=21199#primaryimage\",\"url\":\"https:\/\/www.press7.tv\/wp-content\/uploads\/2025\/07\/IMG_6895.avif\",\"contentUrl\":\"https:\/\/www.press7.tv\/wp-content\/uploads\/2025\/07\/IMG_6895.avif\",\"width\":1360,\"height\":870},{\"@type\":\"BreadcrumbList\",\"@id\":\"https:\/\/www.press7.tv\/?p=21199#breadcrumb\",\"itemListElement\":[{\"@type\":\"ListItem\",\"position\":1,\"name\":\"Home\",\"item\":\"https:\/\/www.press7.tv\/\"},{\"@type\":\"ListItem\",\"position\":2,\"name\":\"Dua Lipa merr shtet\u00ebsin\u00eb e Kosov\u00ebs\"}]},{\"@type\":\"WebSite\",\"@id\":\"https:\/\/www.news33.tv\/#website\",\"url\":\"https:\/\/www.news33.tv\/\",\"name\":\"News33.tv Media\",\"description\":\"Media\",\"publisher\":{\"@id\":\"https:\/\/www.news33.tv\/#organization\"},\"potentialAction\":[{\"@type\":\"SearchAction\",\"target\":{\"@type\":\"EntryPoint\",\"urlTemplate\":\"https:\/\/www.news33.tv\/?s={search_term_string}\"},\"query-input\":{\"@type\":\"PropertyValueSpecification\",\"valueRequired\":true,\"valueName\":\"search_term_string\"}}],\"inLanguage\":\"en-US\"},{\"@type\":\"Organization\",\"@id\":\"https:\/\/www.news33.tv\/#organization\",\"name\":\"News33.tv Media\",\"url\":\"https:\/\/www.news33.tv\/\",\"logo\":{\"@type\":\"ImageObject\",\"inLanguage\":\"en-US\",\"@id\":\"https:\/\/www.news33.tv\/#\/schema\/logo\/image\/\",\"url\":\"https:\/\/www.press7.tv\/wp-content\/uploads\/2024\/02\/logo-news33-black.png\",\"contentUrl\":\"https:\/\/www.press7.tv\/wp-content\/uploads\/2024\/02\/logo-news33-black.png\",\"width\":180,\"height\":37,\"caption\":\"News33.tv Media\"},\"image\":{\"@id\":\"https:\/\/www.news33.tv\/#\/schema\/logo\/image\/\"},\"sameAs\":[\"https:\/\/www.facebook.com\/press7.tv\"]},{\"@type\":\"Person\",\"@id\":\"https:\/\/www.news33.tv\/#\/schema\/person\/5a04a38a23ccdba82f9bd665cd8f9efa\",\"name\":\"gazetar2\",\"image\":{\"@type\":\"ImageObject\",\"inLanguage\":\"en-US\",\"@id\":\"https:\/\/www.news33.tv\/#\/schema\/person\/image\/\",\"url\":\"https:\/\/www.press7.tv\/wp-content\/litespeed\/avatar\/41975e402c3049d9ddb03adca8f7a883.jpg?ver=1777169572\",\"contentUrl\":\"https:\/\/www.press7.tv\/wp-content\/litespeed\/avatar\/41975e402c3049d9ddb03adca8f7a883.jpg?ver=1777169572\",\"caption\":\"gazetar2\"},\"url\":\"https:\/\/www.press7.tv\/?author=8\"}]}<\/script>\n<!-- \/ Yoast SEO plugin. -->","yoast_head_json":{"title":"Dua Lipa merr shtet\u00ebsin\u00eb e Kosov\u00ebs - press7.tv","robots":{"index":"index","follow":"follow","max-snippet":"max-snippet:-1","max-image-preview":"max-image-preview:large","max-video-preview":"max-video-preview:-1"},"canonical":"https:\/\/www.press7.tv\/?p=21199","og_locale":"en_US","og_type":"article","og_title":"Dua Lipa merr shtet\u00ebsin\u00eb e Kosov\u00ebs - press7.tv","og_description":"K\u00ebng\u00ebtarja me fam\u00eb bot\u00ebror\u00eb Dua Lipa ka marr\u00eb shtet\u00ebsin\u00eb e Kosov\u00ebs. Ajo t\u00eb enjten \u00ebsht\u00eb pritur n\u00eb takim nga presidentja, Vjosa Osmani, e cila me dekret presidencial ia ka dh\u00ebn\u00eb shtet\u00ebsin\u00eb k\u00ebng\u00ebtares. \u201cMir\u00eb se erdhe n\u00eb sht\u00ebpi, Dua! Nder i ve\u00e7ant\u00eb q\u00eb sot, me dekret presidencial, t&#8217;ia jap shtet\u00ebsin\u00eb e Republik\u00ebs s\u00eb Kosov\u00ebs, Dua Lip\u00ebs, [&hellip;]","og_url":"https:\/\/www.press7.tv\/?p=21199","og_site_name":"press7.tv","article_publisher":"https:\/\/www.facebook.com\/press7.tv","article_published_time":"2025-07-31T20:25:13+00:00","og_image":[{"width":1360,"height":870,"url":"https:\/\/www.press7.tv\/wp-content\/uploads\/2025\/07\/IMG_6895.avif","type":"image\/webp"}],"author":"gazetar2","twitter_card":"summary_large_image","twitter_misc":{"Written by":"gazetar2","Est. reading time":"1 minute"},"schema":{"@context":"https:\/\/schema.org","@graph":[{"@type":"Article","@id":"https:\/\/www.press7.tv\/?p=21199#article","isPartOf":{"@id":"https:\/\/www.press7.tv\/?p=21199"},"author":{"name":"gazetar2","@id":"https:\/\/www.news33.tv\/#\/schema\/person\/5a04a38a23ccdba82f9bd665cd8f9efa"},"headline":"Dua Lipa merr shtet\u00ebsin\u00eb e Kosov\u00ebs","datePublished":"2025-07-31T20:25:13+00:00","mainEntityOfPage":{"@id":"https:\/\/www.press7.tv\/?p=21199"},"wordCount":253,"publisher":{"@id":"https:\/\/www.news33.tv\/#organization"},"image":{"@id":"https:\/\/www.press7.tv\/?p=21199#primaryimage"},"thumbnailUrl":"https:\/\/www.press7.tv\/wp-content\/uploads\/2025\/07\/IMG_6895.avif","articleSection":["ShowBiz"],"inLanguage":"en-US"},{"@type":"WebPage","@id":"https:\/\/www.press7.tv\/?p=21199","url":"https:\/\/www.press7.tv\/?p=21199","name":"Dua Lipa merr shtet\u00ebsin\u00eb e Kosov\u00ebs - press7.tv","isPartOf":{"@id":"https:\/\/www.news33.tv\/#website"},"primaryImageOfPage":{"@id":"https:\/\/www.press7.tv\/?p=21199#primaryimage"},"image":{"@id":"https:\/\/www.press7.tv\/?p=21199#primaryimage"},"thumbnailUrl":"https:\/\/www.press7.tv\/wp-content\/uploads\/2025\/07\/IMG_6895.avif","datePublished":"2025-07-31T20:25:13+00:00","breadcrumb":{"@id":"https:\/\/www.press7.tv\/?p=21199#breadcrumb"},"inLanguage":"en-US","potentialAction":[{"@type":"ReadAction","target":["https:\/\/www.press7.tv\/?p=21199"]}]},{"@type":"ImageObject","inLanguage":"en-US","@id":"https:\/\/www.press7.tv\/?p=21199#primaryimage","url":"https:\/\/www.press7.tv\/wp-content\/uploads\/2025\/07\/IMG_6895.avif","contentUrl":"https:\/\/www.press7.tv\/wp-content\/uploads\/2025\/07\/IMG_6895.avif","width":1360,"height":870},{"@type":"BreadcrumbList","@id":"https:\/\/www.press7.tv\/?p=21199#breadcrumb","itemListElement":[{"@type":"ListItem","position":1,"name":"Home","item":"https:\/\/www.press7.tv\/"},{"@type":"ListItem","position":2,"name":"Dua Lipa merr shtet\u00ebsin\u00eb e Kosov\u00ebs"}]},{"@type":"WebSite","@id":"https:\/\/www.news33.tv\/#website","url":"https:\/\/www.news33.tv\/","name":"News33.tv Media","description":"Media","publisher":{"@id":"https:\/\/www.news33.tv\/#organization"},"potentialAction":[{"@type":"SearchAction","target":{"@type":"EntryPoint","urlTemplate":"https:\/\/www.news33.tv\/?s={search_term_string}"},"query-input":{"@type":"PropertyValueSpecification","valueRequired":true,"valueName":"search_term_string"}}],"inLanguage":"en-US"},{"@type":"Organization","@id":"https:\/\/www.news33.tv\/#organization","name":"News33.tv Media","url":"https:\/\/www.news33.tv\/","logo":{"@type":"ImageObject","inLanguage":"en-US","@id":"https:\/\/www.news33.tv\/#\/schema\/logo\/image\/","url":"https:\/\/www.press7.tv\/wp-content\/uploads\/2024\/02\/logo-news33-black.png","contentUrl":"https:\/\/www.press7.tv\/wp-content\/uploads\/2024\/02\/logo-news33-black.png","width":180,"height":37,"caption":"News33.tv Media"},"image":{"@id":"https:\/\/www.news33.tv\/#\/schema\/logo\/image\/"},"sameAs":["https:\/\/www.facebook.com\/press7.tv"]},{"@type":"Person","@id":"https:\/\/www.news33.tv\/#\/schema\/person\/5a04a38a23ccdba82f9bd665cd8f9efa","name":"gazetar2","image":{"@type":"ImageObject","inLanguage":"en-US","@id":"https:\/\/www.news33.tv\/#\/schema\/person\/image\/","url":"https:\/\/www.press7.tv\/wp-content\/litespeed\/avatar\/41975e402c3049d9ddb03adca8f7a883.jpg?ver=1777169572","contentUrl":"https:\/\/www.press7.tv\/wp-content\/litespeed\/avatar\/41975e402c3049d9ddb03adca8f7a883.jpg?ver=1777169572","caption":"gazetar2"},"url":"https:\/\/www.press7.tv\/?author=8"}]}},"amp_enabled":true,"_links":{"self":[{"href":"https:\/\/www.press7.tv\/index.php?rest_route=\/wp\/v2\/posts\/21199","targetHints":{"allow":["GET"]}}],"collection":[{"href":"https:\/\/www.press7.tv\/index.php?rest_route=\/wp\/v2\/posts"}],"about":[{"href":"https:\/\/www.press7.tv\/index.php?rest_route=\/wp\/v2\/types\/post"}],"author":[{"embeddable":true,"href":"https:\/\/www.press7.tv\/index.php?rest_route=\/wp\/v2\/users\/8"}],"replies":[{"embeddable":true,"href":"https:\/\/www.press7.tv\/index.php?rest_route=%2Fwp%2Fv2%2Fcomments&post=21199"}],"version-history":[{"count":1,"href":"https:\/\/www.press7.tv\/index.php?rest_route=\/wp\/v2\/posts\/21199\/revisions"}],"predecessor-version":[{"id":21201,"href":"https:\/\/www.press7.tv\/index.php?rest_route=\/wp\/v2\/posts\/21199\/revisions\/21201"}],"wp:featuredmedia":[{"embeddable":true,"href":"https:\/\/www.press7.tv\/index.php?rest_route=\/wp\/v2\/media\/21200"}],"wp:attachment":[{"href":"https:\/\/www.press7.tv\/index.php?rest_route=%2Fwp%2Fv2%2Fmedia&parent=21199"}],"wp:term":[{"taxonomy":"category","embeddable":true,"href":"https:\/\/www.press7.tv\/index.php?rest_route=%2Fwp%2Fv2%2Fcategories&post=21199"},{"taxonomy":"post_tag","embeddable":true,"href":"https:\/\/www.press7.tv\/index.php?rest_route=%2Fwp%2Fv2%2Ftags&post=21199"}],"curies":[{"name":"wp","href":"https:\/\/api.w.org\/{rel}","templated":true}]}}