{"id":21193,"date":"2025-07-31T16:52:59","date_gmt":"2025-07-31T16:52:59","guid":{"rendered":"https:\/\/www.press7.tv\/?p=21193"},"modified":"2025-07-31T16:55:05","modified_gmt":"2025-07-31T16:55:05","slug":"biznesi-mbi-gazetarine-si-po-kapen-mediat-e-kosoves-nga-interesat-korporative","status":"publish","type":"post","link":"https:\/\/www.press7.tv\/?p=21193","title":{"rendered":"Biznesi mbi gazetarin\u00eb: Si po kapen mediat e Kosov\u00ebs nga interesat korporative"},"content":{"rendered":"\n    <div class=\"xs_social_share_widget xs_share_url before_content \t\tmain_content  wslu-style-2 wslu-share-box-shaped wslu-fill-colored wslu-share-m-5 wslu-none wslu-share-vertical wslu-theme-font-no wslu-main_content\">\n\n\t\t\n        <ul>\n\t\t\t        <\/ul>\n    <\/div> \n<p>Me p\u00ebrqendrimin gjithnj\u00eb e m\u00eb t\u00eb madh t\u00eb mediave n\u00eb Kosov\u00eb dhe rajon n\u00eb duart e mogul\u00ebve t\u00eb m\u00ebdhenj t\u00eb biznesit, gazetar\u00ebt thon\u00eb se censura p\u00ebr t\u00eb mbrojtur interesat e pronar\u00ebve \u00ebsht\u00eb b\u00ebr\u00eb \u201cnorm\u00eb\u201d.<\/p>\n<p>Shefat e Klan Kosov\u00ebs, nj\u00eb prej kompanive m\u00eb t\u00eb m\u00ebdha mediatike n\u00eb Kosov\u00eb, kan\u00eb nj\u00eb qasje t\u00eb thjesht\u00eb ndaj lajmeve q\u00eb prekin pronar\u00ebt e pasur t\u00eb tyre \u2013 i injorojn\u00eb.<br \/>\n\u201cNuk na lejohej t\u00eb raportojm\u00eb p\u00ebr gj\u00ebra q\u00eb preknin interesat apo imazhin e bizneseve t\u00eb pronar\u00ebve,\u201d shpjegon nj\u00eb gazetar me p\u00ebrvoj\u00eb n\u00eb Klan Kosova.<\/p>\n<p>Kjo strategji u vu n\u00eb qend\u00ebr t\u00eb v\u00ebmendjes n\u00eb vitin 2024, kur SHBA vendosi embargo ndaj Comodita Home, kompania e dyshek\u00ebve e familjes Devolli, p\u00ebr shkak t\u00eb akuzave p\u00ebr \u00e7mime t\u00eb padrejta.<br \/>\n\u201cNuk raportuam arsyen e embargos,\u201d thot\u00eb gazetari, i cili si shumica e koleg\u00ebve q\u00eb fol\u00ebn p\u00ebr k\u00ebt\u00eb artikull p\u00ebr Euractiv, k\u00ebrkoi t\u00eb mbetet anonim nga frika e nd\u00ebshkimit.<br \/>\n\u201cM\u00eb von\u00eb, pati vet\u00ebm raportime se pse qeveria nuk mbron bizneset,\u201d shton ai.<\/p>\n<p>N\u00eb Evrop\u00ebn Juglindore, liria e shtypit \u00ebsht\u00eb n\u00ebn presion t\u00eb shtuar, ve\u00e7an\u00ebrisht n\u00eb Kosov\u00eb \u2013 shteti i vog\u00ebl me shumic\u00eb shqiptare q\u00eb u shk\u00ebput nga Serbia n\u00eb vitin 2008.<br \/>\nRruga e trazuar e k\u00ebtij vendi \u00ebsht\u00eb befasuese, ve\u00e7an\u00ebrisht kur merret parasysh se konsiderohej si nj\u00eb laborator i nd\u00ebrtimit t\u00eb shtetit nga Per\u00ebndimi. SHBA dhe BE kan\u00eb derdhur miliarda n\u00eb Kosov\u00eb q\u00eb nga p\u00ebrfundimi i luft\u00ebs p\u00ebr pavar\u00ebsi m\u00eb shum\u00eb se nj\u00eb \u00e7erek shekulli m\u00eb par\u00eb dhe vazhdojn\u00eb t\u00eb ken\u00eb ndikim t\u00eb madh n\u00eb politik\u00ebn dhe shoq\u00ebrin\u00eb civile t\u00eb saj.<br \/>\nMegjithat\u00eb, dit\u00ebt kur Kosova shihej si shpres\u00eb p\u00ebr demokracin\u00eb n\u00eb Ballkan kan\u00eb kaluar \u2013 nj\u00eb realitet q\u00eb vihet qart\u00eb re n\u00eb sektorin e mediave.<br \/>\nVendi ka r\u00ebn\u00eb n\u00eb vendin e 99-t\u00eb n\u00eb Indeksin Bot\u00ebror t\u00eb Liris\u00eb s\u00eb Shtypit 2025 \u2013 nj\u00eb nga pozicionet m\u00eb t\u00eb ul\u00ebta n\u00eb Evrop\u00eb. Reporter\u00ebt pa Kufij kan\u00eb p\u00ebrmendur rritjen e kontrollit nga grupet e biznesit me lidhje politike dhe efektin e tyre t\u00eb d\u00ebmsh\u00ebm n\u00eb pavar\u00ebsin\u00eb e mediave.<\/p>\n<p>Megjith\u00ebse n\u00eb let\u00ebr peizazhi mediatik i Kosov\u00ebs duket pluralist, prapa skenave gazetar\u00ebt p\u00ebrshkruajn\u00eb nj\u00eb realitet shum\u00eb m\u00eb t\u00eb komprometuar \u2013 ku censura n\u00eb sh\u00ebrbim t\u00eb interesave private \u00ebsht\u00eb b\u00ebr\u00eb \u201cnormale\u201d.<\/p>\n<p>Takoni Devoll\u00ebt<\/p>\n<p>Pak aktor\u00eb e p\u00ebrfaq\u00ebsojn\u00eb k\u00ebt\u00eb dinamik\u00eb m\u00eb qart\u00eb se Devolli Group \u2013 nj\u00eb perandori biznesi e drejtuar nga v\u00ebllez\u00ebrit Blerim dhe Shk\u00eblqim Devolli, me interesa q\u00eb shtrihen nga kafeja dhe dyshek\u00ebt te mediat dhe telekomi.<br \/>\nGrupi zot\u00ebron televizionin Klan Kosova, nj\u00eb radio dhe nj\u00eb operator kabllor \u2013 t\u00eb gjitha platforma kritike p\u00ebr form\u00ebsimin e opinionit publik. Por gazetar\u00eb aktual\u00eb dhe ish-punonj\u00ebs thon\u00eb se vijat editoriale diktohen nga prioritetet korporative, jo nga standardet gazetareske.<br \/>\n\u201cGjith\u00e7ka \u00ebsht\u00eb strukturuar p\u00ebr t\u00eb mbrojtur biznesin e kompanis\u00eb,\u201d tha nj\u00eb tjet\u00ebr redaktor n\u00eb Klan Kosova.<\/p>\n<p>Nj\u00eb ish-punonj\u00ebs e tha edhe m\u00eb tro\u00e7: \u201cNuk mund ta b\u00ebnim pun\u00ebn profesionalisht pa u p\u00ebrplasur me biznesin. Pronar\u00ebt ishin t\u00eb interesuar t\u00eb shtynin nj\u00eb agjend\u00eb p\u00ebr ndikim politik.\u201d<\/p>\n<p>K\u00ebto presione u p\u00ebrshkall\u00ebzuan n\u00eb vitin 2023, kur Ministria e Industris\u00eb dhe Tregtis\u00eb n\u00eb Kosov\u00eb vendosi t\u00eb pezulloj\u00eb certifikat\u00ebn e biznesit t\u00eb Klan Kosov\u00ebs, duke p\u00ebrmendur regjistrimin e saj n\u00eb Serbi si shkelje t\u00eb Kushtetut\u00ebs.<br \/>\nNd\u00ebrsa kjo l\u00ebvizje shkaktoi zem\u00ebrim si nj\u00eb sulm i mundsh\u00ebm ndaj liris\u00eb s\u00eb shtypit, reagimi i brendsh\u00ebm zbuloi probleme m\u00eb t\u00eb thella. Sipas nj\u00eb ish-punonj\u00ebsi, Shk\u00eblqim Devolli urdh\u00ebroi mbulim kritik t\u00eb p\u00ebrgjithsh\u00ebm kund\u00ebr kryeministrit Albin Kurti.<br \/>\n\u201cIshte nj\u00eb lloj mobilizimi i t\u00eb gjitha programeve televizive kund\u00ebr qeveris\u00eb, i nxitur nga bindja se vet\u00eb ekzistenca e televizionit ishte n\u00eb rrezik,\u201d tha punonj\u00ebsi.<\/p>\n<p>Menaxhmenti i Devolli Corporation dhe kryeredaktori i Klan Kosov\u00ebs nuk pranuan t\u00eb komentojn\u00eb, pavar\u00ebsisht disa p\u00ebrpjekjeve.<\/p>\n<p>Nj\u00eb kriz\u00eb rajonale<\/p>\n<p>K\u00ebto presione nuk jan\u00eb t\u00eb izoluara. N\u00eb Kosov\u00eb dhe rajon, nj\u00eb hetim gjasht\u00ebmujor me mbi 30 burime zbuloi nj\u00eb trend t\u00eb qart\u00eb: konsolidimi i pron\u00ebsis\u00eb mediatike n\u00eb duart e mogul\u00ebve t\u00eb fuqish\u00ebm t\u00eb biznesit q\u00eb p\u00ebrdorin mediat p\u00ebr t\u00eb mbrojtur interesat e tyre financiare dhe politike.<br \/>\nRaporti i BE-s\u00eb p\u00ebr Sundimin e Ligjit 2025 i pasqyron k\u00ebto shqet\u00ebsime, duke k\u00ebrkuar m\u00eb shum\u00eb transparenc\u00eb n\u00eb pron\u00ebsin\u00eb e mediave dhe masa m\u00eb t\u00eb forta p\u00ebr t\u00eb garantuar pavar\u00ebsin\u00eb editoriale. Pa k\u00ebto reforma, v\u00ebzhguesit paralajm\u00ebrojn\u00eb se perspektivat e an\u00ebtar\u00ebsimit t\u00eb Kosov\u00ebs n\u00eb BE dhe institucionet e saj demokratike do t\u00eb mbeten t\u00eb cenueshme.<br \/>\nNj\u00eb raport i p\u00ebrkohsh\u00ebm i Parlamentit Evropian i publikuar n\u00eb shkurt gjithashtu \u201ck\u00ebrkon m\u00eb shum\u00eb transparenc\u00eb mbi pron\u00ebsin\u00eb dhe financimin e mediave me q\u00ebllim forcimin e pavar\u00ebsis\u00eb dhe pluralizmit mediatik.\u201d<\/p>\n<p>Censura p\u00ebrmes mosraportimit<\/p>\n<p>Edhe mediat e tjera ndjekin modele t\u00eb ngjashme. N\u00eb vitin 2020, emisioni investigativ i BIRN Kosovo \u201cJeta n\u00eb Kosov\u00eb\u201d transmetoi nj\u00eb storie p\u00ebr kompani guask\u00eb t\u00eb lidhura me Blerim Devollin. Menj\u00ebher\u00eb pas k\u00ebsaj, RTK \u2013 transmetuesi publik i Kosov\u00ebs \u2013 anuloi emisionin pas 15 vitesh transmetim.<br \/>\nJeta Xharra, autorja e emisionit, tha se drejtori i at\u00ebhersh\u00ebm i RTK-s\u00eb, Ngadhnjim Kastrati, i kishte pranuar privatisht: \u201cNa shkaktuat probleme me at\u00eb storie.\u201d Kastrati m\u00eb pas mori nj\u00eb post n\u00eb ABC News, q\u00eb thuhet se ka lidhje me nj\u00eb bashk\u00ebpun\u00ebtor t\u00eb Devollit.<br \/>\nKastrati refuzoi t\u00eb komentoj\u00eb mbi pretendimet e Xharr\u00ebs. Menaxhmenti i Devolli Corporation gjithashtu nuk komentoi, pavar\u00ebsisht disa p\u00ebrpjekjeve.<\/p>\n<p>Nd\u00ebrkoh\u00eb q\u00eb rregullatori i mediave n\u00eb Kosov\u00eb fillimisht vendosi se programi i BIRN kishte shkelur standardet etike, nj\u00eb gjykat\u00eb n\u00eb Prishtin\u00eb e p\u00ebrmbysi at\u00eb vendim n\u00eb favor t\u00eb Xharr\u00ebs. Emisioni tani transmetohet n\u00eb TV Dukagjini \u2013 n\u00eb pron\u00ebsi t\u00eb pjesshme t\u00eb biznesmenit Ekrem Lluka \u2013 ku, sipas gazetar\u00ebve, presioni editorial vazhdon.<br \/>\n\u201cShpesh m\u00eb \u00ebsht\u00eb th\u00ebn\u00eb t\u00eb mos ftoj figura t\u00eb caktuara publike apo politikan\u00eb n\u00eb emision,\u201d tha ish-redaktorja Besiana Krasniqi, tani n\u00eb televizionin gjerman ZDF.<\/p>\n<p>Nj\u00eb tjet\u00ebr ish-gazetare kujton nj\u00eb histori t\u00eb pezulluar q\u00eb p\u00ebrfshinte djalin e nj\u00eb reklamuesi t\u00eb madh, Shaban Gogaj. \u201cRedaktorja e thirri p\u00ebrs\u00ebri dhe i tha t\u00eb mos e publikonte storien.\u201d Nd\u00ebrhyrje t\u00eb ngjashme thuhet se ndodh\u00ebn edhe kur b\u00ebhej fjal\u00eb p\u00ebr nj\u00eb mjek t\u00eb lidhur me nj\u00eb spital t\u00eb biznesit t\u00eb Lluk\u00ebs.<br \/>\nDrejtori i TV Dukagjinit, Ermal Panduri, mohoi t\u00eb gjitha akuzat p\u00ebr nd\u00ebrhyrje editoriale.<\/p>\n<p>Kontrolli korporativ, heshtja publike<\/p>\n<p>Kjo tendenc\u00eb vazhdon edhe n\u00eb rrjete t\u00eb tjera. ATV, n\u00eb pron\u00ebsi t\u00eb v\u00ebllez\u00ebrve Tafa \u2013 t\u00eb cil\u00ebt gjithashtu kontrollojn\u00eb nj\u00eb bank\u00eb, nj\u00eb kompani sigurimesh dhe nj\u00eb universitet privat \u2013 thuhet se ka kufizuar raportimet p\u00ebr arsimin e lart\u00eb dhe rregullator\u00ebt financiar\u00eb midis viteve 2022 dhe 2024.<br \/>\n\u201cNuk na lejohej t\u00eb raportojm\u00eb p\u00ebr kolegjet private apo p\u00ebr asgj\u00eb kritike ndaj Ministris\u00eb s\u00eb Arsimit, Agjencis\u00eb s\u00eb Akreditimit apo Bank\u00ebs Qendrore,\u201d tha nj\u00eb ish-gazetare.<br \/>\nIlir Tafa, pronari i ATV-s\u00eb, i kaloi pyetjet te stafi editorial. Kryeredaktori Leart Hoxha mohoi \u00e7do pretendim p\u00ebr censur\u00eb.<\/p>\n<p>N\u00eb TV1, n\u00eb pron\u00ebsi t\u00eb ISP Telkos, gazetar\u00ebt thon\u00eb se iu k\u00ebrkua t\u00eb shmangnin storiet kritike p\u00ebr Ministrin\u00eb e Brendshme, e cila n\u00eb vitin 2023 n\u00ebnshkroi nj\u00eb marr\u00ebveshje p\u00ebr VPN prej 600 mij\u00eb eurosh me kompanin\u00eb. Nj\u00eb tjet\u00ebr gazetar raportoi se mbulimi i Komisionit t\u00eb Pavarur p\u00ebr Media (KPM) ishte i zbehur gjat\u00eb aplikimit t\u00eb Telkos p\u00ebr licenc\u00eb si operator kabllor \u2013 nj\u00eb proces q\u00eb m\u00eb von\u00eb u sh\u00ebnua nga akuza p\u00ebr ryshfet ndaj ish-kreut t\u00eb KPM-s\u00eb.<br \/>\nPronari i TV1, Hebib Dernjani, i mohoi k\u00ebto pretendime.<br \/>\n\u201cNuk do t\u00eb gjeni televizion m\u00eb t\u00eb pavarur se ky,\u201d tha ai.<\/p>\n<p>Por shum\u00eb gazetar\u00eb nuk pajtohen. \u201cEdhe kur gazetar\u00ebt i kan\u00eb t\u00eb gjitha faktet p\u00ebr korrupsionin apo abuzimet,\u201d thot\u00eb ish-redaktori i TV1, Agron Halitaj, \u201cshpesh shmangin raportimin n\u00ebse e din\u00eb q\u00eb ka lidhje t\u00eb ngushta mes biznesit dhe politik\u00ebs. Autocensura \u00ebsht\u00eb b\u00ebr\u00eb mjet p\u00ebr mbijetes\u00eb.\u201d<\/p>\n<p>Nj\u00eb normalitet i rreziksh\u00ebm<\/p>\n<p>Federata Evropiane e Gazetar\u00ebve ka paralajm\u00ebruar p\u00ebr nj\u00eb \u201ckultur\u00eb frike\u201d q\u00eb po p\u00ebrhapet n\u00eb rajon.<br \/>\n\u201cRedaksit\u00eb duhet t\u00eb ken\u00eb autonomi editoriale, edhe nga pronar\u00ebt e tyre,\u201d tha sekretari i p\u00ebrgjithsh\u00ebm Ricardo Guti\u00e9rrez. \u201cP\u00ebr fat t\u00eb keq, kjo nuk ndodh gjithmon\u00eb\u2026 Kam frik\u00eb se \u00ebsht\u00eb b\u00ebr\u00eb norm\u00eb.\u201d<\/p>\n<p>Abit Hoxha, studiues i mediave i lindur n\u00eb Kosov\u00eb dhe i angazhuar n\u00eb Universitetin e Agder n\u00eb Norvegji, e konfirmon k\u00ebt\u00eb shqet\u00ebsim. \u201cPronar\u00ebt e mediave nuk jan\u00eb t\u00eb interesuar t\u00eb nd\u00ebrtojn\u00eb institucione t\u00eb pavarura dhe profesionale \u2013 ata jan\u00eb t\u00eb interesuar t\u00eb p\u00ebrdorin mediat p\u00ebr t\u00eb ndikuar rezultatet politike,\u201d tha ai. \u201cN\u00eb k\u00ebt\u00eb kontekst, gazetar\u00ebt profesionist\u00eb jan\u00eb ata q\u00eb vuajn\u00eb m\u00eb s\u00eb shumti.\u201d<\/p>\n<p>Teksa Kosova p\u00ebrparon n\u00eb rrug\u00ebn e saj drejt an\u00ebtar\u00ebsimit n\u00eb BE, erozioni i liris\u00eb s\u00eb shtypit paraqet nj\u00eb sfid\u00eb serioze \u2013 jo vet\u00ebm p\u00ebr gazetar\u00ebt, por edhe p\u00ebr legjitimitetin demokratik t\u00eb institucioneve t\u00eb saj. Pa reforma thelb\u00ebsore p\u00ebr t\u00eb ndar\u00eb median nga interesat biznesore, e v\u00ebrteta mund t\u00eb vazhdoj\u00eb t\u00eb q\u00ebndroj\u00eb n\u00eb vend t\u00eb dyt\u00eb pas fitimit.<\/p>\n","protected":false},"excerpt":{"rendered":"<p>Me p\u00ebrqendrimin gjithnj\u00eb e m\u00eb t\u00eb madh t\u00eb mediave n\u00eb Kosov\u00eb dhe rajon n\u00eb duart e mogul\u00ebve t\u00eb m\u00ebdhenj t\u00eb biznesit, gazetar\u00ebt thon\u00eb se censura p\u00ebr t\u00eb mbrojtur interesat e pronar\u00ebve \u00ebsht\u00eb b\u00ebr\u00eb \u201cnorm\u00eb\u201d. Shefat e Klan Kosov\u00ebs, nj\u00eb prej kompanive m\u00eb t\u00eb m\u00ebdha mediatike n\u00eb Kosov\u00eb, kan\u00eb nj\u00eb qasje t\u00eb thjesht\u00eb ndaj lajmeve q\u00eb [&hellip;]<\/p>\n","protected":false},"author":8,"featured_media":21195,"comment_status":"closed","ping_status":"closed","sticky":false,"template":"","format":"standard","meta":{"footnotes":""},"categories":[215,218],"tags":[],"class_list":["post-21193","post","type-post","status-publish","format-standard","has-post-thumbnail","hentry","category-kosove","category-opinione"],"yoast_head":"<!-- This site is optimized with the Yoast SEO plugin v25.1 - https:\/\/yoast.com\/wordpress\/plugins\/seo\/ -->\n<title>Biznesi mbi gazetarin\u00eb: Si po kapen mediat e Kosov\u00ebs nga interesat korporative - press7.tv<\/title>\n<meta name=\"robots\" content=\"index, follow, max-snippet:-1, max-image-preview:large, max-video-preview:-1\" \/>\n<link rel=\"canonical\" href=\"https:\/\/www.press7.tv\/?p=21193\" \/>\n<meta property=\"og:locale\" content=\"en_US\" \/>\n<meta property=\"og:type\" content=\"article\" \/>\n<meta property=\"og:title\" content=\"Biznesi mbi gazetarin\u00eb: Si po kapen mediat e Kosov\u00ebs nga interesat korporative - press7.tv\" \/>\n<meta property=\"og:description\" content=\"Me p\u00ebrqendrimin gjithnj\u00eb e m\u00eb t\u00eb madh t\u00eb mediave n\u00eb Kosov\u00eb dhe rajon n\u00eb duart e mogul\u00ebve t\u00eb m\u00ebdhenj t\u00eb biznesit, gazetar\u00ebt thon\u00eb se censura p\u00ebr t\u00eb mbrojtur interesat e pronar\u00ebve \u00ebsht\u00eb b\u00ebr\u00eb \u201cnorm\u00eb\u201d. Shefat e Klan Kosov\u00ebs, nj\u00eb prej kompanive m\u00eb t\u00eb m\u00ebdha mediatike n\u00eb Kosov\u00eb, kan\u00eb nj\u00eb qasje t\u00eb thjesht\u00eb ndaj lajmeve q\u00eb [&hellip;]\" \/>\n<meta property=\"og:url\" content=\"https:\/\/www.press7.tv\/?p=21193\" \/>\n<meta property=\"og:site_name\" content=\"press7.tv\" \/>\n<meta property=\"article:publisher\" content=\"https:\/\/www.facebook.com\/press7.tv\" \/>\n<meta property=\"article:published_time\" content=\"2025-07-31T16:52:59+00:00\" \/>\n<meta property=\"article:modified_time\" content=\"2025-07-31T16:55:05+00:00\" \/>\n<meta property=\"og:image\" content=\"https:\/\/www.press7.tv\/wp-content\/uploads\/2025\/07\/5a924c98-1054-46ca-b435-9e2e01cfca14.avif\" \/>\n\t<meta property=\"og:image:width\" content=\"828\" \/>\n\t<meta property=\"og:image:height\" content=\"836\" \/>\n\t<meta property=\"og:image:type\" content=\"image\/jpeg\" \/>\n<meta name=\"author\" content=\"gazetar2\" \/>\n<meta name=\"twitter:card\" content=\"summary_large_image\" \/>\n<meta name=\"twitter:label1\" content=\"Written by\" \/>\n\t<meta name=\"twitter:data1\" content=\"gazetar2\" \/>\n\t<meta name=\"twitter:label2\" content=\"Est. reading time\" \/>\n\t<meta name=\"twitter:data2\" content=\"7 minutes\" \/>\n<script type=\"application\/ld+json\" class=\"yoast-schema-graph\">{\"@context\":\"https:\/\/schema.org\",\"@graph\":[{\"@type\":\"Article\",\"@id\":\"https:\/\/www.press7.tv\/?p=21193#article\",\"isPartOf\":{\"@id\":\"https:\/\/www.press7.tv\/?p=21193\"},\"author\":{\"name\":\"gazetar2\",\"@id\":\"https:\/\/www.news33.tv\/#\/schema\/person\/5a04a38a23ccdba82f9bd665cd8f9efa\"},\"headline\":\"Biznesi mbi gazetarin\u00eb: Si po kapen mediat e Kosov\u00ebs nga interesat korporative\",\"datePublished\":\"2025-07-31T16:52:59+00:00\",\"dateModified\":\"2025-07-31T16:55:05+00:00\",\"mainEntityOfPage\":{\"@id\":\"https:\/\/www.press7.tv\/?p=21193\"},\"wordCount\":1579,\"publisher\":{\"@id\":\"https:\/\/www.news33.tv\/#organization\"},\"image\":{\"@id\":\"https:\/\/www.press7.tv\/?p=21193#primaryimage\"},\"thumbnailUrl\":\"https:\/\/www.press7.tv\/wp-content\/uploads\/2025\/07\/5a924c98-1054-46ca-b435-9e2e01cfca14.avif\",\"articleSection\":[\"Kosov\u00eb\",\"Opinione\"],\"inLanguage\":\"en-US\"},{\"@type\":\"WebPage\",\"@id\":\"https:\/\/www.press7.tv\/?p=21193\",\"url\":\"https:\/\/www.press7.tv\/?p=21193\",\"name\":\"Biznesi mbi gazetarin\u00eb: Si po kapen mediat e Kosov\u00ebs nga interesat korporative - press7.tv\",\"isPartOf\":{\"@id\":\"https:\/\/www.news33.tv\/#website\"},\"primaryImageOfPage\":{\"@id\":\"https:\/\/www.press7.tv\/?p=21193#primaryimage\"},\"image\":{\"@id\":\"https:\/\/www.press7.tv\/?p=21193#primaryimage\"},\"thumbnailUrl\":\"https:\/\/www.press7.tv\/wp-content\/uploads\/2025\/07\/5a924c98-1054-46ca-b435-9e2e01cfca14.avif\",\"datePublished\":\"2025-07-31T16:52:59+00:00\",\"dateModified\":\"2025-07-31T16:55:05+00:00\",\"breadcrumb\":{\"@id\":\"https:\/\/www.press7.tv\/?p=21193#breadcrumb\"},\"inLanguage\":\"en-US\",\"potentialAction\":[{\"@type\":\"ReadAction\",\"target\":[\"https:\/\/www.press7.tv\/?p=21193\"]}]},{\"@type\":\"ImageObject\",\"inLanguage\":\"en-US\",\"@id\":\"https:\/\/www.press7.tv\/?p=21193#primaryimage\",\"url\":\"https:\/\/www.press7.tv\/wp-content\/uploads\/2025\/07\/5a924c98-1054-46ca-b435-9e2e01cfca14.avif\",\"contentUrl\":\"https:\/\/www.press7.tv\/wp-content\/uploads\/2025\/07\/5a924c98-1054-46ca-b435-9e2e01cfca14.avif\",\"width\":828,\"height\":836},{\"@type\":\"BreadcrumbList\",\"@id\":\"https:\/\/www.press7.tv\/?p=21193#breadcrumb\",\"itemListElement\":[{\"@type\":\"ListItem\",\"position\":1,\"name\":\"Home\",\"item\":\"https:\/\/www.press7.tv\/\"},{\"@type\":\"ListItem\",\"position\":2,\"name\":\"Biznesi mbi gazetarin\u00eb: Si po kapen mediat e Kosov\u00ebs nga interesat korporative\"}]},{\"@type\":\"WebSite\",\"@id\":\"https:\/\/www.news33.tv\/#website\",\"url\":\"https:\/\/www.news33.tv\/\",\"name\":\"News33.tv Media\",\"description\":\"Media\",\"publisher\":{\"@id\":\"https:\/\/www.news33.tv\/#organization\"},\"potentialAction\":[{\"@type\":\"SearchAction\",\"target\":{\"@type\":\"EntryPoint\",\"urlTemplate\":\"https:\/\/www.news33.tv\/?s={search_term_string}\"},\"query-input\":{\"@type\":\"PropertyValueSpecification\",\"valueRequired\":true,\"valueName\":\"search_term_string\"}}],\"inLanguage\":\"en-US\"},{\"@type\":\"Organization\",\"@id\":\"https:\/\/www.news33.tv\/#organization\",\"name\":\"News33.tv Media\",\"url\":\"https:\/\/www.news33.tv\/\",\"logo\":{\"@type\":\"ImageObject\",\"inLanguage\":\"en-US\",\"@id\":\"https:\/\/www.news33.tv\/#\/schema\/logo\/image\/\",\"url\":\"https:\/\/www.press7.tv\/wp-content\/uploads\/2024\/02\/logo-news33-black.png\",\"contentUrl\":\"https:\/\/www.press7.tv\/wp-content\/uploads\/2024\/02\/logo-news33-black.png\",\"width\":180,\"height\":37,\"caption\":\"News33.tv Media\"},\"image\":{\"@id\":\"https:\/\/www.news33.tv\/#\/schema\/logo\/image\/\"},\"sameAs\":[\"https:\/\/www.facebook.com\/press7.tv\"]},{\"@type\":\"Person\",\"@id\":\"https:\/\/www.news33.tv\/#\/schema\/person\/5a04a38a23ccdba82f9bd665cd8f9efa\",\"name\":\"gazetar2\",\"image\":{\"@type\":\"ImageObject\",\"inLanguage\":\"en-US\",\"@id\":\"https:\/\/www.news33.tv\/#\/schema\/person\/image\/\",\"url\":\"https:\/\/www.press7.tv\/wp-content\/litespeed\/avatar\/41975e402c3049d9ddb03adca8f7a883.jpg?ver=1777169572\",\"contentUrl\":\"https:\/\/www.press7.tv\/wp-content\/litespeed\/avatar\/41975e402c3049d9ddb03adca8f7a883.jpg?ver=1777169572\",\"caption\":\"gazetar2\"},\"url\":\"https:\/\/www.press7.tv\/?author=8\"}]}<\/script>\n<!-- \/ Yoast SEO plugin. -->","yoast_head_json":{"title":"Biznesi mbi gazetarin\u00eb: Si po kapen mediat e Kosov\u00ebs nga interesat korporative - press7.tv","robots":{"index":"index","follow":"follow","max-snippet":"max-snippet:-1","max-image-preview":"max-image-preview:large","max-video-preview":"max-video-preview:-1"},"canonical":"https:\/\/www.press7.tv\/?p=21193","og_locale":"en_US","og_type":"article","og_title":"Biznesi mbi gazetarin\u00eb: Si po kapen mediat e Kosov\u00ebs nga interesat korporative - press7.tv","og_description":"Me p\u00ebrqendrimin gjithnj\u00eb e m\u00eb t\u00eb madh t\u00eb mediave n\u00eb Kosov\u00eb dhe rajon n\u00eb duart e mogul\u00ebve t\u00eb m\u00ebdhenj t\u00eb biznesit, gazetar\u00ebt thon\u00eb se censura p\u00ebr t\u00eb mbrojtur interesat e pronar\u00ebve \u00ebsht\u00eb b\u00ebr\u00eb \u201cnorm\u00eb\u201d. Shefat e Klan Kosov\u00ebs, nj\u00eb prej kompanive m\u00eb t\u00eb m\u00ebdha mediatike n\u00eb Kosov\u00eb, kan\u00eb nj\u00eb qasje t\u00eb thjesht\u00eb ndaj lajmeve q\u00eb [&hellip;]","og_url":"https:\/\/www.press7.tv\/?p=21193","og_site_name":"press7.tv","article_publisher":"https:\/\/www.facebook.com\/press7.tv","article_published_time":"2025-07-31T16:52:59+00:00","article_modified_time":"2025-07-31T16:55:05+00:00","og_image":[{"width":828,"height":836,"url":"https:\/\/www.press7.tv\/wp-content\/uploads\/2025\/07\/5a924c98-1054-46ca-b435-9e2e01cfca14.avif","type":"image\/jpeg"}],"author":"gazetar2","twitter_card":"summary_large_image","twitter_misc":{"Written by":"gazetar2","Est. reading time":"7 minutes"},"schema":{"@context":"https:\/\/schema.org","@graph":[{"@type":"Article","@id":"https:\/\/www.press7.tv\/?p=21193#article","isPartOf":{"@id":"https:\/\/www.press7.tv\/?p=21193"},"author":{"name":"gazetar2","@id":"https:\/\/www.news33.tv\/#\/schema\/person\/5a04a38a23ccdba82f9bd665cd8f9efa"},"headline":"Biznesi mbi gazetarin\u00eb: Si po kapen mediat e Kosov\u00ebs nga interesat korporative","datePublished":"2025-07-31T16:52:59+00:00","dateModified":"2025-07-31T16:55:05+00:00","mainEntityOfPage":{"@id":"https:\/\/www.press7.tv\/?p=21193"},"wordCount":1579,"publisher":{"@id":"https:\/\/www.news33.tv\/#organization"},"image":{"@id":"https:\/\/www.press7.tv\/?p=21193#primaryimage"},"thumbnailUrl":"https:\/\/www.press7.tv\/wp-content\/uploads\/2025\/07\/5a924c98-1054-46ca-b435-9e2e01cfca14.avif","articleSection":["Kosov\u00eb","Opinione"],"inLanguage":"en-US"},{"@type":"WebPage","@id":"https:\/\/www.press7.tv\/?p=21193","url":"https:\/\/www.press7.tv\/?p=21193","name":"Biznesi mbi gazetarin\u00eb: Si po kapen mediat e Kosov\u00ebs nga interesat korporative - press7.tv","isPartOf":{"@id":"https:\/\/www.news33.tv\/#website"},"primaryImageOfPage":{"@id":"https:\/\/www.press7.tv\/?p=21193#primaryimage"},"image":{"@id":"https:\/\/www.press7.tv\/?p=21193#primaryimage"},"thumbnailUrl":"https:\/\/www.press7.tv\/wp-content\/uploads\/2025\/07\/5a924c98-1054-46ca-b435-9e2e01cfca14.avif","datePublished":"2025-07-31T16:52:59+00:00","dateModified":"2025-07-31T16:55:05+00:00","breadcrumb":{"@id":"https:\/\/www.press7.tv\/?p=21193#breadcrumb"},"inLanguage":"en-US","potentialAction":[{"@type":"ReadAction","target":["https:\/\/www.press7.tv\/?p=21193"]}]},{"@type":"ImageObject","inLanguage":"en-US","@id":"https:\/\/www.press7.tv\/?p=21193#primaryimage","url":"https:\/\/www.press7.tv\/wp-content\/uploads\/2025\/07\/5a924c98-1054-46ca-b435-9e2e01cfca14.avif","contentUrl":"https:\/\/www.press7.tv\/wp-content\/uploads\/2025\/07\/5a924c98-1054-46ca-b435-9e2e01cfca14.avif","width":828,"height":836},{"@type":"BreadcrumbList","@id":"https:\/\/www.press7.tv\/?p=21193#breadcrumb","itemListElement":[{"@type":"ListItem","position":1,"name":"Home","item":"https:\/\/www.press7.tv\/"},{"@type":"ListItem","position":2,"name":"Biznesi mbi gazetarin\u00eb: Si po kapen mediat e Kosov\u00ebs nga interesat korporative"}]},{"@type":"WebSite","@id":"https:\/\/www.news33.tv\/#website","url":"https:\/\/www.news33.tv\/","name":"News33.tv Media","description":"Media","publisher":{"@id":"https:\/\/www.news33.tv\/#organization"},"potentialAction":[{"@type":"SearchAction","target":{"@type":"EntryPoint","urlTemplate":"https:\/\/www.news33.tv\/?s={search_term_string}"},"query-input":{"@type":"PropertyValueSpecification","valueRequired":true,"valueName":"search_term_string"}}],"inLanguage":"en-US"},{"@type":"Organization","@id":"https:\/\/www.news33.tv\/#organization","name":"News33.tv Media","url":"https:\/\/www.news33.tv\/","logo":{"@type":"ImageObject","inLanguage":"en-US","@id":"https:\/\/www.news33.tv\/#\/schema\/logo\/image\/","url":"https:\/\/www.press7.tv\/wp-content\/uploads\/2024\/02\/logo-news33-black.png","contentUrl":"https:\/\/www.press7.tv\/wp-content\/uploads\/2024\/02\/logo-news33-black.png","width":180,"height":37,"caption":"News33.tv Media"},"image":{"@id":"https:\/\/www.news33.tv\/#\/schema\/logo\/image\/"},"sameAs":["https:\/\/www.facebook.com\/press7.tv"]},{"@type":"Person","@id":"https:\/\/www.news33.tv\/#\/schema\/person\/5a04a38a23ccdba82f9bd665cd8f9efa","name":"gazetar2","image":{"@type":"ImageObject","inLanguage":"en-US","@id":"https:\/\/www.news33.tv\/#\/schema\/person\/image\/","url":"https:\/\/www.press7.tv\/wp-content\/litespeed\/avatar\/41975e402c3049d9ddb03adca8f7a883.jpg?ver=1777169572","contentUrl":"https:\/\/www.press7.tv\/wp-content\/litespeed\/avatar\/41975e402c3049d9ddb03adca8f7a883.jpg?ver=1777169572","caption":"gazetar2"},"url":"https:\/\/www.press7.tv\/?author=8"}]}},"amp_enabled":true,"_links":{"self":[{"href":"https:\/\/www.press7.tv\/index.php?rest_route=\/wp\/v2\/posts\/21193","targetHints":{"allow":["GET"]}}],"collection":[{"href":"https:\/\/www.press7.tv\/index.php?rest_route=\/wp\/v2\/posts"}],"about":[{"href":"https:\/\/www.press7.tv\/index.php?rest_route=\/wp\/v2\/types\/post"}],"author":[{"embeddable":true,"href":"https:\/\/www.press7.tv\/index.php?rest_route=\/wp\/v2\/users\/8"}],"replies":[{"embeddable":true,"href":"https:\/\/www.press7.tv\/index.php?rest_route=%2Fwp%2Fv2%2Fcomments&post=21193"}],"version-history":[{"count":3,"href":"https:\/\/www.press7.tv\/index.php?rest_route=\/wp\/v2\/posts\/21193\/revisions"}],"predecessor-version":[{"id":21198,"href":"https:\/\/www.press7.tv\/index.php?rest_route=\/wp\/v2\/posts\/21193\/revisions\/21198"}],"wp:featuredmedia":[{"embeddable":true,"href":"https:\/\/www.press7.tv\/index.php?rest_route=\/wp\/v2\/media\/21195"}],"wp:attachment":[{"href":"https:\/\/www.press7.tv\/index.php?rest_route=%2Fwp%2Fv2%2Fmedia&parent=21193"}],"wp:term":[{"taxonomy":"category","embeddable":true,"href":"https:\/\/www.press7.tv\/index.php?rest_route=%2Fwp%2Fv2%2Fcategories&post=21193"},{"taxonomy":"post_tag","embeddable":true,"href":"https:\/\/www.press7.tv\/index.php?rest_route=%2Fwp%2Fv2%2Ftags&post=21193"}],"curies":[{"name":"wp","href":"https:\/\/api.w.org\/{rel}","templated":true}]}}