{"id":21190,"date":"2025-07-31T15:50:06","date_gmt":"2025-07-31T15:50:06","guid":{"rendered":"https:\/\/www.press7.tv\/?p=21190"},"modified":"2025-07-31T15:50:06","modified_gmt":"2025-07-31T15:50:06","slug":"aksident-i-rende-ne-tetove-spb-3-te-vdekur-dhe-nje-femije-i-lenduar-rende","status":"publish","type":"post","link":"https:\/\/www.press7.tv\/?p=21190","title":{"rendered":"Aksident i r\u00ebnd\u00eb n\u00eb Tetov\u00eb \u2013 SPB: 3 t\u00eb vdekur dhe nj\u00eb f\u00ebmij\u00eb i l\u00ebnduar r\u00ebnd\u00eb"},"content":{"rendered":"\n    <div class=\"xs_social_share_widget xs_share_url before_content \t\tmain_content  wslu-style-2 wslu-share-box-shaped wslu-fill-colored wslu-share-m-5 wslu-none wslu-share-vertical wslu-theme-font-no wslu-main_content\">\n\n\t\t\n        <ul>\n\t\t\t        <\/ul>\n    <\/div> \n<p>Informacionet fillestare lidhur me aksidentin n\u00eb autostrad\u00ebn Tetov\u00eb-Shkup, n\u00eb dalje t\u00eb Tetov\u00ebs, n\u00eb mes t\u00eb vetur\u00ebs Opel me targa t\u00eb Tetov\u00ebs dhe nj\u00eb autobusi. N\u00eb vend ngjarje kan\u00eb ndruar jet\u00eb dy persona nj\u00eb bur\u00eb dhe nj\u00eb grua, kurse nj\u00eb grua ka ndruar jet\u00eb n\u00eb Spitalin klinik t\u00eb Tetov\u00ebs, ku gjithashtu \u00ebsht\u00eb d\u00ebrguar edhe nj\u00eb f\u00ebmij\u00eb i l\u00ebnduar t\u00eb cilit i ofrohet ndima mjek\u00ebsore. Prokurori publik, ekipet e zjarrfik\u00ebsve dhe policia jan\u00eb m\u00eb vendin e ngjarjes p\u00ebr t\u00eb kryer hetimet.<br \/>\nP\u00ebr detaje tjera m\u00eb t\u00eb holl\u00ebsishme pasi t\u00eb dokumentohet rasti.<\/p>\n","protected":false},"excerpt":{"rendered":"<p>Informacionet fillestare lidhur me aksidentin n\u00eb autostrad\u00ebn Tetov\u00eb-Shkup, n\u00eb dalje t\u00eb Tetov\u00ebs, n\u00eb mes t\u00eb vetur\u00ebs Opel me targa t\u00eb Tetov\u00ebs dhe nj\u00eb autobusi. N\u00eb vend ngjarje kan\u00eb ndruar jet\u00eb dy persona nj\u00eb bur\u00eb dhe nj\u00eb grua, kurse nj\u00eb grua ka ndruar jet\u00eb n\u00eb Spitalin klinik t\u00eb Tetov\u00ebs, ku gjithashtu \u00ebsht\u00eb d\u00ebrguar edhe nj\u00eb f\u00ebmij\u00eb [&hellip;]<\/p>\n","protected":false},"author":8,"featured_media":21191,"comment_status":"closed","ping_status":"closed","sticky":false,"template":"","format":"standard","meta":{"footnotes":""},"categories":[213,214],"tags":[],"class_list":["post-21190","post","type-post","status-publish","format-standard","has-post-thumbnail","hentry","category-lajme","category-maqedoni"],"yoast_head":"<!-- This site is optimized with the Yoast SEO plugin v25.1 - https:\/\/yoast.com\/wordpress\/plugins\/seo\/ -->\n<title>Aksident i r\u00ebnd\u00eb n\u00eb Tetov\u00eb \u2013 SPB: 3 t\u00eb vdekur dhe nj\u00eb f\u00ebmij\u00eb i l\u00ebnduar r\u00ebnd\u00eb - press7.tv<\/title>\n<meta name=\"robots\" content=\"index, follow, max-snippet:-1, max-image-preview:large, max-video-preview:-1\" \/>\n<link rel=\"canonical\" href=\"https:\/\/www.press7.tv\/?p=21190\" \/>\n<meta property=\"og:locale\" content=\"en_US\" \/>\n<meta property=\"og:type\" content=\"article\" \/>\n<meta property=\"og:title\" content=\"Aksident i r\u00ebnd\u00eb n\u00eb Tetov\u00eb \u2013 SPB: 3 t\u00eb vdekur dhe nj\u00eb f\u00ebmij\u00eb i l\u00ebnduar r\u00ebnd\u00eb - press7.tv\" \/>\n<meta property=\"og:description\" content=\"Informacionet fillestare lidhur me aksidentin n\u00eb autostrad\u00ebn Tetov\u00eb-Shkup, n\u00eb dalje t\u00eb Tetov\u00ebs, n\u00eb mes t\u00eb vetur\u00ebs Opel me targa t\u00eb Tetov\u00ebs dhe nj\u00eb autobusi. N\u00eb vend ngjarje kan\u00eb ndruar jet\u00eb dy persona nj\u00eb bur\u00eb dhe nj\u00eb grua, kurse nj\u00eb grua ka ndruar jet\u00eb n\u00eb Spitalin klinik t\u00eb Tetov\u00ebs, ku gjithashtu \u00ebsht\u00eb d\u00ebrguar edhe nj\u00eb f\u00ebmij\u00eb [&hellip;]\" \/>\n<meta property=\"og:url\" content=\"https:\/\/www.press7.tv\/?p=21190\" \/>\n<meta property=\"og:site_name\" content=\"press7.tv\" \/>\n<meta property=\"article:publisher\" content=\"https:\/\/www.facebook.com\/press7.tv\" \/>\n<meta property=\"article:published_time\" content=\"2025-07-31T15:50:06+00:00\" \/>\n<meta property=\"og:image\" content=\"https:\/\/www.press7.tv\/wp-content\/uploads\/2025\/07\/IMG_6887.avif\" \/>\n\t<meta property=\"og:image:width\" content=\"750\" \/>\n\t<meta property=\"og:image:height\" content=\"430\" \/>\n\t<meta property=\"og:image:type\" content=\"image\/jpeg\" \/>\n<meta name=\"author\" content=\"gazetar2\" \/>\n<meta name=\"twitter:card\" content=\"summary_large_image\" \/>\n<meta name=\"twitter:label1\" content=\"Written by\" \/>\n\t<meta name=\"twitter:data1\" content=\"gazetar2\" \/>\n\t<meta name=\"twitter:label2\" content=\"Est. reading time\" \/>\n\t<meta name=\"twitter:data2\" content=\"1 minute\" \/>\n<script type=\"application\/ld+json\" class=\"yoast-schema-graph\">{\"@context\":\"https:\/\/schema.org\",\"@graph\":[{\"@type\":\"Article\",\"@id\":\"https:\/\/www.press7.tv\/?p=21190#article\",\"isPartOf\":{\"@id\":\"https:\/\/www.press7.tv\/?p=21190\"},\"author\":{\"name\":\"gazetar2\",\"@id\":\"https:\/\/www.news33.tv\/#\/schema\/person\/5a04a38a23ccdba82f9bd665cd8f9efa\"},\"headline\":\"Aksident i r\u00ebnd\u00eb n\u00eb Tetov\u00eb \u2013 SPB: 3 t\u00eb vdekur dhe nj\u00eb f\u00ebmij\u00eb i l\u00ebnduar r\u00ebnd\u00eb\",\"datePublished\":\"2025-07-31T15:50:06+00:00\",\"mainEntityOfPage\":{\"@id\":\"https:\/\/www.press7.tv\/?p=21190\"},\"wordCount\":121,\"publisher\":{\"@id\":\"https:\/\/www.news33.tv\/#organization\"},\"image\":{\"@id\":\"https:\/\/www.press7.tv\/?p=21190#primaryimage\"},\"thumbnailUrl\":\"https:\/\/www.press7.tv\/wp-content\/uploads\/2025\/07\/IMG_6887.avif\",\"articleSection\":[\"Lajme\",\"Maqedoni\"],\"inLanguage\":\"en-US\"},{\"@type\":\"WebPage\",\"@id\":\"https:\/\/www.press7.tv\/?p=21190\",\"url\":\"https:\/\/www.press7.tv\/?p=21190\",\"name\":\"Aksident i r\u00ebnd\u00eb n\u00eb Tetov\u00eb \u2013 SPB: 3 t\u00eb vdekur dhe nj\u00eb f\u00ebmij\u00eb i l\u00ebnduar r\u00ebnd\u00eb - press7.tv\",\"isPartOf\":{\"@id\":\"https:\/\/www.news33.tv\/#website\"},\"primaryImageOfPage\":{\"@id\":\"https:\/\/www.press7.tv\/?p=21190#primaryimage\"},\"image\":{\"@id\":\"https:\/\/www.press7.tv\/?p=21190#primaryimage\"},\"thumbnailUrl\":\"https:\/\/www.press7.tv\/wp-content\/uploads\/2025\/07\/IMG_6887.avif\",\"datePublished\":\"2025-07-31T15:50:06+00:00\",\"breadcrumb\":{\"@id\":\"https:\/\/www.press7.tv\/?p=21190#breadcrumb\"},\"inLanguage\":\"en-US\",\"potentialAction\":[{\"@type\":\"ReadAction\",\"target\":[\"https:\/\/www.press7.tv\/?p=21190\"]}]},{\"@type\":\"ImageObject\",\"inLanguage\":\"en-US\",\"@id\":\"https:\/\/www.press7.tv\/?p=21190#primaryimage\",\"url\":\"https:\/\/www.press7.tv\/wp-content\/uploads\/2025\/07\/IMG_6887.avif\",\"contentUrl\":\"https:\/\/www.press7.tv\/wp-content\/uploads\/2025\/07\/IMG_6887.avif\",\"width\":750,\"height\":430},{\"@type\":\"BreadcrumbList\",\"@id\":\"https:\/\/www.press7.tv\/?p=21190#breadcrumb\",\"itemListElement\":[{\"@type\":\"ListItem\",\"position\":1,\"name\":\"Home\",\"item\":\"https:\/\/www.press7.tv\/\"},{\"@type\":\"ListItem\",\"position\":2,\"name\":\"Aksident i r\u00ebnd\u00eb n\u00eb Tetov\u00eb \u2013 SPB: 3 t\u00eb vdekur dhe nj\u00eb f\u00ebmij\u00eb i l\u00ebnduar r\u00ebnd\u00eb\"}]},{\"@type\":\"WebSite\",\"@id\":\"https:\/\/www.news33.tv\/#website\",\"url\":\"https:\/\/www.news33.tv\/\",\"name\":\"News33.tv Media\",\"description\":\"Media\",\"publisher\":{\"@id\":\"https:\/\/www.news33.tv\/#organization\"},\"potentialAction\":[{\"@type\":\"SearchAction\",\"target\":{\"@type\":\"EntryPoint\",\"urlTemplate\":\"https:\/\/www.news33.tv\/?s={search_term_string}\"},\"query-input\":{\"@type\":\"PropertyValueSpecification\",\"valueRequired\":true,\"valueName\":\"search_term_string\"}}],\"inLanguage\":\"en-US\"},{\"@type\":\"Organization\",\"@id\":\"https:\/\/www.news33.tv\/#organization\",\"name\":\"News33.tv Media\",\"url\":\"https:\/\/www.news33.tv\/\",\"logo\":{\"@type\":\"ImageObject\",\"inLanguage\":\"en-US\",\"@id\":\"https:\/\/www.news33.tv\/#\/schema\/logo\/image\/\",\"url\":\"https:\/\/www.press7.tv\/wp-content\/uploads\/2024\/02\/logo-news33-black.png\",\"contentUrl\":\"https:\/\/www.press7.tv\/wp-content\/uploads\/2024\/02\/logo-news33-black.png\",\"width\":180,\"height\":37,\"caption\":\"News33.tv Media\"},\"image\":{\"@id\":\"https:\/\/www.news33.tv\/#\/schema\/logo\/image\/\"},\"sameAs\":[\"https:\/\/www.facebook.com\/press7.tv\"]},{\"@type\":\"Person\",\"@id\":\"https:\/\/www.news33.tv\/#\/schema\/person\/5a04a38a23ccdba82f9bd665cd8f9efa\",\"name\":\"gazetar2\",\"image\":{\"@type\":\"ImageObject\",\"inLanguage\":\"en-US\",\"@id\":\"https:\/\/www.news33.tv\/#\/schema\/person\/image\/\",\"url\":\"https:\/\/www.press7.tv\/wp-content\/litespeed\/avatar\/41975e402c3049d9ddb03adca8f7a883.jpg?ver=1777169572\",\"contentUrl\":\"https:\/\/www.press7.tv\/wp-content\/litespeed\/avatar\/41975e402c3049d9ddb03adca8f7a883.jpg?ver=1777169572\",\"caption\":\"gazetar2\"},\"url\":\"https:\/\/www.press7.tv\/?author=8\"}]}<\/script>\n<!-- \/ Yoast SEO plugin. -->","yoast_head_json":{"title":"Aksident i r\u00ebnd\u00eb n\u00eb Tetov\u00eb \u2013 SPB: 3 t\u00eb vdekur dhe nj\u00eb f\u00ebmij\u00eb i l\u00ebnduar r\u00ebnd\u00eb - press7.tv","robots":{"index":"index","follow":"follow","max-snippet":"max-snippet:-1","max-image-preview":"max-image-preview:large","max-video-preview":"max-video-preview:-1"},"canonical":"https:\/\/www.press7.tv\/?p=21190","og_locale":"en_US","og_type":"article","og_title":"Aksident i r\u00ebnd\u00eb n\u00eb Tetov\u00eb \u2013 SPB: 3 t\u00eb vdekur dhe nj\u00eb f\u00ebmij\u00eb i l\u00ebnduar r\u00ebnd\u00eb - press7.tv","og_description":"Informacionet fillestare lidhur me aksidentin n\u00eb autostrad\u00ebn Tetov\u00eb-Shkup, n\u00eb dalje t\u00eb Tetov\u00ebs, n\u00eb mes t\u00eb vetur\u00ebs Opel me targa t\u00eb Tetov\u00ebs dhe nj\u00eb autobusi. N\u00eb vend ngjarje kan\u00eb ndruar jet\u00eb dy persona nj\u00eb bur\u00eb dhe nj\u00eb grua, kurse nj\u00eb grua ka ndruar jet\u00eb n\u00eb Spitalin klinik t\u00eb Tetov\u00ebs, ku gjithashtu \u00ebsht\u00eb d\u00ebrguar edhe nj\u00eb f\u00ebmij\u00eb [&hellip;]","og_url":"https:\/\/www.press7.tv\/?p=21190","og_site_name":"press7.tv","article_publisher":"https:\/\/www.facebook.com\/press7.tv","article_published_time":"2025-07-31T15:50:06+00:00","og_image":[{"width":750,"height":430,"url":"https:\/\/www.press7.tv\/wp-content\/uploads\/2025\/07\/IMG_6887.avif","type":"image\/jpeg"}],"author":"gazetar2","twitter_card":"summary_large_image","twitter_misc":{"Written by":"gazetar2","Est. reading time":"1 minute"},"schema":{"@context":"https:\/\/schema.org","@graph":[{"@type":"Article","@id":"https:\/\/www.press7.tv\/?p=21190#article","isPartOf":{"@id":"https:\/\/www.press7.tv\/?p=21190"},"author":{"name":"gazetar2","@id":"https:\/\/www.news33.tv\/#\/schema\/person\/5a04a38a23ccdba82f9bd665cd8f9efa"},"headline":"Aksident i r\u00ebnd\u00eb n\u00eb Tetov\u00eb \u2013 SPB: 3 t\u00eb vdekur dhe nj\u00eb f\u00ebmij\u00eb i l\u00ebnduar r\u00ebnd\u00eb","datePublished":"2025-07-31T15:50:06+00:00","mainEntityOfPage":{"@id":"https:\/\/www.press7.tv\/?p=21190"},"wordCount":121,"publisher":{"@id":"https:\/\/www.news33.tv\/#organization"},"image":{"@id":"https:\/\/www.press7.tv\/?p=21190#primaryimage"},"thumbnailUrl":"https:\/\/www.press7.tv\/wp-content\/uploads\/2025\/07\/IMG_6887.avif","articleSection":["Lajme","Maqedoni"],"inLanguage":"en-US"},{"@type":"WebPage","@id":"https:\/\/www.press7.tv\/?p=21190","url":"https:\/\/www.press7.tv\/?p=21190","name":"Aksident i r\u00ebnd\u00eb n\u00eb Tetov\u00eb \u2013 SPB: 3 t\u00eb vdekur dhe nj\u00eb f\u00ebmij\u00eb i l\u00ebnduar r\u00ebnd\u00eb - press7.tv","isPartOf":{"@id":"https:\/\/www.news33.tv\/#website"},"primaryImageOfPage":{"@id":"https:\/\/www.press7.tv\/?p=21190#primaryimage"},"image":{"@id":"https:\/\/www.press7.tv\/?p=21190#primaryimage"},"thumbnailUrl":"https:\/\/www.press7.tv\/wp-content\/uploads\/2025\/07\/IMG_6887.avif","datePublished":"2025-07-31T15:50:06+00:00","breadcrumb":{"@id":"https:\/\/www.press7.tv\/?p=21190#breadcrumb"},"inLanguage":"en-US","potentialAction":[{"@type":"ReadAction","target":["https:\/\/www.press7.tv\/?p=21190"]}]},{"@type":"ImageObject","inLanguage":"en-US","@id":"https:\/\/www.press7.tv\/?p=21190#primaryimage","url":"https:\/\/www.press7.tv\/wp-content\/uploads\/2025\/07\/IMG_6887.avif","contentUrl":"https:\/\/www.press7.tv\/wp-content\/uploads\/2025\/07\/IMG_6887.avif","width":750,"height":430},{"@type":"BreadcrumbList","@id":"https:\/\/www.press7.tv\/?p=21190#breadcrumb","itemListElement":[{"@type":"ListItem","position":1,"name":"Home","item":"https:\/\/www.press7.tv\/"},{"@type":"ListItem","position":2,"name":"Aksident i r\u00ebnd\u00eb n\u00eb Tetov\u00eb \u2013 SPB: 3 t\u00eb vdekur dhe nj\u00eb f\u00ebmij\u00eb i l\u00ebnduar r\u00ebnd\u00eb"}]},{"@type":"WebSite","@id":"https:\/\/www.news33.tv\/#website","url":"https:\/\/www.news33.tv\/","name":"News33.tv Media","description":"Media","publisher":{"@id":"https:\/\/www.news33.tv\/#organization"},"potentialAction":[{"@type":"SearchAction","target":{"@type":"EntryPoint","urlTemplate":"https:\/\/www.news33.tv\/?s={search_term_string}"},"query-input":{"@type":"PropertyValueSpecification","valueRequired":true,"valueName":"search_term_string"}}],"inLanguage":"en-US"},{"@type":"Organization","@id":"https:\/\/www.news33.tv\/#organization","name":"News33.tv Media","url":"https:\/\/www.news33.tv\/","logo":{"@type":"ImageObject","inLanguage":"en-US","@id":"https:\/\/www.news33.tv\/#\/schema\/logo\/image\/","url":"https:\/\/www.press7.tv\/wp-content\/uploads\/2024\/02\/logo-news33-black.png","contentUrl":"https:\/\/www.press7.tv\/wp-content\/uploads\/2024\/02\/logo-news33-black.png","width":180,"height":37,"caption":"News33.tv Media"},"image":{"@id":"https:\/\/www.news33.tv\/#\/schema\/logo\/image\/"},"sameAs":["https:\/\/www.facebook.com\/press7.tv"]},{"@type":"Person","@id":"https:\/\/www.news33.tv\/#\/schema\/person\/5a04a38a23ccdba82f9bd665cd8f9efa","name":"gazetar2","image":{"@type":"ImageObject","inLanguage":"en-US","@id":"https:\/\/www.news33.tv\/#\/schema\/person\/image\/","url":"https:\/\/www.press7.tv\/wp-content\/litespeed\/avatar\/41975e402c3049d9ddb03adca8f7a883.jpg?ver=1777169572","contentUrl":"https:\/\/www.press7.tv\/wp-content\/litespeed\/avatar\/41975e402c3049d9ddb03adca8f7a883.jpg?ver=1777169572","caption":"gazetar2"},"url":"https:\/\/www.press7.tv\/?author=8"}]}},"amp_enabled":true,"_links":{"self":[{"href":"https:\/\/www.press7.tv\/index.php?rest_route=\/wp\/v2\/posts\/21190","targetHints":{"allow":["GET"]}}],"collection":[{"href":"https:\/\/www.press7.tv\/index.php?rest_route=\/wp\/v2\/posts"}],"about":[{"href":"https:\/\/www.press7.tv\/index.php?rest_route=\/wp\/v2\/types\/post"}],"author":[{"embeddable":true,"href":"https:\/\/www.press7.tv\/index.php?rest_route=\/wp\/v2\/users\/8"}],"replies":[{"embeddable":true,"href":"https:\/\/www.press7.tv\/index.php?rest_route=%2Fwp%2Fv2%2Fcomments&post=21190"}],"version-history":[{"count":1,"href":"https:\/\/www.press7.tv\/index.php?rest_route=\/wp\/v2\/posts\/21190\/revisions"}],"predecessor-version":[{"id":21192,"href":"https:\/\/www.press7.tv\/index.php?rest_route=\/wp\/v2\/posts\/21190\/revisions\/21192"}],"wp:featuredmedia":[{"embeddable":true,"href":"https:\/\/www.press7.tv\/index.php?rest_route=\/wp\/v2\/media\/21191"}],"wp:attachment":[{"href":"https:\/\/www.press7.tv\/index.php?rest_route=%2Fwp%2Fv2%2Fmedia&parent=21190"}],"wp:term":[{"taxonomy":"category","embeddable":true,"href":"https:\/\/www.press7.tv\/index.php?rest_route=%2Fwp%2Fv2%2Fcategories&post=21190"},{"taxonomy":"post_tag","embeddable":true,"href":"https:\/\/www.press7.tv\/index.php?rest_route=%2Fwp%2Fv2%2Ftags&post=21190"}],"curies":[{"name":"wp","href":"https:\/\/api.w.org\/{rel}","templated":true}]}}