{"id":21172,"date":"2025-07-30T15:48:39","date_gmt":"2025-07-30T15:48:39","guid":{"rendered":"https:\/\/www.press7.tv\/?p=21172"},"modified":"2025-07-30T15:48:39","modified_gmt":"2025-07-30T15:48:39","slug":"mickoski-ne-keshillin-ekonomiko-social-dialog-dhe-pergjegjesi-rritje-ekonomike-dhe-politika-reale-ne-sherbim-te-qytetareve","status":"publish","type":"post","link":"https:\/\/www.press7.tv\/?p=21172","title":{"rendered":"Mickoski n\u00eb K\u00ebshillin ekonomiko social: Dialog dhe p\u00ebrgjegj\u00ebsi \u2013 rritje ekonomike dhe politika reale n\u00eb sh\u00ebrbim t\u00eb qytetar\u00ebve"},"content":{"rendered":"\n    <div class=\"xs_social_share_widget xs_share_url before_content \t\tmain_content  wslu-style-2 wslu-share-box-shaped wslu-fill-colored wslu-share-m-5 wslu-none wslu-share-vertical wslu-theme-font-no wslu-main_content\">\n\n\t\t\n        <ul>\n\t\t\t        <\/ul>\n    <\/div> \n<p>M\u00eb lejoni s\u00eb pari t\u00eb theksoj se kjo Qeveri ka nj\u00eb pamje t\u00eb qart\u00eb t\u00eb situat\u00ebs reale n\u00eb t\u00eb cil\u00ebn jetojn\u00eb qytetar\u00ebt. Jemi t\u00eb vet\u00ebdijsh\u00ebm p\u00ebr jet\u00ebn e v\u00ebshtir\u00eb, e dim\u00eb se sfidat jan\u00eb reale dhe se standardi nuk mund t\u00eb p\u00ebrmir\u00ebsohet brenda nat\u00ebs. Por gjithashtu e dim\u00eb se n\u00ebse t\u00eb gjith\u00eb ne k\u00ebtu besojm\u00eb v\u00ebrtet se interesi i qytetar\u00ebve \u00ebsht\u00eb m\u00eb i r\u00ebnd\u00ebsish\u00ebm sesa dallimet personale ose politike, at\u00ebher\u00eb jam i sigurt se mundemi dhe do t\u00eb sjellim zgjidhje t\u00eb mira.<\/p>\n<p>\u00cbsht\u00eb e v\u00ebrtet\u00eb se ka dallime p\u00ebr \u00e7\u00ebshtje t\u00eb caktuara midis Qeveris\u00eb dhe disa prej sindikatave, si dhe me disa nga pjes\u00ebmarr\u00ebsit e tjer\u00eb n\u00eb kuad\u00ebr t\u00eb k\u00ebtij K\u00ebshilli. Por kjo nuk \u00ebsht\u00eb nj\u00eb arsye p\u00ebr t\u00eb mos pasur dialog.<\/p>\n<p>P\u00ebrkundrazi, \u00ebsht\u00eb nj\u00eb arsye shtes\u00eb q\u00eb ky dialog t\u00eb jet\u00eb m\u00eb i ndersh\u00ebm dhe m\u00eb i hapur. N\u00ebse p\u00ebr t\u00eb gjith\u00eb ne k\u00ebtu, interesi i qytetar\u00ebve \u00ebsht\u00eb po aq i r\u00ebnd\u00ebsish\u00ebm, at\u00ebher\u00eb e di se zgjidhjet do t\u00eb jen\u00eb t\u00eb mira. Kur ekziston vullneti, ekziston dhe  rruga. Dhe vullneti k\u00ebtu sot egziston si tek ne, ashtu edhe te partner\u00ebt social\u00eb.<\/p>\n<p>Gjat\u00eb vitit t\u00eb kaluar, kemi punuar me p\u00ebrkushtim n\u00eb heshtje dhe  pa shum\u00eb zhurm\u00eb, por me nj\u00eb q\u00ebllim t\u00eb qart\u00eb p\u00ebr t\u2019i l\u00ebvizur gj\u00ebrat nga pika e vdekur. Dhe kjo tashm\u00eb po v\u00ebrehet, le t\u00eb themi n\u00eb disa nga parametrat statistikore. N\u00eb maj, pagat neto dhe bruto u rrit\u00ebn me nj\u00eb mesatare prej 11 p\u00ebrqind. N\u00eb arsim, sh\u00ebndet\u00ebsi, administrat\u00eb dhe polici, tashm\u00eb ka paga m\u00eb t\u00eb larta.<\/p>\n<p>Produkti i brendsh\u00ebm bruto n\u00eb baz\u00eb reale n\u00eb tremujorin e par\u00eb u rrit me 3.2 p\u00ebrqind, me \u00e7ka arrit\u00ebm rritjen e kat\u00ebrt m\u00eb t\u00eb lart\u00eb t\u00eb PBB-s\u00eb n\u00eb tremujorin e par\u00eb. N\u00ebse dikush do t\u00eb thoshte nj\u00eb vit m\u00eb par\u00eb se Maqedonia do t\u00eb kishte nj\u00eb paramet\u00ebr t\u00eb till\u00eb, at\u00ebher\u00eb t\u00eb gjith\u00eb do t\u00eb qeshnin me t\u00eb. Sot, \u00ebsht\u00eb nj\u00eb fakt. Rezultatet flasin vet\u00eb.<\/p>\n<p>Prodhimi industrial n\u00eb maj u rrit me 9.4 p\u00ebrqind krahasuar me t\u00eb nj\u00ebjtin muaj t\u00eb vitit t\u00eb kaluar, q\u00eb do t\u00eb thot\u00eb se n\u00eb tremujorin e dyt\u00eb, p\u00ebr her\u00eb t\u00eb par\u00eb n\u00eb nuk e di sa vite, presim t\u00eb kemi rritje t\u00eb prodhimit industrial. Kjo nuk \u00ebsht\u00eb rast\u00ebsi. \u00cbsht\u00eb rezultat i hapave sistemik\u00eb dhe politikave ekonomike q\u00eb bazohen n\u00eb disiplin\u00ebn fiskale dhe mb\u00ebshtetjen p\u00ebr sektorin real. N\u00ebse duam nj\u00eb ekonomi q\u00eb prodhon, at\u00ebher\u00eb duhet t\u00eb kemi nj\u00eb shtet q\u00eb mb\u00ebshtet n\u00eb kuad\u00ebr t\u00eb mund\u00ebsive t\u00eb tij.<\/p>\n<p>N\u00eb drejtim t\u00eb mb\u00ebshtetjes s\u00eb drejtp\u00ebrdrejt ekonomike, k\u00ebt\u00eb vit jan\u00eb siguruar 250 milion\u00eb euro p\u00ebr kompanit\u00eb q\u00eb hyjn\u00eb n\u00eb nj\u00eb cik\u00ebl t\u00eb ri investimesh. N\u00eb m\u00ebnyr\u00eb plot\u00ebsuese, 250 milion\u00eb euro u drejtohen komunave p\u00ebr realizimin e projekteve kapitale q\u00eb p\u00ebrmir\u00ebsojn\u00eb cil\u00ebsin\u00eb e jet\u00ebs s\u00eb qytetar\u00ebve tan\u00eb. K\u00ebto nuk jan\u00eb premtime, k\u00ebto jan\u00eb para q\u00eb investohen n\u00eb terren. Prandaj them q\u00eb \u00e7do denar i shpenzuar nga qytetar\u00ebt duhet t\u00eb kthehet p\u00ebrmes rrug\u00ebve, shkollave, ambulancave ose page m\u00eb t\u00eb lart\u00eb. P\u00ebr her\u00eb t\u00eb par\u00eb n\u00eb shtat\u00eb vjet, kemi nj\u00eb ulje t\u00eb borxhit publik.<\/p>\n<p>Q\u00eb nga marsi i vitit 2025, borxhi publik \u00ebsht\u00eb ulur me 4.7 pik\u00eb p\u00ebrqindjeje n\u00eb raport me PBB-n\u00eb, gjegj\u00ebsisht n\u00eb vler\u00eb absolute me 36 milion\u00eb euro. Presim q\u00eb deficiti buxhetor t\u00eb jet\u00eb rreth 4 p\u00ebrqind, dhe pse jo n\u00ebn 4 p\u00ebrqind t\u00eb PBB-s\u00eb p\u00ebr k\u00ebt\u00eb vit. Kjo do t\u00eb thot\u00eb q\u00eb qytetar\u00ebt m\u00eb n\u00eb fund kan\u00eb nj\u00eb Qeveri q\u00eb nuk shpenzon n\u00eb m\u00ebnyr\u00eb irracionale dhe q\u00eb nuk ka q\u00ebllim  t\u00eb krijoj\u00eb borxhe q\u00eb do t\u2019ua l\u00ebm\u00eb brezave t\u00eb ardhsh\u00ebm.<\/p>\n<p>\u00cbsht\u00eb shlyer plot\u00ebsisht eurobondi i emetuar n\u00eb vitin 2018 n\u00eb shum\u00ebn prej gjysm\u00eb miliardi eurosh. Mendoj se kjo ndodhi n\u00eb fund t\u00eb janarit t\u00eb k\u00ebtij viti dhe nuk u emetua eurobond i ri p\u00ebr ta shlyer k\u00ebt\u00eb. Ky nuk \u00ebsht\u00eb vet\u00ebm nj\u00eb z\u00eb financiar, \u00ebsht\u00eb d\u00ebshmi e qeverisjes s\u00eb p\u00ebrgjegjshme.<\/p>\n<p>Kur shteti shlyen borxhet e tij, tregon se e di se \u00e7far\u00eb \u00ebsht\u00eb obligimi. Dhe kur shteti respekton detyrimin e tij, ai ka t\u00eb drejt\u00eb t\u00eb k\u00ebrkoj\u00eb respekt nga t\u00eb tjer\u00ebt. \u00cbsht\u00eb nj\u00eb rrug\u00eb me dy drejtime.<\/p>\n<p>P\u00ebrve\u00e7 k\u00ebsaj, tashm\u00eb \u00ebsht\u00eb miratuar Strategjia Fiskale 2026-2030, e cila synon p\u00ebrmir\u00ebsimin e stabilitetit makroekonomik dhe mb\u00ebshtetjen e aktivitetit ekonomik p\u00ebrmes konsolidimit gradual fiskal.<\/p>\n<p>Kjo \u00ebsht\u00eb nj\u00eb strategji q\u00eb forcon themelet p\u00ebr rritje t\u00eb q\u00ebndrueshme n\u00eb pes\u00eb vitet e ardhshme. Sepse disiplina fiskale nuk do t\u00eb thot\u00eb kursim n\u00eb kurriz t\u00eb qytetar\u00ebve, por shpenzime t\u00eb zgjuara n\u00eb dobi t\u00eb tyre.<\/p>\n<p>Pres q\u00eb sot t\u00eb miratohet Programi i pun\u00ebs i K\u00ebshillit ekonomik dhe social p\u00ebr vitin 2025. Kjo do jet\u00eb nj\u00eb konfirmim se ky K\u00ebshill nuk \u00ebsht\u00eb nj\u00eb formalitet, por nj\u00eb mekaniz\u00ebm i gjall\u00eb p\u00ebr dialog t\u00eb v\u00ebrtet\u00eb social dhe p\u00ebr marrjen e vendimeve q\u00eb jan\u00eb n\u00eb interes t\u00eb qytetar\u00ebve.<\/p>\n<p>N\u00eb thelb, kjo Qeveri tregon se \u00ebsht\u00eb e mundur t\u00eb udh\u00ebheq\u00eb vendin me financa t\u00eb q\u00ebndrueshme, paga n\u00eb rritje, mb\u00ebshtetje p\u00ebr ekonomin\u00eb dhe dialog me t\u00eb gjith\u00eb aktor\u00ebt shoq\u00ebror\u00eb. N\u00ebse t\u00eb gjith\u00eb duam nj\u00eb t\u00eb nes\u00ebrme m\u00eb t\u00eb mir\u00eb, at\u00ebher\u00eb kjo fillon me pun\u00eb t\u00eb ndershme sot.<\/p>\n<p>Ne themi se flasin numrat, dhe jo retorika e zhveshur dhe boshe. Le t\u00eb flasin rezultatet, jo arsyetimet dhe justifikimet. Le t\u00eb flasin qytetar\u00ebt, dhe jo fjal\u00ebt boshe t\u00eb p\u00ebrmbajtura n\u00eb njoftime.<\/p>\n","protected":false},"excerpt":{"rendered":"<p>M\u00eb lejoni s\u00eb pari t\u00eb theksoj se kjo Qeveri ka nj\u00eb pamje t\u00eb qart\u00eb t\u00eb situat\u00ebs reale n\u00eb t\u00eb cil\u00ebn jetojn\u00eb qytetar\u00ebt. Jemi t\u00eb vet\u00ebdijsh\u00ebm p\u00ebr jet\u00ebn e v\u00ebshtir\u00eb, e dim\u00eb se sfidat jan\u00eb reale dhe se standardi nuk mund t\u00eb p\u00ebrmir\u00ebsohet brenda nat\u00ebs. Por gjithashtu e dim\u00eb se n\u00ebse t\u00eb gjith\u00eb ne k\u00ebtu besojm\u00eb [&hellip;]<\/p>\n","protected":false},"author":8,"featured_media":21173,"comment_status":"closed","ping_status":"closed","sticky":false,"template":"","format":"standard","meta":{"footnotes":""},"categories":[213,214],"tags":[],"class_list":["post-21172","post","type-post","status-publish","format-standard","has-post-thumbnail","hentry","category-lajme","category-maqedoni"],"yoast_head":"<!-- This site is optimized with the Yoast SEO plugin v25.1 - https:\/\/yoast.com\/wordpress\/plugins\/seo\/ -->\n<title>Mickoski n\u00eb K\u00ebshillin ekonomiko social: Dialog dhe p\u00ebrgjegj\u00ebsi \u2013 rritje ekonomike dhe politika reale n\u00eb sh\u00ebrbim t\u00eb qytetar\u00ebve - press7.tv<\/title>\n<meta name=\"robots\" content=\"index, follow, max-snippet:-1, max-image-preview:large, max-video-preview:-1\" \/>\n<link rel=\"canonical\" href=\"https:\/\/www.press7.tv\/?p=21172\" \/>\n<meta property=\"og:locale\" content=\"en_US\" \/>\n<meta property=\"og:type\" content=\"article\" \/>\n<meta property=\"og:title\" content=\"Mickoski n\u00eb K\u00ebshillin ekonomiko social: Dialog dhe p\u00ebrgjegj\u00ebsi \u2013 rritje ekonomike dhe politika reale n\u00eb sh\u00ebrbim t\u00eb qytetar\u00ebve - press7.tv\" \/>\n<meta property=\"og:description\" content=\"M\u00eb lejoni s\u00eb pari t\u00eb theksoj se kjo Qeveri ka nj\u00eb pamje t\u00eb qart\u00eb t\u00eb situat\u00ebs reale n\u00eb t\u00eb cil\u00ebn jetojn\u00eb qytetar\u00ebt. Jemi t\u00eb vet\u00ebdijsh\u00ebm p\u00ebr jet\u00ebn e v\u00ebshtir\u00eb, e dim\u00eb se sfidat jan\u00eb reale dhe se standardi nuk mund t\u00eb p\u00ebrmir\u00ebsohet brenda nat\u00ebs. Por gjithashtu e dim\u00eb se n\u00ebse t\u00eb gjith\u00eb ne k\u00ebtu besojm\u00eb [&hellip;]\" \/>\n<meta property=\"og:url\" content=\"https:\/\/www.press7.tv\/?p=21172\" \/>\n<meta property=\"og:site_name\" content=\"press7.tv\" \/>\n<meta property=\"article:publisher\" content=\"https:\/\/www.facebook.com\/press7.tv\" \/>\n<meta property=\"article:published_time\" content=\"2025-07-30T15:48:39+00:00\" \/>\n<meta property=\"og:image\" content=\"https:\/\/www.press7.tv\/wp-content\/uploads\/2025\/07\/IMG_6853.avif\" \/>\n\t<meta property=\"og:image:width\" content=\"1200\" \/>\n\t<meta property=\"og:image:height\" content=\"1800\" \/>\n\t<meta property=\"og:image:type\" content=\"image\/jpeg\" \/>\n<meta name=\"author\" content=\"gazetar2\" \/>\n<meta name=\"twitter:card\" content=\"summary_large_image\" \/>\n<meta name=\"twitter:label1\" content=\"Written by\" \/>\n\t<meta name=\"twitter:data1\" content=\"gazetar2\" \/>\n\t<meta name=\"twitter:label2\" content=\"Est. reading time\" \/>\n\t<meta name=\"twitter:data2\" content=\"1 minute\" \/>\n<script type=\"application\/ld+json\" class=\"yoast-schema-graph\">{\"@context\":\"https:\/\/schema.org\",\"@graph\":[{\"@type\":\"Article\",\"@id\":\"https:\/\/www.press7.tv\/?p=21172#article\",\"isPartOf\":{\"@id\":\"https:\/\/www.press7.tv\/?p=21172\"},\"author\":{\"name\":\"gazetar2\",\"@id\":\"https:\/\/www.news33.tv\/#\/schema\/person\/5a04a38a23ccdba82f9bd665cd8f9efa\"},\"headline\":\"Mickoski n\u00eb K\u00ebshillin ekonomiko social: Dialog dhe p\u00ebrgjegj\u00ebsi \u2013 rritje ekonomike dhe politika reale n\u00eb sh\u00ebrbim t\u00eb qytetar\u00ebve\",\"datePublished\":\"2025-07-30T15:48:39+00:00\",\"mainEntityOfPage\":{\"@id\":\"https:\/\/www.press7.tv\/?p=21172\"},\"wordCount\":995,\"publisher\":{\"@id\":\"https:\/\/www.news33.tv\/#organization\"},\"image\":{\"@id\":\"https:\/\/www.press7.tv\/?p=21172#primaryimage\"},\"thumbnailUrl\":\"https:\/\/www.press7.tv\/wp-content\/uploads\/2025\/07\/IMG_6853.avif\",\"articleSection\":[\"Lajme\",\"Maqedoni\"],\"inLanguage\":\"en-US\"},{\"@type\":\"WebPage\",\"@id\":\"https:\/\/www.press7.tv\/?p=21172\",\"url\":\"https:\/\/www.press7.tv\/?p=21172\",\"name\":\"Mickoski n\u00eb K\u00ebshillin ekonomiko social: Dialog dhe p\u00ebrgjegj\u00ebsi \u2013 rritje ekonomike dhe politika reale n\u00eb sh\u00ebrbim t\u00eb qytetar\u00ebve - press7.tv\",\"isPartOf\":{\"@id\":\"https:\/\/www.news33.tv\/#website\"},\"primaryImageOfPage\":{\"@id\":\"https:\/\/www.press7.tv\/?p=21172#primaryimage\"},\"image\":{\"@id\":\"https:\/\/www.press7.tv\/?p=21172#primaryimage\"},\"thumbnailUrl\":\"https:\/\/www.press7.tv\/wp-content\/uploads\/2025\/07\/IMG_6853.avif\",\"datePublished\":\"2025-07-30T15:48:39+00:00\",\"breadcrumb\":{\"@id\":\"https:\/\/www.press7.tv\/?p=21172#breadcrumb\"},\"inLanguage\":\"en-US\",\"potentialAction\":[{\"@type\":\"ReadAction\",\"target\":[\"https:\/\/www.press7.tv\/?p=21172\"]}]},{\"@type\":\"ImageObject\",\"inLanguage\":\"en-US\",\"@id\":\"https:\/\/www.press7.tv\/?p=21172#primaryimage\",\"url\":\"https:\/\/www.press7.tv\/wp-content\/uploads\/2025\/07\/IMG_6853.avif\",\"contentUrl\":\"https:\/\/www.press7.tv\/wp-content\/uploads\/2025\/07\/IMG_6853.avif\",\"width\":1200,\"height\":1800},{\"@type\":\"BreadcrumbList\",\"@id\":\"https:\/\/www.press7.tv\/?p=21172#breadcrumb\",\"itemListElement\":[{\"@type\":\"ListItem\",\"position\":1,\"name\":\"Home\",\"item\":\"https:\/\/www.press7.tv\/\"},{\"@type\":\"ListItem\",\"position\":2,\"name\":\"Mickoski n\u00eb K\u00ebshillin ekonomiko social: Dialog dhe p\u00ebrgjegj\u00ebsi \u2013 rritje ekonomike dhe politika reale n\u00eb sh\u00ebrbim t\u00eb qytetar\u00ebve\"}]},{\"@type\":\"WebSite\",\"@id\":\"https:\/\/www.news33.tv\/#website\",\"url\":\"https:\/\/www.news33.tv\/\",\"name\":\"News33.tv Media\",\"description\":\"Media\",\"publisher\":{\"@id\":\"https:\/\/www.news33.tv\/#organization\"},\"potentialAction\":[{\"@type\":\"SearchAction\",\"target\":{\"@type\":\"EntryPoint\",\"urlTemplate\":\"https:\/\/www.news33.tv\/?s={search_term_string}\"},\"query-input\":{\"@type\":\"PropertyValueSpecification\",\"valueRequired\":true,\"valueName\":\"search_term_string\"}}],\"inLanguage\":\"en-US\"},{\"@type\":\"Organization\",\"@id\":\"https:\/\/www.news33.tv\/#organization\",\"name\":\"News33.tv Media\",\"url\":\"https:\/\/www.news33.tv\/\",\"logo\":{\"@type\":\"ImageObject\",\"inLanguage\":\"en-US\",\"@id\":\"https:\/\/www.news33.tv\/#\/schema\/logo\/image\/\",\"url\":\"https:\/\/www.press7.tv\/wp-content\/uploads\/2024\/02\/logo-news33-black.png\",\"contentUrl\":\"https:\/\/www.press7.tv\/wp-content\/uploads\/2024\/02\/logo-news33-black.png\",\"width\":180,\"height\":37,\"caption\":\"News33.tv Media\"},\"image\":{\"@id\":\"https:\/\/www.news33.tv\/#\/schema\/logo\/image\/\"},\"sameAs\":[\"https:\/\/www.facebook.com\/press7.tv\"]},{\"@type\":\"Person\",\"@id\":\"https:\/\/www.news33.tv\/#\/schema\/person\/5a04a38a23ccdba82f9bd665cd8f9efa\",\"name\":\"gazetar2\",\"image\":{\"@type\":\"ImageObject\",\"inLanguage\":\"en-US\",\"@id\":\"https:\/\/www.news33.tv\/#\/schema\/person\/image\/\",\"url\":\"https:\/\/www.press7.tv\/wp-content\/litespeed\/avatar\/41975e402c3049d9ddb03adca8f7a883.jpg?ver=1777774395\",\"contentUrl\":\"https:\/\/www.press7.tv\/wp-content\/litespeed\/avatar\/41975e402c3049d9ddb03adca8f7a883.jpg?ver=1777774395\",\"caption\":\"gazetar2\"},\"url\":\"https:\/\/www.press7.tv\/?author=8\"}]}<\/script>\n<!-- \/ Yoast SEO plugin. -->","yoast_head_json":{"title":"Mickoski n\u00eb K\u00ebshillin ekonomiko social: Dialog dhe p\u00ebrgjegj\u00ebsi \u2013 rritje ekonomike dhe politika reale n\u00eb sh\u00ebrbim t\u00eb qytetar\u00ebve - press7.tv","robots":{"index":"index","follow":"follow","max-snippet":"max-snippet:-1","max-image-preview":"max-image-preview:large","max-video-preview":"max-video-preview:-1"},"canonical":"https:\/\/www.press7.tv\/?p=21172","og_locale":"en_US","og_type":"article","og_title":"Mickoski n\u00eb K\u00ebshillin ekonomiko social: Dialog dhe p\u00ebrgjegj\u00ebsi \u2013 rritje ekonomike dhe politika reale n\u00eb sh\u00ebrbim t\u00eb qytetar\u00ebve - press7.tv","og_description":"M\u00eb lejoni s\u00eb pari t\u00eb theksoj se kjo Qeveri ka nj\u00eb pamje t\u00eb qart\u00eb t\u00eb situat\u00ebs reale n\u00eb t\u00eb cil\u00ebn jetojn\u00eb qytetar\u00ebt. Jemi t\u00eb vet\u00ebdijsh\u00ebm p\u00ebr jet\u00ebn e v\u00ebshtir\u00eb, e dim\u00eb se sfidat jan\u00eb reale dhe se standardi nuk mund t\u00eb p\u00ebrmir\u00ebsohet brenda nat\u00ebs. Por gjithashtu e dim\u00eb se n\u00ebse t\u00eb gjith\u00eb ne k\u00ebtu besojm\u00eb [&hellip;]","og_url":"https:\/\/www.press7.tv\/?p=21172","og_site_name":"press7.tv","article_publisher":"https:\/\/www.facebook.com\/press7.tv","article_published_time":"2025-07-30T15:48:39+00:00","og_image":[{"width":1200,"height":1800,"url":"https:\/\/www.press7.tv\/wp-content\/uploads\/2025\/07\/IMG_6853.avif","type":"image\/jpeg"}],"author":"gazetar2","twitter_card":"summary_large_image","twitter_misc":{"Written by":"gazetar2","Est. reading time":"1 minute"},"schema":{"@context":"https:\/\/schema.org","@graph":[{"@type":"Article","@id":"https:\/\/www.press7.tv\/?p=21172#article","isPartOf":{"@id":"https:\/\/www.press7.tv\/?p=21172"},"author":{"name":"gazetar2","@id":"https:\/\/www.news33.tv\/#\/schema\/person\/5a04a38a23ccdba82f9bd665cd8f9efa"},"headline":"Mickoski n\u00eb K\u00ebshillin ekonomiko social: Dialog dhe p\u00ebrgjegj\u00ebsi \u2013 rritje ekonomike dhe politika reale n\u00eb sh\u00ebrbim t\u00eb qytetar\u00ebve","datePublished":"2025-07-30T15:48:39+00:00","mainEntityOfPage":{"@id":"https:\/\/www.press7.tv\/?p=21172"},"wordCount":995,"publisher":{"@id":"https:\/\/www.news33.tv\/#organization"},"image":{"@id":"https:\/\/www.press7.tv\/?p=21172#primaryimage"},"thumbnailUrl":"https:\/\/www.press7.tv\/wp-content\/uploads\/2025\/07\/IMG_6853.avif","articleSection":["Lajme","Maqedoni"],"inLanguage":"en-US"},{"@type":"WebPage","@id":"https:\/\/www.press7.tv\/?p=21172","url":"https:\/\/www.press7.tv\/?p=21172","name":"Mickoski n\u00eb K\u00ebshillin ekonomiko social: Dialog dhe p\u00ebrgjegj\u00ebsi \u2013 rritje ekonomike dhe politika reale n\u00eb sh\u00ebrbim t\u00eb qytetar\u00ebve - press7.tv","isPartOf":{"@id":"https:\/\/www.news33.tv\/#website"},"primaryImageOfPage":{"@id":"https:\/\/www.press7.tv\/?p=21172#primaryimage"},"image":{"@id":"https:\/\/www.press7.tv\/?p=21172#primaryimage"},"thumbnailUrl":"https:\/\/www.press7.tv\/wp-content\/uploads\/2025\/07\/IMG_6853.avif","datePublished":"2025-07-30T15:48:39+00:00","breadcrumb":{"@id":"https:\/\/www.press7.tv\/?p=21172#breadcrumb"},"inLanguage":"en-US","potentialAction":[{"@type":"ReadAction","target":["https:\/\/www.press7.tv\/?p=21172"]}]},{"@type":"ImageObject","inLanguage":"en-US","@id":"https:\/\/www.press7.tv\/?p=21172#primaryimage","url":"https:\/\/www.press7.tv\/wp-content\/uploads\/2025\/07\/IMG_6853.avif","contentUrl":"https:\/\/www.press7.tv\/wp-content\/uploads\/2025\/07\/IMG_6853.avif","width":1200,"height":1800},{"@type":"BreadcrumbList","@id":"https:\/\/www.press7.tv\/?p=21172#breadcrumb","itemListElement":[{"@type":"ListItem","position":1,"name":"Home","item":"https:\/\/www.press7.tv\/"},{"@type":"ListItem","position":2,"name":"Mickoski n\u00eb K\u00ebshillin ekonomiko social: Dialog dhe p\u00ebrgjegj\u00ebsi \u2013 rritje ekonomike dhe politika reale n\u00eb sh\u00ebrbim t\u00eb qytetar\u00ebve"}]},{"@type":"WebSite","@id":"https:\/\/www.news33.tv\/#website","url":"https:\/\/www.news33.tv\/","name":"News33.tv Media","description":"Media","publisher":{"@id":"https:\/\/www.news33.tv\/#organization"},"potentialAction":[{"@type":"SearchAction","target":{"@type":"EntryPoint","urlTemplate":"https:\/\/www.news33.tv\/?s={search_term_string}"},"query-input":{"@type":"PropertyValueSpecification","valueRequired":true,"valueName":"search_term_string"}}],"inLanguage":"en-US"},{"@type":"Organization","@id":"https:\/\/www.news33.tv\/#organization","name":"News33.tv Media","url":"https:\/\/www.news33.tv\/","logo":{"@type":"ImageObject","inLanguage":"en-US","@id":"https:\/\/www.news33.tv\/#\/schema\/logo\/image\/","url":"https:\/\/www.press7.tv\/wp-content\/uploads\/2024\/02\/logo-news33-black.png","contentUrl":"https:\/\/www.press7.tv\/wp-content\/uploads\/2024\/02\/logo-news33-black.png","width":180,"height":37,"caption":"News33.tv Media"},"image":{"@id":"https:\/\/www.news33.tv\/#\/schema\/logo\/image\/"},"sameAs":["https:\/\/www.facebook.com\/press7.tv"]},{"@type":"Person","@id":"https:\/\/www.news33.tv\/#\/schema\/person\/5a04a38a23ccdba82f9bd665cd8f9efa","name":"gazetar2","image":{"@type":"ImageObject","inLanguage":"en-US","@id":"https:\/\/www.news33.tv\/#\/schema\/person\/image\/","url":"https:\/\/www.press7.tv\/wp-content\/litespeed\/avatar\/41975e402c3049d9ddb03adca8f7a883.jpg?ver=1777774395","contentUrl":"https:\/\/www.press7.tv\/wp-content\/litespeed\/avatar\/41975e402c3049d9ddb03adca8f7a883.jpg?ver=1777774395","caption":"gazetar2"},"url":"https:\/\/www.press7.tv\/?author=8"}]}},"amp_enabled":true,"_links":{"self":[{"href":"https:\/\/www.press7.tv\/index.php?rest_route=\/wp\/v2\/posts\/21172","targetHints":{"allow":["GET"]}}],"collection":[{"href":"https:\/\/www.press7.tv\/index.php?rest_route=\/wp\/v2\/posts"}],"about":[{"href":"https:\/\/www.press7.tv\/index.php?rest_route=\/wp\/v2\/types\/post"}],"author":[{"embeddable":true,"href":"https:\/\/www.press7.tv\/index.php?rest_route=\/wp\/v2\/users\/8"}],"replies":[{"embeddable":true,"href":"https:\/\/www.press7.tv\/index.php?rest_route=%2Fwp%2Fv2%2Fcomments&post=21172"}],"version-history":[{"count":1,"href":"https:\/\/www.press7.tv\/index.php?rest_route=\/wp\/v2\/posts\/21172\/revisions"}],"predecessor-version":[{"id":21174,"href":"https:\/\/www.press7.tv\/index.php?rest_route=\/wp\/v2\/posts\/21172\/revisions\/21174"}],"wp:featuredmedia":[{"embeddable":true,"href":"https:\/\/www.press7.tv\/index.php?rest_route=\/wp\/v2\/media\/21173"}],"wp:attachment":[{"href":"https:\/\/www.press7.tv\/index.php?rest_route=%2Fwp%2Fv2%2Fmedia&parent=21172"}],"wp:term":[{"taxonomy":"category","embeddable":true,"href":"https:\/\/www.press7.tv\/index.php?rest_route=%2Fwp%2Fv2%2Fcategories&post=21172"},{"taxonomy":"post_tag","embeddable":true,"href":"https:\/\/www.press7.tv\/index.php?rest_route=%2Fwp%2Fv2%2Ftags&post=21172"}],"curies":[{"name":"wp","href":"https:\/\/api.w.org\/{rel}","templated":true}]}}