{"id":21162,"date":"2025-07-29T18:02:20","date_gmt":"2025-07-29T18:02:20","guid":{"rendered":"https:\/\/www.press7.tv\/?p=21162"},"modified":"2025-07-29T18:02:20","modified_gmt":"2025-07-29T18:02:20","slug":"vlen-i-reagon-taravarit-nje-here-ketej-nje-here-andej-por-kurre-me-shqiptaret","status":"publish","type":"post","link":"https:\/\/www.press7.tv\/?p=21162","title":{"rendered":"VLEN i reagon Taravarit: Nj\u00eb her\u00eb k\u00ebtej, nj\u00eb her\u00eb andej, por kurr\u00eb me shqiptar\u00ebt!"},"content":{"rendered":"\n    <div class=\"xs_social_share_widget xs_share_url before_content \t\tmain_content  wslu-style-2 wslu-share-box-shaped wslu-fill-colored wslu-share-m-5 wslu-none wslu-share-vertical wslu-theme-font-no wslu-main_content\">\n\n\t\t\n        <ul>\n\t\t\t        <\/ul>\n    <\/div> \n<p>Koalicioni VLEN, i ka reaguar Arben Taravarit, pasi ky i fundit, deklaroi se dalja n\u00eb opozit\u00eb, nuk \u00ebsht\u00eb b\u00ebr\u00eb p\u00ebr c\u00ebshtje personale por, se \u00ebsht\u00eb larguar p\u00ebr shkak d\u00ebshtimit t\u00eb Qeveris\u00eb p\u00ebr t\u00eb p\u00ebrmbushur premtimet ndaj shqiptar\u00ebve.<br \/>\nNga VLEN, thon\u00eb se Arben Taravari vazhdon t\u00eb flas\u00eb me t\u00eb nj\u00ebjtat fraza q\u00eb i p\u00ebrdor sa her\u00eb nd\u00ebrron an\u00eb nj\u00eb her\u00eb n\u00eb qeveri, nj\u00eb her\u00eb n\u00eb opozit\u00eb por gjithmon\u00eb n\u00eb k\u00ebrkim t\u00eb alibis\u00eb p\u00ebr vendime q\u00eb nuk kan\u00eb asnj\u00eb parim.<br \/>\n\u201cAi nuk u largua nga qeveria p\u00ebr bindje, por sepse nuk mund t\u00eb duronte m\u00eb t\u00eb ishte pa kontroll. Nuk mund t\u00eb manipulonte m\u00eb me pun\u00ebsimet, em\u00ebrimet, tender\u00ebt dhe privilegjet q\u00eb i garantonin rehati politike.<br \/>\nSot flet p\u00ebr \u201cd\u00ebshtimin e qeveris\u00eb\u201d, por harroi se p\u00ebr m\u00eb shum\u00eb se nj\u00eb vit ishte vet\u00eb pjes\u00eb e saj. Madje thurte lavde p\u00ebr kryeministrin, lavde q\u00eb tani mundohet t\u2019i fshij\u00eb me gom\u00eb.<br \/>\nE thot\u00eb se iku p\u00ebr shqiptar\u00ebt por kur iku, nuk u d\u00ebgjua asnj\u00eb protest\u00eb. Sepse shqiptar\u00ebt e din\u00eb t\u00eb v\u00ebrtet\u00ebn Taravari nuk largohet p\u00ebr ta, por vet\u00ebm kur nuk merr m\u00eb \u00e7far\u00eb k\u00ebrkon.<br \/>\nN\u00eb t\u00eb v\u00ebrtet\u00eb, u largua p\u00ebr t\u2019u b\u00ebr\u00eb pateric\u00eb e partis\u00eb s\u00eb nongratave. Sepse kur nuk t\u00eb ec\u00ebn m\u00eb me miqt\u00eb dhe shok\u00ebt q\u00eb i tradhtove, dhe pasi ke shitur 107 mij\u00eb vota t\u00eb shqiptar\u00ebve, p\u00ebrfundon n\u00eb koshin e atyre q\u00eb dikur i quaje armiq.<br \/>\nKur nuk t\u00eb ecin pazaret, \u00ebsht\u00eb e leht\u00eb t\u00eb kujtosh parimet. Por parimet nuk jan\u00eb valixhe q\u00eb i hap e i mbyll sipas interesit t\u00eb dit\u00ebs.<br \/>\nVLEN do t\u00eb vazhdoj\u00eb t\u00eb punoj\u00eb p\u00ebr ndryshimin e v\u00ebrtet\u00eb, me njer\u00ebz q\u00eb nuk e shesin vot\u00ebn e shqiptar\u00ebve p\u00ebr hesap personal. Nuk na duhen \u201calternativa t\u00eb reja\u201d q\u00eb kan\u00eb fytyr\u00ebn e vjet\u00ebr t\u00eb Taravarit njer\u00ebz q\u00eb s\u2019kan\u00eb qen\u00eb kurr\u00eb me qytetarin, por gjithmon\u00eb me kalkulimin\u201d, thuhet n\u00eb reagimin e VLEN-it, ndaj Taravarit.<\/p>\n","protected":false},"excerpt":{"rendered":"<p>Koalicioni VLEN, i ka reaguar Arben Taravarit, pasi ky i fundit, deklaroi se dalja n\u00eb opozit\u00eb, nuk \u00ebsht\u00eb b\u00ebr\u00eb p\u00ebr c\u00ebshtje personale por, se \u00ebsht\u00eb larguar p\u00ebr shkak d\u00ebshtimit t\u00eb Qeveris\u00eb p\u00ebr t\u00eb p\u00ebrmbushur premtimet ndaj shqiptar\u00ebve. Nga VLEN, thon\u00eb se Arben Taravari vazhdon t\u00eb flas\u00eb me t\u00eb nj\u00ebjtat fraza q\u00eb i p\u00ebrdor sa her\u00eb [&hellip;]<\/p>\n","protected":false},"author":8,"featured_media":21163,"comment_status":"closed","ping_status":"closed","sticky":false,"template":"","format":"standard","meta":{"footnotes":""},"categories":[213,214],"tags":[],"class_list":["post-21162","post","type-post","status-publish","format-standard","has-post-thumbnail","hentry","category-lajme","category-maqedoni"],"yoast_head":"<!-- This site is optimized with the Yoast SEO plugin v25.1 - https:\/\/yoast.com\/wordpress\/plugins\/seo\/ -->\n<title>VLEN i reagon Taravarit: Nj\u00eb her\u00eb k\u00ebtej, nj\u00eb her\u00eb andej, por kurr\u00eb me shqiptar\u00ebt! - press7.tv<\/title>\n<meta name=\"robots\" content=\"index, follow, max-snippet:-1, max-image-preview:large, max-video-preview:-1\" \/>\n<link rel=\"canonical\" href=\"https:\/\/www.press7.tv\/?p=21162\" \/>\n<meta property=\"og:locale\" content=\"en_US\" \/>\n<meta property=\"og:type\" content=\"article\" \/>\n<meta property=\"og:title\" content=\"VLEN i reagon Taravarit: Nj\u00eb her\u00eb k\u00ebtej, nj\u00eb her\u00eb andej, por kurr\u00eb me shqiptar\u00ebt! - press7.tv\" \/>\n<meta property=\"og:description\" content=\"Koalicioni VLEN, i ka reaguar Arben Taravarit, pasi ky i fundit, deklaroi se dalja n\u00eb opozit\u00eb, nuk \u00ebsht\u00eb b\u00ebr\u00eb p\u00ebr c\u00ebshtje personale por, se \u00ebsht\u00eb larguar p\u00ebr shkak d\u00ebshtimit t\u00eb Qeveris\u00eb p\u00ebr t\u00eb p\u00ebrmbushur premtimet ndaj shqiptar\u00ebve. Nga VLEN, thon\u00eb se Arben Taravari vazhdon t\u00eb flas\u00eb me t\u00eb nj\u00ebjtat fraza q\u00eb i p\u00ebrdor sa her\u00eb [&hellip;]\" \/>\n<meta property=\"og:url\" content=\"https:\/\/www.press7.tv\/?p=21162\" \/>\n<meta property=\"og:site_name\" content=\"press7.tv\" \/>\n<meta property=\"article:publisher\" content=\"https:\/\/www.facebook.com\/press7.tv\" \/>\n<meta property=\"article:published_time\" content=\"2025-07-29T18:02:20+00:00\" \/>\n<meta property=\"og:image\" content=\"https:\/\/www.press7.tv\/wp-content\/uploads\/2025\/07\/IMG_6363-2.avif\" \/>\n\t<meta property=\"og:image:width\" content=\"750\" \/>\n\t<meta property=\"og:image:height\" content=\"430\" \/>\n\t<meta property=\"og:image:type\" content=\"image\/webp\" \/>\n<meta name=\"author\" content=\"gazetar2\" \/>\n<meta name=\"twitter:card\" content=\"summary_large_image\" \/>\n<meta name=\"twitter:label1\" content=\"Written by\" \/>\n\t<meta name=\"twitter:data1\" content=\"gazetar2\" \/>\n\t<meta name=\"twitter:label2\" content=\"Est. reading time\" \/>\n\t<meta name=\"twitter:data2\" content=\"1 minute\" \/>\n<script type=\"application\/ld+json\" class=\"yoast-schema-graph\">{\"@context\":\"https:\/\/schema.org\",\"@graph\":[{\"@type\":\"Article\",\"@id\":\"https:\/\/www.press7.tv\/?p=21162#article\",\"isPartOf\":{\"@id\":\"https:\/\/www.press7.tv\/?p=21162\"},\"author\":{\"name\":\"gazetar2\",\"@id\":\"https:\/\/www.news33.tv\/#\/schema\/person\/5a04a38a23ccdba82f9bd665cd8f9efa\"},\"headline\":\"VLEN i reagon Taravarit: Nj\u00eb her\u00eb k\u00ebtej, nj\u00eb her\u00eb andej, por kurr\u00eb me shqiptar\u00ebt!\",\"datePublished\":\"2025-07-29T18:02:20+00:00\",\"mainEntityOfPage\":{\"@id\":\"https:\/\/www.press7.tv\/?p=21162\"},\"wordCount\":368,\"publisher\":{\"@id\":\"https:\/\/www.news33.tv\/#organization\"},\"image\":{\"@id\":\"https:\/\/www.press7.tv\/?p=21162#primaryimage\"},\"thumbnailUrl\":\"https:\/\/www.press7.tv\/wp-content\/uploads\/2025\/07\/IMG_6363-2.avif\",\"articleSection\":[\"Lajme\",\"Maqedoni\"],\"inLanguage\":\"en-US\"},{\"@type\":\"WebPage\",\"@id\":\"https:\/\/www.press7.tv\/?p=21162\",\"url\":\"https:\/\/www.press7.tv\/?p=21162\",\"name\":\"VLEN i reagon Taravarit: Nj\u00eb her\u00eb k\u00ebtej, nj\u00eb her\u00eb andej, por kurr\u00eb me shqiptar\u00ebt! - press7.tv\",\"isPartOf\":{\"@id\":\"https:\/\/www.news33.tv\/#website\"},\"primaryImageOfPage\":{\"@id\":\"https:\/\/www.press7.tv\/?p=21162#primaryimage\"},\"image\":{\"@id\":\"https:\/\/www.press7.tv\/?p=21162#primaryimage\"},\"thumbnailUrl\":\"https:\/\/www.press7.tv\/wp-content\/uploads\/2025\/07\/IMG_6363-2.avif\",\"datePublished\":\"2025-07-29T18:02:20+00:00\",\"breadcrumb\":{\"@id\":\"https:\/\/www.press7.tv\/?p=21162#breadcrumb\"},\"inLanguage\":\"en-US\",\"potentialAction\":[{\"@type\":\"ReadAction\",\"target\":[\"https:\/\/www.press7.tv\/?p=21162\"]}]},{\"@type\":\"ImageObject\",\"inLanguage\":\"en-US\",\"@id\":\"https:\/\/www.press7.tv\/?p=21162#primaryimage\",\"url\":\"https:\/\/www.press7.tv\/wp-content\/uploads\/2025\/07\/IMG_6363-2.avif\",\"contentUrl\":\"https:\/\/www.press7.tv\/wp-content\/uploads\/2025\/07\/IMG_6363-2.avif\",\"width\":750,\"height\":430},{\"@type\":\"BreadcrumbList\",\"@id\":\"https:\/\/www.press7.tv\/?p=21162#breadcrumb\",\"itemListElement\":[{\"@type\":\"ListItem\",\"position\":1,\"name\":\"Home\",\"item\":\"https:\/\/www.press7.tv\/\"},{\"@type\":\"ListItem\",\"position\":2,\"name\":\"VLEN i reagon Taravarit: Nj\u00eb her\u00eb k\u00ebtej, nj\u00eb her\u00eb andej, por kurr\u00eb me shqiptar\u00ebt!\"}]},{\"@type\":\"WebSite\",\"@id\":\"https:\/\/www.news33.tv\/#website\",\"url\":\"https:\/\/www.news33.tv\/\",\"name\":\"News33.tv Media\",\"description\":\"Media\",\"publisher\":{\"@id\":\"https:\/\/www.news33.tv\/#organization\"},\"potentialAction\":[{\"@type\":\"SearchAction\",\"target\":{\"@type\":\"EntryPoint\",\"urlTemplate\":\"https:\/\/www.news33.tv\/?s={search_term_string}\"},\"query-input\":{\"@type\":\"PropertyValueSpecification\",\"valueRequired\":true,\"valueName\":\"search_term_string\"}}],\"inLanguage\":\"en-US\"},{\"@type\":\"Organization\",\"@id\":\"https:\/\/www.news33.tv\/#organization\",\"name\":\"News33.tv Media\",\"url\":\"https:\/\/www.news33.tv\/\",\"logo\":{\"@type\":\"ImageObject\",\"inLanguage\":\"en-US\",\"@id\":\"https:\/\/www.news33.tv\/#\/schema\/logo\/image\/\",\"url\":\"https:\/\/www.press7.tv\/wp-content\/uploads\/2024\/02\/logo-news33-black.png\",\"contentUrl\":\"https:\/\/www.press7.tv\/wp-content\/uploads\/2024\/02\/logo-news33-black.png\",\"width\":180,\"height\":37,\"caption\":\"News33.tv Media\"},\"image\":{\"@id\":\"https:\/\/www.news33.tv\/#\/schema\/logo\/image\/\"},\"sameAs\":[\"https:\/\/www.facebook.com\/press7.tv\"]},{\"@type\":\"Person\",\"@id\":\"https:\/\/www.news33.tv\/#\/schema\/person\/5a04a38a23ccdba82f9bd665cd8f9efa\",\"name\":\"gazetar2\",\"image\":{\"@type\":\"ImageObject\",\"inLanguage\":\"en-US\",\"@id\":\"https:\/\/www.news33.tv\/#\/schema\/person\/image\/\",\"url\":\"https:\/\/www.press7.tv\/wp-content\/litespeed\/avatar\/41975e402c3049d9ddb03adca8f7a883.jpg?ver=1777774395\",\"contentUrl\":\"https:\/\/www.press7.tv\/wp-content\/litespeed\/avatar\/41975e402c3049d9ddb03adca8f7a883.jpg?ver=1777774395\",\"caption\":\"gazetar2\"},\"url\":\"https:\/\/www.press7.tv\/?author=8\"}]}<\/script>\n<!-- \/ Yoast SEO plugin. -->","yoast_head_json":{"title":"VLEN i reagon Taravarit: Nj\u00eb her\u00eb k\u00ebtej, nj\u00eb her\u00eb andej, por kurr\u00eb me shqiptar\u00ebt! - press7.tv","robots":{"index":"index","follow":"follow","max-snippet":"max-snippet:-1","max-image-preview":"max-image-preview:large","max-video-preview":"max-video-preview:-1"},"canonical":"https:\/\/www.press7.tv\/?p=21162","og_locale":"en_US","og_type":"article","og_title":"VLEN i reagon Taravarit: Nj\u00eb her\u00eb k\u00ebtej, nj\u00eb her\u00eb andej, por kurr\u00eb me shqiptar\u00ebt! - press7.tv","og_description":"Koalicioni VLEN, i ka reaguar Arben Taravarit, pasi ky i fundit, deklaroi se dalja n\u00eb opozit\u00eb, nuk \u00ebsht\u00eb b\u00ebr\u00eb p\u00ebr c\u00ebshtje personale por, se \u00ebsht\u00eb larguar p\u00ebr shkak d\u00ebshtimit t\u00eb Qeveris\u00eb p\u00ebr t\u00eb p\u00ebrmbushur premtimet ndaj shqiptar\u00ebve. Nga VLEN, thon\u00eb se Arben Taravari vazhdon t\u00eb flas\u00eb me t\u00eb nj\u00ebjtat fraza q\u00eb i p\u00ebrdor sa her\u00eb [&hellip;]","og_url":"https:\/\/www.press7.tv\/?p=21162","og_site_name":"press7.tv","article_publisher":"https:\/\/www.facebook.com\/press7.tv","article_published_time":"2025-07-29T18:02:20+00:00","og_image":[{"width":750,"height":430,"url":"https:\/\/www.press7.tv\/wp-content\/uploads\/2025\/07\/IMG_6363-2.avif","type":"image\/webp"}],"author":"gazetar2","twitter_card":"summary_large_image","twitter_misc":{"Written by":"gazetar2","Est. reading time":"1 minute"},"schema":{"@context":"https:\/\/schema.org","@graph":[{"@type":"Article","@id":"https:\/\/www.press7.tv\/?p=21162#article","isPartOf":{"@id":"https:\/\/www.press7.tv\/?p=21162"},"author":{"name":"gazetar2","@id":"https:\/\/www.news33.tv\/#\/schema\/person\/5a04a38a23ccdba82f9bd665cd8f9efa"},"headline":"VLEN i reagon Taravarit: Nj\u00eb her\u00eb k\u00ebtej, nj\u00eb her\u00eb andej, por kurr\u00eb me shqiptar\u00ebt!","datePublished":"2025-07-29T18:02:20+00:00","mainEntityOfPage":{"@id":"https:\/\/www.press7.tv\/?p=21162"},"wordCount":368,"publisher":{"@id":"https:\/\/www.news33.tv\/#organization"},"image":{"@id":"https:\/\/www.press7.tv\/?p=21162#primaryimage"},"thumbnailUrl":"https:\/\/www.press7.tv\/wp-content\/uploads\/2025\/07\/IMG_6363-2.avif","articleSection":["Lajme","Maqedoni"],"inLanguage":"en-US"},{"@type":"WebPage","@id":"https:\/\/www.press7.tv\/?p=21162","url":"https:\/\/www.press7.tv\/?p=21162","name":"VLEN i reagon Taravarit: Nj\u00eb her\u00eb k\u00ebtej, nj\u00eb her\u00eb andej, por kurr\u00eb me shqiptar\u00ebt! - press7.tv","isPartOf":{"@id":"https:\/\/www.news33.tv\/#website"},"primaryImageOfPage":{"@id":"https:\/\/www.press7.tv\/?p=21162#primaryimage"},"image":{"@id":"https:\/\/www.press7.tv\/?p=21162#primaryimage"},"thumbnailUrl":"https:\/\/www.press7.tv\/wp-content\/uploads\/2025\/07\/IMG_6363-2.avif","datePublished":"2025-07-29T18:02:20+00:00","breadcrumb":{"@id":"https:\/\/www.press7.tv\/?p=21162#breadcrumb"},"inLanguage":"en-US","potentialAction":[{"@type":"ReadAction","target":["https:\/\/www.press7.tv\/?p=21162"]}]},{"@type":"ImageObject","inLanguage":"en-US","@id":"https:\/\/www.press7.tv\/?p=21162#primaryimage","url":"https:\/\/www.press7.tv\/wp-content\/uploads\/2025\/07\/IMG_6363-2.avif","contentUrl":"https:\/\/www.press7.tv\/wp-content\/uploads\/2025\/07\/IMG_6363-2.avif","width":750,"height":430},{"@type":"BreadcrumbList","@id":"https:\/\/www.press7.tv\/?p=21162#breadcrumb","itemListElement":[{"@type":"ListItem","position":1,"name":"Home","item":"https:\/\/www.press7.tv\/"},{"@type":"ListItem","position":2,"name":"VLEN i reagon Taravarit: Nj\u00eb her\u00eb k\u00ebtej, nj\u00eb her\u00eb andej, por kurr\u00eb me shqiptar\u00ebt!"}]},{"@type":"WebSite","@id":"https:\/\/www.news33.tv\/#website","url":"https:\/\/www.news33.tv\/","name":"News33.tv Media","description":"Media","publisher":{"@id":"https:\/\/www.news33.tv\/#organization"},"potentialAction":[{"@type":"SearchAction","target":{"@type":"EntryPoint","urlTemplate":"https:\/\/www.news33.tv\/?s={search_term_string}"},"query-input":{"@type":"PropertyValueSpecification","valueRequired":true,"valueName":"search_term_string"}}],"inLanguage":"en-US"},{"@type":"Organization","@id":"https:\/\/www.news33.tv\/#organization","name":"News33.tv Media","url":"https:\/\/www.news33.tv\/","logo":{"@type":"ImageObject","inLanguage":"en-US","@id":"https:\/\/www.news33.tv\/#\/schema\/logo\/image\/","url":"https:\/\/www.press7.tv\/wp-content\/uploads\/2024\/02\/logo-news33-black.png","contentUrl":"https:\/\/www.press7.tv\/wp-content\/uploads\/2024\/02\/logo-news33-black.png","width":180,"height":37,"caption":"News33.tv Media"},"image":{"@id":"https:\/\/www.news33.tv\/#\/schema\/logo\/image\/"},"sameAs":["https:\/\/www.facebook.com\/press7.tv"]},{"@type":"Person","@id":"https:\/\/www.news33.tv\/#\/schema\/person\/5a04a38a23ccdba82f9bd665cd8f9efa","name":"gazetar2","image":{"@type":"ImageObject","inLanguage":"en-US","@id":"https:\/\/www.news33.tv\/#\/schema\/person\/image\/","url":"https:\/\/www.press7.tv\/wp-content\/litespeed\/avatar\/41975e402c3049d9ddb03adca8f7a883.jpg?ver=1777774395","contentUrl":"https:\/\/www.press7.tv\/wp-content\/litespeed\/avatar\/41975e402c3049d9ddb03adca8f7a883.jpg?ver=1777774395","caption":"gazetar2"},"url":"https:\/\/www.press7.tv\/?author=8"}]}},"amp_enabled":true,"_links":{"self":[{"href":"https:\/\/www.press7.tv\/index.php?rest_route=\/wp\/v2\/posts\/21162","targetHints":{"allow":["GET"]}}],"collection":[{"href":"https:\/\/www.press7.tv\/index.php?rest_route=\/wp\/v2\/posts"}],"about":[{"href":"https:\/\/www.press7.tv\/index.php?rest_route=\/wp\/v2\/types\/post"}],"author":[{"embeddable":true,"href":"https:\/\/www.press7.tv\/index.php?rest_route=\/wp\/v2\/users\/8"}],"replies":[{"embeddable":true,"href":"https:\/\/www.press7.tv\/index.php?rest_route=%2Fwp%2Fv2%2Fcomments&post=21162"}],"version-history":[{"count":1,"href":"https:\/\/www.press7.tv\/index.php?rest_route=\/wp\/v2\/posts\/21162\/revisions"}],"predecessor-version":[{"id":21164,"href":"https:\/\/www.press7.tv\/index.php?rest_route=\/wp\/v2\/posts\/21162\/revisions\/21164"}],"wp:featuredmedia":[{"embeddable":true,"href":"https:\/\/www.press7.tv\/index.php?rest_route=\/wp\/v2\/media\/21163"}],"wp:attachment":[{"href":"https:\/\/www.press7.tv\/index.php?rest_route=%2Fwp%2Fv2%2Fmedia&parent=21162"}],"wp:term":[{"taxonomy":"category","embeddable":true,"href":"https:\/\/www.press7.tv\/index.php?rest_route=%2Fwp%2Fv2%2Fcategories&post=21162"},{"taxonomy":"post_tag","embeddable":true,"href":"https:\/\/www.press7.tv\/index.php?rest_route=%2Fwp%2Fv2%2Ftags&post=21162"}],"curies":[{"name":"wp","href":"https:\/\/api.w.org\/{rel}","templated":true}]}}