{"id":21158,"date":"2025-07-29T11:48:13","date_gmt":"2025-07-29T11:48:13","guid":{"rendered":"https:\/\/www.press7.tv\/?p=21158"},"modified":"2025-07-29T11:48:13","modified_gmt":"2025-07-29T11:48:13","slug":"nevoja-per-force-pune-bullgaria-premton-strehim-shperngulje-dhe-vende-pune-per-diasporen-e-vet","status":"publish","type":"post","link":"https:\/\/www.press7.tv\/?p=21158","title":{"rendered":"Nevoja p\u00ebr forc\u00eb pune \u2013 Bullgaria premton strehim, shp\u00ebrngulje dhe vende pune p\u00ebr diaspor\u00ebn e vet"},"content":{"rendered":"\n    <div class=\"xs_social_share_widget xs_share_url before_content \t\tmain_content  wslu-style-2 wslu-share-box-shaped wslu-fill-colored wslu-share-m-5 wslu-none wslu-share-vertical wslu-theme-font-no wslu-main_content\">\n\n\t\t\n        <ul>\n\t\t\t        <\/ul>\n    <\/div> \n<p>Bullgaria ka nd\u00ebrmarr\u00eb nj\u00eb nism\u00eb p\u00ebr t\u00eb t\u00ebrhequr qytetar\u00ebt q\u00eb kan\u00eb emigruar apo e kan\u00eb nd\u00ebrtuar jet\u00ebn e tyre jasht\u00eb vendit, p\u00ebr t\u2019u kthyer n\u00eb vendlindje kundrejt kushteve dhe pagesave t\u00eb mira.<\/p>\n<p>Programi i Ministris\u00eb s\u00eb Pun\u00ebs dhe Politikave Sociale do t\u00eb vihet n\u00eb veprim nga vjeshta n\u00ebn emrin \u201cUn\u00eb zgjedh Bullgarin\u00eb\u201d dhe p\u00ebr p\u00ebrfituesit \u00ebsht\u00eb parashikuar t\u00eb shp\u00ebrndahen mbi 33 milion\u00eb euro.<\/p>\n<p>Zv.ministrja Natalia Efremova deklaroi n\u00eb nj\u00eb intervist\u00eb p\u00ebr agjencin\u00eb vendase BTA se t\u00eb pakt\u00ebn 870 persona mund t\u00eb mbulohen nga nisma. \u201cT\u00eb mos harrojm\u00eb se shum\u00eb prej tyre mbase do t\u00eb kthehen bashk\u00eb me familjet \u2013 partner\u00ebt, f\u00ebmij\u00ebt. Presim q\u00eb 1.170 persona t\u00eb p\u00ebrfitojn\u00eb nga masat p\u00ebr pun\u00ebsim dhe p\u00ebr mb\u00ebshtetjen p\u00ebr t\u00eb jetuar n\u00eb nj\u00eb qytet me m\u00eb pak se 50.000 banor\u00eb,\u201d tha znj. Efremova.<\/p>\n<p>Bizneset n\u00eb Bullgari kan\u00eb raportuar nj\u00eb munges\u00eb t\u00eb forc\u00ebs s\u00eb pun\u00ebs q\u00eb arrin deri n\u00eb 260 mij\u00eb pun\u00ebtor\u00eb. Sipas programit social, ata q\u00eb pranojn\u00eb t\u00eb kthehen n\u00eb vend p\u00ebr t\u00eb punuar do t\u00eb ndihmohen me transportin falas t\u00eb mobilieve nga shteti ku jetojn\u00eb aktualisht, si dhe n\u00eb gjetjen e nj\u00eb vendi pune. P\u00ebr t\u00eb shkuar deri n\u00eb vendin e pun\u00ebs do t\u00eb jepet edhe nj\u00eb diet\u00eb ditore q\u00eb nis nga 1 euro deri n\u00eb 3,5 euro, nd\u00ebrsa punonj\u00ebsit e rinj do t\u00eb ndihmohen edhe me stimuj financiar\u00eb p\u00ebr t\u00eb zbutur disi ndryshimin n\u00eb pages\u00eb me shtetin e tyre t\u00eb origjin\u00ebs, duke qen\u00eb se rrogat n\u00eb Bullgari mund t\u00eb rezultojn\u00eb m\u00eb t\u00eb ul\u00ebta.<\/p>\n<p>\u201cP\u00ebr t\u00eb p\u00ebrfituar nga ndihma europiane, aplikuesit duhet t\u00eb plot\u00ebsojn\u00eb dy kritere: ose t\u00eb ken\u00eb jetuar jasht\u00eb p\u00ebr 12 nga 18 muajt e fundit, ose t\u00eb jen\u00eb arsimuar s\u00eb fundmi jasht\u00eb vendit. N\u00eb t\u00eb dyja rastet duhet ta provojn\u00eb k\u00ebt\u00eb me dokumente n\u00eb faz\u00ebn e aplikimit,\u201d shpjegoi z\u00ebvend\u00ebsministrja e Pun\u00ebs dhe Politikave Sociale.<\/p>\n<p>N\u00eb vitin 2024, Bullgaria l\u00ebshoi 36 mij\u00eb leje pune p\u00ebr shtetasit e huaj nga 79 vende t\u00eb bot\u00ebs. Shumica prej tyre ishin shtetas nga Turqia, Uzbekistani, Nepali dhe Moldavia. Vet\u00ebm sektori bullgar i turizmit raportohet se ka nevoj\u00eb p\u00ebr t\u00eb pakt\u00ebn 50 mij\u00eb pun\u00ebtor\u00eb p\u00ebr t\u00eb plot\u00ebsuar k\u00ebrkesat sezonale. \/BTA, BNR<\/p>\n","protected":false},"excerpt":{"rendered":"<p>Bullgaria ka nd\u00ebrmarr\u00eb nj\u00eb nism\u00eb p\u00ebr t\u00eb t\u00ebrhequr qytetar\u00ebt q\u00eb kan\u00eb emigruar apo e kan\u00eb nd\u00ebrtuar jet\u00ebn e tyre jasht\u00eb vendit, p\u00ebr t\u2019u kthyer n\u00eb vendlindje kundrejt kushteve dhe pagesave t\u00eb mira. Programi i Ministris\u00eb s\u00eb Pun\u00ebs dhe Politikave Sociale do t\u00eb vihet n\u00eb veprim nga vjeshta n\u00ebn emrin \u201cUn\u00eb zgjedh Bullgarin\u00eb\u201d dhe p\u00ebr p\u00ebrfituesit [&hellip;]<\/p>\n","protected":false},"author":8,"featured_media":21159,"comment_status":"closed","ping_status":"closed","sticky":false,"template":"","format":"standard","meta":{"footnotes":""},"categories":[217,213],"tags":[],"class_list":["post-21158","post","type-post","status-publish","format-standard","has-post-thumbnail","hentry","category-bote","category-lajme"],"yoast_head":"<!-- This site is optimized with the Yoast SEO plugin v25.1 - https:\/\/yoast.com\/wordpress\/plugins\/seo\/ -->\n<title>Nevoja p\u00ebr forc\u00eb pune \u2013 Bullgaria premton strehim, shp\u00ebrngulje dhe vende pune p\u00ebr diaspor\u00ebn e vet - press7.tv<\/title>\n<meta name=\"robots\" content=\"index, follow, max-snippet:-1, max-image-preview:large, max-video-preview:-1\" \/>\n<link rel=\"canonical\" href=\"https:\/\/www.press7.tv\/?p=21158\" \/>\n<meta property=\"og:locale\" content=\"en_US\" \/>\n<meta property=\"og:type\" content=\"article\" \/>\n<meta property=\"og:title\" content=\"Nevoja p\u00ebr forc\u00eb pune \u2013 Bullgaria premton strehim, shp\u00ebrngulje dhe vende pune p\u00ebr diaspor\u00ebn e vet - press7.tv\" \/>\n<meta property=\"og:description\" content=\"Bullgaria ka nd\u00ebrmarr\u00eb nj\u00eb nism\u00eb p\u00ebr t\u00eb t\u00ebrhequr qytetar\u00ebt q\u00eb kan\u00eb emigruar apo e kan\u00eb nd\u00ebrtuar jet\u00ebn e tyre jasht\u00eb vendit, p\u00ebr t\u2019u kthyer n\u00eb vendlindje kundrejt kushteve dhe pagesave t\u00eb mira. Programi i Ministris\u00eb s\u00eb Pun\u00ebs dhe Politikave Sociale do t\u00eb vihet n\u00eb veprim nga vjeshta n\u00ebn emrin \u201cUn\u00eb zgjedh Bullgarin\u00eb\u201d dhe p\u00ebr p\u00ebrfituesit [&hellip;]\" \/>\n<meta property=\"og:url\" content=\"https:\/\/www.press7.tv\/?p=21158\" \/>\n<meta property=\"og:site_name\" content=\"press7.tv\" \/>\n<meta property=\"article:publisher\" content=\"https:\/\/www.facebook.com\/press7.tv\" \/>\n<meta property=\"article:published_time\" content=\"2025-07-29T11:48:13+00:00\" \/>\n<meta property=\"og:image\" content=\"https:\/\/www.press7.tv\/wp-content\/uploads\/2025\/07\/IMG_6808.avif\" \/>\n\t<meta property=\"og:image:width\" content=\"1242\" \/>\n\t<meta property=\"og:image:height\" content=\"692\" \/>\n\t<meta property=\"og:image:type\" content=\"image\/jpeg\" \/>\n<meta name=\"author\" content=\"gazetar2\" \/>\n<meta name=\"twitter:card\" content=\"summary_large_image\" \/>\n<meta name=\"twitter:label1\" content=\"Written by\" \/>\n\t<meta name=\"twitter:data1\" content=\"gazetar2\" \/>\n\t<meta name=\"twitter:label2\" content=\"Est. reading time\" \/>\n\t<meta name=\"twitter:data2\" content=\"1 minute\" \/>\n<script type=\"application\/ld+json\" class=\"yoast-schema-graph\">{\"@context\":\"https:\/\/schema.org\",\"@graph\":[{\"@type\":\"Article\",\"@id\":\"https:\/\/www.press7.tv\/?p=21158#article\",\"isPartOf\":{\"@id\":\"https:\/\/www.press7.tv\/?p=21158\"},\"author\":{\"name\":\"gazetar2\",\"@id\":\"https:\/\/www.news33.tv\/#\/schema\/person\/5a04a38a23ccdba82f9bd665cd8f9efa\"},\"headline\":\"Nevoja p\u00ebr forc\u00eb pune \u2013 Bullgaria premton strehim, shp\u00ebrngulje dhe vende pune p\u00ebr diaspor\u00ebn e vet\",\"datePublished\":\"2025-07-29T11:48:13+00:00\",\"mainEntityOfPage\":{\"@id\":\"https:\/\/www.press7.tv\/?p=21158\"},\"wordCount\":405,\"publisher\":{\"@id\":\"https:\/\/www.news33.tv\/#organization\"},\"image\":{\"@id\":\"https:\/\/www.press7.tv\/?p=21158#primaryimage\"},\"thumbnailUrl\":\"https:\/\/www.press7.tv\/wp-content\/uploads\/2025\/07\/IMG_6808.avif\",\"articleSection\":[\"Bot\u00eb\",\"Lajme\"],\"inLanguage\":\"en-US\"},{\"@type\":\"WebPage\",\"@id\":\"https:\/\/www.press7.tv\/?p=21158\",\"url\":\"https:\/\/www.press7.tv\/?p=21158\",\"name\":\"Nevoja p\u00ebr forc\u00eb pune \u2013 Bullgaria premton strehim, shp\u00ebrngulje dhe vende pune p\u00ebr diaspor\u00ebn e vet - press7.tv\",\"isPartOf\":{\"@id\":\"https:\/\/www.news33.tv\/#website\"},\"primaryImageOfPage\":{\"@id\":\"https:\/\/www.press7.tv\/?p=21158#primaryimage\"},\"image\":{\"@id\":\"https:\/\/www.press7.tv\/?p=21158#primaryimage\"},\"thumbnailUrl\":\"https:\/\/www.press7.tv\/wp-content\/uploads\/2025\/07\/IMG_6808.avif\",\"datePublished\":\"2025-07-29T11:48:13+00:00\",\"breadcrumb\":{\"@id\":\"https:\/\/www.press7.tv\/?p=21158#breadcrumb\"},\"inLanguage\":\"en-US\",\"potentialAction\":[{\"@type\":\"ReadAction\",\"target\":[\"https:\/\/www.press7.tv\/?p=21158\"]}]},{\"@type\":\"ImageObject\",\"inLanguage\":\"en-US\",\"@id\":\"https:\/\/www.press7.tv\/?p=21158#primaryimage\",\"url\":\"https:\/\/www.press7.tv\/wp-content\/uploads\/2025\/07\/IMG_6808.avif\",\"contentUrl\":\"https:\/\/www.press7.tv\/wp-content\/uploads\/2025\/07\/IMG_6808.avif\",\"width\":1242,\"height\":692,\"caption\":\"Screenshot\"},{\"@type\":\"BreadcrumbList\",\"@id\":\"https:\/\/www.press7.tv\/?p=21158#breadcrumb\",\"itemListElement\":[{\"@type\":\"ListItem\",\"position\":1,\"name\":\"Home\",\"item\":\"https:\/\/www.press7.tv\/\"},{\"@type\":\"ListItem\",\"position\":2,\"name\":\"Nevoja p\u00ebr forc\u00eb pune \u2013 Bullgaria premton strehim, shp\u00ebrngulje dhe vende pune p\u00ebr diaspor\u00ebn e vet\"}]},{\"@type\":\"WebSite\",\"@id\":\"https:\/\/www.news33.tv\/#website\",\"url\":\"https:\/\/www.news33.tv\/\",\"name\":\"News33.tv Media\",\"description\":\"Media\",\"publisher\":{\"@id\":\"https:\/\/www.news33.tv\/#organization\"},\"potentialAction\":[{\"@type\":\"SearchAction\",\"target\":{\"@type\":\"EntryPoint\",\"urlTemplate\":\"https:\/\/www.news33.tv\/?s={search_term_string}\"},\"query-input\":{\"@type\":\"PropertyValueSpecification\",\"valueRequired\":true,\"valueName\":\"search_term_string\"}}],\"inLanguage\":\"en-US\"},{\"@type\":\"Organization\",\"@id\":\"https:\/\/www.news33.tv\/#organization\",\"name\":\"News33.tv Media\",\"url\":\"https:\/\/www.news33.tv\/\",\"logo\":{\"@type\":\"ImageObject\",\"inLanguage\":\"en-US\",\"@id\":\"https:\/\/www.news33.tv\/#\/schema\/logo\/image\/\",\"url\":\"https:\/\/www.press7.tv\/wp-content\/uploads\/2024\/02\/logo-news33-black.png\",\"contentUrl\":\"https:\/\/www.press7.tv\/wp-content\/uploads\/2024\/02\/logo-news33-black.png\",\"width\":180,\"height\":37,\"caption\":\"News33.tv Media\"},\"image\":{\"@id\":\"https:\/\/www.news33.tv\/#\/schema\/logo\/image\/\"},\"sameAs\":[\"https:\/\/www.facebook.com\/press7.tv\"]},{\"@type\":\"Person\",\"@id\":\"https:\/\/www.news33.tv\/#\/schema\/person\/5a04a38a23ccdba82f9bd665cd8f9efa\",\"name\":\"gazetar2\",\"image\":{\"@type\":\"ImageObject\",\"inLanguage\":\"en-US\",\"@id\":\"https:\/\/www.news33.tv\/#\/schema\/person\/image\/\",\"url\":\"https:\/\/www.press7.tv\/wp-content\/litespeed\/avatar\/41975e402c3049d9ddb03adca8f7a883.jpg?ver=1777169572\",\"contentUrl\":\"https:\/\/www.press7.tv\/wp-content\/litespeed\/avatar\/41975e402c3049d9ddb03adca8f7a883.jpg?ver=1777169572\",\"caption\":\"gazetar2\"},\"url\":\"https:\/\/www.press7.tv\/?author=8\"}]}<\/script>\n<!-- \/ Yoast SEO plugin. -->","yoast_head_json":{"title":"Nevoja p\u00ebr forc\u00eb pune \u2013 Bullgaria premton strehim, shp\u00ebrngulje dhe vende pune p\u00ebr diaspor\u00ebn e vet - press7.tv","robots":{"index":"index","follow":"follow","max-snippet":"max-snippet:-1","max-image-preview":"max-image-preview:large","max-video-preview":"max-video-preview:-1"},"canonical":"https:\/\/www.press7.tv\/?p=21158","og_locale":"en_US","og_type":"article","og_title":"Nevoja p\u00ebr forc\u00eb pune \u2013 Bullgaria premton strehim, shp\u00ebrngulje dhe vende pune p\u00ebr diaspor\u00ebn e vet - press7.tv","og_description":"Bullgaria ka nd\u00ebrmarr\u00eb nj\u00eb nism\u00eb p\u00ebr t\u00eb t\u00ebrhequr qytetar\u00ebt q\u00eb kan\u00eb emigruar apo e kan\u00eb nd\u00ebrtuar jet\u00ebn e tyre jasht\u00eb vendit, p\u00ebr t\u2019u kthyer n\u00eb vendlindje kundrejt kushteve dhe pagesave t\u00eb mira. Programi i Ministris\u00eb s\u00eb Pun\u00ebs dhe Politikave Sociale do t\u00eb vihet n\u00eb veprim nga vjeshta n\u00ebn emrin \u201cUn\u00eb zgjedh Bullgarin\u00eb\u201d dhe p\u00ebr p\u00ebrfituesit [&hellip;]","og_url":"https:\/\/www.press7.tv\/?p=21158","og_site_name":"press7.tv","article_publisher":"https:\/\/www.facebook.com\/press7.tv","article_published_time":"2025-07-29T11:48:13+00:00","og_image":[{"width":1242,"height":692,"url":"https:\/\/www.press7.tv\/wp-content\/uploads\/2025\/07\/IMG_6808.avif","type":"image\/jpeg"}],"author":"gazetar2","twitter_card":"summary_large_image","twitter_misc":{"Written by":"gazetar2","Est. reading time":"1 minute"},"schema":{"@context":"https:\/\/schema.org","@graph":[{"@type":"Article","@id":"https:\/\/www.press7.tv\/?p=21158#article","isPartOf":{"@id":"https:\/\/www.press7.tv\/?p=21158"},"author":{"name":"gazetar2","@id":"https:\/\/www.news33.tv\/#\/schema\/person\/5a04a38a23ccdba82f9bd665cd8f9efa"},"headline":"Nevoja p\u00ebr forc\u00eb pune \u2013 Bullgaria premton strehim, shp\u00ebrngulje dhe vende pune p\u00ebr diaspor\u00ebn e vet","datePublished":"2025-07-29T11:48:13+00:00","mainEntityOfPage":{"@id":"https:\/\/www.press7.tv\/?p=21158"},"wordCount":405,"publisher":{"@id":"https:\/\/www.news33.tv\/#organization"},"image":{"@id":"https:\/\/www.press7.tv\/?p=21158#primaryimage"},"thumbnailUrl":"https:\/\/www.press7.tv\/wp-content\/uploads\/2025\/07\/IMG_6808.avif","articleSection":["Bot\u00eb","Lajme"],"inLanguage":"en-US"},{"@type":"WebPage","@id":"https:\/\/www.press7.tv\/?p=21158","url":"https:\/\/www.press7.tv\/?p=21158","name":"Nevoja p\u00ebr forc\u00eb pune \u2013 Bullgaria premton strehim, shp\u00ebrngulje dhe vende pune p\u00ebr diaspor\u00ebn e vet - press7.tv","isPartOf":{"@id":"https:\/\/www.news33.tv\/#website"},"primaryImageOfPage":{"@id":"https:\/\/www.press7.tv\/?p=21158#primaryimage"},"image":{"@id":"https:\/\/www.press7.tv\/?p=21158#primaryimage"},"thumbnailUrl":"https:\/\/www.press7.tv\/wp-content\/uploads\/2025\/07\/IMG_6808.avif","datePublished":"2025-07-29T11:48:13+00:00","breadcrumb":{"@id":"https:\/\/www.press7.tv\/?p=21158#breadcrumb"},"inLanguage":"en-US","potentialAction":[{"@type":"ReadAction","target":["https:\/\/www.press7.tv\/?p=21158"]}]},{"@type":"ImageObject","inLanguage":"en-US","@id":"https:\/\/www.press7.tv\/?p=21158#primaryimage","url":"https:\/\/www.press7.tv\/wp-content\/uploads\/2025\/07\/IMG_6808.avif","contentUrl":"https:\/\/www.press7.tv\/wp-content\/uploads\/2025\/07\/IMG_6808.avif","width":1242,"height":692,"caption":"Screenshot"},{"@type":"BreadcrumbList","@id":"https:\/\/www.press7.tv\/?p=21158#breadcrumb","itemListElement":[{"@type":"ListItem","position":1,"name":"Home","item":"https:\/\/www.press7.tv\/"},{"@type":"ListItem","position":2,"name":"Nevoja p\u00ebr forc\u00eb pune \u2013 Bullgaria premton strehim, shp\u00ebrngulje dhe vende pune p\u00ebr diaspor\u00ebn e vet"}]},{"@type":"WebSite","@id":"https:\/\/www.news33.tv\/#website","url":"https:\/\/www.news33.tv\/","name":"News33.tv Media","description":"Media","publisher":{"@id":"https:\/\/www.news33.tv\/#organization"},"potentialAction":[{"@type":"SearchAction","target":{"@type":"EntryPoint","urlTemplate":"https:\/\/www.news33.tv\/?s={search_term_string}"},"query-input":{"@type":"PropertyValueSpecification","valueRequired":true,"valueName":"search_term_string"}}],"inLanguage":"en-US"},{"@type":"Organization","@id":"https:\/\/www.news33.tv\/#organization","name":"News33.tv Media","url":"https:\/\/www.news33.tv\/","logo":{"@type":"ImageObject","inLanguage":"en-US","@id":"https:\/\/www.news33.tv\/#\/schema\/logo\/image\/","url":"https:\/\/www.press7.tv\/wp-content\/uploads\/2024\/02\/logo-news33-black.png","contentUrl":"https:\/\/www.press7.tv\/wp-content\/uploads\/2024\/02\/logo-news33-black.png","width":180,"height":37,"caption":"News33.tv Media"},"image":{"@id":"https:\/\/www.news33.tv\/#\/schema\/logo\/image\/"},"sameAs":["https:\/\/www.facebook.com\/press7.tv"]},{"@type":"Person","@id":"https:\/\/www.news33.tv\/#\/schema\/person\/5a04a38a23ccdba82f9bd665cd8f9efa","name":"gazetar2","image":{"@type":"ImageObject","inLanguage":"en-US","@id":"https:\/\/www.news33.tv\/#\/schema\/person\/image\/","url":"https:\/\/www.press7.tv\/wp-content\/litespeed\/avatar\/41975e402c3049d9ddb03adca8f7a883.jpg?ver=1777169572","contentUrl":"https:\/\/www.press7.tv\/wp-content\/litespeed\/avatar\/41975e402c3049d9ddb03adca8f7a883.jpg?ver=1777169572","caption":"gazetar2"},"url":"https:\/\/www.press7.tv\/?author=8"}]}},"amp_enabled":true,"_links":{"self":[{"href":"https:\/\/www.press7.tv\/index.php?rest_route=\/wp\/v2\/posts\/21158","targetHints":{"allow":["GET"]}}],"collection":[{"href":"https:\/\/www.press7.tv\/index.php?rest_route=\/wp\/v2\/posts"}],"about":[{"href":"https:\/\/www.press7.tv\/index.php?rest_route=\/wp\/v2\/types\/post"}],"author":[{"embeddable":true,"href":"https:\/\/www.press7.tv\/index.php?rest_route=\/wp\/v2\/users\/8"}],"replies":[{"embeddable":true,"href":"https:\/\/www.press7.tv\/index.php?rest_route=%2Fwp%2Fv2%2Fcomments&post=21158"}],"version-history":[{"count":1,"href":"https:\/\/www.press7.tv\/index.php?rest_route=\/wp\/v2\/posts\/21158\/revisions"}],"predecessor-version":[{"id":21160,"href":"https:\/\/www.press7.tv\/index.php?rest_route=\/wp\/v2\/posts\/21158\/revisions\/21160"}],"wp:featuredmedia":[{"embeddable":true,"href":"https:\/\/www.press7.tv\/index.php?rest_route=\/wp\/v2\/media\/21159"}],"wp:attachment":[{"href":"https:\/\/www.press7.tv\/index.php?rest_route=%2Fwp%2Fv2%2Fmedia&parent=21158"}],"wp:term":[{"taxonomy":"category","embeddable":true,"href":"https:\/\/www.press7.tv\/index.php?rest_route=%2Fwp%2Fv2%2Fcategories&post=21158"},{"taxonomy":"post_tag","embeddable":true,"href":"https:\/\/www.press7.tv\/index.php?rest_route=%2Fwp%2Fv2%2Ftags&post=21158"}],"curies":[{"name":"wp","href":"https:\/\/api.w.org\/{rel}","templated":true}]}}