{"id":21155,"date":"2025-07-28T16:29:55","date_gmt":"2025-07-28T16:29:55","guid":{"rendered":"https:\/\/www.press7.tv\/?p=21155"},"modified":"2025-07-28T16:29:55","modified_gmt":"2025-07-28T16:29:55","slug":"deputetja-e-lvv-se-ky-eshte-albin-kurti-njeriu-qe-iu-thote-stop-pazareve","status":"publish","type":"post","link":"https:\/\/www.press7.tv\/?p=21155","title":{"rendered":"Deputetja e LVV-s\u00eb: Ky \u00ebsht\u00eb Albin Kurti \u2014 njeriu q\u00eb iu thot\u00eb \u201cstop\u201d pazareve"},"content":{"rendered":"\n    <div class=\"xs_social_share_widget xs_share_url before_content \t\tmain_content  wslu-style-2 wslu-share-box-shaped wslu-fill-colored wslu-share-m-5 wslu-none wslu-share-vertical wslu-theme-font-no wslu-main_content\">\n\n\t\t\n        <ul>\n\t\t\t        <\/ul>\n    <\/div> \n<p>Deputetja e LVV-s\u00eb, Shqipe Metaj Isufi , ka vler\u00ebuar Albin Kurtin, p\u00ebr t\u00eb cilin thot\u00eb se, \u201c\u00ebsht\u00eb njeriu q\u00eb iu thot\u00eb \u201cstop\u201d pazareve, jo p\u00ebr t\u2019u mbajtur n\u00eb pushtet me \u00e7do kusht, por p\u00ebr t\u00eb mbjell\u00eb nj\u00eb kultur\u00eb t\u00eb re politike n\u00eb Kosov\u00eb\u201d.<\/p>\n<p>Sipas saj, Kosova nd\u00ebrtohet me guxim p\u00ebr t\u2019i mbrojtur vlerat.<\/p>\n<p>Postimi i plot\u00eb:<\/p>\n<p>Mos u ndal, Albin!<\/p>\n<p>P\u00ebr t\u00eb gjith\u00eb ata q\u00eb e kuptojn\u00eb esenc\u00ebn e shtetformimit:<\/p>\n<p>A \u00ebsht\u00eb m\u00eb e r\u00ebnd\u00ebsishme pozita, pushteti apo vet\u00eb shteti?<\/p>\n<p>Ky \u00ebsht\u00eb Albin Kurti \u2014 njeriu q\u00eb iu thot\u00eb \u201cstop\u201d pazareve, jo p\u00ebr t\u2019u mbajtur n\u00eb pushtet me \u00e7do kusht, por p\u00ebr t\u00eb mbjell\u00eb nj\u00eb kultur\u00eb t\u00eb re politike n\u00eb Kosov\u00eb.<\/p>\n<p>U dha leksion i qart\u00eb!<\/p>\n<p>Kosova nuk \u00ebsht\u00eb tort\u00eb mbi tavolin\u00eb, q\u00eb t\u00eb nxitojn\u00eb t\u00eb gjith\u00eb p\u00ebr ta ndar\u00eb sipas apetiteve personale!<\/p>\n<p>E ardhmja e Kosov\u00ebs \u00ebsht\u00eb amanet, \u00ebsht\u00eb aspirat\u00eb, \u00ebsht\u00eb vizion i p\u00ebrbashk\u00ebt q\u00eb k\u00ebrkon nd\u00ebrtim me parime, jo me pazare.<\/p>\n<p>Pra, kjo \u00ebsht\u00eb politika q\u00eb na duhet:<\/p>\n<p>\ud83d\udccc Standard i ri.<\/p>\n<p>\ud83d\udccc Politik\u00ebb\u00ebrje me vizion.<\/p>\n<p>\ud83d\udccc Udh\u00ebheqje me p\u00ebrgjegj\u00ebsi.<\/p>\n<p>N\u00eb k\u00ebt\u00eb rrug\u00ebtim, mb\u00ebshtetja qytetare \u00ebsht\u00eb shtylla q\u00eb forcon idealin e drejt\u00ebsis\u00eb dhe barazis\u00eb.<\/p>\n<p>Kosova nuk nd\u00ebrtohet me kompromis t\u00eb vlerave, por me guximin p\u00ebr t\u2019i mbrojtur ato!<\/p>\n<p>Mos u ndal, Albin!<\/p>\n<p>Shqipe Metaj Isufi<\/p>\n","protected":false},"excerpt":{"rendered":"<p>Deputetja e LVV-s\u00eb, Shqipe Metaj Isufi , ka vler\u00ebuar Albin Kurtin, p\u00ebr t\u00eb cilin thot\u00eb se, \u201c\u00ebsht\u00eb njeriu q\u00eb iu thot\u00eb \u201cstop\u201d pazareve, jo p\u00ebr t\u2019u mbajtur n\u00eb pushtet me \u00e7do kusht, por p\u00ebr t\u00eb mbjell\u00eb nj\u00eb kultur\u00eb t\u00eb re politike n\u00eb Kosov\u00eb\u201d. Sipas saj, Kosova nd\u00ebrtohet me guxim p\u00ebr t\u2019i mbrojtur vlerat. Postimi i [&hellip;]<\/p>\n","protected":false},"author":8,"featured_media":21156,"comment_status":"closed","ping_status":"closed","sticky":false,"template":"","format":"standard","meta":{"footnotes":""},"categories":[215,213],"tags":[],"class_list":["post-21155","post","type-post","status-publish","format-standard","has-post-thumbnail","hentry","category-kosove","category-lajme"],"yoast_head":"<!-- This site is optimized with the Yoast SEO plugin v25.1 - https:\/\/yoast.com\/wordpress\/plugins\/seo\/ -->\n<title>Deputetja e LVV-s\u00eb: Ky \u00ebsht\u00eb Albin Kurti \u2014 njeriu q\u00eb iu thot\u00eb \u201cstop\u201d pazareve - press7.tv<\/title>\n<meta name=\"robots\" content=\"index, follow, max-snippet:-1, max-image-preview:large, max-video-preview:-1\" \/>\n<link rel=\"canonical\" href=\"https:\/\/www.press7.tv\/?p=21155\" \/>\n<meta property=\"og:locale\" content=\"en_US\" \/>\n<meta property=\"og:type\" content=\"article\" \/>\n<meta property=\"og:title\" content=\"Deputetja e LVV-s\u00eb: Ky \u00ebsht\u00eb Albin Kurti \u2014 njeriu q\u00eb iu thot\u00eb \u201cstop\u201d pazareve - press7.tv\" \/>\n<meta property=\"og:description\" content=\"Deputetja e LVV-s\u00eb, Shqipe Metaj Isufi , ka vler\u00ebuar Albin Kurtin, p\u00ebr t\u00eb cilin thot\u00eb se, \u201c\u00ebsht\u00eb njeriu q\u00eb iu thot\u00eb \u201cstop\u201d pazareve, jo p\u00ebr t\u2019u mbajtur n\u00eb pushtet me \u00e7do kusht, por p\u00ebr t\u00eb mbjell\u00eb nj\u00eb kultur\u00eb t\u00eb re politike n\u00eb Kosov\u00eb\u201d. Sipas saj, Kosova nd\u00ebrtohet me guxim p\u00ebr t\u2019i mbrojtur vlerat. Postimi i [&hellip;]\" \/>\n<meta property=\"og:url\" content=\"https:\/\/www.press7.tv\/?p=21155\" \/>\n<meta property=\"og:site_name\" content=\"press7.tv\" \/>\n<meta property=\"article:publisher\" content=\"https:\/\/www.facebook.com\/press7.tv\" \/>\n<meta property=\"article:published_time\" content=\"2025-07-28T16:29:55+00:00\" \/>\n<meta property=\"og:image\" content=\"https:\/\/www.press7.tv\/wp-content\/uploads\/2025\/07\/IMG_6789.avif\" \/>\n\t<meta property=\"og:image:width\" content=\"780\" \/>\n\t<meta property=\"og:image:height\" content=\"445\" \/>\n\t<meta property=\"og:image:type\" content=\"image\/webp\" \/>\n<meta name=\"author\" content=\"gazetar2\" \/>\n<meta name=\"twitter:card\" content=\"summary_large_image\" \/>\n<meta name=\"twitter:label1\" content=\"Written by\" \/>\n\t<meta name=\"twitter:data1\" content=\"gazetar2\" \/>\n\t<meta name=\"twitter:label2\" content=\"Est. reading time\" \/>\n\t<meta name=\"twitter:data2\" content=\"1 minute\" \/>\n<script type=\"application\/ld+json\" class=\"yoast-schema-graph\">{\"@context\":\"https:\/\/schema.org\",\"@graph\":[{\"@type\":\"Article\",\"@id\":\"https:\/\/www.press7.tv\/?p=21155#article\",\"isPartOf\":{\"@id\":\"https:\/\/www.press7.tv\/?p=21155\"},\"author\":{\"name\":\"gazetar2\",\"@id\":\"https:\/\/www.news33.tv\/#\/schema\/person\/5a04a38a23ccdba82f9bd665cd8f9efa\"},\"headline\":\"Deputetja e LVV-s\u00eb: Ky \u00ebsht\u00eb Albin Kurti \u2014 njeriu q\u00eb iu thot\u00eb \u201cstop\u201d pazareve\",\"datePublished\":\"2025-07-28T16:29:55+00:00\",\"mainEntityOfPage\":{\"@id\":\"https:\/\/www.press7.tv\/?p=21155\"},\"wordCount\":248,\"publisher\":{\"@id\":\"https:\/\/www.news33.tv\/#organization\"},\"image\":{\"@id\":\"https:\/\/www.press7.tv\/?p=21155#primaryimage\"},\"thumbnailUrl\":\"https:\/\/www.press7.tv\/wp-content\/uploads\/2025\/07\/IMG_6789.avif\",\"articleSection\":[\"Kosov\u00eb\",\"Lajme\"],\"inLanguage\":\"en-US\"},{\"@type\":\"WebPage\",\"@id\":\"https:\/\/www.press7.tv\/?p=21155\",\"url\":\"https:\/\/www.press7.tv\/?p=21155\",\"name\":\"Deputetja e LVV-s\u00eb: Ky \u00ebsht\u00eb Albin Kurti \u2014 njeriu q\u00eb iu thot\u00eb \u201cstop\u201d pazareve - press7.tv\",\"isPartOf\":{\"@id\":\"https:\/\/www.news33.tv\/#website\"},\"primaryImageOfPage\":{\"@id\":\"https:\/\/www.press7.tv\/?p=21155#primaryimage\"},\"image\":{\"@id\":\"https:\/\/www.press7.tv\/?p=21155#primaryimage\"},\"thumbnailUrl\":\"https:\/\/www.press7.tv\/wp-content\/uploads\/2025\/07\/IMG_6789.avif\",\"datePublished\":\"2025-07-28T16:29:55+00:00\",\"breadcrumb\":{\"@id\":\"https:\/\/www.press7.tv\/?p=21155#breadcrumb\"},\"inLanguage\":\"en-US\",\"potentialAction\":[{\"@type\":\"ReadAction\",\"target\":[\"https:\/\/www.press7.tv\/?p=21155\"]}]},{\"@type\":\"ImageObject\",\"inLanguage\":\"en-US\",\"@id\":\"https:\/\/www.press7.tv\/?p=21155#primaryimage\",\"url\":\"https:\/\/www.press7.tv\/wp-content\/uploads\/2025\/07\/IMG_6789.avif\",\"contentUrl\":\"https:\/\/www.press7.tv\/wp-content\/uploads\/2025\/07\/IMG_6789.avif\",\"width\":780,\"height\":445},{\"@type\":\"BreadcrumbList\",\"@id\":\"https:\/\/www.press7.tv\/?p=21155#breadcrumb\",\"itemListElement\":[{\"@type\":\"ListItem\",\"position\":1,\"name\":\"Home\",\"item\":\"https:\/\/www.press7.tv\/\"},{\"@type\":\"ListItem\",\"position\":2,\"name\":\"Deputetja e LVV-s\u00eb: Ky \u00ebsht\u00eb Albin Kurti \u2014 njeriu q\u00eb iu thot\u00eb \u201cstop\u201d pazareve\"}]},{\"@type\":\"WebSite\",\"@id\":\"https:\/\/www.news33.tv\/#website\",\"url\":\"https:\/\/www.news33.tv\/\",\"name\":\"News33.tv Media\",\"description\":\"Media\",\"publisher\":{\"@id\":\"https:\/\/www.news33.tv\/#organization\"},\"potentialAction\":[{\"@type\":\"SearchAction\",\"target\":{\"@type\":\"EntryPoint\",\"urlTemplate\":\"https:\/\/www.news33.tv\/?s={search_term_string}\"},\"query-input\":{\"@type\":\"PropertyValueSpecification\",\"valueRequired\":true,\"valueName\":\"search_term_string\"}}],\"inLanguage\":\"en-US\"},{\"@type\":\"Organization\",\"@id\":\"https:\/\/www.news33.tv\/#organization\",\"name\":\"News33.tv Media\",\"url\":\"https:\/\/www.news33.tv\/\",\"logo\":{\"@type\":\"ImageObject\",\"inLanguage\":\"en-US\",\"@id\":\"https:\/\/www.news33.tv\/#\/schema\/logo\/image\/\",\"url\":\"https:\/\/www.press7.tv\/wp-content\/uploads\/2024\/02\/logo-news33-black.png\",\"contentUrl\":\"https:\/\/www.press7.tv\/wp-content\/uploads\/2024\/02\/logo-news33-black.png\",\"width\":180,\"height\":37,\"caption\":\"News33.tv Media\"},\"image\":{\"@id\":\"https:\/\/www.news33.tv\/#\/schema\/logo\/image\/\"},\"sameAs\":[\"https:\/\/www.facebook.com\/press7.tv\"]},{\"@type\":\"Person\",\"@id\":\"https:\/\/www.news33.tv\/#\/schema\/person\/5a04a38a23ccdba82f9bd665cd8f9efa\",\"name\":\"gazetar2\",\"image\":{\"@type\":\"ImageObject\",\"inLanguage\":\"en-US\",\"@id\":\"https:\/\/www.news33.tv\/#\/schema\/person\/image\/\",\"url\":\"https:\/\/www.press7.tv\/wp-content\/litespeed\/avatar\/41975e402c3049d9ddb03adca8f7a883.jpg?ver=1777774395\",\"contentUrl\":\"https:\/\/www.press7.tv\/wp-content\/litespeed\/avatar\/41975e402c3049d9ddb03adca8f7a883.jpg?ver=1777774395\",\"caption\":\"gazetar2\"},\"url\":\"https:\/\/www.press7.tv\/?author=8\"}]}<\/script>\n<!-- \/ Yoast SEO plugin. -->","yoast_head_json":{"title":"Deputetja e LVV-s\u00eb: Ky \u00ebsht\u00eb Albin Kurti \u2014 njeriu q\u00eb iu thot\u00eb \u201cstop\u201d pazareve - press7.tv","robots":{"index":"index","follow":"follow","max-snippet":"max-snippet:-1","max-image-preview":"max-image-preview:large","max-video-preview":"max-video-preview:-1"},"canonical":"https:\/\/www.press7.tv\/?p=21155","og_locale":"en_US","og_type":"article","og_title":"Deputetja e LVV-s\u00eb: Ky \u00ebsht\u00eb Albin Kurti \u2014 njeriu q\u00eb iu thot\u00eb \u201cstop\u201d pazareve - press7.tv","og_description":"Deputetja e LVV-s\u00eb, Shqipe Metaj Isufi , ka vler\u00ebuar Albin Kurtin, p\u00ebr t\u00eb cilin thot\u00eb se, \u201c\u00ebsht\u00eb njeriu q\u00eb iu thot\u00eb \u201cstop\u201d pazareve, jo p\u00ebr t\u2019u mbajtur n\u00eb pushtet me \u00e7do kusht, por p\u00ebr t\u00eb mbjell\u00eb nj\u00eb kultur\u00eb t\u00eb re politike n\u00eb Kosov\u00eb\u201d. Sipas saj, Kosova nd\u00ebrtohet me guxim p\u00ebr t\u2019i mbrojtur vlerat. Postimi i [&hellip;]","og_url":"https:\/\/www.press7.tv\/?p=21155","og_site_name":"press7.tv","article_publisher":"https:\/\/www.facebook.com\/press7.tv","article_published_time":"2025-07-28T16:29:55+00:00","og_image":[{"width":780,"height":445,"url":"https:\/\/www.press7.tv\/wp-content\/uploads\/2025\/07\/IMG_6789.avif","type":"image\/webp"}],"author":"gazetar2","twitter_card":"summary_large_image","twitter_misc":{"Written by":"gazetar2","Est. reading time":"1 minute"},"schema":{"@context":"https:\/\/schema.org","@graph":[{"@type":"Article","@id":"https:\/\/www.press7.tv\/?p=21155#article","isPartOf":{"@id":"https:\/\/www.press7.tv\/?p=21155"},"author":{"name":"gazetar2","@id":"https:\/\/www.news33.tv\/#\/schema\/person\/5a04a38a23ccdba82f9bd665cd8f9efa"},"headline":"Deputetja e LVV-s\u00eb: Ky \u00ebsht\u00eb Albin Kurti \u2014 njeriu q\u00eb iu thot\u00eb \u201cstop\u201d pazareve","datePublished":"2025-07-28T16:29:55+00:00","mainEntityOfPage":{"@id":"https:\/\/www.press7.tv\/?p=21155"},"wordCount":248,"publisher":{"@id":"https:\/\/www.news33.tv\/#organization"},"image":{"@id":"https:\/\/www.press7.tv\/?p=21155#primaryimage"},"thumbnailUrl":"https:\/\/www.press7.tv\/wp-content\/uploads\/2025\/07\/IMG_6789.avif","articleSection":["Kosov\u00eb","Lajme"],"inLanguage":"en-US"},{"@type":"WebPage","@id":"https:\/\/www.press7.tv\/?p=21155","url":"https:\/\/www.press7.tv\/?p=21155","name":"Deputetja e LVV-s\u00eb: Ky \u00ebsht\u00eb Albin Kurti \u2014 njeriu q\u00eb iu thot\u00eb \u201cstop\u201d pazareve - press7.tv","isPartOf":{"@id":"https:\/\/www.news33.tv\/#website"},"primaryImageOfPage":{"@id":"https:\/\/www.press7.tv\/?p=21155#primaryimage"},"image":{"@id":"https:\/\/www.press7.tv\/?p=21155#primaryimage"},"thumbnailUrl":"https:\/\/www.press7.tv\/wp-content\/uploads\/2025\/07\/IMG_6789.avif","datePublished":"2025-07-28T16:29:55+00:00","breadcrumb":{"@id":"https:\/\/www.press7.tv\/?p=21155#breadcrumb"},"inLanguage":"en-US","potentialAction":[{"@type":"ReadAction","target":["https:\/\/www.press7.tv\/?p=21155"]}]},{"@type":"ImageObject","inLanguage":"en-US","@id":"https:\/\/www.press7.tv\/?p=21155#primaryimage","url":"https:\/\/www.press7.tv\/wp-content\/uploads\/2025\/07\/IMG_6789.avif","contentUrl":"https:\/\/www.press7.tv\/wp-content\/uploads\/2025\/07\/IMG_6789.avif","width":780,"height":445},{"@type":"BreadcrumbList","@id":"https:\/\/www.press7.tv\/?p=21155#breadcrumb","itemListElement":[{"@type":"ListItem","position":1,"name":"Home","item":"https:\/\/www.press7.tv\/"},{"@type":"ListItem","position":2,"name":"Deputetja e LVV-s\u00eb: Ky \u00ebsht\u00eb Albin Kurti \u2014 njeriu q\u00eb iu thot\u00eb \u201cstop\u201d pazareve"}]},{"@type":"WebSite","@id":"https:\/\/www.news33.tv\/#website","url":"https:\/\/www.news33.tv\/","name":"News33.tv Media","description":"Media","publisher":{"@id":"https:\/\/www.news33.tv\/#organization"},"potentialAction":[{"@type":"SearchAction","target":{"@type":"EntryPoint","urlTemplate":"https:\/\/www.news33.tv\/?s={search_term_string}"},"query-input":{"@type":"PropertyValueSpecification","valueRequired":true,"valueName":"search_term_string"}}],"inLanguage":"en-US"},{"@type":"Organization","@id":"https:\/\/www.news33.tv\/#organization","name":"News33.tv Media","url":"https:\/\/www.news33.tv\/","logo":{"@type":"ImageObject","inLanguage":"en-US","@id":"https:\/\/www.news33.tv\/#\/schema\/logo\/image\/","url":"https:\/\/www.press7.tv\/wp-content\/uploads\/2024\/02\/logo-news33-black.png","contentUrl":"https:\/\/www.press7.tv\/wp-content\/uploads\/2024\/02\/logo-news33-black.png","width":180,"height":37,"caption":"News33.tv Media"},"image":{"@id":"https:\/\/www.news33.tv\/#\/schema\/logo\/image\/"},"sameAs":["https:\/\/www.facebook.com\/press7.tv"]},{"@type":"Person","@id":"https:\/\/www.news33.tv\/#\/schema\/person\/5a04a38a23ccdba82f9bd665cd8f9efa","name":"gazetar2","image":{"@type":"ImageObject","inLanguage":"en-US","@id":"https:\/\/www.news33.tv\/#\/schema\/person\/image\/","url":"https:\/\/www.press7.tv\/wp-content\/litespeed\/avatar\/41975e402c3049d9ddb03adca8f7a883.jpg?ver=1777774395","contentUrl":"https:\/\/www.press7.tv\/wp-content\/litespeed\/avatar\/41975e402c3049d9ddb03adca8f7a883.jpg?ver=1777774395","caption":"gazetar2"},"url":"https:\/\/www.press7.tv\/?author=8"}]}},"amp_enabled":true,"_links":{"self":[{"href":"https:\/\/www.press7.tv\/index.php?rest_route=\/wp\/v2\/posts\/21155","targetHints":{"allow":["GET"]}}],"collection":[{"href":"https:\/\/www.press7.tv\/index.php?rest_route=\/wp\/v2\/posts"}],"about":[{"href":"https:\/\/www.press7.tv\/index.php?rest_route=\/wp\/v2\/types\/post"}],"author":[{"embeddable":true,"href":"https:\/\/www.press7.tv\/index.php?rest_route=\/wp\/v2\/users\/8"}],"replies":[{"embeddable":true,"href":"https:\/\/www.press7.tv\/index.php?rest_route=%2Fwp%2Fv2%2Fcomments&post=21155"}],"version-history":[{"count":1,"href":"https:\/\/www.press7.tv\/index.php?rest_route=\/wp\/v2\/posts\/21155\/revisions"}],"predecessor-version":[{"id":21157,"href":"https:\/\/www.press7.tv\/index.php?rest_route=\/wp\/v2\/posts\/21155\/revisions\/21157"}],"wp:featuredmedia":[{"embeddable":true,"href":"https:\/\/www.press7.tv\/index.php?rest_route=\/wp\/v2\/media\/21156"}],"wp:attachment":[{"href":"https:\/\/www.press7.tv\/index.php?rest_route=%2Fwp%2Fv2%2Fmedia&parent=21155"}],"wp:term":[{"taxonomy":"category","embeddable":true,"href":"https:\/\/www.press7.tv\/index.php?rest_route=%2Fwp%2Fv2%2Fcategories&post=21155"},{"taxonomy":"post_tag","embeddable":true,"href":"https:\/\/www.press7.tv\/index.php?rest_route=%2Fwp%2Fv2%2Ftags&post=21155"}],"curies":[{"name":"wp","href":"https:\/\/api.w.org\/{rel}","templated":true}]}}