{"id":21152,"date":"2025-07-28T15:04:51","date_gmt":"2025-07-28T15:04:51","guid":{"rendered":"https:\/\/www.press7.tv\/?p=21152"},"modified":"2025-07-28T15:04:51","modified_gmt":"2025-07-28T15:04:51","slug":"trump-flet-per-rrezikun-e-luftes-kosove-serbi-ish-koloneli-me-mesazh-te-forte-kosova-duhet-te","status":"publish","type":"post","link":"https:\/\/www.press7.tv\/?p=21152","title":{"rendered":"Trump flet p\u00ebr rrezikun e luft\u00ebs Kosov\u00eb-Serbi, ish- koloneli me mesazh t\u00eb fort\u00eb: Kosova duhet t\u00eb\u2026"},"content":{"rendered":"\n    <div class=\"xs_social_share_widget xs_share_url before_content \t\tmain_content  wslu-style-2 wslu-share-box-shaped wslu-fill-colored wslu-share-m-5 wslu-none wslu-share-vertical wslu-theme-font-no wslu-main_content\">\n\n\t\t\n        <ul>\n\t\t\t        <\/ul>\n    <\/div> \n<p>Presidenti i Shteteve t\u00eb Bashkuara t\u00eb Amerik\u00ebs, Donald Trump, sot gjat\u00eb nj\u00eb paraqitjeje p\u00ebr gazetar\u00ebt, ka th\u00ebn\u00eb se ka shum\u00eb arm\u00ebpushime n\u00eb bot\u00eb.<\/p>\n<p>\u201cSerbia dhe Kosova jan\u00eb nj\u00eb tjet\u00ebr. Kemi shum\u00eb pika t\u00eb nxehta q\u00eb ishin luft\u00eb\u201d, ka th\u00ebn\u00eb Trump.<\/p>\n<p>Trump thot\u00eb se, n\u00ebse ai nuk do t\u00eb ishte n\u00eb detyr\u00eb, do t\u00eb zhvilloheshin gjasht\u00eb luft\u00ebra.<\/p>\n<p>\u201cN\u00ebse nuk do t\u00eb isha un\u00eb k\u00ebndejpari, do t\u00eb ishin tani gjasht\u00eb luft\u00ebra t\u00eb m\u00ebdha. India do t\u00eb luftonte me Pakistanin\u201d, shtoi ai.<\/p>\n<p>Ai tha se nd\u00ebrhyrja e tij \u00e7oi n\u00eb nj\u00eb arm\u00ebpushim mes Tajland\u00ebs dhe Kamboxhias. Trump p\u00ebrmendi edhe marr\u00ebveshjen e paqes midis Ruand\u00ebs dhe Republik\u00ebs Demokratike t\u00eb Kongos.<\/p>\n<p>P\u00ebrmendja e nj\u00eb lufte t\u00eb mundshme mes Kosov\u00ebs dhe Serbis\u00eb nga ana e presidentit amerikan, Donald Trump, nuk \u00ebsht\u00eb e para her\u00eb.<\/p>\n<p>Trump kishte th\u00ebn\u00eb se ka parandaluar nj\u00eb luft\u00eb t\u00eb mundshme edhe muaj m\u00eb par\u00eb, duke folur p\u00ebr konfliktin n\u00eb Lindjen e Mesme.<\/p>\n<p>N\u00eb an\u00ebn tjet\u00ebr, p\u00ebrkund\u00ebr k\u00ebtyre deklarimeve, presidenti serb, Aleksand\u00ebr Vu\u00e7iq, nuk nguron t\u00eb b\u00ebj\u00eb \u2018k\u00ebrc\u00ebnime\u2019.<\/p>\n<p>Vu\u00e7iq pas arrestimit t\u00eb Igor Popoviq, ka th\u00ebn\u00eb se kjo mund t\u00eb ket\u00eb pasoja t\u00eb paparashikueshme.<\/p>\n<p>\u201cArrestimi i fundit i Igor Popoviqit tregon se Albin Kurti e ka humbur arsyen dhe se d\u00ebshiron t\u00eb shkaktoj\u00eb incidente dhe konflikte n\u00eb Ballkanin Per\u00ebndimor\u201d, ka th\u00ebn\u00eb Vu\u00e7iq gjat\u00eb nj\u00eb interviste n\u00eb televizionin Pink n\u00eb Beograd.<\/p>\n<p>A ka t\u00eb rinj t\u00eb mjaftuesh\u00ebm Kosova n\u00eb rast se ndodh nj\u00eb konflikt i mundsh\u00ebm dhe si duhet t\u00eb vepruar, p\u00ebr k\u00ebt\u00eb ka folur ish- koloneli dhe ish- ushtari i U\u00c7K-s\u00eb, Afrim Veseli.<\/p>\n<p>Veseli k\u00ebrkon q\u00eb t\u00eb punohet dhe t\u00eb investohet n\u00eb arsim, kjo pasi p\u00ebrmes dijes rritet dashuria p\u00ebr atdhe.<\/p>\n<p>Ai thot\u00eb se secili duhet t\u2019i p\u00ebrgjigjet thirrjes p\u00ebr mbrojtjen e atdheut.<\/p>\n<p>\u201cDuhet t\u00eb punohet dhe t\u00eb investohet m\u00eb shum\u00eb n\u00eb arsimim. Vet\u00ebm p\u00ebrmes dijes dhe duke rritur dashurin\u00eb p\u00ebr atdheun dhe popullin ton\u00eb, mund t\u00eb nd\u00ebrtojm\u00eb nj\u00eb t\u00eb ardhme m\u00eb t\u00eb mir\u00eb. E ardhmja e vendit jan\u00eb t\u00eb rinjt\u00eb tan\u00eb. N\u00eb rast agresioni, secili prej nesh duhet t\u2019i p\u00ebrgjigjet thirrjes p\u00ebr mbrojtjen e atdheut. Liria dhe mbrojtja e saj nuk kan\u00eb \u00e7mim. Ndjenja p\u00ebr liri, d\u00ebshira p\u00ebr t\u00eb jetuar t\u00eb lir\u00eb si \u00e7do popull tjet\u00ebr dhe dhuna e pap\u00ebrshkrueshme e armikut, ishin shtysat q\u00eb m\u00eb b\u00ebn\u00eb t\u2019i bashkohem luft\u00ebs p\u00ebr liri. Edhe sot, do ta b\u00ebja t\u00eb nj\u00ebjt\u00ebn gj\u00eb. Serbia dhe Vu\u00e7iqi nuk do ta ndryshojn\u00eb kurr\u00eb q\u00ebndrimin ndaj Kosov\u00ebs\u201d, deklaron Veseli p\u00ebr \u201cBota sot\u201d.<\/p>\n","protected":false},"excerpt":{"rendered":"<p>Presidenti i Shteteve t\u00eb Bashkuara t\u00eb Amerik\u00ebs, Donald Trump, sot gjat\u00eb nj\u00eb paraqitjeje p\u00ebr gazetar\u00ebt, ka th\u00ebn\u00eb se ka shum\u00eb arm\u00ebpushime n\u00eb bot\u00eb. \u201cSerbia dhe Kosova jan\u00eb nj\u00eb tjet\u00ebr. Kemi shum\u00eb pika t\u00eb nxehta q\u00eb ishin luft\u00eb\u201d, ka th\u00ebn\u00eb Trump. Trump thot\u00eb se, n\u00ebse ai nuk do t\u00eb ishte n\u00eb detyr\u00eb, do t\u00eb zhvilloheshin gjasht\u00eb [&hellip;]<\/p>\n","protected":false},"author":8,"featured_media":21153,"comment_status":"closed","ping_status":"closed","sticky":false,"template":"","format":"standard","meta":{"footnotes":""},"categories":[215,213],"tags":[],"class_list":["post-21152","post","type-post","status-publish","format-standard","has-post-thumbnail","hentry","category-kosove","category-lajme"],"yoast_head":"<!-- This site is optimized with the Yoast SEO plugin v25.1 - https:\/\/yoast.com\/wordpress\/plugins\/seo\/ -->\n<title>Trump flet p\u00ebr rrezikun e luft\u00ebs Kosov\u00eb-Serbi, ish- koloneli me mesazh t\u00eb fort\u00eb: Kosova duhet t\u00eb\u2026 - press7.tv<\/title>\n<meta name=\"robots\" content=\"index, follow, max-snippet:-1, max-image-preview:large, max-video-preview:-1\" \/>\n<link rel=\"canonical\" href=\"https:\/\/www.press7.tv\/?p=21152\" \/>\n<meta property=\"og:locale\" content=\"en_US\" \/>\n<meta property=\"og:type\" content=\"article\" \/>\n<meta property=\"og:title\" content=\"Trump flet p\u00ebr rrezikun e luft\u00ebs Kosov\u00eb-Serbi, ish- koloneli me mesazh t\u00eb fort\u00eb: Kosova duhet t\u00eb\u2026 - press7.tv\" \/>\n<meta property=\"og:description\" content=\"Presidenti i Shteteve t\u00eb Bashkuara t\u00eb Amerik\u00ebs, Donald Trump, sot gjat\u00eb nj\u00eb paraqitjeje p\u00ebr gazetar\u00ebt, ka th\u00ebn\u00eb se ka shum\u00eb arm\u00ebpushime n\u00eb bot\u00eb. \u201cSerbia dhe Kosova jan\u00eb nj\u00eb tjet\u00ebr. Kemi shum\u00eb pika t\u00eb nxehta q\u00eb ishin luft\u00eb\u201d, ka th\u00ebn\u00eb Trump. Trump thot\u00eb se, n\u00ebse ai nuk do t\u00eb ishte n\u00eb detyr\u00eb, do t\u00eb zhvilloheshin gjasht\u00eb [&hellip;]\" \/>\n<meta property=\"og:url\" content=\"https:\/\/www.press7.tv\/?p=21152\" \/>\n<meta property=\"og:site_name\" content=\"press7.tv\" \/>\n<meta property=\"article:publisher\" content=\"https:\/\/www.facebook.com\/press7.tv\" \/>\n<meta property=\"article:published_time\" content=\"2025-07-28T15:04:51+00:00\" \/>\n<meta property=\"og:image\" content=\"https:\/\/www.press7.tv\/wp-content\/uploads\/2025\/07\/IMG_6786.avif\" \/>\n\t<meta property=\"og:image:width\" content=\"1014\" \/>\n\t<meta property=\"og:image:height\" content=\"748\" \/>\n\t<meta property=\"og:image:type\" content=\"image\/jpeg\" \/>\n<meta name=\"author\" content=\"gazetar2\" \/>\n<meta name=\"twitter:card\" content=\"summary_large_image\" \/>\n<meta name=\"twitter:label1\" content=\"Written by\" \/>\n\t<meta name=\"twitter:data1\" content=\"gazetar2\" \/>\n\t<meta name=\"twitter:label2\" content=\"Est. reading time\" \/>\n\t<meta name=\"twitter:data2\" content=\"1 minute\" \/>\n<script type=\"application\/ld+json\" class=\"yoast-schema-graph\">{\"@context\":\"https:\/\/schema.org\",\"@graph\":[{\"@type\":\"Article\",\"@id\":\"https:\/\/www.press7.tv\/?p=21152#article\",\"isPartOf\":{\"@id\":\"https:\/\/www.press7.tv\/?p=21152\"},\"author\":{\"name\":\"gazetar2\",\"@id\":\"https:\/\/www.news33.tv\/#\/schema\/person\/5a04a38a23ccdba82f9bd665cd8f9efa\"},\"headline\":\"Trump flet p\u00ebr rrezikun e luft\u00ebs Kosov\u00eb-Serbi, ish- koloneli me mesazh t\u00eb fort\u00eb: Kosova duhet t\u00eb\u2026\",\"datePublished\":\"2025-07-28T15:04:51+00:00\",\"mainEntityOfPage\":{\"@id\":\"https:\/\/www.press7.tv\/?p=21152\"},\"wordCount\":487,\"publisher\":{\"@id\":\"https:\/\/www.news33.tv\/#organization\"},\"image\":{\"@id\":\"https:\/\/www.press7.tv\/?p=21152#primaryimage\"},\"thumbnailUrl\":\"https:\/\/www.press7.tv\/wp-content\/uploads\/2025\/07\/IMG_6786.avif\",\"articleSection\":[\"Kosov\u00eb\",\"Lajme\"],\"inLanguage\":\"en-US\"},{\"@type\":\"WebPage\",\"@id\":\"https:\/\/www.press7.tv\/?p=21152\",\"url\":\"https:\/\/www.press7.tv\/?p=21152\",\"name\":\"Trump flet p\u00ebr rrezikun e luft\u00ebs Kosov\u00eb-Serbi, ish- koloneli me mesazh t\u00eb fort\u00eb: Kosova duhet t\u00eb\u2026 - press7.tv\",\"isPartOf\":{\"@id\":\"https:\/\/www.news33.tv\/#website\"},\"primaryImageOfPage\":{\"@id\":\"https:\/\/www.press7.tv\/?p=21152#primaryimage\"},\"image\":{\"@id\":\"https:\/\/www.press7.tv\/?p=21152#primaryimage\"},\"thumbnailUrl\":\"https:\/\/www.press7.tv\/wp-content\/uploads\/2025\/07\/IMG_6786.avif\",\"datePublished\":\"2025-07-28T15:04:51+00:00\",\"breadcrumb\":{\"@id\":\"https:\/\/www.press7.tv\/?p=21152#breadcrumb\"},\"inLanguage\":\"en-US\",\"potentialAction\":[{\"@type\":\"ReadAction\",\"target\":[\"https:\/\/www.press7.tv\/?p=21152\"]}]},{\"@type\":\"ImageObject\",\"inLanguage\":\"en-US\",\"@id\":\"https:\/\/www.press7.tv\/?p=21152#primaryimage\",\"url\":\"https:\/\/www.press7.tv\/wp-content\/uploads\/2025\/07\/IMG_6786.avif\",\"contentUrl\":\"https:\/\/www.press7.tv\/wp-content\/uploads\/2025\/07\/IMG_6786.avif\",\"width\":1014,\"height\":748},{\"@type\":\"BreadcrumbList\",\"@id\":\"https:\/\/www.press7.tv\/?p=21152#breadcrumb\",\"itemListElement\":[{\"@type\":\"ListItem\",\"position\":1,\"name\":\"Home\",\"item\":\"https:\/\/www.press7.tv\/\"},{\"@type\":\"ListItem\",\"position\":2,\"name\":\"Trump flet p\u00ebr rrezikun e luft\u00ebs Kosov\u00eb-Serbi, ish- koloneli me mesazh t\u00eb fort\u00eb: Kosova duhet t\u00eb\u2026\"}]},{\"@type\":\"WebSite\",\"@id\":\"https:\/\/www.news33.tv\/#website\",\"url\":\"https:\/\/www.news33.tv\/\",\"name\":\"News33.tv Media\",\"description\":\"Media\",\"publisher\":{\"@id\":\"https:\/\/www.news33.tv\/#organization\"},\"potentialAction\":[{\"@type\":\"SearchAction\",\"target\":{\"@type\":\"EntryPoint\",\"urlTemplate\":\"https:\/\/www.news33.tv\/?s={search_term_string}\"},\"query-input\":{\"@type\":\"PropertyValueSpecification\",\"valueRequired\":true,\"valueName\":\"search_term_string\"}}],\"inLanguage\":\"en-US\"},{\"@type\":\"Organization\",\"@id\":\"https:\/\/www.news33.tv\/#organization\",\"name\":\"News33.tv Media\",\"url\":\"https:\/\/www.news33.tv\/\",\"logo\":{\"@type\":\"ImageObject\",\"inLanguage\":\"en-US\",\"@id\":\"https:\/\/www.news33.tv\/#\/schema\/logo\/image\/\",\"url\":\"https:\/\/www.press7.tv\/wp-content\/uploads\/2024\/02\/logo-news33-black.png\",\"contentUrl\":\"https:\/\/www.press7.tv\/wp-content\/uploads\/2024\/02\/logo-news33-black.png\",\"width\":180,\"height\":37,\"caption\":\"News33.tv Media\"},\"image\":{\"@id\":\"https:\/\/www.news33.tv\/#\/schema\/logo\/image\/\"},\"sameAs\":[\"https:\/\/www.facebook.com\/press7.tv\"]},{\"@type\":\"Person\",\"@id\":\"https:\/\/www.news33.tv\/#\/schema\/person\/5a04a38a23ccdba82f9bd665cd8f9efa\",\"name\":\"gazetar2\",\"image\":{\"@type\":\"ImageObject\",\"inLanguage\":\"en-US\",\"@id\":\"https:\/\/www.news33.tv\/#\/schema\/person\/image\/\",\"url\":\"https:\/\/www.press7.tv\/wp-content\/litespeed\/avatar\/41975e402c3049d9ddb03adca8f7a883.jpg?ver=1777774395\",\"contentUrl\":\"https:\/\/www.press7.tv\/wp-content\/litespeed\/avatar\/41975e402c3049d9ddb03adca8f7a883.jpg?ver=1777774395\",\"caption\":\"gazetar2\"},\"url\":\"https:\/\/www.press7.tv\/?author=8\"}]}<\/script>\n<!-- \/ Yoast SEO plugin. -->","yoast_head_json":{"title":"Trump flet p\u00ebr rrezikun e luft\u00ebs Kosov\u00eb-Serbi, ish- koloneli me mesazh t\u00eb fort\u00eb: Kosova duhet t\u00eb\u2026 - press7.tv","robots":{"index":"index","follow":"follow","max-snippet":"max-snippet:-1","max-image-preview":"max-image-preview:large","max-video-preview":"max-video-preview:-1"},"canonical":"https:\/\/www.press7.tv\/?p=21152","og_locale":"en_US","og_type":"article","og_title":"Trump flet p\u00ebr rrezikun e luft\u00ebs Kosov\u00eb-Serbi, ish- koloneli me mesazh t\u00eb fort\u00eb: Kosova duhet t\u00eb\u2026 - press7.tv","og_description":"Presidenti i Shteteve t\u00eb Bashkuara t\u00eb Amerik\u00ebs, Donald Trump, sot gjat\u00eb nj\u00eb paraqitjeje p\u00ebr gazetar\u00ebt, ka th\u00ebn\u00eb se ka shum\u00eb arm\u00ebpushime n\u00eb bot\u00eb. \u201cSerbia dhe Kosova jan\u00eb nj\u00eb tjet\u00ebr. Kemi shum\u00eb pika t\u00eb nxehta q\u00eb ishin luft\u00eb\u201d, ka th\u00ebn\u00eb Trump. Trump thot\u00eb se, n\u00ebse ai nuk do t\u00eb ishte n\u00eb detyr\u00eb, do t\u00eb zhvilloheshin gjasht\u00eb [&hellip;]","og_url":"https:\/\/www.press7.tv\/?p=21152","og_site_name":"press7.tv","article_publisher":"https:\/\/www.facebook.com\/press7.tv","article_published_time":"2025-07-28T15:04:51+00:00","og_image":[{"width":1014,"height":748,"url":"https:\/\/www.press7.tv\/wp-content\/uploads\/2025\/07\/IMG_6786.avif","type":"image\/jpeg"}],"author":"gazetar2","twitter_card":"summary_large_image","twitter_misc":{"Written by":"gazetar2","Est. reading time":"1 minute"},"schema":{"@context":"https:\/\/schema.org","@graph":[{"@type":"Article","@id":"https:\/\/www.press7.tv\/?p=21152#article","isPartOf":{"@id":"https:\/\/www.press7.tv\/?p=21152"},"author":{"name":"gazetar2","@id":"https:\/\/www.news33.tv\/#\/schema\/person\/5a04a38a23ccdba82f9bd665cd8f9efa"},"headline":"Trump flet p\u00ebr rrezikun e luft\u00ebs Kosov\u00eb-Serbi, ish- koloneli me mesazh t\u00eb fort\u00eb: Kosova duhet t\u00eb\u2026","datePublished":"2025-07-28T15:04:51+00:00","mainEntityOfPage":{"@id":"https:\/\/www.press7.tv\/?p=21152"},"wordCount":487,"publisher":{"@id":"https:\/\/www.news33.tv\/#organization"},"image":{"@id":"https:\/\/www.press7.tv\/?p=21152#primaryimage"},"thumbnailUrl":"https:\/\/www.press7.tv\/wp-content\/uploads\/2025\/07\/IMG_6786.avif","articleSection":["Kosov\u00eb","Lajme"],"inLanguage":"en-US"},{"@type":"WebPage","@id":"https:\/\/www.press7.tv\/?p=21152","url":"https:\/\/www.press7.tv\/?p=21152","name":"Trump flet p\u00ebr rrezikun e luft\u00ebs Kosov\u00eb-Serbi, ish- koloneli me mesazh t\u00eb fort\u00eb: Kosova duhet t\u00eb\u2026 - press7.tv","isPartOf":{"@id":"https:\/\/www.news33.tv\/#website"},"primaryImageOfPage":{"@id":"https:\/\/www.press7.tv\/?p=21152#primaryimage"},"image":{"@id":"https:\/\/www.press7.tv\/?p=21152#primaryimage"},"thumbnailUrl":"https:\/\/www.press7.tv\/wp-content\/uploads\/2025\/07\/IMG_6786.avif","datePublished":"2025-07-28T15:04:51+00:00","breadcrumb":{"@id":"https:\/\/www.press7.tv\/?p=21152#breadcrumb"},"inLanguage":"en-US","potentialAction":[{"@type":"ReadAction","target":["https:\/\/www.press7.tv\/?p=21152"]}]},{"@type":"ImageObject","inLanguage":"en-US","@id":"https:\/\/www.press7.tv\/?p=21152#primaryimage","url":"https:\/\/www.press7.tv\/wp-content\/uploads\/2025\/07\/IMG_6786.avif","contentUrl":"https:\/\/www.press7.tv\/wp-content\/uploads\/2025\/07\/IMG_6786.avif","width":1014,"height":748},{"@type":"BreadcrumbList","@id":"https:\/\/www.press7.tv\/?p=21152#breadcrumb","itemListElement":[{"@type":"ListItem","position":1,"name":"Home","item":"https:\/\/www.press7.tv\/"},{"@type":"ListItem","position":2,"name":"Trump flet p\u00ebr rrezikun e luft\u00ebs Kosov\u00eb-Serbi, ish- koloneli me mesazh t\u00eb fort\u00eb: Kosova duhet t\u00eb\u2026"}]},{"@type":"WebSite","@id":"https:\/\/www.news33.tv\/#website","url":"https:\/\/www.news33.tv\/","name":"News33.tv Media","description":"Media","publisher":{"@id":"https:\/\/www.news33.tv\/#organization"},"potentialAction":[{"@type":"SearchAction","target":{"@type":"EntryPoint","urlTemplate":"https:\/\/www.news33.tv\/?s={search_term_string}"},"query-input":{"@type":"PropertyValueSpecification","valueRequired":true,"valueName":"search_term_string"}}],"inLanguage":"en-US"},{"@type":"Organization","@id":"https:\/\/www.news33.tv\/#organization","name":"News33.tv Media","url":"https:\/\/www.news33.tv\/","logo":{"@type":"ImageObject","inLanguage":"en-US","@id":"https:\/\/www.news33.tv\/#\/schema\/logo\/image\/","url":"https:\/\/www.press7.tv\/wp-content\/uploads\/2024\/02\/logo-news33-black.png","contentUrl":"https:\/\/www.press7.tv\/wp-content\/uploads\/2024\/02\/logo-news33-black.png","width":180,"height":37,"caption":"News33.tv Media"},"image":{"@id":"https:\/\/www.news33.tv\/#\/schema\/logo\/image\/"},"sameAs":["https:\/\/www.facebook.com\/press7.tv"]},{"@type":"Person","@id":"https:\/\/www.news33.tv\/#\/schema\/person\/5a04a38a23ccdba82f9bd665cd8f9efa","name":"gazetar2","image":{"@type":"ImageObject","inLanguage":"en-US","@id":"https:\/\/www.news33.tv\/#\/schema\/person\/image\/","url":"https:\/\/www.press7.tv\/wp-content\/litespeed\/avatar\/41975e402c3049d9ddb03adca8f7a883.jpg?ver=1777774395","contentUrl":"https:\/\/www.press7.tv\/wp-content\/litespeed\/avatar\/41975e402c3049d9ddb03adca8f7a883.jpg?ver=1777774395","caption":"gazetar2"},"url":"https:\/\/www.press7.tv\/?author=8"}]}},"amp_enabled":true,"_links":{"self":[{"href":"https:\/\/www.press7.tv\/index.php?rest_route=\/wp\/v2\/posts\/21152","targetHints":{"allow":["GET"]}}],"collection":[{"href":"https:\/\/www.press7.tv\/index.php?rest_route=\/wp\/v2\/posts"}],"about":[{"href":"https:\/\/www.press7.tv\/index.php?rest_route=\/wp\/v2\/types\/post"}],"author":[{"embeddable":true,"href":"https:\/\/www.press7.tv\/index.php?rest_route=\/wp\/v2\/users\/8"}],"replies":[{"embeddable":true,"href":"https:\/\/www.press7.tv\/index.php?rest_route=%2Fwp%2Fv2%2Fcomments&post=21152"}],"version-history":[{"count":1,"href":"https:\/\/www.press7.tv\/index.php?rest_route=\/wp\/v2\/posts\/21152\/revisions"}],"predecessor-version":[{"id":21154,"href":"https:\/\/www.press7.tv\/index.php?rest_route=\/wp\/v2\/posts\/21152\/revisions\/21154"}],"wp:featuredmedia":[{"embeddable":true,"href":"https:\/\/www.press7.tv\/index.php?rest_route=\/wp\/v2\/media\/21153"}],"wp:attachment":[{"href":"https:\/\/www.press7.tv\/index.php?rest_route=%2Fwp%2Fv2%2Fmedia&parent=21152"}],"wp:term":[{"taxonomy":"category","embeddable":true,"href":"https:\/\/www.press7.tv\/index.php?rest_route=%2Fwp%2Fv2%2Fcategories&post=21152"},{"taxonomy":"post_tag","embeddable":true,"href":"https:\/\/www.press7.tv\/index.php?rest_route=%2Fwp%2Fv2%2Ftags&post=21152"}],"curies":[{"name":"wp","href":"https:\/\/api.w.org\/{rel}","templated":true}]}}