{"id":21149,"date":"2025-07-28T11:14:14","date_gmt":"2025-07-28T11:14:14","guid":{"rendered":"https:\/\/www.press7.tv\/?p=21149"},"modified":"2025-07-28T11:14:14","modified_gmt":"2025-07-28T11:14:14","slug":"mexhiti-taravari-doli-nga-vlen-me-pretekst-se-kerkonte-lista-te-vecanta-tani-ne-zgjedhje-shkon-me-lista-te-perbashketa-me-bdi","status":"publish","type":"post","link":"https:\/\/www.press7.tv\/?p=21149","title":{"rendered":"Mexhiti: Taravari doli nga VLEN me pretekst se k\u00ebrkonte lista t\u00eb ve\u00e7anta, tani n\u00eb zgjedhje shkon me lista t\u00eb p\u00ebrbashk\u00ebta me BDI"},"content":{"rendered":"\n    <div class=\"xs_social_share_widget xs_share_url before_content \t\tmain_content  wslu-style-2 wslu-share-box-shaped wslu-fill-colored wslu-share-m-5 wslu-none wslu-share-vertical wslu-theme-font-no wslu-main_content\">\n\n\t\t\n        <ul>\n\t\t\t        <\/ul>\n    <\/div> \n<p>Izet Mexhiti nga VLEN tha se Arben Taravari doli nga koalicioni VLEN me arsyetimin se k\u00ebrkonte lista t\u00eb ve\u00e7anta p\u00ebr k\u00ebshilltar\u00eb komunal n\u00eb zgjedhjet lokale, nd\u00ebrkaq tani po shkon n\u00eb zgjedhje me lista t\u00eb p\u00ebrbashk\u00ebta me BDI-n\u00eb.<\/p>\n<p><a href=\"https:\/\/www.instagram.com\/tv21hd\/?utm_source=ig_embed&#038;ig_rid=2aa5df16-250b-4a62-ab7c-035e9b5793eb&#038;ig_mid=B74F133D-6EC0-4802-B12F-34D4830B92C2\">https:\/\/www.instagram.com\/tv21hd\/?utm_source=ig_embed&#038;ig_rid=2aa5df16-250b-4a62-ab7c-035e9b5793eb&#038;ig_mid=B74F133D-6EC0-4802-B12F-34D4830B92C2<\/a><\/p>\n<p>\u201cPo ashtu dua ta ngre \u00e7\u00ebshtjen se z.Taravari u t\u00ebrhoq me pretekstin se do t\u00eb dal\u00eb me lista t\u00eb ve\u00e7anta dhe se ky ishte problemi n\u00eb kuad\u00ebr t\u00eb VLEN-it, dhe sot e d\u00ebgjoj q\u00eb del me lista t\u00eb p\u00ebrbashk\u00ebta t\u00eb BDI-s\u00eb. Pra nuk e ka pasur hallin e listave, por nuk ka ditur si t\u00eb shkoj\u00eb n\u00eb prehrin e z.Ahmeti\u201d, tha Mexhiti.<\/p>\n","protected":false},"excerpt":{"rendered":"<p>Izet Mexhiti nga VLEN tha se Arben Taravari doli nga koalicioni VLEN me arsyetimin se k\u00ebrkonte lista t\u00eb ve\u00e7anta p\u00ebr k\u00ebshilltar\u00eb komunal n\u00eb zgjedhjet lokale, nd\u00ebrkaq tani po shkon n\u00eb zgjedhje me lista t\u00eb p\u00ebrbashk\u00ebta me BDI-n\u00eb. https:\/\/www.instagram.com\/tv21hd\/?utm_source=ig_embed&#038;ig_rid=2aa5df16-250b-4a62-ab7c-035e9b5793eb&#038;ig_mid=B74F133D-6EC0-4802-B12F-34D4830B92C2 \u201cPo ashtu dua ta ngre \u00e7\u00ebshtjen se z.Taravari u t\u00ebrhoq me pretekstin se do t\u00eb dal\u00eb me [&hellip;]<\/p>\n","protected":false},"author":8,"featured_media":21150,"comment_status":"closed","ping_status":"closed","sticky":false,"template":"","format":"standard","meta":{"footnotes":""},"categories":[213,214],"tags":[],"class_list":["post-21149","post","type-post","status-publish","format-standard","has-post-thumbnail","hentry","category-lajme","category-maqedoni"],"yoast_head":"<!-- This site is optimized with the Yoast SEO plugin v25.1 - https:\/\/yoast.com\/wordpress\/plugins\/seo\/ -->\n<title>Mexhiti: Taravari doli nga VLEN me pretekst se k\u00ebrkonte lista t\u00eb ve\u00e7anta, tani n\u00eb zgjedhje shkon me lista t\u00eb p\u00ebrbashk\u00ebta me BDI - press7.tv<\/title>\n<meta name=\"robots\" content=\"index, follow, max-snippet:-1, max-image-preview:large, max-video-preview:-1\" \/>\n<link rel=\"canonical\" href=\"https:\/\/www.press7.tv\/?p=21149\" \/>\n<meta property=\"og:locale\" content=\"en_US\" \/>\n<meta property=\"og:type\" content=\"article\" \/>\n<meta property=\"og:title\" content=\"Mexhiti: Taravari doli nga VLEN me pretekst se k\u00ebrkonte lista t\u00eb ve\u00e7anta, tani n\u00eb zgjedhje shkon me lista t\u00eb p\u00ebrbashk\u00ebta me BDI - press7.tv\" \/>\n<meta property=\"og:description\" content=\"Izet Mexhiti nga VLEN tha se Arben Taravari doli nga koalicioni VLEN me arsyetimin se k\u00ebrkonte lista t\u00eb ve\u00e7anta p\u00ebr k\u00ebshilltar\u00eb komunal n\u00eb zgjedhjet lokale, nd\u00ebrkaq tani po shkon n\u00eb zgjedhje me lista t\u00eb p\u00ebrbashk\u00ebta me BDI-n\u00eb. https:\/\/www.instagram.com\/tv21hd\/?utm_source=ig_embed&#038;ig_rid=2aa5df16-250b-4a62-ab7c-035e9b5793eb&#038;ig_mid=B74F133D-6EC0-4802-B12F-34D4830B92C2 \u201cPo ashtu dua ta ngre \u00e7\u00ebshtjen se z.Taravari u t\u00ebrhoq me pretekstin se do t\u00eb dal\u00eb me [&hellip;]\" \/>\n<meta property=\"og:url\" content=\"https:\/\/www.press7.tv\/?p=21149\" \/>\n<meta property=\"og:site_name\" content=\"press7.tv\" \/>\n<meta property=\"article:publisher\" content=\"https:\/\/www.facebook.com\/press7.tv\" \/>\n<meta property=\"article:published_time\" content=\"2025-07-28T11:14:14+00:00\" \/>\n<meta property=\"og:image\" content=\"https:\/\/www.press7.tv\/wp-content\/uploads\/2025\/07\/IMG_6777.avif\" \/>\n\t<meta property=\"og:image:width\" content=\"1242\" \/>\n\t<meta property=\"og:image:height\" content=\"744\" \/>\n\t<meta property=\"og:image:type\" content=\"image\/jpeg\" \/>\n<meta name=\"author\" content=\"gazetar2\" \/>\n<meta name=\"twitter:card\" content=\"summary_large_image\" \/>\n<meta name=\"twitter:label1\" content=\"Written by\" \/>\n\t<meta name=\"twitter:data1\" content=\"gazetar2\" \/>\n\t<meta name=\"twitter:label2\" content=\"Est. reading time\" \/>\n\t<meta name=\"twitter:data2\" content=\"1 minute\" \/>\n<script type=\"application\/ld+json\" class=\"yoast-schema-graph\">{\"@context\":\"https:\/\/schema.org\",\"@graph\":[{\"@type\":\"Article\",\"@id\":\"https:\/\/www.press7.tv\/?p=21149#article\",\"isPartOf\":{\"@id\":\"https:\/\/www.press7.tv\/?p=21149\"},\"author\":{\"name\":\"gazetar2\",\"@id\":\"https:\/\/www.news33.tv\/#\/schema\/person\/5a04a38a23ccdba82f9bd665cd8f9efa\"},\"headline\":\"Mexhiti: Taravari doli nga VLEN me pretekst se k\u00ebrkonte lista t\u00eb ve\u00e7anta, tani n\u00eb zgjedhje shkon me lista t\u00eb p\u00ebrbashk\u00ebta me BDI\",\"datePublished\":\"2025-07-28T11:14:14+00:00\",\"mainEntityOfPage\":{\"@id\":\"https:\/\/www.press7.tv\/?p=21149\"},\"wordCount\":174,\"publisher\":{\"@id\":\"https:\/\/www.news33.tv\/#organization\"},\"image\":{\"@id\":\"https:\/\/www.press7.tv\/?p=21149#primaryimage\"},\"thumbnailUrl\":\"https:\/\/www.press7.tv\/wp-content\/uploads\/2025\/07\/IMG_6777.avif\",\"articleSection\":[\"Lajme\",\"Maqedoni\"],\"inLanguage\":\"en-US\"},{\"@type\":\"WebPage\",\"@id\":\"https:\/\/www.press7.tv\/?p=21149\",\"url\":\"https:\/\/www.press7.tv\/?p=21149\",\"name\":\"Mexhiti: Taravari doli nga VLEN me pretekst se k\u00ebrkonte lista t\u00eb ve\u00e7anta, tani n\u00eb zgjedhje shkon me lista t\u00eb p\u00ebrbashk\u00ebta me BDI - press7.tv\",\"isPartOf\":{\"@id\":\"https:\/\/www.news33.tv\/#website\"},\"primaryImageOfPage\":{\"@id\":\"https:\/\/www.press7.tv\/?p=21149#primaryimage\"},\"image\":{\"@id\":\"https:\/\/www.press7.tv\/?p=21149#primaryimage\"},\"thumbnailUrl\":\"https:\/\/www.press7.tv\/wp-content\/uploads\/2025\/07\/IMG_6777.avif\",\"datePublished\":\"2025-07-28T11:14:14+00:00\",\"breadcrumb\":{\"@id\":\"https:\/\/www.press7.tv\/?p=21149#breadcrumb\"},\"inLanguage\":\"en-US\",\"potentialAction\":[{\"@type\":\"ReadAction\",\"target\":[\"https:\/\/www.press7.tv\/?p=21149\"]}]},{\"@type\":\"ImageObject\",\"inLanguage\":\"en-US\",\"@id\":\"https:\/\/www.press7.tv\/?p=21149#primaryimage\",\"url\":\"https:\/\/www.press7.tv\/wp-content\/uploads\/2025\/07\/IMG_6777.avif\",\"contentUrl\":\"https:\/\/www.press7.tv\/wp-content\/uploads\/2025\/07\/IMG_6777.avif\",\"width\":1242,\"height\":744,\"caption\":\"Screenshot\"},{\"@type\":\"BreadcrumbList\",\"@id\":\"https:\/\/www.press7.tv\/?p=21149#breadcrumb\",\"itemListElement\":[{\"@type\":\"ListItem\",\"position\":1,\"name\":\"Home\",\"item\":\"https:\/\/www.press7.tv\/\"},{\"@type\":\"ListItem\",\"position\":2,\"name\":\"Mexhiti: Taravari doli nga VLEN me pretekst se k\u00ebrkonte lista t\u00eb ve\u00e7anta, tani n\u00eb zgjedhje shkon me lista t\u00eb p\u00ebrbashk\u00ebta me BDI\"}]},{\"@type\":\"WebSite\",\"@id\":\"https:\/\/www.news33.tv\/#website\",\"url\":\"https:\/\/www.news33.tv\/\",\"name\":\"News33.tv Media\",\"description\":\"Media\",\"publisher\":{\"@id\":\"https:\/\/www.news33.tv\/#organization\"},\"potentialAction\":[{\"@type\":\"SearchAction\",\"target\":{\"@type\":\"EntryPoint\",\"urlTemplate\":\"https:\/\/www.news33.tv\/?s={search_term_string}\"},\"query-input\":{\"@type\":\"PropertyValueSpecification\",\"valueRequired\":true,\"valueName\":\"search_term_string\"}}],\"inLanguage\":\"en-US\"},{\"@type\":\"Organization\",\"@id\":\"https:\/\/www.news33.tv\/#organization\",\"name\":\"News33.tv Media\",\"url\":\"https:\/\/www.news33.tv\/\",\"logo\":{\"@type\":\"ImageObject\",\"inLanguage\":\"en-US\",\"@id\":\"https:\/\/www.news33.tv\/#\/schema\/logo\/image\/\",\"url\":\"https:\/\/www.press7.tv\/wp-content\/uploads\/2024\/02\/logo-news33-black.png\",\"contentUrl\":\"https:\/\/www.press7.tv\/wp-content\/uploads\/2024\/02\/logo-news33-black.png\",\"width\":180,\"height\":37,\"caption\":\"News33.tv Media\"},\"image\":{\"@id\":\"https:\/\/www.news33.tv\/#\/schema\/logo\/image\/\"},\"sameAs\":[\"https:\/\/www.facebook.com\/press7.tv\"]},{\"@type\":\"Person\",\"@id\":\"https:\/\/www.news33.tv\/#\/schema\/person\/5a04a38a23ccdba82f9bd665cd8f9efa\",\"name\":\"gazetar2\",\"image\":{\"@type\":\"ImageObject\",\"inLanguage\":\"en-US\",\"@id\":\"https:\/\/www.news33.tv\/#\/schema\/person\/image\/\",\"url\":\"https:\/\/www.press7.tv\/wp-content\/litespeed\/avatar\/41975e402c3049d9ddb03adca8f7a883.jpg?ver=1777774395\",\"contentUrl\":\"https:\/\/www.press7.tv\/wp-content\/litespeed\/avatar\/41975e402c3049d9ddb03adca8f7a883.jpg?ver=1777774395\",\"caption\":\"gazetar2\"},\"url\":\"https:\/\/www.press7.tv\/?author=8\"}]}<\/script>\n<!-- \/ Yoast SEO plugin. -->","yoast_head_json":{"title":"Mexhiti: Taravari doli nga VLEN me pretekst se k\u00ebrkonte lista t\u00eb ve\u00e7anta, tani n\u00eb zgjedhje shkon me lista t\u00eb p\u00ebrbashk\u00ebta me BDI - press7.tv","robots":{"index":"index","follow":"follow","max-snippet":"max-snippet:-1","max-image-preview":"max-image-preview:large","max-video-preview":"max-video-preview:-1"},"canonical":"https:\/\/www.press7.tv\/?p=21149","og_locale":"en_US","og_type":"article","og_title":"Mexhiti: Taravari doli nga VLEN me pretekst se k\u00ebrkonte lista t\u00eb ve\u00e7anta, tani n\u00eb zgjedhje shkon me lista t\u00eb p\u00ebrbashk\u00ebta me BDI - press7.tv","og_description":"Izet Mexhiti nga VLEN tha se Arben Taravari doli nga koalicioni VLEN me arsyetimin se k\u00ebrkonte lista t\u00eb ve\u00e7anta p\u00ebr k\u00ebshilltar\u00eb komunal n\u00eb zgjedhjet lokale, nd\u00ebrkaq tani po shkon n\u00eb zgjedhje me lista t\u00eb p\u00ebrbashk\u00ebta me BDI-n\u00eb. https:\/\/www.instagram.com\/tv21hd\/?utm_source=ig_embed&#038;ig_rid=2aa5df16-250b-4a62-ab7c-035e9b5793eb&#038;ig_mid=B74F133D-6EC0-4802-B12F-34D4830B92C2 \u201cPo ashtu dua ta ngre \u00e7\u00ebshtjen se z.Taravari u t\u00ebrhoq me pretekstin se do t\u00eb dal\u00eb me [&hellip;]","og_url":"https:\/\/www.press7.tv\/?p=21149","og_site_name":"press7.tv","article_publisher":"https:\/\/www.facebook.com\/press7.tv","article_published_time":"2025-07-28T11:14:14+00:00","og_image":[{"width":1242,"height":744,"url":"https:\/\/www.press7.tv\/wp-content\/uploads\/2025\/07\/IMG_6777.avif","type":"image\/jpeg"}],"author":"gazetar2","twitter_card":"summary_large_image","twitter_misc":{"Written by":"gazetar2","Est. reading time":"1 minute"},"schema":{"@context":"https:\/\/schema.org","@graph":[{"@type":"Article","@id":"https:\/\/www.press7.tv\/?p=21149#article","isPartOf":{"@id":"https:\/\/www.press7.tv\/?p=21149"},"author":{"name":"gazetar2","@id":"https:\/\/www.news33.tv\/#\/schema\/person\/5a04a38a23ccdba82f9bd665cd8f9efa"},"headline":"Mexhiti: Taravari doli nga VLEN me pretekst se k\u00ebrkonte lista t\u00eb ve\u00e7anta, tani n\u00eb zgjedhje shkon me lista t\u00eb p\u00ebrbashk\u00ebta me BDI","datePublished":"2025-07-28T11:14:14+00:00","mainEntityOfPage":{"@id":"https:\/\/www.press7.tv\/?p=21149"},"wordCount":174,"publisher":{"@id":"https:\/\/www.news33.tv\/#organization"},"image":{"@id":"https:\/\/www.press7.tv\/?p=21149#primaryimage"},"thumbnailUrl":"https:\/\/www.press7.tv\/wp-content\/uploads\/2025\/07\/IMG_6777.avif","articleSection":["Lajme","Maqedoni"],"inLanguage":"en-US"},{"@type":"WebPage","@id":"https:\/\/www.press7.tv\/?p=21149","url":"https:\/\/www.press7.tv\/?p=21149","name":"Mexhiti: Taravari doli nga VLEN me pretekst se k\u00ebrkonte lista t\u00eb ve\u00e7anta, tani n\u00eb zgjedhje shkon me lista t\u00eb p\u00ebrbashk\u00ebta me BDI - press7.tv","isPartOf":{"@id":"https:\/\/www.news33.tv\/#website"},"primaryImageOfPage":{"@id":"https:\/\/www.press7.tv\/?p=21149#primaryimage"},"image":{"@id":"https:\/\/www.press7.tv\/?p=21149#primaryimage"},"thumbnailUrl":"https:\/\/www.press7.tv\/wp-content\/uploads\/2025\/07\/IMG_6777.avif","datePublished":"2025-07-28T11:14:14+00:00","breadcrumb":{"@id":"https:\/\/www.press7.tv\/?p=21149#breadcrumb"},"inLanguage":"en-US","potentialAction":[{"@type":"ReadAction","target":["https:\/\/www.press7.tv\/?p=21149"]}]},{"@type":"ImageObject","inLanguage":"en-US","@id":"https:\/\/www.press7.tv\/?p=21149#primaryimage","url":"https:\/\/www.press7.tv\/wp-content\/uploads\/2025\/07\/IMG_6777.avif","contentUrl":"https:\/\/www.press7.tv\/wp-content\/uploads\/2025\/07\/IMG_6777.avif","width":1242,"height":744,"caption":"Screenshot"},{"@type":"BreadcrumbList","@id":"https:\/\/www.press7.tv\/?p=21149#breadcrumb","itemListElement":[{"@type":"ListItem","position":1,"name":"Home","item":"https:\/\/www.press7.tv\/"},{"@type":"ListItem","position":2,"name":"Mexhiti: Taravari doli nga VLEN me pretekst se k\u00ebrkonte lista t\u00eb ve\u00e7anta, tani n\u00eb zgjedhje shkon me lista t\u00eb p\u00ebrbashk\u00ebta me BDI"}]},{"@type":"WebSite","@id":"https:\/\/www.news33.tv\/#website","url":"https:\/\/www.news33.tv\/","name":"News33.tv Media","description":"Media","publisher":{"@id":"https:\/\/www.news33.tv\/#organization"},"potentialAction":[{"@type":"SearchAction","target":{"@type":"EntryPoint","urlTemplate":"https:\/\/www.news33.tv\/?s={search_term_string}"},"query-input":{"@type":"PropertyValueSpecification","valueRequired":true,"valueName":"search_term_string"}}],"inLanguage":"en-US"},{"@type":"Organization","@id":"https:\/\/www.news33.tv\/#organization","name":"News33.tv Media","url":"https:\/\/www.news33.tv\/","logo":{"@type":"ImageObject","inLanguage":"en-US","@id":"https:\/\/www.news33.tv\/#\/schema\/logo\/image\/","url":"https:\/\/www.press7.tv\/wp-content\/uploads\/2024\/02\/logo-news33-black.png","contentUrl":"https:\/\/www.press7.tv\/wp-content\/uploads\/2024\/02\/logo-news33-black.png","width":180,"height":37,"caption":"News33.tv Media"},"image":{"@id":"https:\/\/www.news33.tv\/#\/schema\/logo\/image\/"},"sameAs":["https:\/\/www.facebook.com\/press7.tv"]},{"@type":"Person","@id":"https:\/\/www.news33.tv\/#\/schema\/person\/5a04a38a23ccdba82f9bd665cd8f9efa","name":"gazetar2","image":{"@type":"ImageObject","inLanguage":"en-US","@id":"https:\/\/www.news33.tv\/#\/schema\/person\/image\/","url":"https:\/\/www.press7.tv\/wp-content\/litespeed\/avatar\/41975e402c3049d9ddb03adca8f7a883.jpg?ver=1777774395","contentUrl":"https:\/\/www.press7.tv\/wp-content\/litespeed\/avatar\/41975e402c3049d9ddb03adca8f7a883.jpg?ver=1777774395","caption":"gazetar2"},"url":"https:\/\/www.press7.tv\/?author=8"}]}},"amp_enabled":true,"_links":{"self":[{"href":"https:\/\/www.press7.tv\/index.php?rest_route=\/wp\/v2\/posts\/21149","targetHints":{"allow":["GET"]}}],"collection":[{"href":"https:\/\/www.press7.tv\/index.php?rest_route=\/wp\/v2\/posts"}],"about":[{"href":"https:\/\/www.press7.tv\/index.php?rest_route=\/wp\/v2\/types\/post"}],"author":[{"embeddable":true,"href":"https:\/\/www.press7.tv\/index.php?rest_route=\/wp\/v2\/users\/8"}],"replies":[{"embeddable":true,"href":"https:\/\/www.press7.tv\/index.php?rest_route=%2Fwp%2Fv2%2Fcomments&post=21149"}],"version-history":[{"count":1,"href":"https:\/\/www.press7.tv\/index.php?rest_route=\/wp\/v2\/posts\/21149\/revisions"}],"predecessor-version":[{"id":21151,"href":"https:\/\/www.press7.tv\/index.php?rest_route=\/wp\/v2\/posts\/21149\/revisions\/21151"}],"wp:featuredmedia":[{"embeddable":true,"href":"https:\/\/www.press7.tv\/index.php?rest_route=\/wp\/v2\/media\/21150"}],"wp:attachment":[{"href":"https:\/\/www.press7.tv\/index.php?rest_route=%2Fwp%2Fv2%2Fmedia&parent=21149"}],"wp:term":[{"taxonomy":"category","embeddable":true,"href":"https:\/\/www.press7.tv\/index.php?rest_route=%2Fwp%2Fv2%2Fcategories&post=21149"},{"taxonomy":"post_tag","embeddable":true,"href":"https:\/\/www.press7.tv\/index.php?rest_route=%2Fwp%2Fv2%2Ftags&post=21149"}],"curies":[{"name":"wp","href":"https:\/\/api.w.org\/{rel}","templated":true}]}}