{"id":21094,"date":"2025-07-25T21:06:34","date_gmt":"2025-07-25T21:06:34","guid":{"rendered":"https:\/\/www.press7.tv\/?p=21094"},"modified":"2025-07-25T21:06:34","modified_gmt":"2025-07-25T21:06:34","slug":"dukagjin-lipa-i-ashper-ndaj-biletave-belesh-krejt-kosoven-nuk-e-nxen-ne-vip","status":"publish","type":"post","link":"https:\/\/www.press7.tv\/?p=21094","title":{"rendered":"Dukagjin Lipa i ashp\u00ebr ndaj biletave \u2018belesh\u2019: \u201cKrejt Kosov\u00ebn nuk e nxen n\u00eb VIP\u201d"},"content":{"rendered":"\n    <div class=\"xs_social_share_widget xs_share_url before_content \t\tmain_content  wslu-style-2 wslu-share-box-shaped wslu-fill-colored wslu-share-m-5 wslu-none wslu-share-vertical wslu-theme-font-no wslu-main_content\">\n\n\t\t\n        <ul>\n\t\t\t        <\/ul>\n    <\/div> \n<p>N\u00eb prag t\u00eb edicionit t\u00eb sivjetsh\u00ebm t\u00eb Sunny Hill Festival, nj\u00eb prej ngjarjeve m\u00eb t\u00eb m\u00ebdha muzikore n\u00eb Kosov\u00eb, Dukagjin Lipa ka reaguar ashp\u00ebr n\u00eb rrjetet sociale p\u00ebr fenomenin e k\u00ebrkesave t\u00eb shumta p\u00ebr bileta falas \u2013 ose si\u00e7 i quan ai, \u201cbelesh\u201d.<\/p>\n<p>P\u00ebrmes nj\u00eb s\u00ebr\u00eb storjesh n\u00eb Instagram, drejtuesi i festivalit dhe babai i k\u00ebng\u00ebtares me fam\u00eb bot\u00ebrore Dua Lipa, ka l\u00ebshuar nj\u00eb \u201cmanifest t\u00eb drejtp\u00ebrdrejt\u00eb\u201d, duke shprehur zhg\u00ebnjimin ndaj atyre q\u00eb p\u00ebrkund\u00ebr mund\u00ebsive financiare, k\u00ebrkojn\u00eb hyrje pa pages\u00eb p\u00ebr festival.<\/p>\n<p>\u201cASNJO prej jush nuk jeni rast social. \u00c7do t\u00eb Premte hipni n\u00eb aeroplan p\u00ebr Evrop\u00eb, p\u00ebr qejf, eksportoni kesh jasht\u00eb Kosov\u00ebs, e kur vjen puna me ble bileta p\u00ebr festival \u2013 ju doket shpenzim,\u201d shkruan ai, duke theksuar se nj\u00eb vikend n\u00eb Prishtin\u00eb ofron p\u00ebrjetime q\u00eb nuk i ofron asnj\u00eb qytet evropian p\u00ebr t\u00eb nj\u00ebjtin \u00e7mim.<\/p>\n<p>N\u00eb nj\u00eb tjet\u00ebr mesazh, ai ironizon faktin se n\u00eb vend q\u00eb t\u00eb ftojn\u00eb miqt\u00eb evropian\u00eb p\u00ebr t\u00eb p\u00ebrjetuar Kosov\u00ebn, njer\u00ebzit shpenzojn\u00eb energji p\u00ebr t\u00eb k\u00ebrkuar bileta \u201cbelesh\u201d, duke harruar q\u00eb p\u00ebr \u00e7do gj\u00eb tjet\u00ebr n\u00eb Evrop\u00eb paguajn\u00eb plot\u00ebsisht.<\/p>\n<p>Reagimi i tij kulmon me nj\u00eb mesazh t\u00eb thjesht\u00eb por t\u00eb qart\u00eb: \u201cKrejt Kosov\u00ebn nuk e nxen n\u2019VIP!!!\u201d<\/p>\n<p>Sunny Hill Festival pritet t\u00eb rikthehet k\u00ebt\u00eb ver\u00eb me nj\u00eb line-up t\u00eb bujsh\u00ebm dhe p\u00ebrvoja q\u00eb ofron festivali nuk duhet t\u00eb jet\u00eb \u201cbelesh\u201d, por e vler\u00ebsuar e e p\u00ebrkrahur nga publiku q\u00eb e k\u00ebrkon.<\/p>\n<p>\/Prive By Liberta Spahiu<\/p>\n<p><img data-dominant-color=\"131214\" data-has-transparency=\"false\" style=\"--dominant-color: #131214;\" decoding=\"async\" src=\"https:\/\/www.press7.tv\/wp-content\/uploads\/2025\/07\/IMG_6696-139x300.avif\" alt=\"\" width=\"139\" height=\"300\" class=\"alignnone size-medium wp-image-21096 not-transparent\" srcset=\"https:\/\/www.press7.tv\/wp-content\/uploads\/2025\/07\/IMG_6696-139x300.avif 139w, https:\/\/www.press7.tv\/wp-content\/uploads\/2025\/07\/IMG_6696-474x1024.avif 474w, https:\/\/www.press7.tv\/wp-content\/uploads\/2025\/07\/IMG_6696-710x1536.avif 710w, https:\/\/www.press7.tv\/wp-content\/uploads\/2025\/07\/IMG_6696.avif 740w\" sizes=\"(max-width: 139px) 100vw, 139px\" \/><\/p>\n<p><img data-dominant-color=\"131315\" data-has-transparency=\"false\" style=\"--dominant-color: #131315;\" decoding=\"async\" src=\"https:\/\/www.press7.tv\/wp-content\/uploads\/2025\/07\/IMG_6697-139x300.avif\" alt=\"\" width=\"139\" height=\"300\" class=\"alignnone size-medium wp-image-21097 not-transparent\" srcset=\"https:\/\/www.press7.tv\/wp-content\/uploads\/2025\/07\/IMG_6697-139x300.avif 139w, https:\/\/www.press7.tv\/wp-content\/uploads\/2025\/07\/IMG_6697-474x1024.avif 474w, https:\/\/www.press7.tv\/wp-content\/uploads\/2025\/07\/IMG_6697-710x1536.avif 710w, https:\/\/www.press7.tv\/wp-content\/uploads\/2025\/07\/IMG_6697.avif 740w\" sizes=\"(max-width: 139px) 100vw, 139px\" \/><\/p>\n<p><img data-dominant-color=\"0f0e10\" data-has-transparency=\"false\" style=\"--dominant-color: #0f0e10;\" decoding=\"async\" src=\"https:\/\/www.press7.tv\/wp-content\/uploads\/2025\/07\/IMG_6698-139x300.avif\" alt=\"\" width=\"139\" height=\"300\" class=\"alignnone size-medium wp-image-21098 not-transparent\" srcset=\"https:\/\/www.press7.tv\/wp-content\/uploads\/2025\/07\/IMG_6698-139x300.avif 139w, https:\/\/www.press7.tv\/wp-content\/uploads\/2025\/07\/IMG_6698-474x1024.avif 474w, https:\/\/www.press7.tv\/wp-content\/uploads\/2025\/07\/IMG_6698-710x1536.avif 710w, https:\/\/www.press7.tv\/wp-content\/uploads\/2025\/07\/IMG_6698.avif 740w\" sizes=\"(max-width: 139px) 100vw, 139px\" \/><\/p>\n<p><img data-dominant-color=\"151517\" data-has-transparency=\"false\" style=\"--dominant-color: #151517;\" loading=\"lazy\" decoding=\"async\" src=\"https:\/\/www.press7.tv\/wp-content\/uploads\/2025\/07\/IMG_6699-139x300.avif\" alt=\"\" width=\"139\" height=\"300\" class=\"alignnone size-medium wp-image-21099 not-transparent\" srcset=\"https:\/\/www.press7.tv\/wp-content\/uploads\/2025\/07\/IMG_6699-139x300.avif 139w, https:\/\/www.press7.tv\/wp-content\/uploads\/2025\/07\/IMG_6699-474x1024.avif 474w, https:\/\/www.press7.tv\/wp-content\/uploads\/2025\/07\/IMG_6699-710x1536.avif 710w, https:\/\/www.press7.tv\/wp-content\/uploads\/2025\/07\/IMG_6699.avif 740w\" sizes=\"(max-width: 139px) 100vw, 139px\" \/><\/p>\n","protected":false},"excerpt":{"rendered":"<p>N\u00eb prag t\u00eb edicionit t\u00eb sivjetsh\u00ebm t\u00eb Sunny Hill Festival, nj\u00eb prej ngjarjeve m\u00eb t\u00eb m\u00ebdha muzikore n\u00eb Kosov\u00eb, Dukagjin Lipa ka reaguar ashp\u00ebr n\u00eb rrjetet sociale p\u00ebr fenomenin e k\u00ebrkesave t\u00eb shumta p\u00ebr bileta falas \u2013 ose si\u00e7 i quan ai, \u201cbelesh\u201d. P\u00ebrmes nj\u00eb s\u00ebr\u00eb storjesh n\u00eb Instagram, drejtuesi i festivalit dhe babai i [&hellip;]<\/p>\n","protected":false},"author":8,"featured_media":21095,"comment_status":"closed","ping_status":"closed","sticky":false,"template":"","format":"standard","meta":{"footnotes":""},"categories":[238],"tags":[],"class_list":["post-21094","post","type-post","status-publish","format-standard","has-post-thumbnail","hentry","category-showbiz"],"yoast_head":"<!-- This site is optimized with the Yoast SEO plugin v25.1 - https:\/\/yoast.com\/wordpress\/plugins\/seo\/ -->\n<title>Dukagjin Lipa i ashp\u00ebr ndaj biletave \u2018belesh\u2019: \u201cKrejt Kosov\u00ebn nuk e nxen n\u00eb VIP\u201d - press7.tv<\/title>\n<meta name=\"robots\" content=\"index, follow, max-snippet:-1, max-image-preview:large, max-video-preview:-1\" \/>\n<link rel=\"canonical\" href=\"https:\/\/www.press7.tv\/?p=21094\" \/>\n<meta property=\"og:locale\" content=\"en_US\" \/>\n<meta property=\"og:type\" content=\"article\" \/>\n<meta property=\"og:title\" content=\"Dukagjin Lipa i ashp\u00ebr ndaj biletave \u2018belesh\u2019: \u201cKrejt Kosov\u00ebn nuk e nxen n\u00eb VIP\u201d - press7.tv\" \/>\n<meta property=\"og:description\" content=\"N\u00eb prag t\u00eb edicionit t\u00eb sivjetsh\u00ebm t\u00eb Sunny Hill Festival, nj\u00eb prej ngjarjeve m\u00eb t\u00eb m\u00ebdha muzikore n\u00eb Kosov\u00eb, Dukagjin Lipa ka reaguar ashp\u00ebr n\u00eb rrjetet sociale p\u00ebr fenomenin e k\u00ebrkesave t\u00eb shumta p\u00ebr bileta falas \u2013 ose si\u00e7 i quan ai, \u201cbelesh\u201d. P\u00ebrmes nj\u00eb s\u00ebr\u00eb storjesh n\u00eb Instagram, drejtuesi i festivalit dhe babai i [&hellip;]\" \/>\n<meta property=\"og:url\" content=\"https:\/\/www.press7.tv\/?p=21094\" \/>\n<meta property=\"og:site_name\" content=\"press7.tv\" \/>\n<meta property=\"article:publisher\" content=\"https:\/\/www.facebook.com\/press7.tv\" \/>\n<meta property=\"article:published_time\" content=\"2025-07-25T21:06:34+00:00\" \/>\n<meta property=\"og:image\" content=\"https:\/\/www.press7.tv\/wp-content\/uploads\/2025\/07\/Black-Modern-Music-News-Headline-Instagram-Post-1.avif\" \/>\n\t<meta property=\"og:image:width\" content=\"1080\" \/>\n\t<meta property=\"og:image:height\" content=\"1350\" \/>\n\t<meta property=\"og:image:type\" content=\"image\/png\" \/>\n<meta name=\"author\" content=\"gazetar2\" \/>\n<meta name=\"twitter:card\" content=\"summary_large_image\" \/>\n<meta name=\"twitter:label1\" content=\"Written by\" \/>\n\t<meta name=\"twitter:data1\" content=\"gazetar2\" \/>\n\t<meta name=\"twitter:label2\" content=\"Est. reading time\" \/>\n\t<meta name=\"twitter:data2\" content=\"1 minute\" \/>\n<script type=\"application\/ld+json\" class=\"yoast-schema-graph\">{\"@context\":\"https:\/\/schema.org\",\"@graph\":[{\"@type\":\"Article\",\"@id\":\"https:\/\/www.press7.tv\/?p=21094#article\",\"isPartOf\":{\"@id\":\"https:\/\/www.press7.tv\/?p=21094\"},\"author\":{\"name\":\"gazetar2\",\"@id\":\"https:\/\/www.news33.tv\/#\/schema\/person\/5a04a38a23ccdba82f9bd665cd8f9efa\"},\"headline\":\"Dukagjin Lipa i ashp\u00ebr ndaj biletave \u2018belesh\u2019: \u201cKrejt Kosov\u00ebn nuk e nxen n\u00eb VIP\u201d\",\"datePublished\":\"2025-07-25T21:06:34+00:00\",\"mainEntityOfPage\":{\"@id\":\"https:\/\/www.press7.tv\/?p=21094\"},\"wordCount\":290,\"publisher\":{\"@id\":\"https:\/\/www.news33.tv\/#organization\"},\"image\":{\"@id\":\"https:\/\/www.press7.tv\/?p=21094#primaryimage\"},\"thumbnailUrl\":\"https:\/\/www.press7.tv\/wp-content\/uploads\/2025\/07\/Black-Modern-Music-News-Headline-Instagram-Post-1.avif\",\"articleSection\":[\"ShowBiz\"],\"inLanguage\":\"en-US\"},{\"@type\":\"WebPage\",\"@id\":\"https:\/\/www.press7.tv\/?p=21094\",\"url\":\"https:\/\/www.press7.tv\/?p=21094\",\"name\":\"Dukagjin Lipa i ashp\u00ebr ndaj biletave \u2018belesh\u2019: \u201cKrejt Kosov\u00ebn nuk e nxen n\u00eb VIP\u201d - press7.tv\",\"isPartOf\":{\"@id\":\"https:\/\/www.news33.tv\/#website\"},\"primaryImageOfPage\":{\"@id\":\"https:\/\/www.press7.tv\/?p=21094#primaryimage\"},\"image\":{\"@id\":\"https:\/\/www.press7.tv\/?p=21094#primaryimage\"},\"thumbnailUrl\":\"https:\/\/www.press7.tv\/wp-content\/uploads\/2025\/07\/Black-Modern-Music-News-Headline-Instagram-Post-1.avif\",\"datePublished\":\"2025-07-25T21:06:34+00:00\",\"breadcrumb\":{\"@id\":\"https:\/\/www.press7.tv\/?p=21094#breadcrumb\"},\"inLanguage\":\"en-US\",\"potentialAction\":[{\"@type\":\"ReadAction\",\"target\":[\"https:\/\/www.press7.tv\/?p=21094\"]}]},{\"@type\":\"ImageObject\",\"inLanguage\":\"en-US\",\"@id\":\"https:\/\/www.press7.tv\/?p=21094#primaryimage\",\"url\":\"https:\/\/www.press7.tv\/wp-content\/uploads\/2025\/07\/Black-Modern-Music-News-Headline-Instagram-Post-1.avif\",\"contentUrl\":\"https:\/\/www.press7.tv\/wp-content\/uploads\/2025\/07\/Black-Modern-Music-News-Headline-Instagram-Post-1.avif\",\"width\":1080,\"height\":1350},{\"@type\":\"BreadcrumbList\",\"@id\":\"https:\/\/www.press7.tv\/?p=21094#breadcrumb\",\"itemListElement\":[{\"@type\":\"ListItem\",\"position\":1,\"name\":\"Home\",\"item\":\"https:\/\/www.press7.tv\/\"},{\"@type\":\"ListItem\",\"position\":2,\"name\":\"Dukagjin Lipa i ashp\u00ebr ndaj biletave \u2018belesh\u2019: \u201cKrejt Kosov\u00ebn nuk e nxen n\u00eb VIP\u201d\"}]},{\"@type\":\"WebSite\",\"@id\":\"https:\/\/www.news33.tv\/#website\",\"url\":\"https:\/\/www.news33.tv\/\",\"name\":\"News33.tv Media\",\"description\":\"Media\",\"publisher\":{\"@id\":\"https:\/\/www.news33.tv\/#organization\"},\"potentialAction\":[{\"@type\":\"SearchAction\",\"target\":{\"@type\":\"EntryPoint\",\"urlTemplate\":\"https:\/\/www.news33.tv\/?s={search_term_string}\"},\"query-input\":{\"@type\":\"PropertyValueSpecification\",\"valueRequired\":true,\"valueName\":\"search_term_string\"}}],\"inLanguage\":\"en-US\"},{\"@type\":\"Organization\",\"@id\":\"https:\/\/www.news33.tv\/#organization\",\"name\":\"News33.tv Media\",\"url\":\"https:\/\/www.news33.tv\/\",\"logo\":{\"@type\":\"ImageObject\",\"inLanguage\":\"en-US\",\"@id\":\"https:\/\/www.news33.tv\/#\/schema\/logo\/image\/\",\"url\":\"https:\/\/www.press7.tv\/wp-content\/uploads\/2024\/02\/logo-news33-black.png\",\"contentUrl\":\"https:\/\/www.press7.tv\/wp-content\/uploads\/2024\/02\/logo-news33-black.png\",\"width\":180,\"height\":37,\"caption\":\"News33.tv Media\"},\"image\":{\"@id\":\"https:\/\/www.news33.tv\/#\/schema\/logo\/image\/\"},\"sameAs\":[\"https:\/\/www.facebook.com\/press7.tv\"]},{\"@type\":\"Person\",\"@id\":\"https:\/\/www.news33.tv\/#\/schema\/person\/5a04a38a23ccdba82f9bd665cd8f9efa\",\"name\":\"gazetar2\",\"image\":{\"@type\":\"ImageObject\",\"inLanguage\":\"en-US\",\"@id\":\"https:\/\/www.news33.tv\/#\/schema\/person\/image\/\",\"url\":\"https:\/\/www.press7.tv\/wp-content\/litespeed\/avatar\/41975e402c3049d9ddb03adca8f7a883.jpg?ver=1777169572\",\"contentUrl\":\"https:\/\/www.press7.tv\/wp-content\/litespeed\/avatar\/41975e402c3049d9ddb03adca8f7a883.jpg?ver=1777169572\",\"caption\":\"gazetar2\"},\"url\":\"https:\/\/www.press7.tv\/?author=8\"}]}<\/script>\n<!-- \/ Yoast SEO plugin. -->","yoast_head_json":{"title":"Dukagjin Lipa i ashp\u00ebr ndaj biletave \u2018belesh\u2019: \u201cKrejt Kosov\u00ebn nuk e nxen n\u00eb VIP\u201d - press7.tv","robots":{"index":"index","follow":"follow","max-snippet":"max-snippet:-1","max-image-preview":"max-image-preview:large","max-video-preview":"max-video-preview:-1"},"canonical":"https:\/\/www.press7.tv\/?p=21094","og_locale":"en_US","og_type":"article","og_title":"Dukagjin Lipa i ashp\u00ebr ndaj biletave \u2018belesh\u2019: \u201cKrejt Kosov\u00ebn nuk e nxen n\u00eb VIP\u201d - press7.tv","og_description":"N\u00eb prag t\u00eb edicionit t\u00eb sivjetsh\u00ebm t\u00eb Sunny Hill Festival, nj\u00eb prej ngjarjeve m\u00eb t\u00eb m\u00ebdha muzikore n\u00eb Kosov\u00eb, Dukagjin Lipa ka reaguar ashp\u00ebr n\u00eb rrjetet sociale p\u00ebr fenomenin e k\u00ebrkesave t\u00eb shumta p\u00ebr bileta falas \u2013 ose si\u00e7 i quan ai, \u201cbelesh\u201d. P\u00ebrmes nj\u00eb s\u00ebr\u00eb storjesh n\u00eb Instagram, drejtuesi i festivalit dhe babai i [&hellip;]","og_url":"https:\/\/www.press7.tv\/?p=21094","og_site_name":"press7.tv","article_publisher":"https:\/\/www.facebook.com\/press7.tv","article_published_time":"2025-07-25T21:06:34+00:00","og_image":[{"width":1080,"height":1350,"url":"https:\/\/www.press7.tv\/wp-content\/uploads\/2025\/07\/Black-Modern-Music-News-Headline-Instagram-Post-1.avif","type":"image\/png"}],"author":"gazetar2","twitter_card":"summary_large_image","twitter_misc":{"Written by":"gazetar2","Est. reading time":"1 minute"},"schema":{"@context":"https:\/\/schema.org","@graph":[{"@type":"Article","@id":"https:\/\/www.press7.tv\/?p=21094#article","isPartOf":{"@id":"https:\/\/www.press7.tv\/?p=21094"},"author":{"name":"gazetar2","@id":"https:\/\/www.news33.tv\/#\/schema\/person\/5a04a38a23ccdba82f9bd665cd8f9efa"},"headline":"Dukagjin Lipa i ashp\u00ebr ndaj biletave \u2018belesh\u2019: \u201cKrejt Kosov\u00ebn nuk e nxen n\u00eb VIP\u201d","datePublished":"2025-07-25T21:06:34+00:00","mainEntityOfPage":{"@id":"https:\/\/www.press7.tv\/?p=21094"},"wordCount":290,"publisher":{"@id":"https:\/\/www.news33.tv\/#organization"},"image":{"@id":"https:\/\/www.press7.tv\/?p=21094#primaryimage"},"thumbnailUrl":"https:\/\/www.press7.tv\/wp-content\/uploads\/2025\/07\/Black-Modern-Music-News-Headline-Instagram-Post-1.avif","articleSection":["ShowBiz"],"inLanguage":"en-US"},{"@type":"WebPage","@id":"https:\/\/www.press7.tv\/?p=21094","url":"https:\/\/www.press7.tv\/?p=21094","name":"Dukagjin Lipa i ashp\u00ebr ndaj biletave \u2018belesh\u2019: \u201cKrejt Kosov\u00ebn nuk e nxen n\u00eb VIP\u201d - press7.tv","isPartOf":{"@id":"https:\/\/www.news33.tv\/#website"},"primaryImageOfPage":{"@id":"https:\/\/www.press7.tv\/?p=21094#primaryimage"},"image":{"@id":"https:\/\/www.press7.tv\/?p=21094#primaryimage"},"thumbnailUrl":"https:\/\/www.press7.tv\/wp-content\/uploads\/2025\/07\/Black-Modern-Music-News-Headline-Instagram-Post-1.avif","datePublished":"2025-07-25T21:06:34+00:00","breadcrumb":{"@id":"https:\/\/www.press7.tv\/?p=21094#breadcrumb"},"inLanguage":"en-US","potentialAction":[{"@type":"ReadAction","target":["https:\/\/www.press7.tv\/?p=21094"]}]},{"@type":"ImageObject","inLanguage":"en-US","@id":"https:\/\/www.press7.tv\/?p=21094#primaryimage","url":"https:\/\/www.press7.tv\/wp-content\/uploads\/2025\/07\/Black-Modern-Music-News-Headline-Instagram-Post-1.avif","contentUrl":"https:\/\/www.press7.tv\/wp-content\/uploads\/2025\/07\/Black-Modern-Music-News-Headline-Instagram-Post-1.avif","width":1080,"height":1350},{"@type":"BreadcrumbList","@id":"https:\/\/www.press7.tv\/?p=21094#breadcrumb","itemListElement":[{"@type":"ListItem","position":1,"name":"Home","item":"https:\/\/www.press7.tv\/"},{"@type":"ListItem","position":2,"name":"Dukagjin Lipa i ashp\u00ebr ndaj biletave \u2018belesh\u2019: \u201cKrejt Kosov\u00ebn nuk e nxen n\u00eb VIP\u201d"}]},{"@type":"WebSite","@id":"https:\/\/www.news33.tv\/#website","url":"https:\/\/www.news33.tv\/","name":"News33.tv Media","description":"Media","publisher":{"@id":"https:\/\/www.news33.tv\/#organization"},"potentialAction":[{"@type":"SearchAction","target":{"@type":"EntryPoint","urlTemplate":"https:\/\/www.news33.tv\/?s={search_term_string}"},"query-input":{"@type":"PropertyValueSpecification","valueRequired":true,"valueName":"search_term_string"}}],"inLanguage":"en-US"},{"@type":"Organization","@id":"https:\/\/www.news33.tv\/#organization","name":"News33.tv Media","url":"https:\/\/www.news33.tv\/","logo":{"@type":"ImageObject","inLanguage":"en-US","@id":"https:\/\/www.news33.tv\/#\/schema\/logo\/image\/","url":"https:\/\/www.press7.tv\/wp-content\/uploads\/2024\/02\/logo-news33-black.png","contentUrl":"https:\/\/www.press7.tv\/wp-content\/uploads\/2024\/02\/logo-news33-black.png","width":180,"height":37,"caption":"News33.tv Media"},"image":{"@id":"https:\/\/www.news33.tv\/#\/schema\/logo\/image\/"},"sameAs":["https:\/\/www.facebook.com\/press7.tv"]},{"@type":"Person","@id":"https:\/\/www.news33.tv\/#\/schema\/person\/5a04a38a23ccdba82f9bd665cd8f9efa","name":"gazetar2","image":{"@type":"ImageObject","inLanguage":"en-US","@id":"https:\/\/www.news33.tv\/#\/schema\/person\/image\/","url":"https:\/\/www.press7.tv\/wp-content\/litespeed\/avatar\/41975e402c3049d9ddb03adca8f7a883.jpg?ver=1777169572","contentUrl":"https:\/\/www.press7.tv\/wp-content\/litespeed\/avatar\/41975e402c3049d9ddb03adca8f7a883.jpg?ver=1777169572","caption":"gazetar2"},"url":"https:\/\/www.press7.tv\/?author=8"}]}},"amp_enabled":true,"_links":{"self":[{"href":"https:\/\/www.press7.tv\/index.php?rest_route=\/wp\/v2\/posts\/21094","targetHints":{"allow":["GET"]}}],"collection":[{"href":"https:\/\/www.press7.tv\/index.php?rest_route=\/wp\/v2\/posts"}],"about":[{"href":"https:\/\/www.press7.tv\/index.php?rest_route=\/wp\/v2\/types\/post"}],"author":[{"embeddable":true,"href":"https:\/\/www.press7.tv\/index.php?rest_route=\/wp\/v2\/users\/8"}],"replies":[{"embeddable":true,"href":"https:\/\/www.press7.tv\/index.php?rest_route=%2Fwp%2Fv2%2Fcomments&post=21094"}],"version-history":[{"count":1,"href":"https:\/\/www.press7.tv\/index.php?rest_route=\/wp\/v2\/posts\/21094\/revisions"}],"predecessor-version":[{"id":21100,"href":"https:\/\/www.press7.tv\/index.php?rest_route=\/wp\/v2\/posts\/21094\/revisions\/21100"}],"wp:featuredmedia":[{"embeddable":true,"href":"https:\/\/www.press7.tv\/index.php?rest_route=\/wp\/v2\/media\/21095"}],"wp:attachment":[{"href":"https:\/\/www.press7.tv\/index.php?rest_route=%2Fwp%2Fv2%2Fmedia&parent=21094"}],"wp:term":[{"taxonomy":"category","embeddable":true,"href":"https:\/\/www.press7.tv\/index.php?rest_route=%2Fwp%2Fv2%2Fcategories&post=21094"},{"taxonomy":"post_tag","embeddable":true,"href":"https:\/\/www.press7.tv\/index.php?rest_route=%2Fwp%2Fv2%2Ftags&post=21094"}],"curies":[{"name":"wp","href":"https:\/\/api.w.org\/{rel}","templated":true}]}}