{"id":21084,"date":"2025-07-25T11:00:49","date_gmt":"2025-07-25T11:00:49","guid":{"rendered":"https:\/\/www.press7.tv\/?p=21084"},"modified":"2025-07-25T11:00:49","modified_gmt":"2025-07-25T11:00:49","slug":"fillon-superliga-e-zvicres-liga-e-mbushur-me-shqiptare","status":"publish","type":"post","link":"https:\/\/www.press7.tv\/?p=21084","title":{"rendered":"Fillon Superliga e Zvicr\u00ebs, liga e mbushur me shqiptar\u00eb"},"content":{"rendered":"\n    <div class=\"xs_social_share_widget xs_share_url before_content \t\tmain_content  wslu-style-2 wslu-share-box-shaped wslu-fill-colored wslu-share-m-5 wslu-none wslu-share-vertical wslu-theme-font-no wslu-main_content\">\n\n\t\t\n        <ul>\n\t\t\t        <\/ul>\n    <\/div> \n<p>Me ndeshjen Zurich \u2013 Sion fillon Superliga e Zvicr\u00ebs n\u00eb futboll. Kjo ndeshje zhvillohet sonte nga ora 20:30. <\/p>\n<p>P\u00ebr shkak t\u00eb numrit t\u00eb madh t\u00eb lojtar\u00ebve shqiptar\u00eb, por edhe t\u00eb shqiptar\u00ebve n\u00eb Zvic\u00ebr, Superliga helvetike paraqet interes t\u00eb madh edhe n\u00eb Kosov\u00eb.<\/p>\n<p>Si rrall\u00ebher\u00eb deri m\u00eb tani, t\u00eb gjitha 12 skuadrat e Superlig\u00ebs s\u00eb Zvicr\u00ebs kan\u00eb n\u00eb p\u00ebrb\u00ebrje lojtar\u00eb shqiptar\u00eb. N\u00ebse p\u00ebr baz\u00eb merren t\u00eb dh\u00ebnat zyrtare n\u00eb sajtin e Lig\u00ebs Zvicerane t\u00eb Futbollit, numri i futbollist\u00ebve shqiptar\u00eb, p\u00ebrkat\u00ebsisht i atyre me prejardhje shqiptare dhe me prejardhje nga Kosova, \u00ebsht\u00eb plot 38. Shum\u00eb prej tyre jan\u00eb t\u00eb paraqitur me flamur t\u00eb Zvicr\u00ebs dhe flamur t\u00eb Kosov\u00ebs n\u00eb sajtin zyrtar t\u00eb lig\u00ebs.<\/p>\n<p>N\u00eb mesin e tyre ka yje dhe lojtar\u00eb me p\u00ebrvoj\u00eb, si Xherdan Shaqiri, Albian Ajeti, Amir Abrashi, Benjamin Kololli, Ezgjan Alioski e disa t\u00eb tjer\u00eb. Ka edhe plot t\u00eb rinj q\u00eb shpresojn\u00eb t\u00eb shp\u00ebrthejn\u00eb n\u00eb edicionin e ri.<\/p>\n<p>Natyrisht, jo t\u00eb gjith\u00eb k\u00ebta pritet t\u00eb luajn\u00eb dhe t\u00eb jen\u00eb t\u00eb r\u00ebnd\u00ebsish\u00ebm p\u00ebr skuadrat e tyre. Por aktualisht jan\u00eb t\u00eb evidentuar si pjes\u00eb e ekipeve t\u00eb para t\u00eb klubeve t\u00eb Superlig\u00ebs zvicerane. <\/p>\n<p>N\u00eb Superlig\u00ebn e Zvicr\u00ebs ka lojtar\u00eb reprezentues, q\u00eb kan\u00eb luajtur dhe q\u00eb pritet t\u00eb luajn\u00eb edhe n\u00eb t\u00eb ardhmen n\u00eb nivel nd\u00ebrkomb\u00ebtar p\u00ebr Kosov\u00ebn, Shqip\u00ebrin\u00eb, Maqedonin\u00eb e Veriut dhe Zvicr\u00ebn. N\u00ebse merren p\u00ebr baz\u00eb gjeneratat e reja, numri i reprezentuesve \u00ebsht\u00eb duksh\u00ebm m\u00eb i madh.<\/p>\n<p><img data-dominant-color=\"665966\" data-has-transparency=\"false\" style=\"--dominant-color: #665966;\" decoding=\"async\" src=\"https:\/\/www.press7.tv\/wp-content\/uploads\/2025\/07\/IMG_6676-300x155.avif\" alt=\"\" width=\"300\" height=\"155\" class=\"alignnone size-medium wp-image-21086 not-transparent\" srcset=\"https:\/\/www.press7.tv\/wp-content\/uploads\/2025\/07\/IMG_6676-300x155.avif 300w, https:\/\/www.press7.tv\/wp-content\/uploads\/2025\/07\/IMG_6676-768x397.avif 768w, https:\/\/www.press7.tv\/wp-content\/uploads\/2025\/07\/IMG_6676.avif 980w\" sizes=\"(max-width: 300px) 100vw, 300px\" \/><\/p>\n<p>Baseli e mbron titullin e kampionit, nd\u00ebrsa t\u00eb evidentuar i ka kat\u00ebr lojtar\u00eb shqiptar\u00eb. Shqiptar\u00ebt mbesin me shum\u00eb ndikim te Baseli, me gjith\u00eb pensionimin e Taulant Xhak\u00ebs dhe transferimin e Leon Avdullahut n\u00eb Hoffenheim t\u00eb Bundeslig\u00ebs gjermane. <\/p>\n<p>T\u00eb tjera l\u00ebvizje t\u00eb lojtar\u00ebve shqiptar\u00eb pritet t\u00eb ndodhin deri n\u00eb fund t\u00eb afatit kalimtar veror. P\u00ebr shembull, Albian Hajdari pritet t\u00eb kaloj\u00eb nga Lugano te West Hami n\u00eb Premier Leaguen e Anglis\u00eb. Shk\u00eblqim Vladi po ashtu pritet t\u00eb largohet nga kjo skuad\u00ebr. <\/p>\n<p>Jan\u00eb tri skuadra t\u00eb Superlig\u00ebs q\u00eb i kan\u00eb t\u00eb evidentuar nga pes\u00eb lojtar\u00eb shqiptar\u00eb. B\u00ebhet fjal\u00eb p\u00ebr Luganon, St. Gallenin dhe Sionin. Nga kat\u00ebr shqiptar\u00eb, pos Baselit, i kan\u00eb t\u00eb evidentuar edhe Luzerni dhe Young Boysi. Nga tre i kan\u00eb Grasshopperi e Zurichu, dy Winterthuri e nga nj\u00eb Lausanne, Servette dhe Thuni.<\/p>\n<p>Pasi kemi fituar titullin e kampionit dhe Kup\u00ebn e Zvicr\u00ebs, ne jemi skuadra q\u00eb duhet t\u00eb mposhtemi. Dhe me k\u00ebt\u00eb skuad\u00ebr q\u00eb kemi, jemi favorit\u00ebt kryesor\u00eb\u201d, ka th\u00ebn\u00eb Xherdan Shaqiri.<\/p>\n<p>Ai \u00ebsht\u00eb bindsh\u00ebm ylli m\u00eb i madh i Superlig\u00ebs s\u00eb Zvicr\u00ebs. N\u00eb kampionatin e kaluar shk\u00eblqeu dhe e udh\u00ebhoqi Baselin drejt dy trofeve.<\/p>\n<p>Asnj\u00eb kampionat evropian nuk e rivalizon Zvicr\u00ebn p\u00ebr numrin e futbollist\u00ebve shqiptar\u00eb. Kjo \u00ebsht\u00eb si rezultat i komunitetit shum\u00eb t\u00eb madh shqiptar n\u00eb Zvic\u00ebr dhe orientimit t\u00eb familjeve shqiptare nga sporti, p\u00ebrkat\u00ebsisht futbolli, kur b\u00ebhet fjal\u00eb p\u00ebr f\u00ebmij\u00ebt e tyre.<\/p>\n<p>Pos Xherdan Shaqirit dhe Granit Xhak\u00ebs, q\u00eb jan\u00eb prej futbollist\u00ebve shqiptar\u00eb m\u00eb t\u00eb suksessh\u00ebm n\u00eb histori, n\u00ebse jo m\u00eb t\u00eb suksesshmit, nga Zvicra, pos p\u00ebr p\u00ebrfaq\u00ebsuesen e k\u00ebtij vendi, kan\u00eb dal\u00eb dhe vazhdojn\u00eb t\u00eb dalin shum\u00eb reprezentues edhe p\u00ebr Kosov\u00ebn e Shqip\u00ebrin\u00eb. <\/p>\n<p>Futbolli zviceran po ashtu vler\u00ebsohet si \u201cvend i duhur\u201d p\u00ebr t\u00eb b\u00ebr\u00eb hap t\u00eb madh n\u00eb karrier\u00eb, p\u00ebrkat\u00ebsisht p\u00ebr transferim n\u00eb top-pes\u00eb ligat evropiane. <\/p>\n<p>Shaqiri, Ajeti, Alioski, Bilsimi, Fazliji, Toma, Kololli, Rrudhani, Imeri, Krasniqi, Kamberi do t\u00eb p\u00ebrmenden shpesh gjat\u00eb jav\u00ebve e muajve t\u00eb ardhsh\u00ebm. Por me shum\u00eb gjas\u00eb do t\u00eb p\u00ebrmenden edhe mbiemra si Bajrami, Nivokazi, Xhemalija, Shala e plot mbiemra t\u00eb tjer\u00eb shqiptar\u00ebsh.<\/p>\n<p>Adrian Bajrami e Ardian Bajrami<\/p>\n<p>Pjes\u00eb e Superlig\u00ebs s\u00eb Zvicr\u00ebs jan\u00eb edhe dy futbollist\u00eb shqiptar\u00eb me mbiem\u00ebr t\u00eb nj\u00ebjt\u00eb e em\u00ebr thuajse t\u00eb nj\u00ebjt\u00eb. Te Luzerni do t\u00eb luaj\u00eb mbrojt\u00ebsi Adrian Bajrami. 23-vje\u00e7ari, q\u00eb tashm\u00eb ka debutuar p\u00ebr Shqip\u00ebrin\u00eb, \u00ebsht\u00eb huazuar nga Benfica. Adrian Bajrami \u00ebsht\u00eb rritur n\u00eb Zvic\u00ebr, nd\u00ebrsa te Benfica zhvillohet prej vitit 2018.<\/p>\n<p>Ardian Bajrami \u00ebsht\u00eb portier 21-vje\u00e7ar, pjes\u00eb e Young Boysit. Ai \u00ebsht\u00eb edhe pjes\u00eb e Kosov\u00ebs U21, nd\u00ebrsa do t\u2019i duhet t\u00eb luftoj\u00eb p\u00ebr hap\u00ebsir\u00eb te nj\u00ebri prej klubeve kryesore n\u00eb futbollin zviceran.<\/p>\n","protected":false},"excerpt":{"rendered":"<p>Me ndeshjen Zurich \u2013 Sion fillon Superliga e Zvicr\u00ebs n\u00eb futboll. Kjo ndeshje zhvillohet sonte nga ora 20:30. P\u00ebr shkak t\u00eb numrit t\u00eb madh t\u00eb lojtar\u00ebve shqiptar\u00eb, por edhe t\u00eb shqiptar\u00ebve n\u00eb Zvic\u00ebr, Superliga helvetike paraqet interes t\u00eb madh edhe n\u00eb Kosov\u00eb. Si rrall\u00ebher\u00eb deri m\u00eb tani, t\u00eb gjitha 12 skuadrat e Superlig\u00ebs s\u00eb Zvicr\u00ebs [&hellip;]<\/p>\n","protected":false},"author":8,"featured_media":21085,"comment_status":"closed","ping_status":"closed","sticky":false,"template":"","format":"standard","meta":{"footnotes":""},"categories":[226],"tags":[],"class_list":["post-21084","post","type-post","status-publish","format-standard","has-post-thumbnail","hentry","category-sport"],"yoast_head":"<!-- This site is optimized with the Yoast SEO plugin v25.1 - https:\/\/yoast.com\/wordpress\/plugins\/seo\/ -->\n<title>Fillon Superliga e Zvicr\u00ebs, liga e mbushur me shqiptar\u00eb - press7.tv<\/title>\n<meta name=\"robots\" content=\"index, follow, max-snippet:-1, max-image-preview:large, max-video-preview:-1\" \/>\n<link rel=\"canonical\" href=\"https:\/\/www.press7.tv\/?p=21084\" \/>\n<meta property=\"og:locale\" content=\"en_US\" \/>\n<meta property=\"og:type\" content=\"article\" \/>\n<meta property=\"og:title\" content=\"Fillon Superliga e Zvicr\u00ebs, liga e mbushur me shqiptar\u00eb - press7.tv\" \/>\n<meta property=\"og:description\" content=\"Me ndeshjen Zurich \u2013 Sion fillon Superliga e Zvicr\u00ebs n\u00eb futboll. Kjo ndeshje zhvillohet sonte nga ora 20:30. P\u00ebr shkak t\u00eb numrit t\u00eb madh t\u00eb lojtar\u00ebve shqiptar\u00eb, por edhe t\u00eb shqiptar\u00ebve n\u00eb Zvic\u00ebr, Superliga helvetike paraqet interes t\u00eb madh edhe n\u00eb Kosov\u00eb. Si rrall\u00ebher\u00eb deri m\u00eb tani, t\u00eb gjitha 12 skuadrat e Superlig\u00ebs s\u00eb Zvicr\u00ebs [&hellip;]\" \/>\n<meta property=\"og:url\" content=\"https:\/\/www.press7.tv\/?p=21084\" \/>\n<meta property=\"og:site_name\" content=\"press7.tv\" \/>\n<meta property=\"article:publisher\" content=\"https:\/\/www.facebook.com\/press7.tv\" \/>\n<meta property=\"article:published_time\" content=\"2025-07-25T11:00:49+00:00\" \/>\n<meta property=\"og:image\" content=\"https:\/\/www.press7.tv\/wp-content\/uploads\/2025\/07\/IMG_6675.avif\" \/>\n\t<meta property=\"og:image:width\" content=\"1360\" \/>\n\t<meta property=\"og:image:height\" content=\"870\" \/>\n\t<meta property=\"og:image:type\" content=\"image\/webp\" \/>\n<meta name=\"author\" content=\"gazetar2\" \/>\n<meta name=\"twitter:card\" content=\"summary_large_image\" \/>\n<meta name=\"twitter:label1\" content=\"Written by\" \/>\n\t<meta name=\"twitter:data1\" content=\"gazetar2\" \/>\n\t<meta name=\"twitter:label2\" content=\"Est. reading time\" \/>\n\t<meta name=\"twitter:data2\" content=\"1 minute\" \/>\n<script type=\"application\/ld+json\" class=\"yoast-schema-graph\">{\"@context\":\"https:\/\/schema.org\",\"@graph\":[{\"@type\":\"Article\",\"@id\":\"https:\/\/www.press7.tv\/?p=21084#article\",\"isPartOf\":{\"@id\":\"https:\/\/www.press7.tv\/?p=21084\"},\"author\":{\"name\":\"gazetar2\",\"@id\":\"https:\/\/www.news33.tv\/#\/schema\/person\/5a04a38a23ccdba82f9bd665cd8f9efa\"},\"headline\":\"Fillon Superliga e Zvicr\u00ebs, liga e mbushur me shqiptar\u00eb\",\"datePublished\":\"2025-07-25T11:00:49+00:00\",\"mainEntityOfPage\":{\"@id\":\"https:\/\/www.press7.tv\/?p=21084\"},\"wordCount\":767,\"publisher\":{\"@id\":\"https:\/\/www.news33.tv\/#organization\"},\"image\":{\"@id\":\"https:\/\/www.press7.tv\/?p=21084#primaryimage\"},\"thumbnailUrl\":\"https:\/\/www.press7.tv\/wp-content\/uploads\/2025\/07\/IMG_6675.avif\",\"articleSection\":[\"Sport\"],\"inLanguage\":\"en-US\"},{\"@type\":\"WebPage\",\"@id\":\"https:\/\/www.press7.tv\/?p=21084\",\"url\":\"https:\/\/www.press7.tv\/?p=21084\",\"name\":\"Fillon Superliga e Zvicr\u00ebs, liga e mbushur me shqiptar\u00eb - press7.tv\",\"isPartOf\":{\"@id\":\"https:\/\/www.news33.tv\/#website\"},\"primaryImageOfPage\":{\"@id\":\"https:\/\/www.press7.tv\/?p=21084#primaryimage\"},\"image\":{\"@id\":\"https:\/\/www.press7.tv\/?p=21084#primaryimage\"},\"thumbnailUrl\":\"https:\/\/www.press7.tv\/wp-content\/uploads\/2025\/07\/IMG_6675.avif\",\"datePublished\":\"2025-07-25T11:00:49+00:00\",\"breadcrumb\":{\"@id\":\"https:\/\/www.press7.tv\/?p=21084#breadcrumb\"},\"inLanguage\":\"en-US\",\"potentialAction\":[{\"@type\":\"ReadAction\",\"target\":[\"https:\/\/www.press7.tv\/?p=21084\"]}]},{\"@type\":\"ImageObject\",\"inLanguage\":\"en-US\",\"@id\":\"https:\/\/www.press7.tv\/?p=21084#primaryimage\",\"url\":\"https:\/\/www.press7.tv\/wp-content\/uploads\/2025\/07\/IMG_6675.avif\",\"contentUrl\":\"https:\/\/www.press7.tv\/wp-content\/uploads\/2025\/07\/IMG_6675.avif\",\"width\":1360,\"height\":870},{\"@type\":\"BreadcrumbList\",\"@id\":\"https:\/\/www.press7.tv\/?p=21084#breadcrumb\",\"itemListElement\":[{\"@type\":\"ListItem\",\"position\":1,\"name\":\"Home\",\"item\":\"https:\/\/www.press7.tv\/\"},{\"@type\":\"ListItem\",\"position\":2,\"name\":\"Fillon Superliga e Zvicr\u00ebs, liga e mbushur me shqiptar\u00eb\"}]},{\"@type\":\"WebSite\",\"@id\":\"https:\/\/www.news33.tv\/#website\",\"url\":\"https:\/\/www.news33.tv\/\",\"name\":\"News33.tv Media\",\"description\":\"Media\",\"publisher\":{\"@id\":\"https:\/\/www.news33.tv\/#organization\"},\"potentialAction\":[{\"@type\":\"SearchAction\",\"target\":{\"@type\":\"EntryPoint\",\"urlTemplate\":\"https:\/\/www.news33.tv\/?s={search_term_string}\"},\"query-input\":{\"@type\":\"PropertyValueSpecification\",\"valueRequired\":true,\"valueName\":\"search_term_string\"}}],\"inLanguage\":\"en-US\"},{\"@type\":\"Organization\",\"@id\":\"https:\/\/www.news33.tv\/#organization\",\"name\":\"News33.tv Media\",\"url\":\"https:\/\/www.news33.tv\/\",\"logo\":{\"@type\":\"ImageObject\",\"inLanguage\":\"en-US\",\"@id\":\"https:\/\/www.news33.tv\/#\/schema\/logo\/image\/\",\"url\":\"https:\/\/www.press7.tv\/wp-content\/uploads\/2024\/02\/logo-news33-black.png\",\"contentUrl\":\"https:\/\/www.press7.tv\/wp-content\/uploads\/2024\/02\/logo-news33-black.png\",\"width\":180,\"height\":37,\"caption\":\"News33.tv Media\"},\"image\":{\"@id\":\"https:\/\/www.news33.tv\/#\/schema\/logo\/image\/\"},\"sameAs\":[\"https:\/\/www.facebook.com\/press7.tv\"]},{\"@type\":\"Person\",\"@id\":\"https:\/\/www.news33.tv\/#\/schema\/person\/5a04a38a23ccdba82f9bd665cd8f9efa\",\"name\":\"gazetar2\",\"image\":{\"@type\":\"ImageObject\",\"inLanguage\":\"en-US\",\"@id\":\"https:\/\/www.news33.tv\/#\/schema\/person\/image\/\",\"url\":\"https:\/\/www.press7.tv\/wp-content\/litespeed\/avatar\/41975e402c3049d9ddb03adca8f7a883.jpg?ver=1777169572\",\"contentUrl\":\"https:\/\/www.press7.tv\/wp-content\/litespeed\/avatar\/41975e402c3049d9ddb03adca8f7a883.jpg?ver=1777169572\",\"caption\":\"gazetar2\"},\"url\":\"https:\/\/www.press7.tv\/?author=8\"}]}<\/script>\n<!-- \/ Yoast SEO plugin. -->","yoast_head_json":{"title":"Fillon Superliga e Zvicr\u00ebs, liga e mbushur me shqiptar\u00eb - press7.tv","robots":{"index":"index","follow":"follow","max-snippet":"max-snippet:-1","max-image-preview":"max-image-preview:large","max-video-preview":"max-video-preview:-1"},"canonical":"https:\/\/www.press7.tv\/?p=21084","og_locale":"en_US","og_type":"article","og_title":"Fillon Superliga e Zvicr\u00ebs, liga e mbushur me shqiptar\u00eb - press7.tv","og_description":"Me ndeshjen Zurich \u2013 Sion fillon Superliga e Zvicr\u00ebs n\u00eb futboll. Kjo ndeshje zhvillohet sonte nga ora 20:30. P\u00ebr shkak t\u00eb numrit t\u00eb madh t\u00eb lojtar\u00ebve shqiptar\u00eb, por edhe t\u00eb shqiptar\u00ebve n\u00eb Zvic\u00ebr, Superliga helvetike paraqet interes t\u00eb madh edhe n\u00eb Kosov\u00eb. Si rrall\u00ebher\u00eb deri m\u00eb tani, t\u00eb gjitha 12 skuadrat e Superlig\u00ebs s\u00eb Zvicr\u00ebs [&hellip;]","og_url":"https:\/\/www.press7.tv\/?p=21084","og_site_name":"press7.tv","article_publisher":"https:\/\/www.facebook.com\/press7.tv","article_published_time":"2025-07-25T11:00:49+00:00","og_image":[{"width":1360,"height":870,"url":"https:\/\/www.press7.tv\/wp-content\/uploads\/2025\/07\/IMG_6675.avif","type":"image\/webp"}],"author":"gazetar2","twitter_card":"summary_large_image","twitter_misc":{"Written by":"gazetar2","Est. reading time":"1 minute"},"schema":{"@context":"https:\/\/schema.org","@graph":[{"@type":"Article","@id":"https:\/\/www.press7.tv\/?p=21084#article","isPartOf":{"@id":"https:\/\/www.press7.tv\/?p=21084"},"author":{"name":"gazetar2","@id":"https:\/\/www.news33.tv\/#\/schema\/person\/5a04a38a23ccdba82f9bd665cd8f9efa"},"headline":"Fillon Superliga e Zvicr\u00ebs, liga e mbushur me shqiptar\u00eb","datePublished":"2025-07-25T11:00:49+00:00","mainEntityOfPage":{"@id":"https:\/\/www.press7.tv\/?p=21084"},"wordCount":767,"publisher":{"@id":"https:\/\/www.news33.tv\/#organization"},"image":{"@id":"https:\/\/www.press7.tv\/?p=21084#primaryimage"},"thumbnailUrl":"https:\/\/www.press7.tv\/wp-content\/uploads\/2025\/07\/IMG_6675.avif","articleSection":["Sport"],"inLanguage":"en-US"},{"@type":"WebPage","@id":"https:\/\/www.press7.tv\/?p=21084","url":"https:\/\/www.press7.tv\/?p=21084","name":"Fillon Superliga e Zvicr\u00ebs, liga e mbushur me shqiptar\u00eb - press7.tv","isPartOf":{"@id":"https:\/\/www.news33.tv\/#website"},"primaryImageOfPage":{"@id":"https:\/\/www.press7.tv\/?p=21084#primaryimage"},"image":{"@id":"https:\/\/www.press7.tv\/?p=21084#primaryimage"},"thumbnailUrl":"https:\/\/www.press7.tv\/wp-content\/uploads\/2025\/07\/IMG_6675.avif","datePublished":"2025-07-25T11:00:49+00:00","breadcrumb":{"@id":"https:\/\/www.press7.tv\/?p=21084#breadcrumb"},"inLanguage":"en-US","potentialAction":[{"@type":"ReadAction","target":["https:\/\/www.press7.tv\/?p=21084"]}]},{"@type":"ImageObject","inLanguage":"en-US","@id":"https:\/\/www.press7.tv\/?p=21084#primaryimage","url":"https:\/\/www.press7.tv\/wp-content\/uploads\/2025\/07\/IMG_6675.avif","contentUrl":"https:\/\/www.press7.tv\/wp-content\/uploads\/2025\/07\/IMG_6675.avif","width":1360,"height":870},{"@type":"BreadcrumbList","@id":"https:\/\/www.press7.tv\/?p=21084#breadcrumb","itemListElement":[{"@type":"ListItem","position":1,"name":"Home","item":"https:\/\/www.press7.tv\/"},{"@type":"ListItem","position":2,"name":"Fillon Superliga e Zvicr\u00ebs, liga e mbushur me shqiptar\u00eb"}]},{"@type":"WebSite","@id":"https:\/\/www.news33.tv\/#website","url":"https:\/\/www.news33.tv\/","name":"News33.tv Media","description":"Media","publisher":{"@id":"https:\/\/www.news33.tv\/#organization"},"potentialAction":[{"@type":"SearchAction","target":{"@type":"EntryPoint","urlTemplate":"https:\/\/www.news33.tv\/?s={search_term_string}"},"query-input":{"@type":"PropertyValueSpecification","valueRequired":true,"valueName":"search_term_string"}}],"inLanguage":"en-US"},{"@type":"Organization","@id":"https:\/\/www.news33.tv\/#organization","name":"News33.tv Media","url":"https:\/\/www.news33.tv\/","logo":{"@type":"ImageObject","inLanguage":"en-US","@id":"https:\/\/www.news33.tv\/#\/schema\/logo\/image\/","url":"https:\/\/www.press7.tv\/wp-content\/uploads\/2024\/02\/logo-news33-black.png","contentUrl":"https:\/\/www.press7.tv\/wp-content\/uploads\/2024\/02\/logo-news33-black.png","width":180,"height":37,"caption":"News33.tv Media"},"image":{"@id":"https:\/\/www.news33.tv\/#\/schema\/logo\/image\/"},"sameAs":["https:\/\/www.facebook.com\/press7.tv"]},{"@type":"Person","@id":"https:\/\/www.news33.tv\/#\/schema\/person\/5a04a38a23ccdba82f9bd665cd8f9efa","name":"gazetar2","image":{"@type":"ImageObject","inLanguage":"en-US","@id":"https:\/\/www.news33.tv\/#\/schema\/person\/image\/","url":"https:\/\/www.press7.tv\/wp-content\/litespeed\/avatar\/41975e402c3049d9ddb03adca8f7a883.jpg?ver=1777169572","contentUrl":"https:\/\/www.press7.tv\/wp-content\/litespeed\/avatar\/41975e402c3049d9ddb03adca8f7a883.jpg?ver=1777169572","caption":"gazetar2"},"url":"https:\/\/www.press7.tv\/?author=8"}]}},"amp_enabled":true,"_links":{"self":[{"href":"https:\/\/www.press7.tv\/index.php?rest_route=\/wp\/v2\/posts\/21084","targetHints":{"allow":["GET"]}}],"collection":[{"href":"https:\/\/www.press7.tv\/index.php?rest_route=\/wp\/v2\/posts"}],"about":[{"href":"https:\/\/www.press7.tv\/index.php?rest_route=\/wp\/v2\/types\/post"}],"author":[{"embeddable":true,"href":"https:\/\/www.press7.tv\/index.php?rest_route=\/wp\/v2\/users\/8"}],"replies":[{"embeddable":true,"href":"https:\/\/www.press7.tv\/index.php?rest_route=%2Fwp%2Fv2%2Fcomments&post=21084"}],"version-history":[{"count":1,"href":"https:\/\/www.press7.tv\/index.php?rest_route=\/wp\/v2\/posts\/21084\/revisions"}],"predecessor-version":[{"id":21087,"href":"https:\/\/www.press7.tv\/index.php?rest_route=\/wp\/v2\/posts\/21084\/revisions\/21087"}],"wp:featuredmedia":[{"embeddable":true,"href":"https:\/\/www.press7.tv\/index.php?rest_route=\/wp\/v2\/media\/21085"}],"wp:attachment":[{"href":"https:\/\/www.press7.tv\/index.php?rest_route=%2Fwp%2Fv2%2Fmedia&parent=21084"}],"wp:term":[{"taxonomy":"category","embeddable":true,"href":"https:\/\/www.press7.tv\/index.php?rest_route=%2Fwp%2Fv2%2Fcategories&post=21084"},{"taxonomy":"post_tag","embeddable":true,"href":"https:\/\/www.press7.tv\/index.php?rest_route=%2Fwp%2Fv2%2Ftags&post=21084"}],"curies":[{"name":"wp","href":"https:\/\/api.w.org\/{rel}","templated":true}]}}