{"id":21081,"date":"2025-07-24T21:36:00","date_gmt":"2025-07-24T21:36:00","guid":{"rendered":"https:\/\/www.press7.tv\/?p=21081"},"modified":"2025-07-24T21:36:00","modified_gmt":"2025-07-24T21:36:00","slug":"ende-nuk-eshte-gjetur-16-vjecarja-nderpriten-kerkimet-ne-lumin-vardar","status":"publish","type":"post","link":"https:\/\/www.press7.tv\/?p=21081","title":{"rendered":"Ende nuk \u00ebsht\u00eb gjetur 16-vje\u00e7arja, nd\u00ebrpriten k\u00ebrkimet n\u00eb lumin Vardar"},"content":{"rendered":"\n    <div class=\"xs_social_share_widget xs_share_url before_content \t\tmain_content  wslu-style-2 wslu-share-box-shaped wslu-fill-colored wslu-share-m-5 wslu-none wslu-share-vertical wslu-theme-font-no wslu-main_content\">\n\n\t\t\n        <ul>\n\t\t\t        <\/ul>\n    <\/div> \n<p>Qendra p\u00ebr Menaxhim me Kriza ka njoftuar se jan\u00eb nd\u00ebrprer\u00eb k\u00ebrkimet p\u00ebr gjetjen e 16-vje\u00e7ares, e cila kishte r\u00ebn\u00eb n\u00eb lumin Vardar, njofton TV21.<\/p>\n<p>\u201cAktualisht, Qendra Operative e QMK-s\u00eb \u00ebsht\u00eb njoftuar se ekipet q\u00eb po kryenin k\u00ebrkime do t\u00eb t\u00ebrhiqen p\u00ebr shkak t\u00eb munges\u00ebs s\u00eb kushteve minimale t\u00eb p\u00ebrshtatshme p\u00ebr k\u00ebrkim gjat\u00eb nat\u00ebs. Her\u00ebt n\u00eb m\u00ebngjes, ekipet do t\u00eb vazhdojn\u00eb me k\u00ebrkimin n\u00eb koordinim t\u00eb nd\u00ebrsjell\u00eb mes tyre\u201d, than\u00eb nga QMK-ja.<\/p>\n<p>Megjithat\u00eb, 16-vje\u00e7arja nuk ishte e vetme. Ajo kishte r\u00ebn\u00eb n\u00eb lum bashk\u00eb me nj\u00eb 26-vje\u00e7are, e cila u gjet e gjall\u00eb.<\/p>\n<p>Rasti te autoritetet ishte denoncuar nga motra e 16-vje\u00e7ares, e cila kishte qen\u00eb e pranishme n\u00eb vend ngjarje.<\/p>\n<p>K\u00ebrkimi p\u00ebr vajz\u00ebn 16-vje\u00e7are do t\u00eb vazhdoj\u00eb nes\u00ebr.<\/p>\n","protected":false},"excerpt":{"rendered":"<p>Qendra p\u00ebr Menaxhim me Kriza ka njoftuar se jan\u00eb nd\u00ebrprer\u00eb k\u00ebrkimet p\u00ebr gjetjen e 16-vje\u00e7ares, e cila kishte r\u00ebn\u00eb n\u00eb lumin Vardar, njofton TV21. \u201cAktualisht, Qendra Operative e QMK-s\u00eb \u00ebsht\u00eb njoftuar se ekipet q\u00eb po kryenin k\u00ebrkime do t\u00eb t\u00ebrhiqen p\u00ebr shkak t\u00eb munges\u00ebs s\u00eb kushteve minimale t\u00eb p\u00ebrshtatshme p\u00ebr k\u00ebrkim gjat\u00eb nat\u00ebs. Her\u00ebt n\u00eb [&hellip;]<\/p>\n","protected":false},"author":8,"featured_media":21082,"comment_status":"closed","ping_status":"closed","sticky":false,"template":"","format":"standard","meta":{"footnotes":""},"categories":[213,214],"tags":[],"class_list":["post-21081","post","type-post","status-publish","format-standard","has-post-thumbnail","hentry","category-lajme","category-maqedoni"],"yoast_head":"<!-- This site is optimized with the Yoast SEO plugin v25.1 - https:\/\/yoast.com\/wordpress\/plugins\/seo\/ -->\n<title>Ende nuk \u00ebsht\u00eb gjetur 16-vje\u00e7arja, nd\u00ebrpriten k\u00ebrkimet n\u00eb lumin Vardar - press7.tv<\/title>\n<meta name=\"robots\" content=\"index, follow, max-snippet:-1, max-image-preview:large, max-video-preview:-1\" \/>\n<link rel=\"canonical\" href=\"https:\/\/www.press7.tv\/?p=21081\" \/>\n<meta property=\"og:locale\" content=\"en_US\" \/>\n<meta property=\"og:type\" content=\"article\" \/>\n<meta property=\"og:title\" content=\"Ende nuk \u00ebsht\u00eb gjetur 16-vje\u00e7arja, nd\u00ebrpriten k\u00ebrkimet n\u00eb lumin Vardar - press7.tv\" \/>\n<meta property=\"og:description\" content=\"Qendra p\u00ebr Menaxhim me Kriza ka njoftuar se jan\u00eb nd\u00ebrprer\u00eb k\u00ebrkimet p\u00ebr gjetjen e 16-vje\u00e7ares, e cila kishte r\u00ebn\u00eb n\u00eb lumin Vardar, njofton TV21. \u201cAktualisht, Qendra Operative e QMK-s\u00eb \u00ebsht\u00eb njoftuar se ekipet q\u00eb po kryenin k\u00ebrkime do t\u00eb t\u00ebrhiqen p\u00ebr shkak t\u00eb munges\u00ebs s\u00eb kushteve minimale t\u00eb p\u00ebrshtatshme p\u00ebr k\u00ebrkim gjat\u00eb nat\u00ebs. Her\u00ebt n\u00eb [&hellip;]\" \/>\n<meta property=\"og:url\" content=\"https:\/\/www.press7.tv\/?p=21081\" \/>\n<meta property=\"og:site_name\" content=\"press7.tv\" \/>\n<meta property=\"article:publisher\" content=\"https:\/\/www.facebook.com\/press7.tv\" \/>\n<meta property=\"article:published_time\" content=\"2025-07-24T21:36:00+00:00\" \/>\n<meta property=\"og:image\" content=\"https:\/\/www.press7.tv\/wp-content\/uploads\/2025\/07\/IMG_6671.avif\" \/>\n\t<meta property=\"og:image:width\" content=\"1242\" \/>\n\t<meta property=\"og:image:height\" content=\"722\" \/>\n\t<meta property=\"og:image:type\" content=\"image\/jpeg\" \/>\n<meta name=\"author\" content=\"gazetar2\" \/>\n<meta name=\"twitter:card\" content=\"summary_large_image\" \/>\n<meta name=\"twitter:label1\" content=\"Written by\" \/>\n\t<meta name=\"twitter:data1\" content=\"gazetar2\" \/>\n\t<meta name=\"twitter:label2\" content=\"Est. reading time\" \/>\n\t<meta name=\"twitter:data2\" content=\"1 minute\" \/>\n<script type=\"application\/ld+json\" class=\"yoast-schema-graph\">{\"@context\":\"https:\/\/schema.org\",\"@graph\":[{\"@type\":\"Article\",\"@id\":\"https:\/\/www.press7.tv\/?p=21081#article\",\"isPartOf\":{\"@id\":\"https:\/\/www.press7.tv\/?p=21081\"},\"author\":{\"name\":\"gazetar2\",\"@id\":\"https:\/\/www.news33.tv\/#\/schema\/person\/5a04a38a23ccdba82f9bd665cd8f9efa\"},\"headline\":\"Ende nuk \u00ebsht\u00eb gjetur 16-vje\u00e7arja, nd\u00ebrpriten k\u00ebrkimet n\u00eb lumin Vardar\",\"datePublished\":\"2025-07-24T21:36:00+00:00\",\"mainEntityOfPage\":{\"@id\":\"https:\/\/www.press7.tv\/?p=21081\"},\"wordCount\":158,\"publisher\":{\"@id\":\"https:\/\/www.news33.tv\/#organization\"},\"image\":{\"@id\":\"https:\/\/www.press7.tv\/?p=21081#primaryimage\"},\"thumbnailUrl\":\"https:\/\/www.press7.tv\/wp-content\/uploads\/2025\/07\/IMG_6671.avif\",\"articleSection\":[\"Lajme\",\"Maqedoni\"],\"inLanguage\":\"en-US\"},{\"@type\":\"WebPage\",\"@id\":\"https:\/\/www.press7.tv\/?p=21081\",\"url\":\"https:\/\/www.press7.tv\/?p=21081\",\"name\":\"Ende nuk \u00ebsht\u00eb gjetur 16-vje\u00e7arja, nd\u00ebrpriten k\u00ebrkimet n\u00eb lumin Vardar - press7.tv\",\"isPartOf\":{\"@id\":\"https:\/\/www.news33.tv\/#website\"},\"primaryImageOfPage\":{\"@id\":\"https:\/\/www.press7.tv\/?p=21081#primaryimage\"},\"image\":{\"@id\":\"https:\/\/www.press7.tv\/?p=21081#primaryimage\"},\"thumbnailUrl\":\"https:\/\/www.press7.tv\/wp-content\/uploads\/2025\/07\/IMG_6671.avif\",\"datePublished\":\"2025-07-24T21:36:00+00:00\",\"breadcrumb\":{\"@id\":\"https:\/\/www.press7.tv\/?p=21081#breadcrumb\"},\"inLanguage\":\"en-US\",\"potentialAction\":[{\"@type\":\"ReadAction\",\"target\":[\"https:\/\/www.press7.tv\/?p=21081\"]}]},{\"@type\":\"ImageObject\",\"inLanguage\":\"en-US\",\"@id\":\"https:\/\/www.press7.tv\/?p=21081#primaryimage\",\"url\":\"https:\/\/www.press7.tv\/wp-content\/uploads\/2025\/07\/IMG_6671.avif\",\"contentUrl\":\"https:\/\/www.press7.tv\/wp-content\/uploads\/2025\/07\/IMG_6671.avif\",\"width\":1242,\"height\":722,\"caption\":\"Screenshot\"},{\"@type\":\"BreadcrumbList\",\"@id\":\"https:\/\/www.press7.tv\/?p=21081#breadcrumb\",\"itemListElement\":[{\"@type\":\"ListItem\",\"position\":1,\"name\":\"Home\",\"item\":\"https:\/\/www.press7.tv\/\"},{\"@type\":\"ListItem\",\"position\":2,\"name\":\"Ende nuk \u00ebsht\u00eb gjetur 16-vje\u00e7arja, nd\u00ebrpriten k\u00ebrkimet n\u00eb lumin Vardar\"}]},{\"@type\":\"WebSite\",\"@id\":\"https:\/\/www.news33.tv\/#website\",\"url\":\"https:\/\/www.news33.tv\/\",\"name\":\"News33.tv Media\",\"description\":\"Media\",\"publisher\":{\"@id\":\"https:\/\/www.news33.tv\/#organization\"},\"potentialAction\":[{\"@type\":\"SearchAction\",\"target\":{\"@type\":\"EntryPoint\",\"urlTemplate\":\"https:\/\/www.news33.tv\/?s={search_term_string}\"},\"query-input\":{\"@type\":\"PropertyValueSpecification\",\"valueRequired\":true,\"valueName\":\"search_term_string\"}}],\"inLanguage\":\"en-US\"},{\"@type\":\"Organization\",\"@id\":\"https:\/\/www.news33.tv\/#organization\",\"name\":\"News33.tv Media\",\"url\":\"https:\/\/www.news33.tv\/\",\"logo\":{\"@type\":\"ImageObject\",\"inLanguage\":\"en-US\",\"@id\":\"https:\/\/www.news33.tv\/#\/schema\/logo\/image\/\",\"url\":\"https:\/\/www.press7.tv\/wp-content\/uploads\/2024\/02\/logo-news33-black.png\",\"contentUrl\":\"https:\/\/www.press7.tv\/wp-content\/uploads\/2024\/02\/logo-news33-black.png\",\"width\":180,\"height\":37,\"caption\":\"News33.tv Media\"},\"image\":{\"@id\":\"https:\/\/www.news33.tv\/#\/schema\/logo\/image\/\"},\"sameAs\":[\"https:\/\/www.facebook.com\/press7.tv\"]},{\"@type\":\"Person\",\"@id\":\"https:\/\/www.news33.tv\/#\/schema\/person\/5a04a38a23ccdba82f9bd665cd8f9efa\",\"name\":\"gazetar2\",\"image\":{\"@type\":\"ImageObject\",\"inLanguage\":\"en-US\",\"@id\":\"https:\/\/www.news33.tv\/#\/schema\/person\/image\/\",\"url\":\"https:\/\/www.press7.tv\/wp-content\/litespeed\/avatar\/41975e402c3049d9ddb03adca8f7a883.jpg?ver=1777169572\",\"contentUrl\":\"https:\/\/www.press7.tv\/wp-content\/litespeed\/avatar\/41975e402c3049d9ddb03adca8f7a883.jpg?ver=1777169572\",\"caption\":\"gazetar2\"},\"url\":\"https:\/\/www.press7.tv\/?author=8\"}]}<\/script>\n<!-- \/ Yoast SEO plugin. -->","yoast_head_json":{"title":"Ende nuk \u00ebsht\u00eb gjetur 16-vje\u00e7arja, nd\u00ebrpriten k\u00ebrkimet n\u00eb lumin Vardar - press7.tv","robots":{"index":"index","follow":"follow","max-snippet":"max-snippet:-1","max-image-preview":"max-image-preview:large","max-video-preview":"max-video-preview:-1"},"canonical":"https:\/\/www.press7.tv\/?p=21081","og_locale":"en_US","og_type":"article","og_title":"Ende nuk \u00ebsht\u00eb gjetur 16-vje\u00e7arja, nd\u00ebrpriten k\u00ebrkimet n\u00eb lumin Vardar - press7.tv","og_description":"Qendra p\u00ebr Menaxhim me Kriza ka njoftuar se jan\u00eb nd\u00ebrprer\u00eb k\u00ebrkimet p\u00ebr gjetjen e 16-vje\u00e7ares, e cila kishte r\u00ebn\u00eb n\u00eb lumin Vardar, njofton TV21. \u201cAktualisht, Qendra Operative e QMK-s\u00eb \u00ebsht\u00eb njoftuar se ekipet q\u00eb po kryenin k\u00ebrkime do t\u00eb t\u00ebrhiqen p\u00ebr shkak t\u00eb munges\u00ebs s\u00eb kushteve minimale t\u00eb p\u00ebrshtatshme p\u00ebr k\u00ebrkim gjat\u00eb nat\u00ebs. Her\u00ebt n\u00eb [&hellip;]","og_url":"https:\/\/www.press7.tv\/?p=21081","og_site_name":"press7.tv","article_publisher":"https:\/\/www.facebook.com\/press7.tv","article_published_time":"2025-07-24T21:36:00+00:00","og_image":[{"width":1242,"height":722,"url":"https:\/\/www.press7.tv\/wp-content\/uploads\/2025\/07\/IMG_6671.avif","type":"image\/jpeg"}],"author":"gazetar2","twitter_card":"summary_large_image","twitter_misc":{"Written by":"gazetar2","Est. reading time":"1 minute"},"schema":{"@context":"https:\/\/schema.org","@graph":[{"@type":"Article","@id":"https:\/\/www.press7.tv\/?p=21081#article","isPartOf":{"@id":"https:\/\/www.press7.tv\/?p=21081"},"author":{"name":"gazetar2","@id":"https:\/\/www.news33.tv\/#\/schema\/person\/5a04a38a23ccdba82f9bd665cd8f9efa"},"headline":"Ende nuk \u00ebsht\u00eb gjetur 16-vje\u00e7arja, nd\u00ebrpriten k\u00ebrkimet n\u00eb lumin Vardar","datePublished":"2025-07-24T21:36:00+00:00","mainEntityOfPage":{"@id":"https:\/\/www.press7.tv\/?p=21081"},"wordCount":158,"publisher":{"@id":"https:\/\/www.news33.tv\/#organization"},"image":{"@id":"https:\/\/www.press7.tv\/?p=21081#primaryimage"},"thumbnailUrl":"https:\/\/www.press7.tv\/wp-content\/uploads\/2025\/07\/IMG_6671.avif","articleSection":["Lajme","Maqedoni"],"inLanguage":"en-US"},{"@type":"WebPage","@id":"https:\/\/www.press7.tv\/?p=21081","url":"https:\/\/www.press7.tv\/?p=21081","name":"Ende nuk \u00ebsht\u00eb gjetur 16-vje\u00e7arja, nd\u00ebrpriten k\u00ebrkimet n\u00eb lumin Vardar - press7.tv","isPartOf":{"@id":"https:\/\/www.news33.tv\/#website"},"primaryImageOfPage":{"@id":"https:\/\/www.press7.tv\/?p=21081#primaryimage"},"image":{"@id":"https:\/\/www.press7.tv\/?p=21081#primaryimage"},"thumbnailUrl":"https:\/\/www.press7.tv\/wp-content\/uploads\/2025\/07\/IMG_6671.avif","datePublished":"2025-07-24T21:36:00+00:00","breadcrumb":{"@id":"https:\/\/www.press7.tv\/?p=21081#breadcrumb"},"inLanguage":"en-US","potentialAction":[{"@type":"ReadAction","target":["https:\/\/www.press7.tv\/?p=21081"]}]},{"@type":"ImageObject","inLanguage":"en-US","@id":"https:\/\/www.press7.tv\/?p=21081#primaryimage","url":"https:\/\/www.press7.tv\/wp-content\/uploads\/2025\/07\/IMG_6671.avif","contentUrl":"https:\/\/www.press7.tv\/wp-content\/uploads\/2025\/07\/IMG_6671.avif","width":1242,"height":722,"caption":"Screenshot"},{"@type":"BreadcrumbList","@id":"https:\/\/www.press7.tv\/?p=21081#breadcrumb","itemListElement":[{"@type":"ListItem","position":1,"name":"Home","item":"https:\/\/www.press7.tv\/"},{"@type":"ListItem","position":2,"name":"Ende nuk \u00ebsht\u00eb gjetur 16-vje\u00e7arja, nd\u00ebrpriten k\u00ebrkimet n\u00eb lumin Vardar"}]},{"@type":"WebSite","@id":"https:\/\/www.news33.tv\/#website","url":"https:\/\/www.news33.tv\/","name":"News33.tv Media","description":"Media","publisher":{"@id":"https:\/\/www.news33.tv\/#organization"},"potentialAction":[{"@type":"SearchAction","target":{"@type":"EntryPoint","urlTemplate":"https:\/\/www.news33.tv\/?s={search_term_string}"},"query-input":{"@type":"PropertyValueSpecification","valueRequired":true,"valueName":"search_term_string"}}],"inLanguage":"en-US"},{"@type":"Organization","@id":"https:\/\/www.news33.tv\/#organization","name":"News33.tv Media","url":"https:\/\/www.news33.tv\/","logo":{"@type":"ImageObject","inLanguage":"en-US","@id":"https:\/\/www.news33.tv\/#\/schema\/logo\/image\/","url":"https:\/\/www.press7.tv\/wp-content\/uploads\/2024\/02\/logo-news33-black.png","contentUrl":"https:\/\/www.press7.tv\/wp-content\/uploads\/2024\/02\/logo-news33-black.png","width":180,"height":37,"caption":"News33.tv Media"},"image":{"@id":"https:\/\/www.news33.tv\/#\/schema\/logo\/image\/"},"sameAs":["https:\/\/www.facebook.com\/press7.tv"]},{"@type":"Person","@id":"https:\/\/www.news33.tv\/#\/schema\/person\/5a04a38a23ccdba82f9bd665cd8f9efa","name":"gazetar2","image":{"@type":"ImageObject","inLanguage":"en-US","@id":"https:\/\/www.news33.tv\/#\/schema\/person\/image\/","url":"https:\/\/www.press7.tv\/wp-content\/litespeed\/avatar\/41975e402c3049d9ddb03adca8f7a883.jpg?ver=1777169572","contentUrl":"https:\/\/www.press7.tv\/wp-content\/litespeed\/avatar\/41975e402c3049d9ddb03adca8f7a883.jpg?ver=1777169572","caption":"gazetar2"},"url":"https:\/\/www.press7.tv\/?author=8"}]}},"amp_enabled":true,"_links":{"self":[{"href":"https:\/\/www.press7.tv\/index.php?rest_route=\/wp\/v2\/posts\/21081","targetHints":{"allow":["GET"]}}],"collection":[{"href":"https:\/\/www.press7.tv\/index.php?rest_route=\/wp\/v2\/posts"}],"about":[{"href":"https:\/\/www.press7.tv\/index.php?rest_route=\/wp\/v2\/types\/post"}],"author":[{"embeddable":true,"href":"https:\/\/www.press7.tv\/index.php?rest_route=\/wp\/v2\/users\/8"}],"replies":[{"embeddable":true,"href":"https:\/\/www.press7.tv\/index.php?rest_route=%2Fwp%2Fv2%2Fcomments&post=21081"}],"version-history":[{"count":1,"href":"https:\/\/www.press7.tv\/index.php?rest_route=\/wp\/v2\/posts\/21081\/revisions"}],"predecessor-version":[{"id":21083,"href":"https:\/\/www.press7.tv\/index.php?rest_route=\/wp\/v2\/posts\/21081\/revisions\/21083"}],"wp:featuredmedia":[{"embeddable":true,"href":"https:\/\/www.press7.tv\/index.php?rest_route=\/wp\/v2\/media\/21082"}],"wp:attachment":[{"href":"https:\/\/www.press7.tv\/index.php?rest_route=%2Fwp%2Fv2%2Fmedia&parent=21081"}],"wp:term":[{"taxonomy":"category","embeddable":true,"href":"https:\/\/www.press7.tv\/index.php?rest_route=%2Fwp%2Fv2%2Fcategories&post=21081"},{"taxonomy":"post_tag","embeddable":true,"href":"https:\/\/www.press7.tv\/index.php?rest_route=%2Fwp%2Fv2%2Ftags&post=21081"}],"curies":[{"name":"wp","href":"https:\/\/api.w.org\/{rel}","templated":true}]}}