{"id":21067,"date":"2025-07-24T11:11:36","date_gmt":"2025-07-24T11:11:36","guid":{"rendered":"https:\/\/www.press7.tv\/?p=21067"},"modified":"2025-07-24T11:11:36","modified_gmt":"2025-07-24T11:11:36","slug":"takim-ne-prishtine-arben-fetai-dhe-bekim-qoku-bashke-me-delegacionin-e-aleances-per-shqiptaret-takohen-me-albin-kurtin-dhe-glauk-konjufcen","status":"publish","type":"post","link":"https:\/\/www.press7.tv\/?p=21067","title":{"rendered":"Takim n\u00eb Prishtin\u00eb: Arben Fetai dhe Bekim Qoku, bashk\u00eb me delegacionin e Aleanc\u00ebs p\u00ebr Shqiptar\u00ebt, takohen me Albin Kurtin dhe Glauk Konjufc\u00ebn"},"content":{"rendered":"\n    <div class=\"xs_social_share_widget xs_share_url before_content \t\tmain_content  wslu-style-2 wslu-share-box-shaped wslu-fill-colored wslu-share-m-5 wslu-none wslu-share-vertical wslu-theme-font-no wslu-main_content\">\n\n\t\t\n        <ul>\n\t\t\t        <\/ul>\n    <\/div> \n<p>Sot n\u00eb Prishtin\u00eb u zhvillua nj\u00eb takim i r\u00ebnd\u00ebsish\u00ebm mes p\u00ebrfaq\u00ebsuesve t\u00eb koalicionit VLEN dhe L\u00ebvizjes Vet\u00ebvendosje. Delegacioni nga Maqedonia e Veriut, i p\u00ebrb\u00ebr\u00eb nga Z\u00ebvend\u00ebskryeministri Arben Fetai, Koordinatori i Grupit Parlamentar t\u00eb VLEN-it, Bekim Qoku, deputetja Mimoza Musa, an\u00ebtari i kryesis\u00eb Bashkim Bakiu dhe z\u00ebdh\u00ebn\u00ebsja e Aleanc\u00ebs p\u00ebr Shqiptar\u00ebt, Yllka Nuredini, u prit n\u00eb selin\u00eb e Vet\u00ebvendosjes nga Kryeministri i Republik\u00ebs s\u00eb Kosov\u00ebs dhe nj\u00ebher\u00ebsh Kryetari i VV-s\u00eb, Albin Kurti, si dhe nga N\u00ebnkryetari i Kuvendit t\u00eb Kosov\u00ebs, Glauk Konjufca.<\/p>\n<p>Gjat\u00eb takimit u diskutua p\u00ebr p\u00ebrgatitjet p\u00ebr zgjedhjet lokale q\u00eb pritet t\u00eb mbahen n\u00eb muajin tetor n\u00eb t\u00eb dyja vendet, si dhe p\u00ebr mund\u00ebsit\u00eb e thellimit t\u00eb bashk\u00ebpunimit nd\u00ebrpartiak n\u00eb interes t\u00eb qytetar\u00ebve shqiptar\u00eb n\u00eb rajon.<\/p>\n<p><img data-dominant-color=\"8b8074\" data-has-transparency=\"false\" style=\"--dominant-color: #8b8074;\" fetchpriority=\"high\" decoding=\"async\" class=\"alignnone size-medium wp-image-21069 not-transparent\" src=\"https:\/\/www.press7.tv\/wp-content\/uploads\/2025\/07\/511dadb5-99fc-48ff-98f4-6e69e2a38a24-300x225.avif\" alt=\"\" width=\"300\" height=\"225\" srcset=\"https:\/\/www.press7.tv\/wp-content\/uploads\/2025\/07\/511dadb5-99fc-48ff-98f4-6e69e2a38a24-300x225.avif 300w, https:\/\/www.press7.tv\/wp-content\/uploads\/2025\/07\/511dadb5-99fc-48ff-98f4-6e69e2a38a24-1024x768.avif 1024w, https:\/\/www.press7.tv\/wp-content\/uploads\/2025\/07\/511dadb5-99fc-48ff-98f4-6e69e2a38a24-768x576.avif 768w, https:\/\/www.press7.tv\/wp-content\/uploads\/2025\/07\/511dadb5-99fc-48ff-98f4-6e69e2a38a24-1536x1152.avif 1536w, https:\/\/www.press7.tv\/wp-content\/uploads\/2025\/07\/511dadb5-99fc-48ff-98f4-6e69e2a38a24.avif 2048w\" sizes=\"(max-width: 300px) 100vw, 300px\" \/><\/p>\n<p>Pal\u00ebt u pajtuan p\u00ebr nevoj\u00ebn e nj\u00eb komunikimi t\u00eb rregullt dhe koordinimit strategjik, me q\u00ebllim t\u00eb forcimit t\u00eb p\u00ebrfaq\u00ebsimit politik, nxitjes s\u00eb progresit shoq\u00ebror dhe zhvillimit t\u00eb q\u00ebndruesh\u00ebm. Takimi u cil\u00ebsua si hap i r\u00ebnd\u00ebsish\u00ebm drejt afrimit t\u00eb m\u00ebtejsh\u00ebm politik nd\u00ebrmjet p\u00ebrfaq\u00ebsuesve shqiptar\u00eb n\u00eb rajon.\/ press7.tv<\/p>\n","protected":false},"excerpt":{"rendered":"<p>Sot n\u00eb Prishtin\u00eb u zhvillua nj\u00eb takim i r\u00ebnd\u00ebsish\u00ebm mes p\u00ebrfaq\u00ebsuesve t\u00eb koalicionit VLEN dhe L\u00ebvizjes Vet\u00ebvendosje. Delegacioni nga Maqedonia e Veriut, i p\u00ebrb\u00ebr\u00eb nga Z\u00ebvend\u00ebskryeministri Arben Fetai, Koordinatori i Grupit Parlamentar t\u00eb VLEN-it, Bekim Qoku, deputetja Mimoza Musa, an\u00ebtari i kryesis\u00eb Bashkim Bakiu dhe z\u00ebdh\u00ebn\u00ebsja e Aleanc\u00ebs p\u00ebr Shqiptar\u00ebt, Yllka Nuredini, u prit n\u00eb [&hellip;]<\/p>\n","protected":false},"author":8,"featured_media":21068,"comment_status":"closed","ping_status":"closed","sticky":false,"template":"","format":"standard","meta":{"footnotes":""},"categories":[215,213],"tags":[],"class_list":["post-21067","post","type-post","status-publish","format-standard","has-post-thumbnail","hentry","category-kosove","category-lajme"],"yoast_head":"<!-- This site is optimized with the Yoast SEO plugin v25.1 - https:\/\/yoast.com\/wordpress\/plugins\/seo\/ -->\n<title>Takim n\u00eb Prishtin\u00eb: Arben Fetai dhe Bekim Qoku, bashk\u00eb me delegacionin e Aleanc\u00ebs p\u00ebr Shqiptar\u00ebt, takohen me Albin Kurtin dhe Glauk Konjufc\u00ebn - press7.tv<\/title>\n<meta name=\"robots\" content=\"index, follow, max-snippet:-1, max-image-preview:large, max-video-preview:-1\" \/>\n<link rel=\"canonical\" href=\"https:\/\/www.press7.tv\/?p=21067\" \/>\n<meta property=\"og:locale\" content=\"en_US\" \/>\n<meta property=\"og:type\" content=\"article\" \/>\n<meta property=\"og:title\" content=\"Takim n\u00eb Prishtin\u00eb: Arben Fetai dhe Bekim Qoku, bashk\u00eb me delegacionin e Aleanc\u00ebs p\u00ebr Shqiptar\u00ebt, takohen me Albin Kurtin dhe Glauk Konjufc\u00ebn - press7.tv\" \/>\n<meta property=\"og:description\" content=\"Sot n\u00eb Prishtin\u00eb u zhvillua nj\u00eb takim i r\u00ebnd\u00ebsish\u00ebm mes p\u00ebrfaq\u00ebsuesve t\u00eb koalicionit VLEN dhe L\u00ebvizjes Vet\u00ebvendosje. Delegacioni nga Maqedonia e Veriut, i p\u00ebrb\u00ebr\u00eb nga Z\u00ebvend\u00ebskryeministri Arben Fetai, Koordinatori i Grupit Parlamentar t\u00eb VLEN-it, Bekim Qoku, deputetja Mimoza Musa, an\u00ebtari i kryesis\u00eb Bashkim Bakiu dhe z\u00ebdh\u00ebn\u00ebsja e Aleanc\u00ebs p\u00ebr Shqiptar\u00ebt, Yllka Nuredini, u prit n\u00eb [&hellip;]\" \/>\n<meta property=\"og:url\" content=\"https:\/\/www.press7.tv\/?p=21067\" \/>\n<meta property=\"og:site_name\" content=\"press7.tv\" \/>\n<meta property=\"article:publisher\" content=\"https:\/\/www.facebook.com\/press7.tv\" \/>\n<meta property=\"article:published_time\" content=\"2025-07-24T11:11:36+00:00\" \/>\n<meta property=\"og:image\" content=\"https:\/\/www.press7.tv\/wp-content\/uploads\/2025\/07\/0f74a29c-c587-4466-ac87-d71b6e7f9bd7.avif\" \/>\n\t<meta property=\"og:image:width\" content=\"2048\" \/>\n\t<meta property=\"og:image:height\" content=\"1536\" \/>\n\t<meta property=\"og:image:type\" content=\"image\/jpeg\" \/>\n<meta name=\"author\" content=\"gazetar2\" \/>\n<meta name=\"twitter:card\" content=\"summary_large_image\" \/>\n<meta name=\"twitter:label1\" content=\"Written by\" \/>\n\t<meta name=\"twitter:data1\" content=\"gazetar2\" \/>\n\t<meta name=\"twitter:label2\" content=\"Est. reading time\" \/>\n\t<meta name=\"twitter:data2\" content=\"2 minutes\" \/>\n<script type=\"application\/ld+json\" class=\"yoast-schema-graph\">{\"@context\":\"https:\/\/schema.org\",\"@graph\":[{\"@type\":\"Article\",\"@id\":\"https:\/\/www.press7.tv\/?p=21067#article\",\"isPartOf\":{\"@id\":\"https:\/\/www.press7.tv\/?p=21067\"},\"author\":{\"name\":\"gazetar2\",\"@id\":\"https:\/\/www.news33.tv\/#\/schema\/person\/5a04a38a23ccdba82f9bd665cd8f9efa\"},\"headline\":\"Takim n\u00eb Prishtin\u00eb: Arben Fetai dhe Bekim Qoku, bashk\u00eb me delegacionin e Aleanc\u00ebs p\u00ebr Shqiptar\u00ebt, takohen me Albin Kurtin dhe Glauk Konjufc\u00ebn\",\"datePublished\":\"2025-07-24T11:11:36+00:00\",\"mainEntityOfPage\":{\"@id\":\"https:\/\/www.press7.tv\/?p=21067\"},\"wordCount\":241,\"publisher\":{\"@id\":\"https:\/\/www.news33.tv\/#organization\"},\"image\":{\"@id\":\"https:\/\/www.press7.tv\/?p=21067#primaryimage\"},\"thumbnailUrl\":\"https:\/\/www.press7.tv\/wp-content\/uploads\/2025\/07\/0f74a29c-c587-4466-ac87-d71b6e7f9bd7.avif\",\"articleSection\":[\"Kosov\u00eb\",\"Lajme\"],\"inLanguage\":\"en-US\"},{\"@type\":\"WebPage\",\"@id\":\"https:\/\/www.press7.tv\/?p=21067\",\"url\":\"https:\/\/www.press7.tv\/?p=21067\",\"name\":\"Takim n\u00eb Prishtin\u00eb: Arben Fetai dhe Bekim Qoku, bashk\u00eb me delegacionin e Aleanc\u00ebs p\u00ebr Shqiptar\u00ebt, takohen me Albin Kurtin dhe Glauk Konjufc\u00ebn - press7.tv\",\"isPartOf\":{\"@id\":\"https:\/\/www.news33.tv\/#website\"},\"primaryImageOfPage\":{\"@id\":\"https:\/\/www.press7.tv\/?p=21067#primaryimage\"},\"image\":{\"@id\":\"https:\/\/www.press7.tv\/?p=21067#primaryimage\"},\"thumbnailUrl\":\"https:\/\/www.press7.tv\/wp-content\/uploads\/2025\/07\/0f74a29c-c587-4466-ac87-d71b6e7f9bd7.avif\",\"datePublished\":\"2025-07-24T11:11:36+00:00\",\"breadcrumb\":{\"@id\":\"https:\/\/www.press7.tv\/?p=21067#breadcrumb\"},\"inLanguage\":\"en-US\",\"potentialAction\":[{\"@type\":\"ReadAction\",\"target\":[\"https:\/\/www.press7.tv\/?p=21067\"]}]},{\"@type\":\"ImageObject\",\"inLanguage\":\"en-US\",\"@id\":\"https:\/\/www.press7.tv\/?p=21067#primaryimage\",\"url\":\"https:\/\/www.press7.tv\/wp-content\/uploads\/2025\/07\/0f74a29c-c587-4466-ac87-d71b6e7f9bd7.avif\",\"contentUrl\":\"https:\/\/www.press7.tv\/wp-content\/uploads\/2025\/07\/0f74a29c-c587-4466-ac87-d71b6e7f9bd7.avif\",\"width\":2048,\"height\":1536},{\"@type\":\"BreadcrumbList\",\"@id\":\"https:\/\/www.press7.tv\/?p=21067#breadcrumb\",\"itemListElement\":[{\"@type\":\"ListItem\",\"position\":1,\"name\":\"Home\",\"item\":\"https:\/\/www.press7.tv\/\"},{\"@type\":\"ListItem\",\"position\":2,\"name\":\"Takim n\u00eb Prishtin\u00eb: Arben Fetai dhe Bekim Qoku, bashk\u00eb me delegacionin e Aleanc\u00ebs p\u00ebr Shqiptar\u00ebt, takohen me Albin Kurtin dhe Glauk Konjufc\u00ebn\"}]},{\"@type\":\"WebSite\",\"@id\":\"https:\/\/www.news33.tv\/#website\",\"url\":\"https:\/\/www.news33.tv\/\",\"name\":\"News33.tv Media\",\"description\":\"Media\",\"publisher\":{\"@id\":\"https:\/\/www.news33.tv\/#organization\"},\"potentialAction\":[{\"@type\":\"SearchAction\",\"target\":{\"@type\":\"EntryPoint\",\"urlTemplate\":\"https:\/\/www.news33.tv\/?s={search_term_string}\"},\"query-input\":{\"@type\":\"PropertyValueSpecification\",\"valueRequired\":true,\"valueName\":\"search_term_string\"}}],\"inLanguage\":\"en-US\"},{\"@type\":\"Organization\",\"@id\":\"https:\/\/www.news33.tv\/#organization\",\"name\":\"News33.tv Media\",\"url\":\"https:\/\/www.news33.tv\/\",\"logo\":{\"@type\":\"ImageObject\",\"inLanguage\":\"en-US\",\"@id\":\"https:\/\/www.news33.tv\/#\/schema\/logo\/image\/\",\"url\":\"https:\/\/www.press7.tv\/wp-content\/uploads\/2024\/02\/logo-news33-black.png\",\"contentUrl\":\"https:\/\/www.press7.tv\/wp-content\/uploads\/2024\/02\/logo-news33-black.png\",\"width\":180,\"height\":37,\"caption\":\"News33.tv Media\"},\"image\":{\"@id\":\"https:\/\/www.news33.tv\/#\/schema\/logo\/image\/\"},\"sameAs\":[\"https:\/\/www.facebook.com\/press7.tv\"]},{\"@type\":\"Person\",\"@id\":\"https:\/\/www.news33.tv\/#\/schema\/person\/5a04a38a23ccdba82f9bd665cd8f9efa\",\"name\":\"gazetar2\",\"image\":{\"@type\":\"ImageObject\",\"inLanguage\":\"en-US\",\"@id\":\"https:\/\/www.news33.tv\/#\/schema\/person\/image\/\",\"url\":\"https:\/\/www.press7.tv\/wp-content\/litespeed\/avatar\/41975e402c3049d9ddb03adca8f7a883.jpg?ver=1777169572\",\"contentUrl\":\"https:\/\/www.press7.tv\/wp-content\/litespeed\/avatar\/41975e402c3049d9ddb03adca8f7a883.jpg?ver=1777169572\",\"caption\":\"gazetar2\"},\"url\":\"https:\/\/www.press7.tv\/?author=8\"}]}<\/script>\n<!-- \/ Yoast SEO plugin. -->","yoast_head_json":{"title":"Takim n\u00eb Prishtin\u00eb: Arben Fetai dhe Bekim Qoku, bashk\u00eb me delegacionin e Aleanc\u00ebs p\u00ebr Shqiptar\u00ebt, takohen me Albin Kurtin dhe Glauk Konjufc\u00ebn - press7.tv","robots":{"index":"index","follow":"follow","max-snippet":"max-snippet:-1","max-image-preview":"max-image-preview:large","max-video-preview":"max-video-preview:-1"},"canonical":"https:\/\/www.press7.tv\/?p=21067","og_locale":"en_US","og_type":"article","og_title":"Takim n\u00eb Prishtin\u00eb: Arben Fetai dhe Bekim Qoku, bashk\u00eb me delegacionin e Aleanc\u00ebs p\u00ebr Shqiptar\u00ebt, takohen me Albin Kurtin dhe Glauk Konjufc\u00ebn - press7.tv","og_description":"Sot n\u00eb Prishtin\u00eb u zhvillua nj\u00eb takim i r\u00ebnd\u00ebsish\u00ebm mes p\u00ebrfaq\u00ebsuesve t\u00eb koalicionit VLEN dhe L\u00ebvizjes Vet\u00ebvendosje. Delegacioni nga Maqedonia e Veriut, i p\u00ebrb\u00ebr\u00eb nga Z\u00ebvend\u00ebskryeministri Arben Fetai, Koordinatori i Grupit Parlamentar t\u00eb VLEN-it, Bekim Qoku, deputetja Mimoza Musa, an\u00ebtari i kryesis\u00eb Bashkim Bakiu dhe z\u00ebdh\u00ebn\u00ebsja e Aleanc\u00ebs p\u00ebr Shqiptar\u00ebt, Yllka Nuredini, u prit n\u00eb [&hellip;]","og_url":"https:\/\/www.press7.tv\/?p=21067","og_site_name":"press7.tv","article_publisher":"https:\/\/www.facebook.com\/press7.tv","article_published_time":"2025-07-24T11:11:36+00:00","og_image":[{"width":2048,"height":1536,"url":"https:\/\/www.press7.tv\/wp-content\/uploads\/2025\/07\/0f74a29c-c587-4466-ac87-d71b6e7f9bd7.avif","type":"image\/jpeg"}],"author":"gazetar2","twitter_card":"summary_large_image","twitter_misc":{"Written by":"gazetar2","Est. reading time":"2 minutes"},"schema":{"@context":"https:\/\/schema.org","@graph":[{"@type":"Article","@id":"https:\/\/www.press7.tv\/?p=21067#article","isPartOf":{"@id":"https:\/\/www.press7.tv\/?p=21067"},"author":{"name":"gazetar2","@id":"https:\/\/www.news33.tv\/#\/schema\/person\/5a04a38a23ccdba82f9bd665cd8f9efa"},"headline":"Takim n\u00eb Prishtin\u00eb: Arben Fetai dhe Bekim Qoku, bashk\u00eb me delegacionin e Aleanc\u00ebs p\u00ebr Shqiptar\u00ebt, takohen me Albin Kurtin dhe Glauk Konjufc\u00ebn","datePublished":"2025-07-24T11:11:36+00:00","mainEntityOfPage":{"@id":"https:\/\/www.press7.tv\/?p=21067"},"wordCount":241,"publisher":{"@id":"https:\/\/www.news33.tv\/#organization"},"image":{"@id":"https:\/\/www.press7.tv\/?p=21067#primaryimage"},"thumbnailUrl":"https:\/\/www.press7.tv\/wp-content\/uploads\/2025\/07\/0f74a29c-c587-4466-ac87-d71b6e7f9bd7.avif","articleSection":["Kosov\u00eb","Lajme"],"inLanguage":"en-US"},{"@type":"WebPage","@id":"https:\/\/www.press7.tv\/?p=21067","url":"https:\/\/www.press7.tv\/?p=21067","name":"Takim n\u00eb Prishtin\u00eb: Arben Fetai dhe Bekim Qoku, bashk\u00eb me delegacionin e Aleanc\u00ebs p\u00ebr Shqiptar\u00ebt, takohen me Albin Kurtin dhe Glauk Konjufc\u00ebn - press7.tv","isPartOf":{"@id":"https:\/\/www.news33.tv\/#website"},"primaryImageOfPage":{"@id":"https:\/\/www.press7.tv\/?p=21067#primaryimage"},"image":{"@id":"https:\/\/www.press7.tv\/?p=21067#primaryimage"},"thumbnailUrl":"https:\/\/www.press7.tv\/wp-content\/uploads\/2025\/07\/0f74a29c-c587-4466-ac87-d71b6e7f9bd7.avif","datePublished":"2025-07-24T11:11:36+00:00","breadcrumb":{"@id":"https:\/\/www.press7.tv\/?p=21067#breadcrumb"},"inLanguage":"en-US","potentialAction":[{"@type":"ReadAction","target":["https:\/\/www.press7.tv\/?p=21067"]}]},{"@type":"ImageObject","inLanguage":"en-US","@id":"https:\/\/www.press7.tv\/?p=21067#primaryimage","url":"https:\/\/www.press7.tv\/wp-content\/uploads\/2025\/07\/0f74a29c-c587-4466-ac87-d71b6e7f9bd7.avif","contentUrl":"https:\/\/www.press7.tv\/wp-content\/uploads\/2025\/07\/0f74a29c-c587-4466-ac87-d71b6e7f9bd7.avif","width":2048,"height":1536},{"@type":"BreadcrumbList","@id":"https:\/\/www.press7.tv\/?p=21067#breadcrumb","itemListElement":[{"@type":"ListItem","position":1,"name":"Home","item":"https:\/\/www.press7.tv\/"},{"@type":"ListItem","position":2,"name":"Takim n\u00eb Prishtin\u00eb: Arben Fetai dhe Bekim Qoku, bashk\u00eb me delegacionin e Aleanc\u00ebs p\u00ebr Shqiptar\u00ebt, takohen me Albin Kurtin dhe Glauk Konjufc\u00ebn"}]},{"@type":"WebSite","@id":"https:\/\/www.news33.tv\/#website","url":"https:\/\/www.news33.tv\/","name":"News33.tv Media","description":"Media","publisher":{"@id":"https:\/\/www.news33.tv\/#organization"},"potentialAction":[{"@type":"SearchAction","target":{"@type":"EntryPoint","urlTemplate":"https:\/\/www.news33.tv\/?s={search_term_string}"},"query-input":{"@type":"PropertyValueSpecification","valueRequired":true,"valueName":"search_term_string"}}],"inLanguage":"en-US"},{"@type":"Organization","@id":"https:\/\/www.news33.tv\/#organization","name":"News33.tv Media","url":"https:\/\/www.news33.tv\/","logo":{"@type":"ImageObject","inLanguage":"en-US","@id":"https:\/\/www.news33.tv\/#\/schema\/logo\/image\/","url":"https:\/\/www.press7.tv\/wp-content\/uploads\/2024\/02\/logo-news33-black.png","contentUrl":"https:\/\/www.press7.tv\/wp-content\/uploads\/2024\/02\/logo-news33-black.png","width":180,"height":37,"caption":"News33.tv Media"},"image":{"@id":"https:\/\/www.news33.tv\/#\/schema\/logo\/image\/"},"sameAs":["https:\/\/www.facebook.com\/press7.tv"]},{"@type":"Person","@id":"https:\/\/www.news33.tv\/#\/schema\/person\/5a04a38a23ccdba82f9bd665cd8f9efa","name":"gazetar2","image":{"@type":"ImageObject","inLanguage":"en-US","@id":"https:\/\/www.news33.tv\/#\/schema\/person\/image\/","url":"https:\/\/www.press7.tv\/wp-content\/litespeed\/avatar\/41975e402c3049d9ddb03adca8f7a883.jpg?ver=1777169572","contentUrl":"https:\/\/www.press7.tv\/wp-content\/litespeed\/avatar\/41975e402c3049d9ddb03adca8f7a883.jpg?ver=1777169572","caption":"gazetar2"},"url":"https:\/\/www.press7.tv\/?author=8"}]}},"amp_enabled":true,"_links":{"self":[{"href":"https:\/\/www.press7.tv\/index.php?rest_route=\/wp\/v2\/posts\/21067","targetHints":{"allow":["GET"]}}],"collection":[{"href":"https:\/\/www.press7.tv\/index.php?rest_route=\/wp\/v2\/posts"}],"about":[{"href":"https:\/\/www.press7.tv\/index.php?rest_route=\/wp\/v2\/types\/post"}],"author":[{"embeddable":true,"href":"https:\/\/www.press7.tv\/index.php?rest_route=\/wp\/v2\/users\/8"}],"replies":[{"embeddable":true,"href":"https:\/\/www.press7.tv\/index.php?rest_route=%2Fwp%2Fv2%2Fcomments&post=21067"}],"version-history":[{"count":1,"href":"https:\/\/www.press7.tv\/index.php?rest_route=\/wp\/v2\/posts\/21067\/revisions"}],"predecessor-version":[{"id":21070,"href":"https:\/\/www.press7.tv\/index.php?rest_route=\/wp\/v2\/posts\/21067\/revisions\/21070"}],"wp:featuredmedia":[{"embeddable":true,"href":"https:\/\/www.press7.tv\/index.php?rest_route=\/wp\/v2\/media\/21068"}],"wp:attachment":[{"href":"https:\/\/www.press7.tv\/index.php?rest_route=%2Fwp%2Fv2%2Fmedia&parent=21067"}],"wp:term":[{"taxonomy":"category","embeddable":true,"href":"https:\/\/www.press7.tv\/index.php?rest_route=%2Fwp%2Fv2%2Fcategories&post=21067"},{"taxonomy":"post_tag","embeddable":true,"href":"https:\/\/www.press7.tv\/index.php?rest_route=%2Fwp%2Fv2%2Ftags&post=21067"}],"curies":[{"name":"wp","href":"https:\/\/api.w.org\/{rel}","templated":true}]}}