{"id":21061,"date":"2025-07-23T18:41:21","date_gmt":"2025-07-23T18:41:21","guid":{"rendered":"https:\/\/www.press7.tv\/?p=21061"},"modified":"2025-07-23T18:41:21","modified_gmt":"2025-07-23T18:41:21","slug":"kdi-kerkesa-e-presidentes-per-interpretim-nga-kushtetuesja-ngre-disa-dilema","status":"publish","type":"post","link":"https:\/\/www.press7.tv\/?p=21061","title":{"rendered":"KDI: K\u00ebrkesa e presidentes p\u00ebr interpretim nga Kushtetuesja ngre disa dilema"},"content":{"rendered":"\n    <div class=\"xs_social_share_widget xs_share_url before_content \t\tmain_content  wslu-style-2 wslu-share-box-shaped wslu-fill-colored wslu-share-m-5 wslu-none wslu-share-vertical wslu-theme-font-no wslu-main_content\">\n\n\t\t\n        <ul>\n\t\t\t        <\/ul>\n    <\/div> \n<p>Instituti Demokratik i Kosov\u00ebs (KDI) ka vler\u00ebsuar se k\u00ebrkesa e presidentes p\u00ebr interpretim nga Gjykata Kushtetuese, e paraqitur vet\u00ebm pak dit\u00eb para p\u00ebrfundimit t\u00eb afatit 30-ditor p\u00ebr konstituim t\u00eb Kuvendit, ngre disa dilema.<\/p>\n<p>KDI-ja ka theksuar se posa\u00e7\u00ebrisht pyetja e parashtruar n\u00eb k\u00ebrkes\u00eb se \u201c\u00e7far\u00eb ndodh pas 30 dit\u00ebsh\u201d, \u00ebsht\u00eb \u00e7\u00ebshtje q\u00eb ka mundur t\u00eb sqarohej menj\u00ebher\u00eb pas shpalljes s\u00eb aktgjykimit n\u00eb m\u00ebnyr\u00eb q\u00eb t\u00eb sigurohej qart\u00ebsi mbi pasojat juridike t\u00eb monskonstituimit.<\/p>\n<p>\u201cFillimisht, \u00ebsht\u00eb e paqart\u00eb se ku q\u00ebndron pretendimi p\u00ebr \u2018konflikt t\u00eb kompetencave\u2019 mes Presidenc\u00ebs, Kuvendit dhe Qeveris\u00eb n\u00eb k\u00ebt\u00eb moment, p\u00ebrderisa afati ende nuk ka p\u00ebrfunduar, dhe Kuvendi ka ende hap\u00ebsir\u00eb p\u00ebr t\u00eb p\u00ebrmbushur detyrimin e tij p\u00ebr konstituim. N\u00eb k\u00ebt\u00eb kuptim, k\u00ebrkesa duket se paragjykon rezultatin e dit\u00ebve t\u00eb mbetura dhe dob\u00ebson pritshm\u00ebrin\u00eb q\u00eb deputet\u00ebt ta p\u00ebrmbushin p\u00ebrgjegj\u00ebsin\u00eb e tyre\u201d, thuhet n\u00eb komunikat\u00ebn e Institutit.<\/p>\n<p>N\u00eb an\u00ebn tjet\u00ebr, KDI e ka vler\u00ebsuar t\u00eb paarsyeshme k\u00ebrkes\u00ebn p\u00ebr pezullim t\u00eb afatit kushtetues, n\u00eb form\u00ebn e nj\u00eb mase t\u00eb p\u00ebrkohshme, meq\u00eb sipas KDI-s\u00eb e nj\u00ebjta iu mund\u00ebson \u201ckomoditet\u201d, p\u00ebr mosveprim subjekteve parlamentare dhe deputet\u00ebve.<\/p>\n<p>\u201cKDI konsideron q\u00eb aktgjykimi i 26 qershorit \u00ebsht\u00eb i qart\u00eb dhe ka p\u00ebrcaktuar afatin 30-ditor si detyrues dhe substancial p\u00ebr subjektet parlamentare, respektivisht deputet\u00ebt. N\u00eb fakt, mosrespektimi i afatit p\u00ebrb\u00ebn nj\u00eb d\u00ebshtim p\u00ebr t\u00eb p\u00ebrmbushur nj\u00eb detyrim themelor kushtetues\u201d, thuhet tutje.<\/p>\n","protected":false},"excerpt":{"rendered":"<p>Instituti Demokratik i Kosov\u00ebs (KDI) ka vler\u00ebsuar se k\u00ebrkesa e presidentes p\u00ebr interpretim nga Gjykata Kushtetuese, e paraqitur vet\u00ebm pak dit\u00eb para p\u00ebrfundimit t\u00eb afatit 30-ditor p\u00ebr konstituim t\u00eb Kuvendit, ngre disa dilema. KDI-ja ka theksuar se posa\u00e7\u00ebrisht pyetja e parashtruar n\u00eb k\u00ebrkes\u00eb se \u201c\u00e7far\u00eb ndodh pas 30 dit\u00ebsh\u201d, \u00ebsht\u00eb \u00e7\u00ebshtje q\u00eb ka mundur t\u00eb [&hellip;]<\/p>\n","protected":false},"author":8,"featured_media":21062,"comment_status":"closed","ping_status":"closed","sticky":false,"template":"","format":"standard","meta":{"footnotes":""},"categories":[215,213],"tags":[],"class_list":["post-21061","post","type-post","status-publish","format-standard","has-post-thumbnail","hentry","category-kosove","category-lajme"],"yoast_head":"<!-- This site is optimized with the Yoast SEO plugin v25.1 - https:\/\/yoast.com\/wordpress\/plugins\/seo\/ -->\n<title>KDI: K\u00ebrkesa e presidentes p\u00ebr interpretim nga Kushtetuesja ngre disa dilema - press7.tv<\/title>\n<meta name=\"robots\" content=\"index, follow, max-snippet:-1, max-image-preview:large, max-video-preview:-1\" \/>\n<link rel=\"canonical\" href=\"https:\/\/www.press7.tv\/?p=21061\" \/>\n<meta property=\"og:locale\" content=\"en_US\" \/>\n<meta property=\"og:type\" content=\"article\" \/>\n<meta property=\"og:title\" content=\"KDI: K\u00ebrkesa e presidentes p\u00ebr interpretim nga Kushtetuesja ngre disa dilema - press7.tv\" \/>\n<meta property=\"og:description\" content=\"Instituti Demokratik i Kosov\u00ebs (KDI) ka vler\u00ebsuar se k\u00ebrkesa e presidentes p\u00ebr interpretim nga Gjykata Kushtetuese, e paraqitur vet\u00ebm pak dit\u00eb para p\u00ebrfundimit t\u00eb afatit 30-ditor p\u00ebr konstituim t\u00eb Kuvendit, ngre disa dilema. KDI-ja ka theksuar se posa\u00e7\u00ebrisht pyetja e parashtruar n\u00eb k\u00ebrkes\u00eb se \u201c\u00e7far\u00eb ndodh pas 30 dit\u00ebsh\u201d, \u00ebsht\u00eb \u00e7\u00ebshtje q\u00eb ka mundur t\u00eb [&hellip;]\" \/>\n<meta property=\"og:url\" content=\"https:\/\/www.press7.tv\/?p=21061\" \/>\n<meta property=\"og:site_name\" content=\"press7.tv\" \/>\n<meta property=\"article:publisher\" content=\"https:\/\/www.facebook.com\/press7.tv\" \/>\n<meta property=\"article:published_time\" content=\"2025-07-23T18:41:21+00:00\" \/>\n<meta property=\"og:image\" content=\"https:\/\/www.press7.tv\/wp-content\/uploads\/2025\/07\/IMG_6566-1.avif\" \/>\n\t<meta property=\"og:image:width\" content=\"1360\" \/>\n\t<meta property=\"og:image:height\" content=\"870\" \/>\n\t<meta property=\"og:image:type\" content=\"image\/webp\" \/>\n<meta name=\"author\" content=\"gazetar2\" \/>\n<meta name=\"twitter:card\" content=\"summary_large_image\" \/>\n<meta name=\"twitter:label1\" content=\"Written by\" \/>\n\t<meta name=\"twitter:data1\" content=\"gazetar2\" \/>\n\t<meta name=\"twitter:label2\" content=\"Est. reading time\" \/>\n\t<meta name=\"twitter:data2\" content=\"1 minute\" \/>\n<script type=\"application\/ld+json\" class=\"yoast-schema-graph\">{\"@context\":\"https:\/\/schema.org\",\"@graph\":[{\"@type\":\"Article\",\"@id\":\"https:\/\/www.press7.tv\/?p=21061#article\",\"isPartOf\":{\"@id\":\"https:\/\/www.press7.tv\/?p=21061\"},\"author\":{\"name\":\"gazetar2\",\"@id\":\"https:\/\/www.news33.tv\/#\/schema\/person\/5a04a38a23ccdba82f9bd665cd8f9efa\"},\"headline\":\"KDI: K\u00ebrkesa e presidentes p\u00ebr interpretim nga Kushtetuesja ngre disa dilema\",\"datePublished\":\"2025-07-23T18:41:21+00:00\",\"mainEntityOfPage\":{\"@id\":\"https:\/\/www.press7.tv\/?p=21061\"},\"wordCount\":279,\"publisher\":{\"@id\":\"https:\/\/www.news33.tv\/#organization\"},\"image\":{\"@id\":\"https:\/\/www.press7.tv\/?p=21061#primaryimage\"},\"thumbnailUrl\":\"https:\/\/www.press7.tv\/wp-content\/uploads\/2025\/07\/IMG_6566-1.avif\",\"articleSection\":[\"Kosov\u00eb\",\"Lajme\"],\"inLanguage\":\"en-US\"},{\"@type\":\"WebPage\",\"@id\":\"https:\/\/www.press7.tv\/?p=21061\",\"url\":\"https:\/\/www.press7.tv\/?p=21061\",\"name\":\"KDI: K\u00ebrkesa e presidentes p\u00ebr interpretim nga Kushtetuesja ngre disa dilema - press7.tv\",\"isPartOf\":{\"@id\":\"https:\/\/www.news33.tv\/#website\"},\"primaryImageOfPage\":{\"@id\":\"https:\/\/www.press7.tv\/?p=21061#primaryimage\"},\"image\":{\"@id\":\"https:\/\/www.press7.tv\/?p=21061#primaryimage\"},\"thumbnailUrl\":\"https:\/\/www.press7.tv\/wp-content\/uploads\/2025\/07\/IMG_6566-1.avif\",\"datePublished\":\"2025-07-23T18:41:21+00:00\",\"breadcrumb\":{\"@id\":\"https:\/\/www.press7.tv\/?p=21061#breadcrumb\"},\"inLanguage\":\"en-US\",\"potentialAction\":[{\"@type\":\"ReadAction\",\"target\":[\"https:\/\/www.press7.tv\/?p=21061\"]}]},{\"@type\":\"ImageObject\",\"inLanguage\":\"en-US\",\"@id\":\"https:\/\/www.press7.tv\/?p=21061#primaryimage\",\"url\":\"https:\/\/www.press7.tv\/wp-content\/uploads\/2025\/07\/IMG_6566-1.avif\",\"contentUrl\":\"https:\/\/www.press7.tv\/wp-content\/uploads\/2025\/07\/IMG_6566-1.avif\",\"width\":1360,\"height\":870},{\"@type\":\"BreadcrumbList\",\"@id\":\"https:\/\/www.press7.tv\/?p=21061#breadcrumb\",\"itemListElement\":[{\"@type\":\"ListItem\",\"position\":1,\"name\":\"Home\",\"item\":\"https:\/\/www.press7.tv\/\"},{\"@type\":\"ListItem\",\"position\":2,\"name\":\"KDI: K\u00ebrkesa e presidentes p\u00ebr interpretim nga Kushtetuesja ngre disa dilema\"}]},{\"@type\":\"WebSite\",\"@id\":\"https:\/\/www.news33.tv\/#website\",\"url\":\"https:\/\/www.news33.tv\/\",\"name\":\"News33.tv Media\",\"description\":\"Media\",\"publisher\":{\"@id\":\"https:\/\/www.news33.tv\/#organization\"},\"potentialAction\":[{\"@type\":\"SearchAction\",\"target\":{\"@type\":\"EntryPoint\",\"urlTemplate\":\"https:\/\/www.news33.tv\/?s={search_term_string}\"},\"query-input\":{\"@type\":\"PropertyValueSpecification\",\"valueRequired\":true,\"valueName\":\"search_term_string\"}}],\"inLanguage\":\"en-US\"},{\"@type\":\"Organization\",\"@id\":\"https:\/\/www.news33.tv\/#organization\",\"name\":\"News33.tv Media\",\"url\":\"https:\/\/www.news33.tv\/\",\"logo\":{\"@type\":\"ImageObject\",\"inLanguage\":\"en-US\",\"@id\":\"https:\/\/www.news33.tv\/#\/schema\/logo\/image\/\",\"url\":\"https:\/\/www.press7.tv\/wp-content\/uploads\/2024\/02\/logo-news33-black.png\",\"contentUrl\":\"https:\/\/www.press7.tv\/wp-content\/uploads\/2024\/02\/logo-news33-black.png\",\"width\":180,\"height\":37,\"caption\":\"News33.tv Media\"},\"image\":{\"@id\":\"https:\/\/www.news33.tv\/#\/schema\/logo\/image\/\"},\"sameAs\":[\"https:\/\/www.facebook.com\/press7.tv\"]},{\"@type\":\"Person\",\"@id\":\"https:\/\/www.news33.tv\/#\/schema\/person\/5a04a38a23ccdba82f9bd665cd8f9efa\",\"name\":\"gazetar2\",\"image\":{\"@type\":\"ImageObject\",\"inLanguage\":\"en-US\",\"@id\":\"https:\/\/www.news33.tv\/#\/schema\/person\/image\/\",\"url\":\"https:\/\/www.press7.tv\/wp-content\/litespeed\/avatar\/41975e402c3049d9ddb03adca8f7a883.jpg?ver=1777169572\",\"contentUrl\":\"https:\/\/www.press7.tv\/wp-content\/litespeed\/avatar\/41975e402c3049d9ddb03adca8f7a883.jpg?ver=1777169572\",\"caption\":\"gazetar2\"},\"url\":\"https:\/\/www.press7.tv\/?author=8\"}]}<\/script>\n<!-- \/ Yoast SEO plugin. -->","yoast_head_json":{"title":"KDI: K\u00ebrkesa e presidentes p\u00ebr interpretim nga Kushtetuesja ngre disa dilema - press7.tv","robots":{"index":"index","follow":"follow","max-snippet":"max-snippet:-1","max-image-preview":"max-image-preview:large","max-video-preview":"max-video-preview:-1"},"canonical":"https:\/\/www.press7.tv\/?p=21061","og_locale":"en_US","og_type":"article","og_title":"KDI: K\u00ebrkesa e presidentes p\u00ebr interpretim nga Kushtetuesja ngre disa dilema - press7.tv","og_description":"Instituti Demokratik i Kosov\u00ebs (KDI) ka vler\u00ebsuar se k\u00ebrkesa e presidentes p\u00ebr interpretim nga Gjykata Kushtetuese, e paraqitur vet\u00ebm pak dit\u00eb para p\u00ebrfundimit t\u00eb afatit 30-ditor p\u00ebr konstituim t\u00eb Kuvendit, ngre disa dilema. KDI-ja ka theksuar se posa\u00e7\u00ebrisht pyetja e parashtruar n\u00eb k\u00ebrkes\u00eb se \u201c\u00e7far\u00eb ndodh pas 30 dit\u00ebsh\u201d, \u00ebsht\u00eb \u00e7\u00ebshtje q\u00eb ka mundur t\u00eb [&hellip;]","og_url":"https:\/\/www.press7.tv\/?p=21061","og_site_name":"press7.tv","article_publisher":"https:\/\/www.facebook.com\/press7.tv","article_published_time":"2025-07-23T18:41:21+00:00","og_image":[{"width":1360,"height":870,"url":"https:\/\/www.press7.tv\/wp-content\/uploads\/2025\/07\/IMG_6566-1.avif","type":"image\/webp"}],"author":"gazetar2","twitter_card":"summary_large_image","twitter_misc":{"Written by":"gazetar2","Est. reading time":"1 minute"},"schema":{"@context":"https:\/\/schema.org","@graph":[{"@type":"Article","@id":"https:\/\/www.press7.tv\/?p=21061#article","isPartOf":{"@id":"https:\/\/www.press7.tv\/?p=21061"},"author":{"name":"gazetar2","@id":"https:\/\/www.news33.tv\/#\/schema\/person\/5a04a38a23ccdba82f9bd665cd8f9efa"},"headline":"KDI: K\u00ebrkesa e presidentes p\u00ebr interpretim nga Kushtetuesja ngre disa dilema","datePublished":"2025-07-23T18:41:21+00:00","mainEntityOfPage":{"@id":"https:\/\/www.press7.tv\/?p=21061"},"wordCount":279,"publisher":{"@id":"https:\/\/www.news33.tv\/#organization"},"image":{"@id":"https:\/\/www.press7.tv\/?p=21061#primaryimage"},"thumbnailUrl":"https:\/\/www.press7.tv\/wp-content\/uploads\/2025\/07\/IMG_6566-1.avif","articleSection":["Kosov\u00eb","Lajme"],"inLanguage":"en-US"},{"@type":"WebPage","@id":"https:\/\/www.press7.tv\/?p=21061","url":"https:\/\/www.press7.tv\/?p=21061","name":"KDI: K\u00ebrkesa e presidentes p\u00ebr interpretim nga Kushtetuesja ngre disa dilema - press7.tv","isPartOf":{"@id":"https:\/\/www.news33.tv\/#website"},"primaryImageOfPage":{"@id":"https:\/\/www.press7.tv\/?p=21061#primaryimage"},"image":{"@id":"https:\/\/www.press7.tv\/?p=21061#primaryimage"},"thumbnailUrl":"https:\/\/www.press7.tv\/wp-content\/uploads\/2025\/07\/IMG_6566-1.avif","datePublished":"2025-07-23T18:41:21+00:00","breadcrumb":{"@id":"https:\/\/www.press7.tv\/?p=21061#breadcrumb"},"inLanguage":"en-US","potentialAction":[{"@type":"ReadAction","target":["https:\/\/www.press7.tv\/?p=21061"]}]},{"@type":"ImageObject","inLanguage":"en-US","@id":"https:\/\/www.press7.tv\/?p=21061#primaryimage","url":"https:\/\/www.press7.tv\/wp-content\/uploads\/2025\/07\/IMG_6566-1.avif","contentUrl":"https:\/\/www.press7.tv\/wp-content\/uploads\/2025\/07\/IMG_6566-1.avif","width":1360,"height":870},{"@type":"BreadcrumbList","@id":"https:\/\/www.press7.tv\/?p=21061#breadcrumb","itemListElement":[{"@type":"ListItem","position":1,"name":"Home","item":"https:\/\/www.press7.tv\/"},{"@type":"ListItem","position":2,"name":"KDI: K\u00ebrkesa e presidentes p\u00ebr interpretim nga Kushtetuesja ngre disa dilema"}]},{"@type":"WebSite","@id":"https:\/\/www.news33.tv\/#website","url":"https:\/\/www.news33.tv\/","name":"News33.tv Media","description":"Media","publisher":{"@id":"https:\/\/www.news33.tv\/#organization"},"potentialAction":[{"@type":"SearchAction","target":{"@type":"EntryPoint","urlTemplate":"https:\/\/www.news33.tv\/?s={search_term_string}"},"query-input":{"@type":"PropertyValueSpecification","valueRequired":true,"valueName":"search_term_string"}}],"inLanguage":"en-US"},{"@type":"Organization","@id":"https:\/\/www.news33.tv\/#organization","name":"News33.tv Media","url":"https:\/\/www.news33.tv\/","logo":{"@type":"ImageObject","inLanguage":"en-US","@id":"https:\/\/www.news33.tv\/#\/schema\/logo\/image\/","url":"https:\/\/www.press7.tv\/wp-content\/uploads\/2024\/02\/logo-news33-black.png","contentUrl":"https:\/\/www.press7.tv\/wp-content\/uploads\/2024\/02\/logo-news33-black.png","width":180,"height":37,"caption":"News33.tv Media"},"image":{"@id":"https:\/\/www.news33.tv\/#\/schema\/logo\/image\/"},"sameAs":["https:\/\/www.facebook.com\/press7.tv"]},{"@type":"Person","@id":"https:\/\/www.news33.tv\/#\/schema\/person\/5a04a38a23ccdba82f9bd665cd8f9efa","name":"gazetar2","image":{"@type":"ImageObject","inLanguage":"en-US","@id":"https:\/\/www.news33.tv\/#\/schema\/person\/image\/","url":"https:\/\/www.press7.tv\/wp-content\/litespeed\/avatar\/41975e402c3049d9ddb03adca8f7a883.jpg?ver=1777169572","contentUrl":"https:\/\/www.press7.tv\/wp-content\/litespeed\/avatar\/41975e402c3049d9ddb03adca8f7a883.jpg?ver=1777169572","caption":"gazetar2"},"url":"https:\/\/www.press7.tv\/?author=8"}]}},"amp_enabled":true,"_links":{"self":[{"href":"https:\/\/www.press7.tv\/index.php?rest_route=\/wp\/v2\/posts\/21061","targetHints":{"allow":["GET"]}}],"collection":[{"href":"https:\/\/www.press7.tv\/index.php?rest_route=\/wp\/v2\/posts"}],"about":[{"href":"https:\/\/www.press7.tv\/index.php?rest_route=\/wp\/v2\/types\/post"}],"author":[{"embeddable":true,"href":"https:\/\/www.press7.tv\/index.php?rest_route=\/wp\/v2\/users\/8"}],"replies":[{"embeddable":true,"href":"https:\/\/www.press7.tv\/index.php?rest_route=%2Fwp%2Fv2%2Fcomments&post=21061"}],"version-history":[{"count":1,"href":"https:\/\/www.press7.tv\/index.php?rest_route=\/wp\/v2\/posts\/21061\/revisions"}],"predecessor-version":[{"id":21063,"href":"https:\/\/www.press7.tv\/index.php?rest_route=\/wp\/v2\/posts\/21061\/revisions\/21063"}],"wp:featuredmedia":[{"embeddable":true,"href":"https:\/\/www.press7.tv\/index.php?rest_route=\/wp\/v2\/media\/21062"}],"wp:attachment":[{"href":"https:\/\/www.press7.tv\/index.php?rest_route=%2Fwp%2Fv2%2Fmedia&parent=21061"}],"wp:term":[{"taxonomy":"category","embeddable":true,"href":"https:\/\/www.press7.tv\/index.php?rest_route=%2Fwp%2Fv2%2Fcategories&post=21061"},{"taxonomy":"post_tag","embeddable":true,"href":"https:\/\/www.press7.tv\/index.php?rest_route=%2Fwp%2Fv2%2Ftags&post=21061"}],"curies":[{"name":"wp","href":"https:\/\/api.w.org\/{rel}","templated":true}]}}