{"id":21054,"date":"2025-07-23T12:00:20","date_gmt":"2025-07-23T12:00:20","guid":{"rendered":"https:\/\/www.press7.tv\/?p=21054"},"modified":"2025-07-23T12:00:20","modified_gmt":"2025-07-23T12:00:20","slug":"turqia-perforcon-mbrojtjen-ajrore-blen-avione-ushtarake-nga-britania-dhe-gjermania","status":"publish","type":"post","link":"https:\/\/www.press7.tv\/?p=21054","title":{"rendered":"Turqia p\u00ebrforcon mbrojtjen ajrore, blen avion\u00eb ushtarak\u00eb nga Britania dhe Gjermania"},"content":{"rendered":"\n    <div class=\"xs_social_share_widget xs_share_url before_content \t\tmain_content  wslu-style-2 wslu-share-box-shaped wslu-fill-colored wslu-share-m-5 wslu-none wslu-share-vertical wslu-theme-font-no wslu-main_content\">\n\n\t\t\n        <ul>\n\t\t\t        <\/ul>\n    <\/div> \n<p>Turqia dhe Britania n\u00ebnshkruan t\u00eb m\u00ebrkur\u00ebn nj\u00eb marr\u00ebveshje paraprake q\u00eb e lejon Ankaran\u00eb zyrtare t\u00eb operoj\u00eb avion\u00ebt ushtarak \u201cEurofighter Typhoon\u201d, nd\u00ebrkoh\u00eb q\u00eb Gjermania ka miratuar dor\u00ebzimin e 40 avion\u00ebve t\u00eb k\u00ebtill\u00eb, t\u00eb cilat Turqia i ka k\u00ebrkuar p\u00ebr t\u00eb forcuar mbrojtjen n\u00eb nj\u00eb rajon q\u00eb po b\u00ebhet gjithnj\u00eb e m\u00eb i pasigurt, ka shkruar Reuters.<\/p>\n<p>An\u00ebtarja e NATO-s, Turqia, ka mb\u00ebshtetur projekte t\u00eb saj t\u00eb industris\u00eb s\u00eb mbrojtjes, p\u00ebrfshir\u00eb avion\u00eb vendas dhe blerje t\u00eb huaja, p\u00ebr t\u00eb rritur fuqin\u00eb e saj mbrojt\u00ebse.<\/p>\n<p>P\u00ebrve\u00e7 \u201cEurofighters\u201d, ajo \u00ebsht\u00eb n\u00eb bisedime edhe me Shtetet e Bashkuara t\u00eb Amerik\u00ebs p\u00ebr t\u00eb bler\u00eb 40 nj\u00ebsi t\u00eb \u201cF-16\u201d.<\/p>\n<p>N\u00eb t\u00eb nj\u00ebjt\u00ebn koh\u00eb, Qeveria gjermane ka hapur rrug\u00ebn p\u00ebr dor\u00ebzimin e 40 avion\u00ebve \u201cEurofighter Typhoon\u201d n\u00eb Turqi pas miratimit nga K\u00ebshilli Federal i Siguris\u00eb.<\/p>\n<p>Ministria gjermane e Mbrojtjes ka refuzuar t\u00eb komentoj\u00eb lidhur me k\u00ebt\u00eb \u00e7\u00ebshtje, si dhe K\u00ebshilli federal, miratimi i t\u00eb cilit k\u00ebrkohet p\u00ebr eksportet e arm\u00ebve, nuk ka ofruar komente mbi vendimet e tij.<\/p>\n<p>Ankaraja ka qen\u00eb n\u00eb bisedime q\u00eb nga viti 2023 p\u00ebr t\u00eb bler\u00eb 40 avion\u00eb \u201cEurofighter Typhoon\u201d, t\u00eb cil\u00ebt nd\u00ebrtohen e prodhohen nga nj\u00eb konsorcium i p\u00ebrb\u00ebr\u00eb nga Gjermania, Britania e Madhe, Italia dhe Spanja.<\/p>\n<p>Ministri i Mbrojtjes, Yasar Guler, gjat\u00eb ceremonis\u00eb s\u00eb n\u00ebnshkrimit me Sekretarin britanik t\u00eb Mbrojtjes, John Healey, n\u00eb Stamboll, ka deklaruar se marr\u00ebveshjet do t\u00eb forcojn\u00eb marr\u00ebdh\u00ebniet dypal\u00ebshe dhe do t\u00eb rrisin fuqin\u00eb ajrore t\u00eb aleanc\u00ebs s\u00eb NATO-s.<\/p>\n","protected":false},"excerpt":{"rendered":"<p>Turqia dhe Britania n\u00ebnshkruan t\u00eb m\u00ebrkur\u00ebn nj\u00eb marr\u00ebveshje paraprake q\u00eb e lejon Ankaran\u00eb zyrtare t\u00eb operoj\u00eb avion\u00ebt ushtarak \u201cEurofighter Typhoon\u201d, nd\u00ebrkoh\u00eb q\u00eb Gjermania ka miratuar dor\u00ebzimin e 40 avion\u00ebve t\u00eb k\u00ebtill\u00eb, t\u00eb cilat Turqia i ka k\u00ebrkuar p\u00ebr t\u00eb forcuar mbrojtjen n\u00eb nj\u00eb rajon q\u00eb po b\u00ebhet gjithnj\u00eb e m\u00eb i pasigurt, ka shkruar Reuters. [&hellip;]<\/p>\n","protected":false},"author":8,"featured_media":21055,"comment_status":"closed","ping_status":"closed","sticky":false,"template":"","format":"standard","meta":{"footnotes":""},"categories":[217,213],"tags":[],"class_list":["post-21054","post","type-post","status-publish","format-standard","has-post-thumbnail","hentry","category-bote","category-lajme"],"yoast_head":"<!-- This site is optimized with the Yoast SEO plugin v25.1 - https:\/\/yoast.com\/wordpress\/plugins\/seo\/ -->\n<title>Turqia p\u00ebrforcon mbrojtjen ajrore, blen avion\u00eb ushtarak\u00eb nga Britania dhe Gjermania - press7.tv<\/title>\n<meta name=\"robots\" content=\"index, follow, max-snippet:-1, max-image-preview:large, max-video-preview:-1\" \/>\n<link rel=\"canonical\" href=\"https:\/\/www.press7.tv\/?p=21054\" \/>\n<meta property=\"og:locale\" content=\"en_US\" \/>\n<meta property=\"og:type\" content=\"article\" \/>\n<meta property=\"og:title\" content=\"Turqia p\u00ebrforcon mbrojtjen ajrore, blen avion\u00eb ushtarak\u00eb nga Britania dhe Gjermania - press7.tv\" \/>\n<meta property=\"og:description\" content=\"Turqia dhe Britania n\u00ebnshkruan t\u00eb m\u00ebrkur\u00ebn nj\u00eb marr\u00ebveshje paraprake q\u00eb e lejon Ankaran\u00eb zyrtare t\u00eb operoj\u00eb avion\u00ebt ushtarak \u201cEurofighter Typhoon\u201d, nd\u00ebrkoh\u00eb q\u00eb Gjermania ka miratuar dor\u00ebzimin e 40 avion\u00ebve t\u00eb k\u00ebtill\u00eb, t\u00eb cilat Turqia i ka k\u00ebrkuar p\u00ebr t\u00eb forcuar mbrojtjen n\u00eb nj\u00eb rajon q\u00eb po b\u00ebhet gjithnj\u00eb e m\u00eb i pasigurt, ka shkruar Reuters. [&hellip;]\" \/>\n<meta property=\"og:url\" content=\"https:\/\/www.press7.tv\/?p=21054\" \/>\n<meta property=\"og:site_name\" content=\"press7.tv\" \/>\n<meta property=\"article:publisher\" content=\"https:\/\/www.facebook.com\/press7.tv\" \/>\n<meta property=\"article:published_time\" content=\"2025-07-23T12:00:20+00:00\" \/>\n<meta property=\"og:image\" content=\"https:\/\/www.press7.tv\/wp-content\/uploads\/2025\/07\/IMG_6578.avif\" \/>\n\t<meta property=\"og:image:width\" content=\"960\" \/>\n\t<meta property=\"og:image:height\" content=\"600\" \/>\n\t<meta property=\"og:image:type\" content=\"image\/webp\" \/>\n<meta name=\"author\" content=\"gazetar2\" \/>\n<meta name=\"twitter:card\" content=\"summary_large_image\" \/>\n<meta name=\"twitter:label1\" content=\"Written by\" \/>\n\t<meta name=\"twitter:data1\" content=\"gazetar2\" \/>\n\t<meta name=\"twitter:label2\" content=\"Est. reading time\" \/>\n\t<meta name=\"twitter:data2\" content=\"1 minute\" \/>\n<script type=\"application\/ld+json\" class=\"yoast-schema-graph\">{\"@context\":\"https:\/\/schema.org\",\"@graph\":[{\"@type\":\"Article\",\"@id\":\"https:\/\/www.press7.tv\/?p=21054#article\",\"isPartOf\":{\"@id\":\"https:\/\/www.press7.tv\/?p=21054\"},\"author\":{\"name\":\"gazetar2\",\"@id\":\"https:\/\/www.news33.tv\/#\/schema\/person\/5a04a38a23ccdba82f9bd665cd8f9efa\"},\"headline\":\"Turqia p\u00ebrforcon mbrojtjen ajrore, blen avion\u00eb ushtarak\u00eb nga Britania dhe Gjermania\",\"datePublished\":\"2025-07-23T12:00:20+00:00\",\"mainEntityOfPage\":{\"@id\":\"https:\/\/www.press7.tv\/?p=21054\"},\"wordCount\":282,\"publisher\":{\"@id\":\"https:\/\/www.news33.tv\/#organization\"},\"image\":{\"@id\":\"https:\/\/www.press7.tv\/?p=21054#primaryimage\"},\"thumbnailUrl\":\"https:\/\/www.press7.tv\/wp-content\/uploads\/2025\/07\/IMG_6578.avif\",\"articleSection\":[\"Bot\u00eb\",\"Lajme\"],\"inLanguage\":\"en-US\"},{\"@type\":\"WebPage\",\"@id\":\"https:\/\/www.press7.tv\/?p=21054\",\"url\":\"https:\/\/www.press7.tv\/?p=21054\",\"name\":\"Turqia p\u00ebrforcon mbrojtjen ajrore, blen avion\u00eb ushtarak\u00eb nga Britania dhe Gjermania - press7.tv\",\"isPartOf\":{\"@id\":\"https:\/\/www.news33.tv\/#website\"},\"primaryImageOfPage\":{\"@id\":\"https:\/\/www.press7.tv\/?p=21054#primaryimage\"},\"image\":{\"@id\":\"https:\/\/www.press7.tv\/?p=21054#primaryimage\"},\"thumbnailUrl\":\"https:\/\/www.press7.tv\/wp-content\/uploads\/2025\/07\/IMG_6578.avif\",\"datePublished\":\"2025-07-23T12:00:20+00:00\",\"breadcrumb\":{\"@id\":\"https:\/\/www.press7.tv\/?p=21054#breadcrumb\"},\"inLanguage\":\"en-US\",\"potentialAction\":[{\"@type\":\"ReadAction\",\"target\":[\"https:\/\/www.press7.tv\/?p=21054\"]}]},{\"@type\":\"ImageObject\",\"inLanguage\":\"en-US\",\"@id\":\"https:\/\/www.press7.tv\/?p=21054#primaryimage\",\"url\":\"https:\/\/www.press7.tv\/wp-content\/uploads\/2025\/07\/IMG_6578.avif\",\"contentUrl\":\"https:\/\/www.press7.tv\/wp-content\/uploads\/2025\/07\/IMG_6578.avif\",\"width\":960,\"height\":600},{\"@type\":\"BreadcrumbList\",\"@id\":\"https:\/\/www.press7.tv\/?p=21054#breadcrumb\",\"itemListElement\":[{\"@type\":\"ListItem\",\"position\":1,\"name\":\"Home\",\"item\":\"https:\/\/www.press7.tv\/\"},{\"@type\":\"ListItem\",\"position\":2,\"name\":\"Turqia p\u00ebrforcon mbrojtjen ajrore, blen avion\u00eb ushtarak\u00eb nga Britania dhe Gjermania\"}]},{\"@type\":\"WebSite\",\"@id\":\"https:\/\/www.news33.tv\/#website\",\"url\":\"https:\/\/www.news33.tv\/\",\"name\":\"News33.tv Media\",\"description\":\"Media\",\"publisher\":{\"@id\":\"https:\/\/www.news33.tv\/#organization\"},\"potentialAction\":[{\"@type\":\"SearchAction\",\"target\":{\"@type\":\"EntryPoint\",\"urlTemplate\":\"https:\/\/www.news33.tv\/?s={search_term_string}\"},\"query-input\":{\"@type\":\"PropertyValueSpecification\",\"valueRequired\":true,\"valueName\":\"search_term_string\"}}],\"inLanguage\":\"en-US\"},{\"@type\":\"Organization\",\"@id\":\"https:\/\/www.news33.tv\/#organization\",\"name\":\"News33.tv Media\",\"url\":\"https:\/\/www.news33.tv\/\",\"logo\":{\"@type\":\"ImageObject\",\"inLanguage\":\"en-US\",\"@id\":\"https:\/\/www.news33.tv\/#\/schema\/logo\/image\/\",\"url\":\"https:\/\/www.press7.tv\/wp-content\/uploads\/2024\/02\/logo-news33-black.png\",\"contentUrl\":\"https:\/\/www.press7.tv\/wp-content\/uploads\/2024\/02\/logo-news33-black.png\",\"width\":180,\"height\":37,\"caption\":\"News33.tv Media\"},\"image\":{\"@id\":\"https:\/\/www.news33.tv\/#\/schema\/logo\/image\/\"},\"sameAs\":[\"https:\/\/www.facebook.com\/press7.tv\"]},{\"@type\":\"Person\",\"@id\":\"https:\/\/www.news33.tv\/#\/schema\/person\/5a04a38a23ccdba82f9bd665cd8f9efa\",\"name\":\"gazetar2\",\"image\":{\"@type\":\"ImageObject\",\"inLanguage\":\"en-US\",\"@id\":\"https:\/\/www.news33.tv\/#\/schema\/person\/image\/\",\"url\":\"https:\/\/www.press7.tv\/wp-content\/litespeed\/avatar\/41975e402c3049d9ddb03adca8f7a883.jpg?ver=1777169572\",\"contentUrl\":\"https:\/\/www.press7.tv\/wp-content\/litespeed\/avatar\/41975e402c3049d9ddb03adca8f7a883.jpg?ver=1777169572\",\"caption\":\"gazetar2\"},\"url\":\"https:\/\/www.press7.tv\/?author=8\"}]}<\/script>\n<!-- \/ Yoast SEO plugin. -->","yoast_head_json":{"title":"Turqia p\u00ebrforcon mbrojtjen ajrore, blen avion\u00eb ushtarak\u00eb nga Britania dhe Gjermania - press7.tv","robots":{"index":"index","follow":"follow","max-snippet":"max-snippet:-1","max-image-preview":"max-image-preview:large","max-video-preview":"max-video-preview:-1"},"canonical":"https:\/\/www.press7.tv\/?p=21054","og_locale":"en_US","og_type":"article","og_title":"Turqia p\u00ebrforcon mbrojtjen ajrore, blen avion\u00eb ushtarak\u00eb nga Britania dhe Gjermania - press7.tv","og_description":"Turqia dhe Britania n\u00ebnshkruan t\u00eb m\u00ebrkur\u00ebn nj\u00eb marr\u00ebveshje paraprake q\u00eb e lejon Ankaran\u00eb zyrtare t\u00eb operoj\u00eb avion\u00ebt ushtarak \u201cEurofighter Typhoon\u201d, nd\u00ebrkoh\u00eb q\u00eb Gjermania ka miratuar dor\u00ebzimin e 40 avion\u00ebve t\u00eb k\u00ebtill\u00eb, t\u00eb cilat Turqia i ka k\u00ebrkuar p\u00ebr t\u00eb forcuar mbrojtjen n\u00eb nj\u00eb rajon q\u00eb po b\u00ebhet gjithnj\u00eb e m\u00eb i pasigurt, ka shkruar Reuters. [&hellip;]","og_url":"https:\/\/www.press7.tv\/?p=21054","og_site_name":"press7.tv","article_publisher":"https:\/\/www.facebook.com\/press7.tv","article_published_time":"2025-07-23T12:00:20+00:00","og_image":[{"width":960,"height":600,"url":"https:\/\/www.press7.tv\/wp-content\/uploads\/2025\/07\/IMG_6578.avif","type":"image\/webp"}],"author":"gazetar2","twitter_card":"summary_large_image","twitter_misc":{"Written by":"gazetar2","Est. reading time":"1 minute"},"schema":{"@context":"https:\/\/schema.org","@graph":[{"@type":"Article","@id":"https:\/\/www.press7.tv\/?p=21054#article","isPartOf":{"@id":"https:\/\/www.press7.tv\/?p=21054"},"author":{"name":"gazetar2","@id":"https:\/\/www.news33.tv\/#\/schema\/person\/5a04a38a23ccdba82f9bd665cd8f9efa"},"headline":"Turqia p\u00ebrforcon mbrojtjen ajrore, blen avion\u00eb ushtarak\u00eb nga Britania dhe Gjermania","datePublished":"2025-07-23T12:00:20+00:00","mainEntityOfPage":{"@id":"https:\/\/www.press7.tv\/?p=21054"},"wordCount":282,"publisher":{"@id":"https:\/\/www.news33.tv\/#organization"},"image":{"@id":"https:\/\/www.press7.tv\/?p=21054#primaryimage"},"thumbnailUrl":"https:\/\/www.press7.tv\/wp-content\/uploads\/2025\/07\/IMG_6578.avif","articleSection":["Bot\u00eb","Lajme"],"inLanguage":"en-US"},{"@type":"WebPage","@id":"https:\/\/www.press7.tv\/?p=21054","url":"https:\/\/www.press7.tv\/?p=21054","name":"Turqia p\u00ebrforcon mbrojtjen ajrore, blen avion\u00eb ushtarak\u00eb nga Britania dhe Gjermania - press7.tv","isPartOf":{"@id":"https:\/\/www.news33.tv\/#website"},"primaryImageOfPage":{"@id":"https:\/\/www.press7.tv\/?p=21054#primaryimage"},"image":{"@id":"https:\/\/www.press7.tv\/?p=21054#primaryimage"},"thumbnailUrl":"https:\/\/www.press7.tv\/wp-content\/uploads\/2025\/07\/IMG_6578.avif","datePublished":"2025-07-23T12:00:20+00:00","breadcrumb":{"@id":"https:\/\/www.press7.tv\/?p=21054#breadcrumb"},"inLanguage":"en-US","potentialAction":[{"@type":"ReadAction","target":["https:\/\/www.press7.tv\/?p=21054"]}]},{"@type":"ImageObject","inLanguage":"en-US","@id":"https:\/\/www.press7.tv\/?p=21054#primaryimage","url":"https:\/\/www.press7.tv\/wp-content\/uploads\/2025\/07\/IMG_6578.avif","contentUrl":"https:\/\/www.press7.tv\/wp-content\/uploads\/2025\/07\/IMG_6578.avif","width":960,"height":600},{"@type":"BreadcrumbList","@id":"https:\/\/www.press7.tv\/?p=21054#breadcrumb","itemListElement":[{"@type":"ListItem","position":1,"name":"Home","item":"https:\/\/www.press7.tv\/"},{"@type":"ListItem","position":2,"name":"Turqia p\u00ebrforcon mbrojtjen ajrore, blen avion\u00eb ushtarak\u00eb nga Britania dhe Gjermania"}]},{"@type":"WebSite","@id":"https:\/\/www.news33.tv\/#website","url":"https:\/\/www.news33.tv\/","name":"News33.tv Media","description":"Media","publisher":{"@id":"https:\/\/www.news33.tv\/#organization"},"potentialAction":[{"@type":"SearchAction","target":{"@type":"EntryPoint","urlTemplate":"https:\/\/www.news33.tv\/?s={search_term_string}"},"query-input":{"@type":"PropertyValueSpecification","valueRequired":true,"valueName":"search_term_string"}}],"inLanguage":"en-US"},{"@type":"Organization","@id":"https:\/\/www.news33.tv\/#organization","name":"News33.tv Media","url":"https:\/\/www.news33.tv\/","logo":{"@type":"ImageObject","inLanguage":"en-US","@id":"https:\/\/www.news33.tv\/#\/schema\/logo\/image\/","url":"https:\/\/www.press7.tv\/wp-content\/uploads\/2024\/02\/logo-news33-black.png","contentUrl":"https:\/\/www.press7.tv\/wp-content\/uploads\/2024\/02\/logo-news33-black.png","width":180,"height":37,"caption":"News33.tv Media"},"image":{"@id":"https:\/\/www.news33.tv\/#\/schema\/logo\/image\/"},"sameAs":["https:\/\/www.facebook.com\/press7.tv"]},{"@type":"Person","@id":"https:\/\/www.news33.tv\/#\/schema\/person\/5a04a38a23ccdba82f9bd665cd8f9efa","name":"gazetar2","image":{"@type":"ImageObject","inLanguage":"en-US","@id":"https:\/\/www.news33.tv\/#\/schema\/person\/image\/","url":"https:\/\/www.press7.tv\/wp-content\/litespeed\/avatar\/41975e402c3049d9ddb03adca8f7a883.jpg?ver=1777169572","contentUrl":"https:\/\/www.press7.tv\/wp-content\/litespeed\/avatar\/41975e402c3049d9ddb03adca8f7a883.jpg?ver=1777169572","caption":"gazetar2"},"url":"https:\/\/www.press7.tv\/?author=8"}]}},"amp_enabled":true,"_links":{"self":[{"href":"https:\/\/www.press7.tv\/index.php?rest_route=\/wp\/v2\/posts\/21054","targetHints":{"allow":["GET"]}}],"collection":[{"href":"https:\/\/www.press7.tv\/index.php?rest_route=\/wp\/v2\/posts"}],"about":[{"href":"https:\/\/www.press7.tv\/index.php?rest_route=\/wp\/v2\/types\/post"}],"author":[{"embeddable":true,"href":"https:\/\/www.press7.tv\/index.php?rest_route=\/wp\/v2\/users\/8"}],"replies":[{"embeddable":true,"href":"https:\/\/www.press7.tv\/index.php?rest_route=%2Fwp%2Fv2%2Fcomments&post=21054"}],"version-history":[{"count":1,"href":"https:\/\/www.press7.tv\/index.php?rest_route=\/wp\/v2\/posts\/21054\/revisions"}],"predecessor-version":[{"id":21056,"href":"https:\/\/www.press7.tv\/index.php?rest_route=\/wp\/v2\/posts\/21054\/revisions\/21056"}],"wp:featuredmedia":[{"embeddable":true,"href":"https:\/\/www.press7.tv\/index.php?rest_route=\/wp\/v2\/media\/21055"}],"wp:attachment":[{"href":"https:\/\/www.press7.tv\/index.php?rest_route=%2Fwp%2Fv2%2Fmedia&parent=21054"}],"wp:term":[{"taxonomy":"category","embeddable":true,"href":"https:\/\/www.press7.tv\/index.php?rest_route=%2Fwp%2Fv2%2Fcategories&post=21054"},{"taxonomy":"post_tag","embeddable":true,"href":"https:\/\/www.press7.tv\/index.php?rest_route=%2Fwp%2Fv2%2Ftags&post=21054"}],"curies":[{"name":"wp","href":"https:\/\/api.w.org\/{rel}","templated":true}]}}