{"id":21035,"date":"2025-07-22T13:18:30","date_gmt":"2025-07-22T13:18:30","guid":{"rendered":"https:\/\/www.press7.tv\/?p=21035"},"modified":"2025-07-22T13:18:30","modified_gmt":"2025-07-22T13:18:30","slug":"vlen-kritikon-kandidaturen-e-bujar-osmanit-per-cairin-bdi-thone-se-sulmet-nuk-e-zbehin-punen-e-ish-ministrit-me-te-suksesshem","status":"publish","type":"post","link":"https:\/\/www.press7.tv\/?p=21035","title":{"rendered":"VLEN kritikon kandidatur\u00ebn e Bujar Osmanit p\u00ebr \u00c7airin \u2013 BDI thon\u00eb se sulmet nuk e zbehin pun\u00ebn e ish-ministrit m\u00eb t\u00eb suksessh\u00ebm"},"content":{"rendered":"\n    <div class=\"xs_social_share_widget xs_share_url before_content \t\tmain_content  wslu-style-2 wslu-share-box-shaped wslu-fill-colored wslu-share-m-5 wslu-none wslu-share-vertical wslu-theme-font-no wslu-main_content\">\n\n\t\t\n        <ul>\n\t\t\t        <\/ul>\n    <\/div> \n<p>Brenda vet\u00ebm kat\u00ebr viteve si minist\u00ebr, Bujar Osmani shkoi 11 her\u00eb p\u00ebr takime n\u00eb Beograd, por asnj\u00ebher\u00eb n\u00eb Prishtin\u00eb, thuhet n\u00eb reagimin e VLEN, duke kritikuar kandidatur\u00ebn e Bujar Osmanit p\u00ebr kryetar t\u00eb Komun\u00ebs s\u00eb \u00c7airit. Sipas tyre, Osmani asnj\u00ebher\u00eb nuk \u00ebsht\u00eb interesuar p\u00ebr projekte n\u00eb \u00c7air.<\/p>\n<p>N\u00eb Shkup priti edhe ministrin rus Sergej Lavrov, nd\u00ebrsa ishte pjes\u00eb e rregullt e \u201ckoreografis\u00eb\u201d s\u00eb sh\u00ebtitjeve dhe darkave me Aleksandar Vu\u00e7iqin. Shqiptar\u00ebve u ofroi vet\u00ebm diplomaci me selfie, integrime evropiane t\u00eb bllokuara dhe marketing p\u00ebr veten. Bujar Osmani duket m\u00eb i lumtur n\u00eb mesin e diplomat\u00ebve serb\u00eb sesa me bashk\u00ebqytetar\u00ebt e tij nga \u00c7airi. Nuk ka ndihmuar ask\u00ebnd, nuk \u00ebsht\u00eb gjetur pran\u00eb askujt n\u00eb \u00c7air, nuk i \u00ebsht\u00eb p\u00ebrgjigjur askujt n\u00eb telefon. N\u00eb \u00c7air nuk ka ndihmuar p\u00ebr asnj\u00eb shkoll\u00eb t\u00eb re, nuk ka qen\u00eb i pranish\u00ebm kur nd\u00ebrtoheshin rrug\u00eb e bulevarde, as kur b\u00ebheshin \u00e7erdhe e k\u00ebnde loj\u00ebrash\u201d, thonw nga VLEN.<\/p>\n<p>NAUTUBONE<br \/>\n\u0421\u0430\u043c\u043e \u043d\u0430\u043f\u0440\u0430\u0432\u0435\u0442\u0435 \u0433\u043e \u043e\u0432\u0430 \u0435\u0434\u043d\u0430\u0448 \u0438 \u0431\u043e\u043b\u043a\u0430\u0442\u0430 \u045c\u0435 \u0438\u0441\u0447\u0435\u0437\u043d\u0435 \u0437\u0430\u0441\u0435\u043a\u043e\u0433\u0430\u0448!<br \/>\n\u00d7<br \/>\nKund\u00ebrreagim i shpejt\u00eb erdhi nga BDI-ja. Qeveria q\u00eb u shpall nga 461 eurodeputet\u00eb si nj\u00eb instrument i bot\u00ebs serbe, sot po p\u00ebrpiqet t\u00eb hedh\u00eb hije mbi pun\u00ebn e Ministrit m\u00eb t\u00eb suksessh\u00ebm t\u00eb Jasht\u00ebm q\u00eb ka pasur vendi, thon\u00eb ata.<\/p>\n<p>\u201cSulmet q\u00eb vijn\u00eb nga nj\u00eb qeveri q\u00eb i sh\u00ebrben bot\u00ebs serbe, nuk e zbehin pun\u00ebn e Bujar Osmanit p\u00ebrkundrazi, jan\u00eb kompliment p\u00ebr t\u00eb dhe d\u00ebshmi e drejt\u00ebsis\u00eb s\u00eb rrug\u00ebs s\u00eb tij. An\u00ebtar\u00ebsimi n\u00eb NATO u p\u00ebrmbyll gjat\u00eb mandatit t\u00eb tij, fillimi i negociatave p\u00ebr an\u00ebtar\u00ebsim n\u00eb BE u arrit n\u00ebn drejtimin e tij si Minist\u00ebr i Jasht\u00ebm, kryesimi i OSBE-s\u00eb n\u00eb vitin m\u00eb sfidues t\u00eb organizat\u00ebs, duke shp\u00ebtuar pranin\u00eb n\u00eb Shkup dhe vet\u00eb institucionin, hapja e Dialogut Strategjik me SHBA-t\u00eb, si themel i nj\u00eb partneriteti t\u00eb ri, harmonizimi 100% me politik\u00ebn e jashtme dhe t\u00eb siguris\u00eb s\u00eb BE-s\u00eb, p\u00ebr her\u00eb t\u00eb par\u00eb n\u00eb historin\u00eb e shtetit, etj\u201d, thanw nga BDI.<\/p>\n<p>Reagime p\u00ebr kandidaturat e para ka pasur edhe n\u00eb rrjetet sociale. \/ Alsat.mk<\/p>\n","protected":false},"excerpt":{"rendered":"<p>Brenda vet\u00ebm kat\u00ebr viteve si minist\u00ebr, Bujar Osmani shkoi 11 her\u00eb p\u00ebr takime n\u00eb Beograd, por asnj\u00ebher\u00eb n\u00eb Prishtin\u00eb, thuhet n\u00eb reagimin e VLEN, duke kritikuar kandidatur\u00ebn e Bujar Osmanit p\u00ebr kryetar t\u00eb Komun\u00ebs s\u00eb \u00c7airit. Sipas tyre, Osmani asnj\u00ebher\u00eb nuk \u00ebsht\u00eb interesuar p\u00ebr projekte n\u00eb \u00c7air. N\u00eb Shkup priti edhe ministrin rus Sergej Lavrov, [&hellip;]<\/p>\n","protected":false},"author":8,"featured_media":21036,"comment_status":"closed","ping_status":"closed","sticky":false,"template":"","format":"standard","meta":{"footnotes":""},"categories":[213,214],"tags":[],"class_list":["post-21035","post","type-post","status-publish","format-standard","has-post-thumbnail","hentry","category-lajme","category-maqedoni"],"yoast_head":"<!-- This site is optimized with the Yoast SEO plugin v25.1 - https:\/\/yoast.com\/wordpress\/plugins\/seo\/ -->\n<title>VLEN kritikon kandidatur\u00ebn e Bujar Osmanit p\u00ebr \u00c7airin \u2013 BDI thon\u00eb se sulmet nuk e zbehin pun\u00ebn e ish-ministrit m\u00eb t\u00eb suksessh\u00ebm - press7.tv<\/title>\n<meta name=\"robots\" content=\"index, follow, max-snippet:-1, max-image-preview:large, max-video-preview:-1\" \/>\n<link rel=\"canonical\" href=\"https:\/\/www.press7.tv\/?p=21035\" \/>\n<meta property=\"og:locale\" content=\"en_US\" \/>\n<meta property=\"og:type\" content=\"article\" \/>\n<meta property=\"og:title\" content=\"VLEN kritikon kandidatur\u00ebn e Bujar Osmanit p\u00ebr \u00c7airin \u2013 BDI thon\u00eb se sulmet nuk e zbehin pun\u00ebn e ish-ministrit m\u00eb t\u00eb suksessh\u00ebm - press7.tv\" \/>\n<meta property=\"og:description\" content=\"Brenda vet\u00ebm kat\u00ebr viteve si minist\u00ebr, Bujar Osmani shkoi 11 her\u00eb p\u00ebr takime n\u00eb Beograd, por asnj\u00ebher\u00eb n\u00eb Prishtin\u00eb, thuhet n\u00eb reagimin e VLEN, duke kritikuar kandidatur\u00ebn e Bujar Osmanit p\u00ebr kryetar t\u00eb Komun\u00ebs s\u00eb \u00c7airit. Sipas tyre, Osmani asnj\u00ebher\u00eb nuk \u00ebsht\u00eb interesuar p\u00ebr projekte n\u00eb \u00c7air. N\u00eb Shkup priti edhe ministrin rus Sergej Lavrov, [&hellip;]\" \/>\n<meta property=\"og:url\" content=\"https:\/\/www.press7.tv\/?p=21035\" \/>\n<meta property=\"og:site_name\" content=\"press7.tv\" \/>\n<meta property=\"article:publisher\" content=\"https:\/\/www.facebook.com\/press7.tv\" \/>\n<meta property=\"article:published_time\" content=\"2025-07-22T13:18:30+00:00\" \/>\n<meta property=\"og:image\" content=\"https:\/\/www.press7.tv\/wp-content\/uploads\/2025\/07\/IMG_6560.avif\" \/>\n\t<meta property=\"og:image:width\" content=\"1242\" \/>\n\t<meta property=\"og:image:height\" content=\"755\" \/>\n\t<meta property=\"og:image:type\" content=\"image\/jpeg\" \/>\n<meta name=\"author\" content=\"gazetar2\" \/>\n<meta name=\"twitter:card\" content=\"summary_large_image\" \/>\n<meta name=\"twitter:label1\" content=\"Written by\" \/>\n\t<meta name=\"twitter:data1\" content=\"gazetar2\" \/>\n\t<meta name=\"twitter:label2\" content=\"Est. reading time\" \/>\n\t<meta name=\"twitter:data2\" content=\"1 minute\" \/>\n<script type=\"application\/ld+json\" class=\"yoast-schema-graph\">{\"@context\":\"https:\/\/schema.org\",\"@graph\":[{\"@type\":\"Article\",\"@id\":\"https:\/\/www.press7.tv\/?p=21035#article\",\"isPartOf\":{\"@id\":\"https:\/\/www.press7.tv\/?p=21035\"},\"author\":{\"name\":\"gazetar2\",\"@id\":\"https:\/\/www.news33.tv\/#\/schema\/person\/5a04a38a23ccdba82f9bd665cd8f9efa\"},\"headline\":\"VLEN kritikon kandidatur\u00ebn e Bujar Osmanit p\u00ebr \u00c7airin \u2013 BDI thon\u00eb se sulmet nuk e zbehin pun\u00ebn e ish-ministrit m\u00eb t\u00eb suksessh\u00ebm\",\"datePublished\":\"2025-07-22T13:18:30+00:00\",\"mainEntityOfPage\":{\"@id\":\"https:\/\/www.press7.tv\/?p=21035\"},\"wordCount\":401,\"publisher\":{\"@id\":\"https:\/\/www.news33.tv\/#organization\"},\"image\":{\"@id\":\"https:\/\/www.press7.tv\/?p=21035#primaryimage\"},\"thumbnailUrl\":\"https:\/\/www.press7.tv\/wp-content\/uploads\/2025\/07\/IMG_6560.avif\",\"articleSection\":[\"Lajme\",\"Maqedoni\"],\"inLanguage\":\"en-US\"},{\"@type\":\"WebPage\",\"@id\":\"https:\/\/www.press7.tv\/?p=21035\",\"url\":\"https:\/\/www.press7.tv\/?p=21035\",\"name\":\"VLEN kritikon kandidatur\u00ebn e Bujar Osmanit p\u00ebr \u00c7airin \u2013 BDI thon\u00eb se sulmet nuk e zbehin pun\u00ebn e ish-ministrit m\u00eb t\u00eb suksessh\u00ebm - press7.tv\",\"isPartOf\":{\"@id\":\"https:\/\/www.news33.tv\/#website\"},\"primaryImageOfPage\":{\"@id\":\"https:\/\/www.press7.tv\/?p=21035#primaryimage\"},\"image\":{\"@id\":\"https:\/\/www.press7.tv\/?p=21035#primaryimage\"},\"thumbnailUrl\":\"https:\/\/www.press7.tv\/wp-content\/uploads\/2025\/07\/IMG_6560.avif\",\"datePublished\":\"2025-07-22T13:18:30+00:00\",\"breadcrumb\":{\"@id\":\"https:\/\/www.press7.tv\/?p=21035#breadcrumb\"},\"inLanguage\":\"en-US\",\"potentialAction\":[{\"@type\":\"ReadAction\",\"target\":[\"https:\/\/www.press7.tv\/?p=21035\"]}]},{\"@type\":\"ImageObject\",\"inLanguage\":\"en-US\",\"@id\":\"https:\/\/www.press7.tv\/?p=21035#primaryimage\",\"url\":\"https:\/\/www.press7.tv\/wp-content\/uploads\/2025\/07\/IMG_6560.avif\",\"contentUrl\":\"https:\/\/www.press7.tv\/wp-content\/uploads\/2025\/07\/IMG_6560.avif\",\"width\":1242,\"height\":755,\"caption\":\"Screenshot\"},{\"@type\":\"BreadcrumbList\",\"@id\":\"https:\/\/www.press7.tv\/?p=21035#breadcrumb\",\"itemListElement\":[{\"@type\":\"ListItem\",\"position\":1,\"name\":\"Home\",\"item\":\"https:\/\/www.press7.tv\/\"},{\"@type\":\"ListItem\",\"position\":2,\"name\":\"VLEN kritikon kandidatur\u00ebn e Bujar Osmanit p\u00ebr \u00c7airin \u2013 BDI thon\u00eb se sulmet nuk e zbehin pun\u00ebn e ish-ministrit m\u00eb t\u00eb suksessh\u00ebm\"}]},{\"@type\":\"WebSite\",\"@id\":\"https:\/\/www.news33.tv\/#website\",\"url\":\"https:\/\/www.news33.tv\/\",\"name\":\"News33.tv Media\",\"description\":\"Media\",\"publisher\":{\"@id\":\"https:\/\/www.news33.tv\/#organization\"},\"potentialAction\":[{\"@type\":\"SearchAction\",\"target\":{\"@type\":\"EntryPoint\",\"urlTemplate\":\"https:\/\/www.news33.tv\/?s={search_term_string}\"},\"query-input\":{\"@type\":\"PropertyValueSpecification\",\"valueRequired\":true,\"valueName\":\"search_term_string\"}}],\"inLanguage\":\"en-US\"},{\"@type\":\"Organization\",\"@id\":\"https:\/\/www.news33.tv\/#organization\",\"name\":\"News33.tv Media\",\"url\":\"https:\/\/www.news33.tv\/\",\"logo\":{\"@type\":\"ImageObject\",\"inLanguage\":\"en-US\",\"@id\":\"https:\/\/www.news33.tv\/#\/schema\/logo\/image\/\",\"url\":\"https:\/\/www.press7.tv\/wp-content\/uploads\/2024\/02\/logo-news33-black.png\",\"contentUrl\":\"https:\/\/www.press7.tv\/wp-content\/uploads\/2024\/02\/logo-news33-black.png\",\"width\":180,\"height\":37,\"caption\":\"News33.tv Media\"},\"image\":{\"@id\":\"https:\/\/www.news33.tv\/#\/schema\/logo\/image\/\"},\"sameAs\":[\"https:\/\/www.facebook.com\/press7.tv\"]},{\"@type\":\"Person\",\"@id\":\"https:\/\/www.news33.tv\/#\/schema\/person\/5a04a38a23ccdba82f9bd665cd8f9efa\",\"name\":\"gazetar2\",\"image\":{\"@type\":\"ImageObject\",\"inLanguage\":\"en-US\",\"@id\":\"https:\/\/www.news33.tv\/#\/schema\/person\/image\/\",\"url\":\"https:\/\/www.press7.tv\/wp-content\/litespeed\/avatar\/41975e402c3049d9ddb03adca8f7a883.jpg?ver=1777169572\",\"contentUrl\":\"https:\/\/www.press7.tv\/wp-content\/litespeed\/avatar\/41975e402c3049d9ddb03adca8f7a883.jpg?ver=1777169572\",\"caption\":\"gazetar2\"},\"url\":\"https:\/\/www.press7.tv\/?author=8\"}]}<\/script>\n<!-- \/ Yoast SEO plugin. -->","yoast_head_json":{"title":"VLEN kritikon kandidatur\u00ebn e Bujar Osmanit p\u00ebr \u00c7airin \u2013 BDI thon\u00eb se sulmet nuk e zbehin pun\u00ebn e ish-ministrit m\u00eb t\u00eb suksessh\u00ebm - press7.tv","robots":{"index":"index","follow":"follow","max-snippet":"max-snippet:-1","max-image-preview":"max-image-preview:large","max-video-preview":"max-video-preview:-1"},"canonical":"https:\/\/www.press7.tv\/?p=21035","og_locale":"en_US","og_type":"article","og_title":"VLEN kritikon kandidatur\u00ebn e Bujar Osmanit p\u00ebr \u00c7airin \u2013 BDI thon\u00eb se sulmet nuk e zbehin pun\u00ebn e ish-ministrit m\u00eb t\u00eb suksessh\u00ebm - press7.tv","og_description":"Brenda vet\u00ebm kat\u00ebr viteve si minist\u00ebr, Bujar Osmani shkoi 11 her\u00eb p\u00ebr takime n\u00eb Beograd, por asnj\u00ebher\u00eb n\u00eb Prishtin\u00eb, thuhet n\u00eb reagimin e VLEN, duke kritikuar kandidatur\u00ebn e Bujar Osmanit p\u00ebr kryetar t\u00eb Komun\u00ebs s\u00eb \u00c7airit. Sipas tyre, Osmani asnj\u00ebher\u00eb nuk \u00ebsht\u00eb interesuar p\u00ebr projekte n\u00eb \u00c7air. N\u00eb Shkup priti edhe ministrin rus Sergej Lavrov, [&hellip;]","og_url":"https:\/\/www.press7.tv\/?p=21035","og_site_name":"press7.tv","article_publisher":"https:\/\/www.facebook.com\/press7.tv","article_published_time":"2025-07-22T13:18:30+00:00","og_image":[{"width":1242,"height":755,"url":"https:\/\/www.press7.tv\/wp-content\/uploads\/2025\/07\/IMG_6560.avif","type":"image\/jpeg"}],"author":"gazetar2","twitter_card":"summary_large_image","twitter_misc":{"Written by":"gazetar2","Est. reading time":"1 minute"},"schema":{"@context":"https:\/\/schema.org","@graph":[{"@type":"Article","@id":"https:\/\/www.press7.tv\/?p=21035#article","isPartOf":{"@id":"https:\/\/www.press7.tv\/?p=21035"},"author":{"name":"gazetar2","@id":"https:\/\/www.news33.tv\/#\/schema\/person\/5a04a38a23ccdba82f9bd665cd8f9efa"},"headline":"VLEN kritikon kandidatur\u00ebn e Bujar Osmanit p\u00ebr \u00c7airin \u2013 BDI thon\u00eb se sulmet nuk e zbehin pun\u00ebn e ish-ministrit m\u00eb t\u00eb suksessh\u00ebm","datePublished":"2025-07-22T13:18:30+00:00","mainEntityOfPage":{"@id":"https:\/\/www.press7.tv\/?p=21035"},"wordCount":401,"publisher":{"@id":"https:\/\/www.news33.tv\/#organization"},"image":{"@id":"https:\/\/www.press7.tv\/?p=21035#primaryimage"},"thumbnailUrl":"https:\/\/www.press7.tv\/wp-content\/uploads\/2025\/07\/IMG_6560.avif","articleSection":["Lajme","Maqedoni"],"inLanguage":"en-US"},{"@type":"WebPage","@id":"https:\/\/www.press7.tv\/?p=21035","url":"https:\/\/www.press7.tv\/?p=21035","name":"VLEN kritikon kandidatur\u00ebn e Bujar Osmanit p\u00ebr \u00c7airin \u2013 BDI thon\u00eb se sulmet nuk e zbehin pun\u00ebn e ish-ministrit m\u00eb t\u00eb suksessh\u00ebm - press7.tv","isPartOf":{"@id":"https:\/\/www.news33.tv\/#website"},"primaryImageOfPage":{"@id":"https:\/\/www.press7.tv\/?p=21035#primaryimage"},"image":{"@id":"https:\/\/www.press7.tv\/?p=21035#primaryimage"},"thumbnailUrl":"https:\/\/www.press7.tv\/wp-content\/uploads\/2025\/07\/IMG_6560.avif","datePublished":"2025-07-22T13:18:30+00:00","breadcrumb":{"@id":"https:\/\/www.press7.tv\/?p=21035#breadcrumb"},"inLanguage":"en-US","potentialAction":[{"@type":"ReadAction","target":["https:\/\/www.press7.tv\/?p=21035"]}]},{"@type":"ImageObject","inLanguage":"en-US","@id":"https:\/\/www.press7.tv\/?p=21035#primaryimage","url":"https:\/\/www.press7.tv\/wp-content\/uploads\/2025\/07\/IMG_6560.avif","contentUrl":"https:\/\/www.press7.tv\/wp-content\/uploads\/2025\/07\/IMG_6560.avif","width":1242,"height":755,"caption":"Screenshot"},{"@type":"BreadcrumbList","@id":"https:\/\/www.press7.tv\/?p=21035#breadcrumb","itemListElement":[{"@type":"ListItem","position":1,"name":"Home","item":"https:\/\/www.press7.tv\/"},{"@type":"ListItem","position":2,"name":"VLEN kritikon kandidatur\u00ebn e Bujar Osmanit p\u00ebr \u00c7airin \u2013 BDI thon\u00eb se sulmet nuk e zbehin pun\u00ebn e ish-ministrit m\u00eb t\u00eb suksessh\u00ebm"}]},{"@type":"WebSite","@id":"https:\/\/www.news33.tv\/#website","url":"https:\/\/www.news33.tv\/","name":"News33.tv Media","description":"Media","publisher":{"@id":"https:\/\/www.news33.tv\/#organization"},"potentialAction":[{"@type":"SearchAction","target":{"@type":"EntryPoint","urlTemplate":"https:\/\/www.news33.tv\/?s={search_term_string}"},"query-input":{"@type":"PropertyValueSpecification","valueRequired":true,"valueName":"search_term_string"}}],"inLanguage":"en-US"},{"@type":"Organization","@id":"https:\/\/www.news33.tv\/#organization","name":"News33.tv Media","url":"https:\/\/www.news33.tv\/","logo":{"@type":"ImageObject","inLanguage":"en-US","@id":"https:\/\/www.news33.tv\/#\/schema\/logo\/image\/","url":"https:\/\/www.press7.tv\/wp-content\/uploads\/2024\/02\/logo-news33-black.png","contentUrl":"https:\/\/www.press7.tv\/wp-content\/uploads\/2024\/02\/logo-news33-black.png","width":180,"height":37,"caption":"News33.tv Media"},"image":{"@id":"https:\/\/www.news33.tv\/#\/schema\/logo\/image\/"},"sameAs":["https:\/\/www.facebook.com\/press7.tv"]},{"@type":"Person","@id":"https:\/\/www.news33.tv\/#\/schema\/person\/5a04a38a23ccdba82f9bd665cd8f9efa","name":"gazetar2","image":{"@type":"ImageObject","inLanguage":"en-US","@id":"https:\/\/www.news33.tv\/#\/schema\/person\/image\/","url":"https:\/\/www.press7.tv\/wp-content\/litespeed\/avatar\/41975e402c3049d9ddb03adca8f7a883.jpg?ver=1777169572","contentUrl":"https:\/\/www.press7.tv\/wp-content\/litespeed\/avatar\/41975e402c3049d9ddb03adca8f7a883.jpg?ver=1777169572","caption":"gazetar2"},"url":"https:\/\/www.press7.tv\/?author=8"}]}},"amp_enabled":true,"_links":{"self":[{"href":"https:\/\/www.press7.tv\/index.php?rest_route=\/wp\/v2\/posts\/21035","targetHints":{"allow":["GET"]}}],"collection":[{"href":"https:\/\/www.press7.tv\/index.php?rest_route=\/wp\/v2\/posts"}],"about":[{"href":"https:\/\/www.press7.tv\/index.php?rest_route=\/wp\/v2\/types\/post"}],"author":[{"embeddable":true,"href":"https:\/\/www.press7.tv\/index.php?rest_route=\/wp\/v2\/users\/8"}],"replies":[{"embeddable":true,"href":"https:\/\/www.press7.tv\/index.php?rest_route=%2Fwp%2Fv2%2Fcomments&post=21035"}],"version-history":[{"count":1,"href":"https:\/\/www.press7.tv\/index.php?rest_route=\/wp\/v2\/posts\/21035\/revisions"}],"predecessor-version":[{"id":21037,"href":"https:\/\/www.press7.tv\/index.php?rest_route=\/wp\/v2\/posts\/21035\/revisions\/21037"}],"wp:featuredmedia":[{"embeddable":true,"href":"https:\/\/www.press7.tv\/index.php?rest_route=\/wp\/v2\/media\/21036"}],"wp:attachment":[{"href":"https:\/\/www.press7.tv\/index.php?rest_route=%2Fwp%2Fv2%2Fmedia&parent=21035"}],"wp:term":[{"taxonomy":"category","embeddable":true,"href":"https:\/\/www.press7.tv\/index.php?rest_route=%2Fwp%2Fv2%2Fcategories&post=21035"},{"taxonomy":"post_tag","embeddable":true,"href":"https:\/\/www.press7.tv\/index.php?rest_route=%2Fwp%2Fv2%2Ftags&post=21035"}],"curies":[{"name":"wp","href":"https:\/\/api.w.org\/{rel}","templated":true}]}}