{"id":21031,"date":"2025-07-22T13:10:11","date_gmt":"2025-07-22T13:10:11","guid":{"rendered":"https:\/\/www.press7.tv\/?p=21031"},"modified":"2025-07-22T13:10:11","modified_gmt":"2025-07-22T13:10:11","slug":"mickoski-nese-be-i-vendos-100-takse-rusise-kete-do-ta-beje-edhe-maqedonia-e-veriut","status":"publish","type":"post","link":"https:\/\/www.press7.tv\/?p=21031","title":{"rendered":"Mickoski: N\u00ebse BE i vendos 100% taks\u00eb Rusis\u00eb, k\u00ebt\u00eb do ta b\u00ebj\u00eb edhe Maqedonia e Veriut"},"content":{"rendered":"\n    <div class=\"xs_social_share_widget xs_share_url before_content \t\tmain_content  wslu-style-2 wslu-share-box-shaped wslu-fill-colored wslu-share-m-5 wslu-none wslu-share-vertical wslu-theme-font-no wslu-main_content\">\n\n\t\t\n        <ul>\n\t\t\t        <\/ul>\n    <\/div> \n<p>Kryeministri i Maqedois\u00eb s\u00eb Veriut Hristijan Mickoski, n\u00eb lidhje me thirrjen e SHBA-s\u00eb q\u00eb vendet evropiane t\u00eb vendosin tarifa 100 p\u00ebr qind p\u00ebr produktet ruse, tha se Maqedonia e Veriut si vend me politik\u00eb t\u00eb harmonizuar me BE-n\u00eb, do ta ndjek at\u00eb proces.<\/p>\n<p>Ne jemi vendi i par\u00eb n\u00eb rajon q\u00eb kemi nj\u00eb politik\u00eb t\u00eb jashtme dhe t\u00eb mbrojtjes t\u00eb harmonizuar 100 p\u00ebr qind me BE-n\u00eb, k\u00ebshtu q\u00eb do ta ndjekim at\u00eb proces dhe n\u00ebse merret nj\u00eb vendim i till\u00eb, ne si vend do ta zbatojm\u00eb at\u00eb\u201d, tha Mickoski.<\/p>\n<p>PRODROPS<br \/>\n\u041e\u0432\u0430\u0430 \u0441\u043c\u0435\u0441\u0430 \u0458\u0430 \u0442\u043e\u043f\u0438 \u043f\u0440\u043e\u0441\u0442\u0430\u0442\u0430\u0442\u0430! \u041c\u0430\u0436\u0438\u0442\u0435 \u043d\u0435 \u043c\u043e\u0436\u0430\u0442 \u0434\u0430 \u0432\u0435\u0440\u0443\u0432\u0430\u0430\u0442!<br \/>\n\u00d7<br \/>\nNdryshe, presidenti i SHBA-s\u00eb Donald Trump njoftoi jav\u00ebn e kaluar se do t\u00eb vendoste tarifa 100 p\u00ebr qind p\u00ebr Rusin\u00eb n\u00ebse ajo nuk arrin marr\u00ebveshje paqeje me Ukrain\u00ebn deri n\u00eb fillim t\u00eb shtatorit.\/ora24.tv<\/p>\n","protected":false},"excerpt":{"rendered":"<p>Kryeministri i Maqedois\u00eb s\u00eb Veriut Hristijan Mickoski, n\u00eb lidhje me thirrjen e SHBA-s\u00eb q\u00eb vendet evropiane t\u00eb vendosin tarifa 100 p\u00ebr qind p\u00ebr produktet ruse, tha se Maqedonia e Veriut si vend me politik\u00eb t\u00eb harmonizuar me BE-n\u00eb, do ta ndjek at\u00eb proces. Ne jemi vendi i par\u00eb n\u00eb rajon q\u00eb kemi nj\u00eb politik\u00eb t\u00eb [&hellip;]<\/p>\n","protected":false},"author":8,"featured_media":21032,"comment_status":"closed","ping_status":"closed","sticky":false,"template":"","format":"standard","meta":{"footnotes":""},"categories":[213,214],"tags":[],"class_list":["post-21031","post","type-post","status-publish","format-standard","has-post-thumbnail","hentry","category-lajme","category-maqedoni"],"yoast_head":"<!-- This site is optimized with the Yoast SEO plugin v25.1 - https:\/\/yoast.com\/wordpress\/plugins\/seo\/ -->\n<title>Mickoski: N\u00ebse BE i vendos 100% taks\u00eb Rusis\u00eb, k\u00ebt\u00eb do ta b\u00ebj\u00eb edhe Maqedonia e Veriut - press7.tv<\/title>\n<meta name=\"robots\" content=\"index, follow, max-snippet:-1, max-image-preview:large, max-video-preview:-1\" \/>\n<link rel=\"canonical\" href=\"https:\/\/www.press7.tv\/?p=21031\" \/>\n<meta property=\"og:locale\" content=\"en_US\" \/>\n<meta property=\"og:type\" content=\"article\" \/>\n<meta property=\"og:title\" content=\"Mickoski: N\u00ebse BE i vendos 100% taks\u00eb Rusis\u00eb, k\u00ebt\u00eb do ta b\u00ebj\u00eb edhe Maqedonia e Veriut - press7.tv\" \/>\n<meta property=\"og:description\" content=\"Kryeministri i Maqedois\u00eb s\u00eb Veriut Hristijan Mickoski, n\u00eb lidhje me thirrjen e SHBA-s\u00eb q\u00eb vendet evropiane t\u00eb vendosin tarifa 100 p\u00ebr qind p\u00ebr produktet ruse, tha se Maqedonia e Veriut si vend me politik\u00eb t\u00eb harmonizuar me BE-n\u00eb, do ta ndjek at\u00eb proces. Ne jemi vendi i par\u00eb n\u00eb rajon q\u00eb kemi nj\u00eb politik\u00eb t\u00eb [&hellip;]\" \/>\n<meta property=\"og:url\" content=\"https:\/\/www.press7.tv\/?p=21031\" \/>\n<meta property=\"og:site_name\" content=\"press7.tv\" \/>\n<meta property=\"article:publisher\" content=\"https:\/\/www.facebook.com\/press7.tv\" \/>\n<meta property=\"article:published_time\" content=\"2025-07-22T13:10:11+00:00\" \/>\n<meta property=\"og:image\" content=\"https:\/\/www.press7.tv\/wp-content\/uploads\/2025\/07\/IMG_6555.avif\" \/>\n\t<meta property=\"og:image:width\" content=\"1536\" \/>\n\t<meta property=\"og:image:height\" content=\"1024\" \/>\n\t<meta property=\"og:image:type\" content=\"image\/jpeg\" \/>\n<meta name=\"author\" content=\"gazetar2\" \/>\n<meta name=\"twitter:card\" content=\"summary_large_image\" \/>\n<meta name=\"twitter:label1\" content=\"Written by\" \/>\n\t<meta name=\"twitter:data1\" content=\"gazetar2\" \/>\n\t<meta name=\"twitter:label2\" content=\"Est. reading time\" \/>\n\t<meta name=\"twitter:data2\" content=\"1 minute\" \/>\n<script type=\"application\/ld+json\" class=\"yoast-schema-graph\">{\"@context\":\"https:\/\/schema.org\",\"@graph\":[{\"@type\":\"Article\",\"@id\":\"https:\/\/www.press7.tv\/?p=21031#article\",\"isPartOf\":{\"@id\":\"https:\/\/www.press7.tv\/?p=21031\"},\"author\":{\"name\":\"gazetar2\",\"@id\":\"https:\/\/www.news33.tv\/#\/schema\/person\/5a04a38a23ccdba82f9bd665cd8f9efa\"},\"headline\":\"Mickoski: N\u00ebse BE i vendos 100% taks\u00eb Rusis\u00eb, k\u00ebt\u00eb do ta b\u00ebj\u00eb edhe Maqedonia e Veriut\",\"datePublished\":\"2025-07-22T13:10:11+00:00\",\"mainEntityOfPage\":{\"@id\":\"https:\/\/www.press7.tv\/?p=21031\"},\"wordCount\":161,\"publisher\":{\"@id\":\"https:\/\/www.news33.tv\/#organization\"},\"image\":{\"@id\":\"https:\/\/www.press7.tv\/?p=21031#primaryimage\"},\"thumbnailUrl\":\"https:\/\/www.press7.tv\/wp-content\/uploads\/2025\/07\/IMG_6555.avif\",\"articleSection\":[\"Lajme\",\"Maqedoni\"],\"inLanguage\":\"en-US\"},{\"@type\":\"WebPage\",\"@id\":\"https:\/\/www.press7.tv\/?p=21031\",\"url\":\"https:\/\/www.press7.tv\/?p=21031\",\"name\":\"Mickoski: N\u00ebse BE i vendos 100% taks\u00eb Rusis\u00eb, k\u00ebt\u00eb do ta b\u00ebj\u00eb edhe Maqedonia e Veriut - press7.tv\",\"isPartOf\":{\"@id\":\"https:\/\/www.news33.tv\/#website\"},\"primaryImageOfPage\":{\"@id\":\"https:\/\/www.press7.tv\/?p=21031#primaryimage\"},\"image\":{\"@id\":\"https:\/\/www.press7.tv\/?p=21031#primaryimage\"},\"thumbnailUrl\":\"https:\/\/www.press7.tv\/wp-content\/uploads\/2025\/07\/IMG_6555.avif\",\"datePublished\":\"2025-07-22T13:10:11+00:00\",\"breadcrumb\":{\"@id\":\"https:\/\/www.press7.tv\/?p=21031#breadcrumb\"},\"inLanguage\":\"en-US\",\"potentialAction\":[{\"@type\":\"ReadAction\",\"target\":[\"https:\/\/www.press7.tv\/?p=21031\"]}]},{\"@type\":\"ImageObject\",\"inLanguage\":\"en-US\",\"@id\":\"https:\/\/www.press7.tv\/?p=21031#primaryimage\",\"url\":\"https:\/\/www.press7.tv\/wp-content\/uploads\/2025\/07\/IMG_6555.avif\",\"contentUrl\":\"https:\/\/www.press7.tv\/wp-content\/uploads\/2025\/07\/IMG_6555.avif\",\"width\":1536,\"height\":1024},{\"@type\":\"BreadcrumbList\",\"@id\":\"https:\/\/www.press7.tv\/?p=21031#breadcrumb\",\"itemListElement\":[{\"@type\":\"ListItem\",\"position\":1,\"name\":\"Home\",\"item\":\"https:\/\/www.press7.tv\/\"},{\"@type\":\"ListItem\",\"position\":2,\"name\":\"Mickoski: N\u00ebse BE i vendos 100% taks\u00eb Rusis\u00eb, k\u00ebt\u00eb do ta b\u00ebj\u00eb edhe Maqedonia e Veriut\"}]},{\"@type\":\"WebSite\",\"@id\":\"https:\/\/www.news33.tv\/#website\",\"url\":\"https:\/\/www.news33.tv\/\",\"name\":\"News33.tv Media\",\"description\":\"Media\",\"publisher\":{\"@id\":\"https:\/\/www.news33.tv\/#organization\"},\"potentialAction\":[{\"@type\":\"SearchAction\",\"target\":{\"@type\":\"EntryPoint\",\"urlTemplate\":\"https:\/\/www.news33.tv\/?s={search_term_string}\"},\"query-input\":{\"@type\":\"PropertyValueSpecification\",\"valueRequired\":true,\"valueName\":\"search_term_string\"}}],\"inLanguage\":\"en-US\"},{\"@type\":\"Organization\",\"@id\":\"https:\/\/www.news33.tv\/#organization\",\"name\":\"News33.tv Media\",\"url\":\"https:\/\/www.news33.tv\/\",\"logo\":{\"@type\":\"ImageObject\",\"inLanguage\":\"en-US\",\"@id\":\"https:\/\/www.news33.tv\/#\/schema\/logo\/image\/\",\"url\":\"https:\/\/www.press7.tv\/wp-content\/uploads\/2024\/02\/logo-news33-black.png\",\"contentUrl\":\"https:\/\/www.press7.tv\/wp-content\/uploads\/2024\/02\/logo-news33-black.png\",\"width\":180,\"height\":37,\"caption\":\"News33.tv Media\"},\"image\":{\"@id\":\"https:\/\/www.news33.tv\/#\/schema\/logo\/image\/\"},\"sameAs\":[\"https:\/\/www.facebook.com\/press7.tv\"]},{\"@type\":\"Person\",\"@id\":\"https:\/\/www.news33.tv\/#\/schema\/person\/5a04a38a23ccdba82f9bd665cd8f9efa\",\"name\":\"gazetar2\",\"image\":{\"@type\":\"ImageObject\",\"inLanguage\":\"en-US\",\"@id\":\"https:\/\/www.news33.tv\/#\/schema\/person\/image\/\",\"url\":\"https:\/\/www.press7.tv\/wp-content\/litespeed\/avatar\/41975e402c3049d9ddb03adca8f7a883.jpg?ver=1777169572\",\"contentUrl\":\"https:\/\/www.press7.tv\/wp-content\/litespeed\/avatar\/41975e402c3049d9ddb03adca8f7a883.jpg?ver=1777169572\",\"caption\":\"gazetar2\"},\"url\":\"https:\/\/www.press7.tv\/?author=8\"}]}<\/script>\n<!-- \/ Yoast SEO plugin. -->","yoast_head_json":{"title":"Mickoski: N\u00ebse BE i vendos 100% taks\u00eb Rusis\u00eb, k\u00ebt\u00eb do ta b\u00ebj\u00eb edhe Maqedonia e Veriut - press7.tv","robots":{"index":"index","follow":"follow","max-snippet":"max-snippet:-1","max-image-preview":"max-image-preview:large","max-video-preview":"max-video-preview:-1"},"canonical":"https:\/\/www.press7.tv\/?p=21031","og_locale":"en_US","og_type":"article","og_title":"Mickoski: N\u00ebse BE i vendos 100% taks\u00eb Rusis\u00eb, k\u00ebt\u00eb do ta b\u00ebj\u00eb edhe Maqedonia e Veriut - press7.tv","og_description":"Kryeministri i Maqedois\u00eb s\u00eb Veriut Hristijan Mickoski, n\u00eb lidhje me thirrjen e SHBA-s\u00eb q\u00eb vendet evropiane t\u00eb vendosin tarifa 100 p\u00ebr qind p\u00ebr produktet ruse, tha se Maqedonia e Veriut si vend me politik\u00eb t\u00eb harmonizuar me BE-n\u00eb, do ta ndjek at\u00eb proces. Ne jemi vendi i par\u00eb n\u00eb rajon q\u00eb kemi nj\u00eb politik\u00eb t\u00eb [&hellip;]","og_url":"https:\/\/www.press7.tv\/?p=21031","og_site_name":"press7.tv","article_publisher":"https:\/\/www.facebook.com\/press7.tv","article_published_time":"2025-07-22T13:10:11+00:00","og_image":[{"width":1536,"height":1024,"url":"https:\/\/www.press7.tv\/wp-content\/uploads\/2025\/07\/IMG_6555.avif","type":"image\/jpeg"}],"author":"gazetar2","twitter_card":"summary_large_image","twitter_misc":{"Written by":"gazetar2","Est. reading time":"1 minute"},"schema":{"@context":"https:\/\/schema.org","@graph":[{"@type":"Article","@id":"https:\/\/www.press7.tv\/?p=21031#article","isPartOf":{"@id":"https:\/\/www.press7.tv\/?p=21031"},"author":{"name":"gazetar2","@id":"https:\/\/www.news33.tv\/#\/schema\/person\/5a04a38a23ccdba82f9bd665cd8f9efa"},"headline":"Mickoski: N\u00ebse BE i vendos 100% taks\u00eb Rusis\u00eb, k\u00ebt\u00eb do ta b\u00ebj\u00eb edhe Maqedonia e Veriut","datePublished":"2025-07-22T13:10:11+00:00","mainEntityOfPage":{"@id":"https:\/\/www.press7.tv\/?p=21031"},"wordCount":161,"publisher":{"@id":"https:\/\/www.news33.tv\/#organization"},"image":{"@id":"https:\/\/www.press7.tv\/?p=21031#primaryimage"},"thumbnailUrl":"https:\/\/www.press7.tv\/wp-content\/uploads\/2025\/07\/IMG_6555.avif","articleSection":["Lajme","Maqedoni"],"inLanguage":"en-US"},{"@type":"WebPage","@id":"https:\/\/www.press7.tv\/?p=21031","url":"https:\/\/www.press7.tv\/?p=21031","name":"Mickoski: N\u00ebse BE i vendos 100% taks\u00eb Rusis\u00eb, k\u00ebt\u00eb do ta b\u00ebj\u00eb edhe Maqedonia e Veriut - press7.tv","isPartOf":{"@id":"https:\/\/www.news33.tv\/#website"},"primaryImageOfPage":{"@id":"https:\/\/www.press7.tv\/?p=21031#primaryimage"},"image":{"@id":"https:\/\/www.press7.tv\/?p=21031#primaryimage"},"thumbnailUrl":"https:\/\/www.press7.tv\/wp-content\/uploads\/2025\/07\/IMG_6555.avif","datePublished":"2025-07-22T13:10:11+00:00","breadcrumb":{"@id":"https:\/\/www.press7.tv\/?p=21031#breadcrumb"},"inLanguage":"en-US","potentialAction":[{"@type":"ReadAction","target":["https:\/\/www.press7.tv\/?p=21031"]}]},{"@type":"ImageObject","inLanguage":"en-US","@id":"https:\/\/www.press7.tv\/?p=21031#primaryimage","url":"https:\/\/www.press7.tv\/wp-content\/uploads\/2025\/07\/IMG_6555.avif","contentUrl":"https:\/\/www.press7.tv\/wp-content\/uploads\/2025\/07\/IMG_6555.avif","width":1536,"height":1024},{"@type":"BreadcrumbList","@id":"https:\/\/www.press7.tv\/?p=21031#breadcrumb","itemListElement":[{"@type":"ListItem","position":1,"name":"Home","item":"https:\/\/www.press7.tv\/"},{"@type":"ListItem","position":2,"name":"Mickoski: N\u00ebse BE i vendos 100% taks\u00eb Rusis\u00eb, k\u00ebt\u00eb do ta b\u00ebj\u00eb edhe Maqedonia e Veriut"}]},{"@type":"WebSite","@id":"https:\/\/www.news33.tv\/#website","url":"https:\/\/www.news33.tv\/","name":"News33.tv Media","description":"Media","publisher":{"@id":"https:\/\/www.news33.tv\/#organization"},"potentialAction":[{"@type":"SearchAction","target":{"@type":"EntryPoint","urlTemplate":"https:\/\/www.news33.tv\/?s={search_term_string}"},"query-input":{"@type":"PropertyValueSpecification","valueRequired":true,"valueName":"search_term_string"}}],"inLanguage":"en-US"},{"@type":"Organization","@id":"https:\/\/www.news33.tv\/#organization","name":"News33.tv Media","url":"https:\/\/www.news33.tv\/","logo":{"@type":"ImageObject","inLanguage":"en-US","@id":"https:\/\/www.news33.tv\/#\/schema\/logo\/image\/","url":"https:\/\/www.press7.tv\/wp-content\/uploads\/2024\/02\/logo-news33-black.png","contentUrl":"https:\/\/www.press7.tv\/wp-content\/uploads\/2024\/02\/logo-news33-black.png","width":180,"height":37,"caption":"News33.tv Media"},"image":{"@id":"https:\/\/www.news33.tv\/#\/schema\/logo\/image\/"},"sameAs":["https:\/\/www.facebook.com\/press7.tv"]},{"@type":"Person","@id":"https:\/\/www.news33.tv\/#\/schema\/person\/5a04a38a23ccdba82f9bd665cd8f9efa","name":"gazetar2","image":{"@type":"ImageObject","inLanguage":"en-US","@id":"https:\/\/www.news33.tv\/#\/schema\/person\/image\/","url":"https:\/\/www.press7.tv\/wp-content\/litespeed\/avatar\/41975e402c3049d9ddb03adca8f7a883.jpg?ver=1777169572","contentUrl":"https:\/\/www.press7.tv\/wp-content\/litespeed\/avatar\/41975e402c3049d9ddb03adca8f7a883.jpg?ver=1777169572","caption":"gazetar2"},"url":"https:\/\/www.press7.tv\/?author=8"}]}},"amp_enabled":true,"_links":{"self":[{"href":"https:\/\/www.press7.tv\/index.php?rest_route=\/wp\/v2\/posts\/21031","targetHints":{"allow":["GET"]}}],"collection":[{"href":"https:\/\/www.press7.tv\/index.php?rest_route=\/wp\/v2\/posts"}],"about":[{"href":"https:\/\/www.press7.tv\/index.php?rest_route=\/wp\/v2\/types\/post"}],"author":[{"embeddable":true,"href":"https:\/\/www.press7.tv\/index.php?rest_route=\/wp\/v2\/users\/8"}],"replies":[{"embeddable":true,"href":"https:\/\/www.press7.tv\/index.php?rest_route=%2Fwp%2Fv2%2Fcomments&post=21031"}],"version-history":[{"count":1,"href":"https:\/\/www.press7.tv\/index.php?rest_route=\/wp\/v2\/posts\/21031\/revisions"}],"predecessor-version":[{"id":21033,"href":"https:\/\/www.press7.tv\/index.php?rest_route=\/wp\/v2\/posts\/21031\/revisions\/21033"}],"wp:featuredmedia":[{"embeddable":true,"href":"https:\/\/www.press7.tv\/index.php?rest_route=\/wp\/v2\/media\/21032"}],"wp:attachment":[{"href":"https:\/\/www.press7.tv\/index.php?rest_route=%2Fwp%2Fv2%2Fmedia&parent=21031"}],"wp:term":[{"taxonomy":"category","embeddable":true,"href":"https:\/\/www.press7.tv\/index.php?rest_route=%2Fwp%2Fv2%2Fcategories&post=21031"},{"taxonomy":"post_tag","embeddable":true,"href":"https:\/\/www.press7.tv\/index.php?rest_route=%2Fwp%2Fv2%2Ftags&post=21031"}],"curies":[{"name":"wp","href":"https:\/\/api.w.org\/{rel}","templated":true}]}}