{"id":21027,"date":"2025-07-21T18:23:17","date_gmt":"2025-07-21T18:23:17","guid":{"rendered":"https:\/\/www.press7.tv\/?p=21027"},"modified":"2025-07-21T18:23:17","modified_gmt":"2025-07-21T18:23:17","slug":"bujar-osmani-shpall-kandidaturen-per-kryetar-te-cairit-permes-nje-statusi-ne-facebook","status":"publish","type":"post","link":"https:\/\/www.press7.tv\/?p=21027","title":{"rendered":"Bujar Osmani shpall kandidatur\u00ebn p\u00ebr kryetar t\u00eb \u00c7airit p\u00ebrmes nj\u00eb statusi n\u00eb Facebook"},"content":{"rendered":"\n    <div class=\"xs_social_share_widget xs_share_url before_content \t\tmain_content  wslu-style-2 wslu-share-box-shaped wslu-fill-colored wslu-share-m-5 wslu-none wslu-share-vertical wslu-theme-font-no wslu-main_content\">\n\n\t\t\n        <ul>\n\t\t\t        <\/ul>\n    <\/div> \n<p>P\u00ebrmes nj\u00eb statusi t\u00eb publikuar sot n\u00eb Facebook, Bujar Osmani ka shpallur zyrtarisht kandidatur\u00ebn e tij p\u00ebr kryetar t\u00eb Komun\u00ebs s\u00eb \u00c7airit.<\/p>\n<p>N\u00eb k\u00ebt\u00eb postim, Osmani shkruan se vendimi \u00ebsht\u00eb marr\u00eb pas shum\u00eb konsultimesh me njer\u00ebzit e af\u00ebrt dhe pas nj\u00eb reflektimi t\u00eb thell\u00eb. Ai e quan kandidimin e tij jo si nj\u00eb gar\u00eb p\u00ebr pushtet, por si nj\u00eb p\u00ebrgjegj\u00ebsi ndaj sht\u00ebpis\u00eb s\u00eb p\u00ebrbashk\u00ebt \u2013 \u00c7airit.<\/p>\n<p>\u201cQytetar\u00ebt e \u00c7airit nuk e meritojn\u00eb t\u00eb jetojn\u00eb n\u00eb kushte t\u00eb mjerueshme dhe t\u00eb pasigurta, nuk meritojn\u00eb t\u00eb injorohen e t\u00eb n\u00ebn\u00e7mohen,\u201d thekson ai n\u00eb status, duke shtuar se vendimin p\u00ebr ta marr\u00eb k\u00ebt\u00eb hap e ka b\u00ebr\u00eb edhe p\u00ebr t\u00eb ardhmen e f\u00ebmij\u00ebve t\u00eb tij: Eliza, Mali dhe Luani.<\/p>\n<p>Osmani thekson se \u00c7airit i nevojiten ndryshime t\u00eb thella dhe njer\u00ebzore, dhe shpreh bindjen se me ndershm\u00ebri, p\u00ebrkushtim dhe pun\u00eb t\u00eb p\u00ebrditshme, ky ndryshim \u00ebsht\u00eb i mundur.<\/p>\n<p>Statusi p\u00ebrmbyllet me nj\u00eb fal\u00ebnderim p\u00ebr t\u00eb gjith\u00eb ata q\u00eb i kan\u00eb dh\u00ebn\u00eb mb\u00ebshtetje gjat\u00eb k\u00ebsaj periudhe dhe me mesazhin: \u201cNa prift\u00eb e mbara!\u201d\/press7.tv<\/p>\n","protected":false},"excerpt":{"rendered":"<p>P\u00ebrmes nj\u00eb statusi t\u00eb publikuar sot n\u00eb Facebook, Bujar Osmani ka shpallur zyrtarisht kandidatur\u00ebn e tij p\u00ebr kryetar t\u00eb Komun\u00ebs s\u00eb \u00c7airit. N\u00eb k\u00ebt\u00eb postim, Osmani shkruan se vendimi \u00ebsht\u00eb marr\u00eb pas shum\u00eb konsultimesh me njer\u00ebzit e af\u00ebrt dhe pas nj\u00eb reflektimi t\u00eb thell\u00eb. Ai e quan kandidimin e tij jo si nj\u00eb gar\u00eb p\u00ebr [&hellip;]<\/p>\n","protected":false},"author":8,"featured_media":21029,"comment_status":"closed","ping_status":"closed","sticky":false,"template":"","format":"standard","meta":{"footnotes":""},"categories":[213,214],"tags":[],"class_list":["post-21027","post","type-post","status-publish","format-standard","has-post-thumbnail","hentry","category-lajme","category-maqedoni"],"yoast_head":"<!-- This site is optimized with the Yoast SEO plugin v25.1 - https:\/\/yoast.com\/wordpress\/plugins\/seo\/ -->\n<title>Bujar Osmani shpall kandidatur\u00ebn p\u00ebr kryetar t\u00eb \u00c7airit p\u00ebrmes nj\u00eb statusi n\u00eb Facebook - press7.tv<\/title>\n<meta name=\"robots\" content=\"index, follow, max-snippet:-1, max-image-preview:large, max-video-preview:-1\" \/>\n<link rel=\"canonical\" href=\"https:\/\/www.press7.tv\/?p=21027\" \/>\n<meta property=\"og:locale\" content=\"en_US\" \/>\n<meta property=\"og:type\" content=\"article\" \/>\n<meta property=\"og:title\" content=\"Bujar Osmani shpall kandidatur\u00ebn p\u00ebr kryetar t\u00eb \u00c7airit p\u00ebrmes nj\u00eb statusi n\u00eb Facebook - press7.tv\" \/>\n<meta property=\"og:description\" content=\"P\u00ebrmes nj\u00eb statusi t\u00eb publikuar sot n\u00eb Facebook, Bujar Osmani ka shpallur zyrtarisht kandidatur\u00ebn e tij p\u00ebr kryetar t\u00eb Komun\u00ebs s\u00eb \u00c7airit. N\u00eb k\u00ebt\u00eb postim, Osmani shkruan se vendimi \u00ebsht\u00eb marr\u00eb pas shum\u00eb konsultimesh me njer\u00ebzit e af\u00ebrt dhe pas nj\u00eb reflektimi t\u00eb thell\u00eb. Ai e quan kandidimin e tij jo si nj\u00eb gar\u00eb p\u00ebr [&hellip;]\" \/>\n<meta property=\"og:url\" content=\"https:\/\/www.press7.tv\/?p=21027\" \/>\n<meta property=\"og:site_name\" content=\"press7.tv\" \/>\n<meta property=\"article:publisher\" content=\"https:\/\/www.facebook.com\/press7.tv\" \/>\n<meta property=\"article:published_time\" content=\"2025-07-21T18:23:17+00:00\" \/>\n<meta property=\"og:image\" content=\"https:\/\/www.press7.tv\/wp-content\/uploads\/2025\/07\/bf010f8f-0f1d-4a3a-9dfa-3cb8a55cf2ad.avif\" \/>\n\t<meta property=\"og:image:width\" content=\"1578\" \/>\n\t<meta property=\"og:image:height\" content=\"1083\" \/>\n\t<meta property=\"og:image:type\" content=\"image\/jpeg\" \/>\n<meta name=\"author\" content=\"gazetar2\" \/>\n<meta name=\"twitter:card\" content=\"summary_large_image\" \/>\n<meta name=\"twitter:label1\" content=\"Written by\" \/>\n\t<meta name=\"twitter:data1\" content=\"gazetar2\" \/>\n<script type=\"application\/ld+json\" class=\"yoast-schema-graph\">{\"@context\":\"https:\/\/schema.org\",\"@graph\":[{\"@type\":\"Article\",\"@id\":\"https:\/\/www.press7.tv\/?p=21027#article\",\"isPartOf\":{\"@id\":\"https:\/\/www.press7.tv\/?p=21027\"},\"author\":{\"name\":\"gazetar2\",\"@id\":\"https:\/\/www.news33.tv\/#\/schema\/person\/5a04a38a23ccdba82f9bd665cd8f9efa\"},\"headline\":\"Bujar Osmani shpall kandidatur\u00ebn p\u00ebr kryetar t\u00eb \u00c7airit p\u00ebrmes nj\u00eb statusi n\u00eb Facebook\",\"datePublished\":\"2025-07-21T18:23:17+00:00\",\"mainEntityOfPage\":{\"@id\":\"https:\/\/www.press7.tv\/?p=21027\"},\"wordCount\":216,\"publisher\":{\"@id\":\"https:\/\/www.news33.tv\/#organization\"},\"image\":{\"@id\":\"https:\/\/www.press7.tv\/?p=21027#primaryimage\"},\"thumbnailUrl\":\"https:\/\/www.press7.tv\/wp-content\/uploads\/2025\/07\/bf010f8f-0f1d-4a3a-9dfa-3cb8a55cf2ad.avif\",\"articleSection\":[\"Lajme\",\"Maqedoni\"],\"inLanguage\":\"en-US\"},{\"@type\":\"WebPage\",\"@id\":\"https:\/\/www.press7.tv\/?p=21027\",\"url\":\"https:\/\/www.press7.tv\/?p=21027\",\"name\":\"Bujar Osmani shpall kandidatur\u00ebn p\u00ebr kryetar t\u00eb \u00c7airit p\u00ebrmes nj\u00eb statusi n\u00eb Facebook - press7.tv\",\"isPartOf\":{\"@id\":\"https:\/\/www.news33.tv\/#website\"},\"primaryImageOfPage\":{\"@id\":\"https:\/\/www.press7.tv\/?p=21027#primaryimage\"},\"image\":{\"@id\":\"https:\/\/www.press7.tv\/?p=21027#primaryimage\"},\"thumbnailUrl\":\"https:\/\/www.press7.tv\/wp-content\/uploads\/2025\/07\/bf010f8f-0f1d-4a3a-9dfa-3cb8a55cf2ad.avif\",\"datePublished\":\"2025-07-21T18:23:17+00:00\",\"breadcrumb\":{\"@id\":\"https:\/\/www.press7.tv\/?p=21027#breadcrumb\"},\"inLanguage\":\"en-US\",\"potentialAction\":[{\"@type\":\"ReadAction\",\"target\":[\"https:\/\/www.press7.tv\/?p=21027\"]}]},{\"@type\":\"ImageObject\",\"inLanguage\":\"en-US\",\"@id\":\"https:\/\/www.press7.tv\/?p=21027#primaryimage\",\"url\":\"https:\/\/www.press7.tv\/wp-content\/uploads\/2025\/07\/bf010f8f-0f1d-4a3a-9dfa-3cb8a55cf2ad.avif\",\"contentUrl\":\"https:\/\/www.press7.tv\/wp-content\/uploads\/2025\/07\/bf010f8f-0f1d-4a3a-9dfa-3cb8a55cf2ad.avif\",\"width\":1578,\"height\":1083},{\"@type\":\"BreadcrumbList\",\"@id\":\"https:\/\/www.press7.tv\/?p=21027#breadcrumb\",\"itemListElement\":[{\"@type\":\"ListItem\",\"position\":1,\"name\":\"Home\",\"item\":\"https:\/\/www.press7.tv\/\"},{\"@type\":\"ListItem\",\"position\":2,\"name\":\"Bujar Osmani shpall kandidatur\u00ebn p\u00ebr kryetar t\u00eb \u00c7airit p\u00ebrmes nj\u00eb statusi n\u00eb Facebook\"}]},{\"@type\":\"WebSite\",\"@id\":\"https:\/\/www.news33.tv\/#website\",\"url\":\"https:\/\/www.news33.tv\/\",\"name\":\"News33.tv Media\",\"description\":\"Media\",\"publisher\":{\"@id\":\"https:\/\/www.news33.tv\/#organization\"},\"potentialAction\":[{\"@type\":\"SearchAction\",\"target\":{\"@type\":\"EntryPoint\",\"urlTemplate\":\"https:\/\/www.news33.tv\/?s={search_term_string}\"},\"query-input\":{\"@type\":\"PropertyValueSpecification\",\"valueRequired\":true,\"valueName\":\"search_term_string\"}}],\"inLanguage\":\"en-US\"},{\"@type\":\"Organization\",\"@id\":\"https:\/\/www.news33.tv\/#organization\",\"name\":\"News33.tv Media\",\"url\":\"https:\/\/www.news33.tv\/\",\"logo\":{\"@type\":\"ImageObject\",\"inLanguage\":\"en-US\",\"@id\":\"https:\/\/www.news33.tv\/#\/schema\/logo\/image\/\",\"url\":\"https:\/\/www.press7.tv\/wp-content\/uploads\/2024\/02\/logo-news33-black.png\",\"contentUrl\":\"https:\/\/www.press7.tv\/wp-content\/uploads\/2024\/02\/logo-news33-black.png\",\"width\":180,\"height\":37,\"caption\":\"News33.tv Media\"},\"image\":{\"@id\":\"https:\/\/www.news33.tv\/#\/schema\/logo\/image\/\"},\"sameAs\":[\"https:\/\/www.facebook.com\/press7.tv\"]},{\"@type\":\"Person\",\"@id\":\"https:\/\/www.news33.tv\/#\/schema\/person\/5a04a38a23ccdba82f9bd665cd8f9efa\",\"name\":\"gazetar2\",\"image\":{\"@type\":\"ImageObject\",\"inLanguage\":\"en-US\",\"@id\":\"https:\/\/www.news33.tv\/#\/schema\/person\/image\/\",\"url\":\"https:\/\/www.press7.tv\/wp-content\/litespeed\/avatar\/41975e402c3049d9ddb03adca8f7a883.jpg?ver=1777169572\",\"contentUrl\":\"https:\/\/www.press7.tv\/wp-content\/litespeed\/avatar\/41975e402c3049d9ddb03adca8f7a883.jpg?ver=1777169572\",\"caption\":\"gazetar2\"},\"url\":\"https:\/\/www.press7.tv\/?author=8\"}]}<\/script>\n<!-- \/ Yoast SEO plugin. -->","yoast_head_json":{"title":"Bujar Osmani shpall kandidatur\u00ebn p\u00ebr kryetar t\u00eb \u00c7airit p\u00ebrmes nj\u00eb statusi n\u00eb Facebook - press7.tv","robots":{"index":"index","follow":"follow","max-snippet":"max-snippet:-1","max-image-preview":"max-image-preview:large","max-video-preview":"max-video-preview:-1"},"canonical":"https:\/\/www.press7.tv\/?p=21027","og_locale":"en_US","og_type":"article","og_title":"Bujar Osmani shpall kandidatur\u00ebn p\u00ebr kryetar t\u00eb \u00c7airit p\u00ebrmes nj\u00eb statusi n\u00eb Facebook - press7.tv","og_description":"P\u00ebrmes nj\u00eb statusi t\u00eb publikuar sot n\u00eb Facebook, Bujar Osmani ka shpallur zyrtarisht kandidatur\u00ebn e tij p\u00ebr kryetar t\u00eb Komun\u00ebs s\u00eb \u00c7airit. N\u00eb k\u00ebt\u00eb postim, Osmani shkruan se vendimi \u00ebsht\u00eb marr\u00eb pas shum\u00eb konsultimesh me njer\u00ebzit e af\u00ebrt dhe pas nj\u00eb reflektimi t\u00eb thell\u00eb. Ai e quan kandidimin e tij jo si nj\u00eb gar\u00eb p\u00ebr [&hellip;]","og_url":"https:\/\/www.press7.tv\/?p=21027","og_site_name":"press7.tv","article_publisher":"https:\/\/www.facebook.com\/press7.tv","article_published_time":"2025-07-21T18:23:17+00:00","og_image":[{"width":1578,"height":1083,"url":"https:\/\/www.press7.tv\/wp-content\/uploads\/2025\/07\/bf010f8f-0f1d-4a3a-9dfa-3cb8a55cf2ad.avif","type":"image\/jpeg"}],"author":"gazetar2","twitter_card":"summary_large_image","twitter_misc":{"Written by":"gazetar2"},"schema":{"@context":"https:\/\/schema.org","@graph":[{"@type":"Article","@id":"https:\/\/www.press7.tv\/?p=21027#article","isPartOf":{"@id":"https:\/\/www.press7.tv\/?p=21027"},"author":{"name":"gazetar2","@id":"https:\/\/www.news33.tv\/#\/schema\/person\/5a04a38a23ccdba82f9bd665cd8f9efa"},"headline":"Bujar Osmani shpall kandidatur\u00ebn p\u00ebr kryetar t\u00eb \u00c7airit p\u00ebrmes nj\u00eb statusi n\u00eb Facebook","datePublished":"2025-07-21T18:23:17+00:00","mainEntityOfPage":{"@id":"https:\/\/www.press7.tv\/?p=21027"},"wordCount":216,"publisher":{"@id":"https:\/\/www.news33.tv\/#organization"},"image":{"@id":"https:\/\/www.press7.tv\/?p=21027#primaryimage"},"thumbnailUrl":"https:\/\/www.press7.tv\/wp-content\/uploads\/2025\/07\/bf010f8f-0f1d-4a3a-9dfa-3cb8a55cf2ad.avif","articleSection":["Lajme","Maqedoni"],"inLanguage":"en-US"},{"@type":"WebPage","@id":"https:\/\/www.press7.tv\/?p=21027","url":"https:\/\/www.press7.tv\/?p=21027","name":"Bujar Osmani shpall kandidatur\u00ebn p\u00ebr kryetar t\u00eb \u00c7airit p\u00ebrmes nj\u00eb statusi n\u00eb Facebook - press7.tv","isPartOf":{"@id":"https:\/\/www.news33.tv\/#website"},"primaryImageOfPage":{"@id":"https:\/\/www.press7.tv\/?p=21027#primaryimage"},"image":{"@id":"https:\/\/www.press7.tv\/?p=21027#primaryimage"},"thumbnailUrl":"https:\/\/www.press7.tv\/wp-content\/uploads\/2025\/07\/bf010f8f-0f1d-4a3a-9dfa-3cb8a55cf2ad.avif","datePublished":"2025-07-21T18:23:17+00:00","breadcrumb":{"@id":"https:\/\/www.press7.tv\/?p=21027#breadcrumb"},"inLanguage":"en-US","potentialAction":[{"@type":"ReadAction","target":["https:\/\/www.press7.tv\/?p=21027"]}]},{"@type":"ImageObject","inLanguage":"en-US","@id":"https:\/\/www.press7.tv\/?p=21027#primaryimage","url":"https:\/\/www.press7.tv\/wp-content\/uploads\/2025\/07\/bf010f8f-0f1d-4a3a-9dfa-3cb8a55cf2ad.avif","contentUrl":"https:\/\/www.press7.tv\/wp-content\/uploads\/2025\/07\/bf010f8f-0f1d-4a3a-9dfa-3cb8a55cf2ad.avif","width":1578,"height":1083},{"@type":"BreadcrumbList","@id":"https:\/\/www.press7.tv\/?p=21027#breadcrumb","itemListElement":[{"@type":"ListItem","position":1,"name":"Home","item":"https:\/\/www.press7.tv\/"},{"@type":"ListItem","position":2,"name":"Bujar Osmani shpall kandidatur\u00ebn p\u00ebr kryetar t\u00eb \u00c7airit p\u00ebrmes nj\u00eb statusi n\u00eb Facebook"}]},{"@type":"WebSite","@id":"https:\/\/www.news33.tv\/#website","url":"https:\/\/www.news33.tv\/","name":"News33.tv Media","description":"Media","publisher":{"@id":"https:\/\/www.news33.tv\/#organization"},"potentialAction":[{"@type":"SearchAction","target":{"@type":"EntryPoint","urlTemplate":"https:\/\/www.news33.tv\/?s={search_term_string}"},"query-input":{"@type":"PropertyValueSpecification","valueRequired":true,"valueName":"search_term_string"}}],"inLanguage":"en-US"},{"@type":"Organization","@id":"https:\/\/www.news33.tv\/#organization","name":"News33.tv Media","url":"https:\/\/www.news33.tv\/","logo":{"@type":"ImageObject","inLanguage":"en-US","@id":"https:\/\/www.news33.tv\/#\/schema\/logo\/image\/","url":"https:\/\/www.press7.tv\/wp-content\/uploads\/2024\/02\/logo-news33-black.png","contentUrl":"https:\/\/www.press7.tv\/wp-content\/uploads\/2024\/02\/logo-news33-black.png","width":180,"height":37,"caption":"News33.tv Media"},"image":{"@id":"https:\/\/www.news33.tv\/#\/schema\/logo\/image\/"},"sameAs":["https:\/\/www.facebook.com\/press7.tv"]},{"@type":"Person","@id":"https:\/\/www.news33.tv\/#\/schema\/person\/5a04a38a23ccdba82f9bd665cd8f9efa","name":"gazetar2","image":{"@type":"ImageObject","inLanguage":"en-US","@id":"https:\/\/www.news33.tv\/#\/schema\/person\/image\/","url":"https:\/\/www.press7.tv\/wp-content\/litespeed\/avatar\/41975e402c3049d9ddb03adca8f7a883.jpg?ver=1777169572","contentUrl":"https:\/\/www.press7.tv\/wp-content\/litespeed\/avatar\/41975e402c3049d9ddb03adca8f7a883.jpg?ver=1777169572","caption":"gazetar2"},"url":"https:\/\/www.press7.tv\/?author=8"}]}},"amp_enabled":true,"_links":{"self":[{"href":"https:\/\/www.press7.tv\/index.php?rest_route=\/wp\/v2\/posts\/21027","targetHints":{"allow":["GET"]}}],"collection":[{"href":"https:\/\/www.press7.tv\/index.php?rest_route=\/wp\/v2\/posts"}],"about":[{"href":"https:\/\/www.press7.tv\/index.php?rest_route=\/wp\/v2\/types\/post"}],"author":[{"embeddable":true,"href":"https:\/\/www.press7.tv\/index.php?rest_route=\/wp\/v2\/users\/8"}],"replies":[{"embeddable":true,"href":"https:\/\/www.press7.tv\/index.php?rest_route=%2Fwp%2Fv2%2Fcomments&post=21027"}],"version-history":[{"count":1,"href":"https:\/\/www.press7.tv\/index.php?rest_route=\/wp\/v2\/posts\/21027\/revisions"}],"predecessor-version":[{"id":21030,"href":"https:\/\/www.press7.tv\/index.php?rest_route=\/wp\/v2\/posts\/21027\/revisions\/21030"}],"wp:featuredmedia":[{"embeddable":true,"href":"https:\/\/www.press7.tv\/index.php?rest_route=\/wp\/v2\/media\/21029"}],"wp:attachment":[{"href":"https:\/\/www.press7.tv\/index.php?rest_route=%2Fwp%2Fv2%2Fmedia&parent=21027"}],"wp:term":[{"taxonomy":"category","embeddable":true,"href":"https:\/\/www.press7.tv\/index.php?rest_route=%2Fwp%2Fv2%2Fcategories&post=21027"},{"taxonomy":"post_tag","embeddable":true,"href":"https:\/\/www.press7.tv\/index.php?rest_route=%2Fwp%2Fv2%2Ftags&post=21027"}],"curies":[{"name":"wp","href":"https:\/\/api.w.org\/{rel}","templated":true}]}}