{"id":21016,"date":"2025-07-21T11:33:42","date_gmt":"2025-07-21T11:33:42","guid":{"rendered":"https:\/\/www.press7.tv\/?p=21016"},"modified":"2025-07-21T11:33:42","modified_gmt":"2025-07-21T11:33:42","slug":"nje-muaj-paraburgim-per-zyrtarin-e-qeverise-se-serbise-qe-uck-ne-e-quajti-terroriste","status":"publish","type":"post","link":"https:\/\/www.press7.tv\/?p=21016","title":{"rendered":"Nj\u00eb muaj paraburgim p\u00ebr zyrtarin e Qeveris\u00eb s\u00eb Serbis\u00eb q\u00eb U\u00c7K-n\u00eb e quajti terroriste"},"content":{"rendered":"\n    <div class=\"xs_social_share_widget xs_share_url before_content \t\tmain_content  wslu-style-2 wslu-share-box-shaped wslu-fill-colored wslu-share-m-5 wslu-none wslu-share-vertical wslu-theme-font-no wslu-main_content\">\n\n\t\t\n        <ul>\n\t\t\t        <\/ul>\n    <\/div> \n<p>Popoviq, dyshohet se m\u00eb 18 korrik n\u00eb fshatin Ho\u00e7\u00eb t\u00eb Madhe t\u00eb Rahovecit, gjat\u00eb nj\u00eb fjalimi me serb\u00ebt lokal\u00eb, e ka quajtur U\u00c7K-n\u00eb organizat\u00eb terroriste, nd\u00ebrkoh\u00eb e ka akuzuar edhe bashk\u00ebsin\u00eb nd\u00ebrkomb\u00ebtare p\u00ebr si\u00e7 ka th\u00ebn\u00eb, heshtje ndaj autor\u00ebve t\u00eb krimeve ndaj serb\u00ebve. Arrestimi i tij \u00ebsht\u00eb b\u00ebr\u00eb po at\u00eb dit\u00eb, n\u00eb pik\u00ebn kufitare me Serbin\u00eb, B\u00ebrnjak<\/p>\n<p>Gjykata Themelore e Prishtin\u00ebs ia ka caktuar t\u00eb diel\u00ebn mas\u00ebn e paraburgimit prej nj\u00eb muaji Igor Popoviqit, ndihm\u00ebsdrejtorit t\u00eb Zyr\u00ebs p\u00ebr Kosov\u00ebn n\u00eb Qeverin\u00eb e Serbis\u00eb. <\/p>\n<p>Masa i \u00ebsht\u00eb caktuar me k\u00ebrkes\u00eb t\u00eb prokuroris\u00eb, me arsyetimin se ka kryer vepr\u00ebn penale \u201cNxitje e p\u00ebr\u00e7arjes dhe mosdurimit\u201d. <\/p>\n<p>&#8220;Pas mbajtjes s\u00eb seanc\u00ebs d\u00ebgjimore, gjykata vler\u00ebsoi se caktimi i mas\u00ebs s\u00eb paraburgimit n\u00eb k\u00ebt\u00eb \u00e7\u00ebshtje penale \u00ebsht\u00eb mas\u00eb adekuate n\u00eb k\u00ebt\u00eb rast penal dhe se \u00e7do mas\u00eb tjet\u00ebr do t\u00eb ishte e pamjaftueshme p\u00ebr zbatimin e suksessh\u00ebm t\u00eb procedur\u00ebs penale, si dhe  pengimin e rrjedh\u00ebs normale t\u00eb k\u00ebsaj procedure penale&#8221;, thuhet n\u00eb vendimin e Themelores.<\/p>\n<p>Popoviq, dyshohet se m\u00eb 18 korrik n\u00eb fshatin Ho\u00e7\u00eb t\u00eb Madhe t\u00eb Rahovecit, gjat\u00eb nj\u00eb fjalimi me serb\u00ebt lokal\u00eb, e ka quajtur U\u00c7K-n\u00eb organizat\u00eb terroriste, nd\u00ebrkoh\u00eb e ka akuzuar edhe bashk\u00ebsin\u00eb nd\u00ebrkomb\u00ebtare p\u00ebr si\u00e7 ka th\u00ebn\u00eb, heshtje ndaj autor\u00ebve t\u00eb krimeve ndaj serb\u00ebve.<\/p>\n<p>Arrestimi i tij \u00ebsht\u00eb b\u00ebr\u00eb po at\u00eb dit\u00eb, n\u00eb pik\u00ebn kufitare me Serbin\u00eb, B\u00ebrnjak.<\/p>\n<p>Seanca p\u00ebr caktimin e mas\u00ebs s\u00eb paraburgimit \u00ebsht\u00eb mbajtur t\u00eb diel\u00ebn n\u00eb Gjykat\u00ebn Themelore n\u00eb Prishtin\u00eb.<\/p>\n<p>Pas saj, avokati i Popoviqit, Lubomir Pantoviq, ka th\u00ebn\u00eb se vendimi do t\u00eb apelohet, pasi sipas tij, nuk q\u00ebndron asnj\u00eb pretendim i prokuroris\u00eb.<\/p>\n<p>\u201cGjyqtari ia ka caktuar mas\u00ebn e paraburgimit prej 30 dit\u00ebsh. \u00cbsht\u00eb pranuar nj\u00eb k\u00ebrkes\u00eb e prokuroris\u00eb, ku thuhet se Popoviq ka nxitur p\u00ebr\u00e7arje e mosdurim me fjalimin e tij. Besoni, kjo \u00ebsht\u00eb gjith\u00e7ka, por vet\u00ebm fjalim p\u00ebr\u00e7ar\u00ebs nuk \u00ebsht\u00eb. Popoviq ka folur p\u00ebr gjendjen e r\u00ebnd\u00eb t\u00eb serb\u00ebve n\u00eb k\u00ebt\u00eb pjes\u00eb, sidomos n\u00eb Ho\u00e7\u00eb t\u00eb Madhe dhe n\u00eb Rahovec. Me asnj\u00eb fjal\u00eb nuk ka p\u00ebrmendur asnj\u00eb grup tjet\u00ebr etnik, sidomos jo shqiptar\u00ebt\u201d, ka th\u00ebn\u00eb avokati Pantoviq, p\u00ebrcjell portali \u201cKosovoOnline\u201d.<\/p>\n<p>Fjalimi i Popoviqit n\u00eb fshatin e Rahovecit ka nxitur reagime t\u00eb m\u00ebdha n\u00eb Kosov\u00eb, e arrestimi i tij n\u00eb Serbi.<\/p>\n<p>Ministri n\u00eb detyr\u00eb i Pun\u00ebve t\u00eb Brendshme, Xhelal Sve\u00e7la, ka th\u00ebn\u00eb t\u00eb shtun\u00ebn se Popoviq do t\u00eb p\u00ebrballet me drejt\u00ebsin\u00eb, nd\u00ebrsa Policia ka njoftuar se n\u00eb cil\u00ebsi t\u00eb provave materiale ia ka sekuestruar dy telefona celular\u00eb.<\/p>\n<p>P\u00ebr cil\u00ebsimin q\u00eb i ka b\u00ebr\u00eb U\u00c7K-s\u00eb, ka reaguar edhe Organizata e Veteran\u00ebve t\u00eb Luft\u00ebs s\u00eb U\u00c7K-s\u00eb.<\/p>\n<p>\u201cKy \u00ebsht\u00eb mentaliteti i vart\u00ebsve t\u00eb Millosheviqit, q\u00eb sot p\u00ebrfaq\u00ebsohet nga presidenti i Serbis\u00eb, Aleksand\u00ebr Vu\u00e7iq, ish-minist\u00ebr i atij regjimi gjenocidal. \u00c7do tentativ\u00eb p\u00ebr t\u00eb provokuar, p\u00ebr t\u00eb njollosur U\u00c7K-n\u00eb dhe p\u00ebr t\u00eb p\u00ebrdorur territorin e Kosov\u00ebs p\u00ebr propagand\u00eb antikomb\u00ebtare \u00ebsht\u00eb e papranueshme dhe duhet ndalur me vendosm\u00ebri. Ne, kategorit\u00eb e dala nga lufta, nuk do t\u00eb heshtim ndaj fyerjeve q\u00eb synojn\u00eb t\u00eb fyejn\u00eb sakrific\u00ebn p\u00ebr liri dhe gjakun e d\u00ebshmor\u00ebve dhe martir\u00ebve tan\u00eb\u201d, thuhet n\u00eb reagimin e OVL t\u00eb U\u00c7K-s\u00eb.<\/p>\n<p>E n\u00eb reagimin e Zyr\u00ebs p\u00ebr Kosov\u00ebn n\u00eb Qeverin\u00eb e Serbis\u00eb, thuhet se p\u00ebr k\u00ebt\u00eb ndalim \u00ebsht\u00eb njoftuar Brukseli zyrtar.<\/p>\n<p>\u201cMe urdh\u00ebr t\u00eb Albin Kurtit, ndihm\u00ebsdrejtori i Zyr\u00ebs p\u00ebr Kosov\u00ebn, Igor Popoviq, u arrestua n\u00eb Kosov\u00eb. Ai mori pjes\u00eb n\u00eb p\u00ebrkujtimin e p\u00ebrvjetorit t\u00eb vuajtjeve t\u00eb serb\u00ebve n\u00eb rajonin e Rahovecit nga duart kriminale t\u00eb U\u00c7K-s\u00eb. N\u00eb t\u00eb nj\u00ebjt\u00ebn koh\u00eb, Kurti d\u00ebshiron t\u00eb provokoj\u00eb nj\u00eb kriz\u00eb t\u00eb re n\u00eb terren dhe t&#8217;u d\u00ebrgoj\u00eb nj\u00eb mesazh serb\u00ebve se nuk ka paqe apo drejt\u00ebsi p\u00ebr ta\u201d, thuhet n\u00eb reagimin e Zyr\u00ebs p\u00ebr Kosov\u00eb n\u00eb Qeverin\u00eb e Serbis\u00eb.<\/p>\n","protected":false},"excerpt":{"rendered":"<p>Popoviq, dyshohet se m\u00eb 18 korrik n\u00eb fshatin Ho\u00e7\u00eb t\u00eb Madhe t\u00eb Rahovecit, gjat\u00eb nj\u00eb fjalimi me serb\u00ebt lokal\u00eb, e ka quajtur U\u00c7K-n\u00eb organizat\u00eb terroriste, nd\u00ebrkoh\u00eb e ka akuzuar edhe bashk\u00ebsin\u00eb nd\u00ebrkomb\u00ebtare p\u00ebr si\u00e7 ka th\u00ebn\u00eb, heshtje ndaj autor\u00ebve t\u00eb krimeve ndaj serb\u00ebve. Arrestimi i tij \u00ebsht\u00eb b\u00ebr\u00eb po at\u00eb dit\u00eb, n\u00eb pik\u00ebn kufitare me [&hellip;]<\/p>\n","protected":false},"author":8,"featured_media":21017,"comment_status":"closed","ping_status":"closed","sticky":false,"template":"","format":"standard","meta":{"footnotes":""},"categories":[215,213],"tags":[],"class_list":["post-21016","post","type-post","status-publish","format-standard","has-post-thumbnail","hentry","category-kosove","category-lajme"],"yoast_head":"<!-- This site is optimized with the Yoast SEO plugin v25.1 - https:\/\/yoast.com\/wordpress\/plugins\/seo\/ -->\n<title>Nj\u00eb muaj paraburgim p\u00ebr zyrtarin e Qeveris\u00eb s\u00eb Serbis\u00eb q\u00eb U\u00c7K-n\u00eb e quajti terroriste - press7.tv<\/title>\n<meta name=\"robots\" content=\"index, follow, max-snippet:-1, max-image-preview:large, max-video-preview:-1\" \/>\n<link rel=\"canonical\" href=\"https:\/\/www.press7.tv\/?p=21016\" \/>\n<meta property=\"og:locale\" content=\"en_US\" \/>\n<meta property=\"og:type\" content=\"article\" \/>\n<meta property=\"og:title\" content=\"Nj\u00eb muaj paraburgim p\u00ebr zyrtarin e Qeveris\u00eb s\u00eb Serbis\u00eb q\u00eb U\u00c7K-n\u00eb e quajti terroriste - press7.tv\" \/>\n<meta property=\"og:description\" content=\"Popoviq, dyshohet se m\u00eb 18 korrik n\u00eb fshatin Ho\u00e7\u00eb t\u00eb Madhe t\u00eb Rahovecit, gjat\u00eb nj\u00eb fjalimi me serb\u00ebt lokal\u00eb, e ka quajtur U\u00c7K-n\u00eb organizat\u00eb terroriste, nd\u00ebrkoh\u00eb e ka akuzuar edhe bashk\u00ebsin\u00eb nd\u00ebrkomb\u00ebtare p\u00ebr si\u00e7 ka th\u00ebn\u00eb, heshtje ndaj autor\u00ebve t\u00eb krimeve ndaj serb\u00ebve. Arrestimi i tij \u00ebsht\u00eb b\u00ebr\u00eb po at\u00eb dit\u00eb, n\u00eb pik\u00ebn kufitare me [&hellip;]\" \/>\n<meta property=\"og:url\" content=\"https:\/\/www.press7.tv\/?p=21016\" \/>\n<meta property=\"og:site_name\" content=\"press7.tv\" \/>\n<meta property=\"article:publisher\" content=\"https:\/\/www.facebook.com\/press7.tv\" \/>\n<meta property=\"article:published_time\" content=\"2025-07-21T11:33:42+00:00\" \/>\n<meta property=\"og:image\" content=\"https:\/\/www.press7.tv\/wp-content\/uploads\/2025\/07\/IMG_6410.avif\" \/>\n\t<meta property=\"og:image:width\" content=\"1360\" \/>\n\t<meta property=\"og:image:height\" content=\"870\" \/>\n\t<meta property=\"og:image:type\" content=\"image\/webp\" \/>\n<meta name=\"author\" content=\"gazetar2\" \/>\n<meta name=\"twitter:card\" content=\"summary_large_image\" \/>\n<meta name=\"twitter:label1\" content=\"Written by\" \/>\n\t<meta name=\"twitter:data1\" content=\"gazetar2\" \/>\n\t<meta name=\"twitter:label2\" content=\"Est. reading time\" \/>\n\t<meta name=\"twitter:data2\" content=\"1 minute\" \/>\n<script type=\"application\/ld+json\" class=\"yoast-schema-graph\">{\"@context\":\"https:\/\/schema.org\",\"@graph\":[{\"@type\":\"Article\",\"@id\":\"https:\/\/www.press7.tv\/?p=21016#article\",\"isPartOf\":{\"@id\":\"https:\/\/www.press7.tv\/?p=21016\"},\"author\":{\"name\":\"gazetar2\",\"@id\":\"https:\/\/www.news33.tv\/#\/schema\/person\/5a04a38a23ccdba82f9bd665cd8f9efa\"},\"headline\":\"Nj\u00eb muaj paraburgim p\u00ebr zyrtarin e Qeveris\u00eb s\u00eb Serbis\u00eb q\u00eb U\u00c7K-n\u00eb e quajti terroriste\",\"datePublished\":\"2025-07-21T11:33:42+00:00\",\"mainEntityOfPage\":{\"@id\":\"https:\/\/www.press7.tv\/?p=21016\"},\"wordCount\":731,\"publisher\":{\"@id\":\"https:\/\/www.news33.tv\/#organization\"},\"image\":{\"@id\":\"https:\/\/www.press7.tv\/?p=21016#primaryimage\"},\"thumbnailUrl\":\"https:\/\/www.press7.tv\/wp-content\/uploads\/2025\/07\/IMG_6410.avif\",\"articleSection\":[\"Kosov\u00eb\",\"Lajme\"],\"inLanguage\":\"en-US\"},{\"@type\":\"WebPage\",\"@id\":\"https:\/\/www.press7.tv\/?p=21016\",\"url\":\"https:\/\/www.press7.tv\/?p=21016\",\"name\":\"Nj\u00eb muaj paraburgim p\u00ebr zyrtarin e Qeveris\u00eb s\u00eb Serbis\u00eb q\u00eb U\u00c7K-n\u00eb e quajti terroriste - press7.tv\",\"isPartOf\":{\"@id\":\"https:\/\/www.news33.tv\/#website\"},\"primaryImageOfPage\":{\"@id\":\"https:\/\/www.press7.tv\/?p=21016#primaryimage\"},\"image\":{\"@id\":\"https:\/\/www.press7.tv\/?p=21016#primaryimage\"},\"thumbnailUrl\":\"https:\/\/www.press7.tv\/wp-content\/uploads\/2025\/07\/IMG_6410.avif\",\"datePublished\":\"2025-07-21T11:33:42+00:00\",\"breadcrumb\":{\"@id\":\"https:\/\/www.press7.tv\/?p=21016#breadcrumb\"},\"inLanguage\":\"en-US\",\"potentialAction\":[{\"@type\":\"ReadAction\",\"target\":[\"https:\/\/www.press7.tv\/?p=21016\"]}]},{\"@type\":\"ImageObject\",\"inLanguage\":\"en-US\",\"@id\":\"https:\/\/www.press7.tv\/?p=21016#primaryimage\",\"url\":\"https:\/\/www.press7.tv\/wp-content\/uploads\/2025\/07\/IMG_6410.avif\",\"contentUrl\":\"https:\/\/www.press7.tv\/wp-content\/uploads\/2025\/07\/IMG_6410.avif\",\"width\":1360,\"height\":870},{\"@type\":\"BreadcrumbList\",\"@id\":\"https:\/\/www.press7.tv\/?p=21016#breadcrumb\",\"itemListElement\":[{\"@type\":\"ListItem\",\"position\":1,\"name\":\"Home\",\"item\":\"https:\/\/www.press7.tv\/\"},{\"@type\":\"ListItem\",\"position\":2,\"name\":\"Nj\u00eb muaj paraburgim p\u00ebr zyrtarin e Qeveris\u00eb s\u00eb Serbis\u00eb q\u00eb U\u00c7K-n\u00eb e quajti terroriste\"}]},{\"@type\":\"WebSite\",\"@id\":\"https:\/\/www.news33.tv\/#website\",\"url\":\"https:\/\/www.news33.tv\/\",\"name\":\"News33.tv Media\",\"description\":\"Media\",\"publisher\":{\"@id\":\"https:\/\/www.news33.tv\/#organization\"},\"potentialAction\":[{\"@type\":\"SearchAction\",\"target\":{\"@type\":\"EntryPoint\",\"urlTemplate\":\"https:\/\/www.news33.tv\/?s={search_term_string}\"},\"query-input\":{\"@type\":\"PropertyValueSpecification\",\"valueRequired\":true,\"valueName\":\"search_term_string\"}}],\"inLanguage\":\"en-US\"},{\"@type\":\"Organization\",\"@id\":\"https:\/\/www.news33.tv\/#organization\",\"name\":\"News33.tv Media\",\"url\":\"https:\/\/www.news33.tv\/\",\"logo\":{\"@type\":\"ImageObject\",\"inLanguage\":\"en-US\",\"@id\":\"https:\/\/www.news33.tv\/#\/schema\/logo\/image\/\",\"url\":\"https:\/\/www.press7.tv\/wp-content\/uploads\/2024\/02\/logo-news33-black.png\",\"contentUrl\":\"https:\/\/www.press7.tv\/wp-content\/uploads\/2024\/02\/logo-news33-black.png\",\"width\":180,\"height\":37,\"caption\":\"News33.tv Media\"},\"image\":{\"@id\":\"https:\/\/www.news33.tv\/#\/schema\/logo\/image\/\"},\"sameAs\":[\"https:\/\/www.facebook.com\/press7.tv\"]},{\"@type\":\"Person\",\"@id\":\"https:\/\/www.news33.tv\/#\/schema\/person\/5a04a38a23ccdba82f9bd665cd8f9efa\",\"name\":\"gazetar2\",\"image\":{\"@type\":\"ImageObject\",\"inLanguage\":\"en-US\",\"@id\":\"https:\/\/www.news33.tv\/#\/schema\/person\/image\/\",\"url\":\"https:\/\/www.press7.tv\/wp-content\/litespeed\/avatar\/41975e402c3049d9ddb03adca8f7a883.jpg?ver=1777169572\",\"contentUrl\":\"https:\/\/www.press7.tv\/wp-content\/litespeed\/avatar\/41975e402c3049d9ddb03adca8f7a883.jpg?ver=1777169572\",\"caption\":\"gazetar2\"},\"url\":\"https:\/\/www.press7.tv\/?author=8\"}]}<\/script>\n<!-- \/ Yoast SEO plugin. -->","yoast_head_json":{"title":"Nj\u00eb muaj paraburgim p\u00ebr zyrtarin e Qeveris\u00eb s\u00eb Serbis\u00eb q\u00eb U\u00c7K-n\u00eb e quajti terroriste - press7.tv","robots":{"index":"index","follow":"follow","max-snippet":"max-snippet:-1","max-image-preview":"max-image-preview:large","max-video-preview":"max-video-preview:-1"},"canonical":"https:\/\/www.press7.tv\/?p=21016","og_locale":"en_US","og_type":"article","og_title":"Nj\u00eb muaj paraburgim p\u00ebr zyrtarin e Qeveris\u00eb s\u00eb Serbis\u00eb q\u00eb U\u00c7K-n\u00eb e quajti terroriste - press7.tv","og_description":"Popoviq, dyshohet se m\u00eb 18 korrik n\u00eb fshatin Ho\u00e7\u00eb t\u00eb Madhe t\u00eb Rahovecit, gjat\u00eb nj\u00eb fjalimi me serb\u00ebt lokal\u00eb, e ka quajtur U\u00c7K-n\u00eb organizat\u00eb terroriste, nd\u00ebrkoh\u00eb e ka akuzuar edhe bashk\u00ebsin\u00eb nd\u00ebrkomb\u00ebtare p\u00ebr si\u00e7 ka th\u00ebn\u00eb, heshtje ndaj autor\u00ebve t\u00eb krimeve ndaj serb\u00ebve. Arrestimi i tij \u00ebsht\u00eb b\u00ebr\u00eb po at\u00eb dit\u00eb, n\u00eb pik\u00ebn kufitare me [&hellip;]","og_url":"https:\/\/www.press7.tv\/?p=21016","og_site_name":"press7.tv","article_publisher":"https:\/\/www.facebook.com\/press7.tv","article_published_time":"2025-07-21T11:33:42+00:00","og_image":[{"width":1360,"height":870,"url":"https:\/\/www.press7.tv\/wp-content\/uploads\/2025\/07\/IMG_6410.avif","type":"image\/webp"}],"author":"gazetar2","twitter_card":"summary_large_image","twitter_misc":{"Written by":"gazetar2","Est. reading time":"1 minute"},"schema":{"@context":"https:\/\/schema.org","@graph":[{"@type":"Article","@id":"https:\/\/www.press7.tv\/?p=21016#article","isPartOf":{"@id":"https:\/\/www.press7.tv\/?p=21016"},"author":{"name":"gazetar2","@id":"https:\/\/www.news33.tv\/#\/schema\/person\/5a04a38a23ccdba82f9bd665cd8f9efa"},"headline":"Nj\u00eb muaj paraburgim p\u00ebr zyrtarin e Qeveris\u00eb s\u00eb Serbis\u00eb q\u00eb U\u00c7K-n\u00eb e quajti terroriste","datePublished":"2025-07-21T11:33:42+00:00","mainEntityOfPage":{"@id":"https:\/\/www.press7.tv\/?p=21016"},"wordCount":731,"publisher":{"@id":"https:\/\/www.news33.tv\/#organization"},"image":{"@id":"https:\/\/www.press7.tv\/?p=21016#primaryimage"},"thumbnailUrl":"https:\/\/www.press7.tv\/wp-content\/uploads\/2025\/07\/IMG_6410.avif","articleSection":["Kosov\u00eb","Lajme"],"inLanguage":"en-US"},{"@type":"WebPage","@id":"https:\/\/www.press7.tv\/?p=21016","url":"https:\/\/www.press7.tv\/?p=21016","name":"Nj\u00eb muaj paraburgim p\u00ebr zyrtarin e Qeveris\u00eb s\u00eb Serbis\u00eb q\u00eb U\u00c7K-n\u00eb e quajti terroriste - press7.tv","isPartOf":{"@id":"https:\/\/www.news33.tv\/#website"},"primaryImageOfPage":{"@id":"https:\/\/www.press7.tv\/?p=21016#primaryimage"},"image":{"@id":"https:\/\/www.press7.tv\/?p=21016#primaryimage"},"thumbnailUrl":"https:\/\/www.press7.tv\/wp-content\/uploads\/2025\/07\/IMG_6410.avif","datePublished":"2025-07-21T11:33:42+00:00","breadcrumb":{"@id":"https:\/\/www.press7.tv\/?p=21016#breadcrumb"},"inLanguage":"en-US","potentialAction":[{"@type":"ReadAction","target":["https:\/\/www.press7.tv\/?p=21016"]}]},{"@type":"ImageObject","inLanguage":"en-US","@id":"https:\/\/www.press7.tv\/?p=21016#primaryimage","url":"https:\/\/www.press7.tv\/wp-content\/uploads\/2025\/07\/IMG_6410.avif","contentUrl":"https:\/\/www.press7.tv\/wp-content\/uploads\/2025\/07\/IMG_6410.avif","width":1360,"height":870},{"@type":"BreadcrumbList","@id":"https:\/\/www.press7.tv\/?p=21016#breadcrumb","itemListElement":[{"@type":"ListItem","position":1,"name":"Home","item":"https:\/\/www.press7.tv\/"},{"@type":"ListItem","position":2,"name":"Nj\u00eb muaj paraburgim p\u00ebr zyrtarin e Qeveris\u00eb s\u00eb Serbis\u00eb q\u00eb U\u00c7K-n\u00eb e quajti terroriste"}]},{"@type":"WebSite","@id":"https:\/\/www.news33.tv\/#website","url":"https:\/\/www.news33.tv\/","name":"News33.tv Media","description":"Media","publisher":{"@id":"https:\/\/www.news33.tv\/#organization"},"potentialAction":[{"@type":"SearchAction","target":{"@type":"EntryPoint","urlTemplate":"https:\/\/www.news33.tv\/?s={search_term_string}"},"query-input":{"@type":"PropertyValueSpecification","valueRequired":true,"valueName":"search_term_string"}}],"inLanguage":"en-US"},{"@type":"Organization","@id":"https:\/\/www.news33.tv\/#organization","name":"News33.tv Media","url":"https:\/\/www.news33.tv\/","logo":{"@type":"ImageObject","inLanguage":"en-US","@id":"https:\/\/www.news33.tv\/#\/schema\/logo\/image\/","url":"https:\/\/www.press7.tv\/wp-content\/uploads\/2024\/02\/logo-news33-black.png","contentUrl":"https:\/\/www.press7.tv\/wp-content\/uploads\/2024\/02\/logo-news33-black.png","width":180,"height":37,"caption":"News33.tv Media"},"image":{"@id":"https:\/\/www.news33.tv\/#\/schema\/logo\/image\/"},"sameAs":["https:\/\/www.facebook.com\/press7.tv"]},{"@type":"Person","@id":"https:\/\/www.news33.tv\/#\/schema\/person\/5a04a38a23ccdba82f9bd665cd8f9efa","name":"gazetar2","image":{"@type":"ImageObject","inLanguage":"en-US","@id":"https:\/\/www.news33.tv\/#\/schema\/person\/image\/","url":"https:\/\/www.press7.tv\/wp-content\/litespeed\/avatar\/41975e402c3049d9ddb03adca8f7a883.jpg?ver=1777169572","contentUrl":"https:\/\/www.press7.tv\/wp-content\/litespeed\/avatar\/41975e402c3049d9ddb03adca8f7a883.jpg?ver=1777169572","caption":"gazetar2"},"url":"https:\/\/www.press7.tv\/?author=8"}]}},"amp_enabled":true,"_links":{"self":[{"href":"https:\/\/www.press7.tv\/index.php?rest_route=\/wp\/v2\/posts\/21016","targetHints":{"allow":["GET"]}}],"collection":[{"href":"https:\/\/www.press7.tv\/index.php?rest_route=\/wp\/v2\/posts"}],"about":[{"href":"https:\/\/www.press7.tv\/index.php?rest_route=\/wp\/v2\/types\/post"}],"author":[{"embeddable":true,"href":"https:\/\/www.press7.tv\/index.php?rest_route=\/wp\/v2\/users\/8"}],"replies":[{"embeddable":true,"href":"https:\/\/www.press7.tv\/index.php?rest_route=%2Fwp%2Fv2%2Fcomments&post=21016"}],"version-history":[{"count":1,"href":"https:\/\/www.press7.tv\/index.php?rest_route=\/wp\/v2\/posts\/21016\/revisions"}],"predecessor-version":[{"id":21018,"href":"https:\/\/www.press7.tv\/index.php?rest_route=\/wp\/v2\/posts\/21016\/revisions\/21018"}],"wp:featuredmedia":[{"embeddable":true,"href":"https:\/\/www.press7.tv\/index.php?rest_route=\/wp\/v2\/media\/21017"}],"wp:attachment":[{"href":"https:\/\/www.press7.tv\/index.php?rest_route=%2Fwp%2Fv2%2Fmedia&parent=21016"}],"wp:term":[{"taxonomy":"category","embeddable":true,"href":"https:\/\/www.press7.tv\/index.php?rest_route=%2Fwp%2Fv2%2Fcategories&post=21016"},{"taxonomy":"post_tag","embeddable":true,"href":"https:\/\/www.press7.tv\/index.php?rest_route=%2Fwp%2Fv2%2Ftags&post=21016"}],"curies":[{"name":"wp","href":"https:\/\/api.w.org\/{rel}","templated":true}]}}